{"id":56049,"global_id":"a-desk.org\/ca\/?id=56049","global_id_lineage":["a-desk.org\/ca\/?id=56049"],"author":"2786","status":"publish","date":"2024-05-05 13:41:58","date_utc":"2024-05-05 11:41:58","modified":"2024-05-05 13:41:58","modified_utc":"2024-05-05 11:41:58","url":"https:\/\/a-desk.org\/ca\/agenda\/mater\/","rest_url":"https:\/\/a-desk.org\/ca\/wp-json\/tribe\/events\/v1\/events\/56049","title":"\u201cM\u0101ter\u201d","description":"","excerpt":"","slug":"mater","image":false,"all_day":false,"start_date":"2024-05-09 19:30:00","start_date_details":{"year":"2024","month":"05","day":"09","hour":"19","minutes":"30","seconds":"00"},"end_date":"2024-05-09 19:30:00","end_date_details":{"year":"2024","month":"05","day":"09","hour":"19","minutes":"30","seconds":"00"},"utc_start_date":"2024-05-09 17:30:00","utc_start_date_details":{"year":"2024","month":"05","day":"09","hour":"17","minutes":"30","seconds":"00"},"utc_end_date":"2024-05-09 17:30:00","utc_end_date_details":{"year":"2024","month":"05","day":"09","hour":"17","minutes":"30","seconds":"00"},"timezone":"Europe\/Madrid","timezone_abbr":"CEST","cost":"","cost_details":{"currency_symbol":"\u20ac","currency_code":"","currency_position":"prefix","values":[]},"website":"https:\/\/alexiamedici.com\/mater\/","show_map":true,"show_map_link":true,"hide_from_listings":false,"sticky":false,"featured":false,"categories":[{"name":"Inauguraci\u00f3\/Exposici\u00f3","slug":"inauguracio-exposicio","term_group":0,"term_taxonomy_id":6328,"taxonomy":"tribe_events_cat","description":"","parent":0,"count":832,"filter":"raw","term_order":"0","id":6328,"urls":{"self":"https:\/\/a-desk.org\/ca\/wp-json\/tribe\/events\/v1\/categories\/6328","collection":"https:\/\/a-desk.org\/ca\/wp-json\/tribe\/events\/v1\/categories"}}],"tags":[],"venue":{"id":56051,"author":"2786","status":"publish","date":"2024-05-05 13:41:59","date_utc":"2024-05-05 11:41:59","modified":"2024-05-05 13:41:59","modified_utc":"2024-05-05 11:41:59","url":"https:\/\/a-desk.org\/ca\/recinte\/arxiu-general-diputacio-de-barcelona\/","venue":"Arxiu general &#8211; Diputaci\u00f3 de Barcelona","slug":"arxiu-general-diputacio-de-barcelona","address":"Mej\u00eda Lequerica, 1","city":"Barcelona","country":"Espa\u00f1a","province":"Barcelona","stateprovince":"Barcelona","json_ld":{"@type":"Place","name":"Arxiu general &#8211; Diputaci\u00f3 de Barcelona","description":"","url":"","address":{"@type":"PostalAddress","streetAddress":"Mej\u00eda Lequerica, 1","addressLocality":"Barcelona","addressRegion":"Barcelona","addressCountry":"Espa\u00f1a"},"telephone":"","sameAs":""},"show_map":true,"show_map_link":true,"global_id":"a-desk.org\/ca\/?id=56051","global_id_lineage":["a-desk.org\/ca\/?id=56051"]},"organizer":[{"id":56052,"author":"2786","status":"publish","date":"2024-05-05 13:41:59","date_utc":"2024-05-05 11:41:59","modified":"2024-05-05 13:41:59","modified_utc":"2024-05-05 11:41:59","url":"https:\/\/a-desk.org\/ca\/organitzador\/diputacio-de-barcelona\/","organizer":"Diputaci\u00f3 de Barcelona","slug":"diputacio-de-barcelona","website":"https:\/\/www.diba.cat\/es\/inici","json_ld":{"@type":"Person","name":"Diputaci\u00f3 de Barcelona","description":"","url":"https:\/\/www.diba.cat\/es\/inici","telephone":"","email":"","sameAs":"https:\/\/www.diba.cat\/es\/inici"},"global_id":"a-desk.org\/ca\/?id=56052","global_id_lineage":["a-desk.org\/ca\/?id=56052"]}],"json_ld":{"@context":"http:\/\/schema.org","@type":"Event","name":"\u201cM\u0101ter\u201d","description":"","url":"https:\/\/a-desk.org\/ca\/agenda\/mater\/","eventAttendanceMode":"https:\/\/schema.org\/OfflineEventAttendanceMode","eventStatus":"https:\/\/schema.org\/EventScheduled","startDate":"2024-05-09T19:30:00+02:00","endDate":"2024-05-09T19:30:00+02:00","location":{"@type":"Place","name":"Arxiu general &#8211; Diputaci\u00f3 de Barcelona","description":"","url":"","address":{"@type":"PostalAddress","streetAddress":"Mej\u00eda Lequerica, 1","addressLocality":"Barcelona","addressRegion":"Barcelona","addressCountry":"Espa\u00f1a"},"telephone":"","sameAs":""},"organizer":{"@type":"Person","name":"Diputaci\u00f3 de Barcelona","description":"","url":"https:\/\/www.diba.cat\/es\/inici","telephone":"","email":"","sameAs":"https:\/\/www.diba.cat\/es\/inici"},"performer":"Organization"}}