{"id":56180,"global_id":"a-desk.org\/ca\/?id=56180","global_id_lineage":["a-desk.org\/ca\/?id=56180"],"author":"2786","status":"publish","date":"2024-05-11 11:15:21","date_utc":"2024-05-11 09:15:21","modified":"2024-05-11 11:17:07","modified_utc":"2024-05-11 09:17:07","url":"https:\/\/a-desk.org\/ca\/agenda\/recerca-fotografica-creacio-i-memoria-historica-al-castell-de-montjuic\/","rest_url":"https:\/\/a-desk.org\/ca\/wp-json\/tribe\/events\/v1\/events\/56180","title":"Recerca fotogr\u00e0fica, creaci\u00f3 i mem\u00f2ria hist\u00f2rica al Castell de Montju\u00efc","description":"","excerpt":"","slug":"recerca-fotografica-creacio-i-memoria-historica-al-castell-de-montjuic","image":false,"all_day":false,"start_date":"2024-05-13 10:00:00","start_date_details":{"year":"2024","month":"05","day":"13","hour":"10","minutes":"00","seconds":"00"},"end_date":"2024-05-13 20:00:00","end_date_details":{"year":"2024","month":"05","day":"13","hour":"20","minutes":"00","seconds":"00"},"utc_start_date":"2024-05-13 08:00:00","utc_start_date_details":{"year":"2024","month":"05","day":"13","hour":"08","minutes":"00","seconds":"00"},"utc_end_date":"2024-05-13 18:00:00","utc_end_date_details":{"year":"2024","month":"05","day":"13","hour":"18","minutes":"00","seconds":"00"},"timezone":"Europe\/Madrid","timezone_abbr":"CEST","cost":"","cost_details":{"currency_symbol":"\u20ac","currency_code":"","currency_position":"prefix","values":[]},"website":"https:\/\/www.barcelona.cat\/barcelonacultura\/ca\/barcelona-cultura\/ressons-castell-de-montjuic_1397203?utm_content=Destacado&amp;utm_source=C3661-I33&amp;utm_medium=email&amp;utm_term=contingut","show_map":true,"show_map_link":true,"hide_from_listings":false,"sticky":false,"featured":false,"categories":[{"name":"Inauguraci\u00f3\/Exposici\u00f3","slug":"inauguracio-exposicio","term_group":0,"term_taxonomy_id":6328,"taxonomy":"tribe_events_cat","description":"","parent":0,"count":833,"filter":"raw","term_order":"0","id":6328,"urls":{"self":"https:\/\/a-desk.org\/ca\/wp-json\/tribe\/events\/v1\/categories\/6328","collection":"https:\/\/a-desk.org\/ca\/wp-json\/tribe\/events\/v1\/categories"}}],"tags":[],"venue":{"id":44385,"author":"2786","status":"publish","date":"2023-05-16 12:43:27","date_utc":"2023-05-16 10:43:27","modified":"2023-05-16 12:43:27","modified_utc":"2023-05-16 10:43:27","url":"https:\/\/a-desk.org\/ca\/recinte\/castell-de-montjuic\/","venue":"Castell de Montju\u00efc","slug":"castell-de-montjuic","address":"Ctra. de Montju\u00efc, 66","city":"Barcelona","country":"Espa\u00f1a","province":"Barcelona","zip":"08038","website":"https:\/\/ajuntament.barcelona.cat\/castelldemontjuic\/ca?gclid=CjwKCAjw04yjBhApEiwAJcvNoYom0CDYIvEaXM2bC9VjY2hyj4J-sj3VTkYt8ABSQ6fAfzV-ZQXLSRoC88EQAvD_BwE","stateprovince":"Barcelona","json_ld":{"@type":"Place","name":"Castell de Montju\u00efc","description":"","url":"","address":{"@type":"PostalAddress","streetAddress":"Ctra. de Montju\u00efc, 66","addressLocality":"Barcelona","addressRegion":"Barcelona","postalCode":"08038","addressCountry":"Espa\u00f1a"},"telephone":"","sameAs":"https:\/\/ajuntament.barcelona.cat\/castelldemontjuic\/ca?gclid=CjwKCAjw04yjBhApEiwAJcvNoYom0CDYIvEaXM2bC9VjY2hyj4J-sj3VTkYt8ABSQ6fAfzV-ZQXLSRoC88EQAvD_BwE"},"show_map":true,"show_map_link":true,"global_id":"a-desk.org\/ca\/?id=44385","global_id_lineage":["a-desk.org\/ca\/?id=44385"]},"organizer":[{"id":43418,"author":"2786","status":"publish","date":"2023-04-18 14:00:20","date_utc":"2023-04-18 12:00:20","modified":"2023-04-18 14:00:20","modified_utc":"2023-04-18 12:00:20","url":"https:\/\/a-desk.org\/ca\/organitzador\/ajuntament-de-barcelona\/","organizer":"Ajuntament de Barcelona","slug":"ajuntament-de-barcelona","phone":"934 02 70 00","website":"https:\/\/ajuntament.barcelona.cat\/","json_ld":{"@type":"Person","name":"Ajuntament de Barcelona","description":"","url":"https:\/\/ajuntament.barcelona.cat\/","telephone":"934 02 70 00","email":"","sameAs":"https:\/\/ajuntament.barcelona.cat\/"},"global_id":"a-desk.org\/ca\/?id=43418","global_id_lineage":["a-desk.org\/ca\/?id=43418"]},{"id":56183,"author":"2786","status":"publish","date":"2024-05-11 11:16:03","date_utc":"2024-05-11 09:16:03","modified":"2024-05-11 11:16:03","modified_utc":"2024-05-11 09:16:03","url":"https:\/\/a-desk.org\/ca\/organitzador\/memoria-fotografica-de-la-guerra-civil\/","organizer":"Mem\u00f2ria Fotogr\u00e0fica de la Guerra Civil","slug":"memoria-fotografica-de-la-guerra-civil","website":"https:\/\/www.memoriafotograficadelaguerracivil.uji.es\/","json_ld":{"@type":"Person","name":"Mem\u00f2ria Fotogr\u00e0fica de la Guerra Civil","description":"","url":"https:\/\/www.memoriafotograficadelaguerracivil.uji.es\/","telephone":"","email":"","sameAs":"https:\/\/www.memoriafotograficadelaguerracivil.uji.es\/"},"global_id":"a-desk.org\/ca\/?id=56183","global_id_lineage":["a-desk.org\/ca\/?id=56183"]},{"id":56182,"author":"2786","status":"publish","date":"2024-05-11 11:15:22","date_utc":"2024-05-11 09:15:22","modified":"2024-05-11 11:15:22","modified_utc":"2024-05-11 09:15:22","url":"https:\/\/a-desk.org\/ca\/organitzador\/castell-de-montjuic\/","organizer":"Castell de Montju\u00efc","slug":"castell-de-montjuic","website":"https:\/\/ajuntament.barcelona.cat\/castelldemontjuic\/en","json_ld":{"@type":"Person","name":"Castell de Montju\u00efc","description":"","url":"https:\/\/ajuntament.barcelona.cat\/castelldemontjuic\/en","telephone":"","email":"","sameAs":"https:\/\/ajuntament.barcelona.cat\/castelldemontjuic\/en"},"global_id":"a-desk.org\/ca\/?id=56182","global_id_lineage":["a-desk.org\/ca\/?id=56182"]},{"id":56184,"author":"2786","status":"publish","date":"2024-05-11 11:17:08","date_utc":"2024-05-11 09:17:08","modified":"2024-05-11 11:17:08","modified_utc":"2024-05-11 09:17:08","url":"https:\/\/a-desk.org\/ca\/organitzador\/universitat-jaume-i\/","organizer":"Universitat Jaume I","slug":"universitat-jaume-i","website":"https:\/\/www.uji.es\/","json_ld":{"@type":"Person","name":"Universitat Jaume I","description":"","url":"https:\/\/www.uji.es\/","telephone":"","email":"","sameAs":"https:\/\/www.uji.es\/"},"global_id":"a-desk.org\/ca\/?id=56184","global_id_lineage":["a-desk.org\/ca\/?id=56184"]}],"json_ld":{"@context":"http:\/\/schema.org","@type":"Event","name":"Recerca fotogr\u00e0fica, creaci\u00f3 i mem\u00f2ria hist\u00f2rica al Castell de Montju\u00efc","description":"","url":"https:\/\/a-desk.org\/ca\/agenda\/recerca-fotografica-creacio-i-memoria-historica-al-castell-de-montjuic\/","eventAttendanceMode":"https:\/\/schema.org\/OfflineEventAttendanceMode","eventStatus":"https:\/\/schema.org\/EventScheduled","startDate":"2024-05-13T10:00:00+02:00","endDate":"2024-05-13T20:00:00+02:00","location":{"@type":"Place","name":"Castell de Montju\u00efc","description":"","url":"","address":{"@type":"PostalAddress","streetAddress":"Ctra. de Montju\u00efc, 66","addressLocality":"Barcelona","addressRegion":"Barcelona","postalCode":"08038","addressCountry":"Espa\u00f1a"},"telephone":"","sameAs":"https:\/\/ajuntament.barcelona.cat\/castelldemontjuic\/ca?gclid=CjwKCAjw04yjBhApEiwAJcvNoYom0CDYIvEaXM2bC9VjY2hyj4J-sj3VTkYt8ABSQ6fAfzV-ZQXLSRoC88EQAvD_BwE"},"organizer":{"@type":"Person","name":"Ajuntament de Barcelona","description":"","url":"https:\/\/ajuntament.barcelona.cat\/","telephone":"934 02 70 00","email":"","sameAs":"https:\/\/ajuntament.barcelona.cat\/"},"performer":"Organization"}}