{"id":56287,"global_id":"a-desk.org\/ca\/?id=56287","global_id_lineage":["a-desk.org\/ca\/?id=56287"],"author":"2786","status":"publish","date":"2024-05-15 00:24:37","date_utc":"2024-05-14 22:24:37","modified":"2024-05-15 00:24:37","modified_utc":"2024-05-14 22:24:37","url":"https:\/\/a-desk.org\/ca\/agenda\/la-guerra-de-les-memories-xose-manuel-nunez-seixas\/","rest_url":"https:\/\/a-desk.org\/ca\/wp-json\/tribe\/events\/v1\/events\/56287","title":"&#8220;La guerra de les mem\u00f2ries&#8221; Xos\u00e9 Manuel N\u00fa\u00f1ez Seixas","description":"","excerpt":"","slug":"la-guerra-de-les-memories-xose-manuel-nunez-seixas","image":false,"all_day":false,"start_date":"2024-05-21 19:30:00","start_date_details":{"year":"2024","month":"05","day":"21","hour":"19","minutes":"30","seconds":"00"},"end_date":"2024-05-21 19:30:00","end_date_details":{"year":"2024","month":"05","day":"21","hour":"19","minutes":"30","seconds":"00"},"utc_start_date":"2024-05-21 17:30:00","utc_start_date_details":{"year":"2024","month":"05","day":"21","hour":"17","minutes":"30","seconds":"00"},"utc_end_date":"2024-05-21 17:30:00","utc_end_date_details":{"year":"2024","month":"05","day":"21","hour":"17","minutes":"30","seconds":"00"},"timezone":"Europe\/Madrid","timezone_abbr":"CEST","cost":"","cost_details":{"currency_symbol":"","currency_code":"","currency_position":"prefix","values":[]},"website":"https:\/\/elbornculturaimemoria.barcelona.cat\/activitat\/cicle-de-conferencies-per-que-la-guerra\/?utm_content=Bloc%20agenda%20doble&amp;utm_source=C3377-I173&amp;utm_medium=email&amp;utm_term=contingut","show_map":true,"show_map_link":true,"hide_from_listings":false,"sticky":false,"featured":false,"categories":[{"name":"Cicle","slug":"cicle","term_group":0,"term_taxonomy_id":6317,"taxonomy":"tribe_events_cat","description":"","parent":0,"count":503,"filter":"raw","term_order":"0","id":6317,"urls":{"self":"https:\/\/a-desk.org\/ca\/wp-json\/tribe\/events\/v1\/categories\/6317","collection":"https:\/\/a-desk.org\/ca\/wp-json\/tribe\/events\/v1\/categories"}},{"name":"Conferencia","slug":"conferencia","term_group":0,"term_taxonomy_id":6272,"taxonomy":"tribe_events_cat","description":"","parent":0,"count":307,"filter":"raw","term_order":"0","id":6272,"urls":{"self":"https:\/\/a-desk.org\/ca\/wp-json\/tribe\/events\/v1\/categories\/6272","collection":"https:\/\/a-desk.org\/ca\/wp-json\/tribe\/events\/v1\/categories"}}],"tags":[],"venue":{"id":40259,"author":"2786","status":"publish","date":"2023-01-14 16:14:20","date_utc":"2023-01-14 14:14:20","modified":"2023-01-14 16:14:20","modified_utc":"2023-01-14 14:14:20","url":"https:\/\/a-desk.org\/ca\/recinte\/el-born-ccm\/","venue":"El Born CCM","slug":"el-born-ccm","address":"Pla\u00e7a Comercial, 12, 08003 Barcelona mapa","city":"Barcelona","country":"Spain","province":"Barcelona","state":"Barcelona","zip":"08003","stateprovince":"Barcelona","json_ld":{"@type":"Place","name":"El Born CCM","description":"","url":"","address":{"@type":"PostalAddress","streetAddress":"Pla\u00e7a Comercial, 12, 08003 Barcelona mapa","addressLocality":"Barcelona","addressRegion":"Barcelona","postalCode":"08003","addressCountry":"Spain"},"telephone":"","sameAs":""},"show_map":false,"show_map_link":false,"global_id":"a-desk.org\/ca\/?id=40259","global_id_lineage":["a-desk.org\/ca\/?id=40259"]},"organizer":[{"id":40175,"author":"2786","status":"publish","date":"2023-01-14 16:04:40","date_utc":"2023-01-14 14:04:40","modified":"2023-01-14 16:04:40","modified_utc":"2023-01-14 14:04:40","url":"https:\/\/a-desk.org\/ca\/organitzador\/el-born-ccm\/","organizer":"El Born CCM","slug":"el-born-ccm","website":"https:\/\/elbornculturaimemoria.barcelona.cat\/","json_ld":{"@type":"Person","name":"El Born CCM","description":"","url":"https:\/\/elbornculturaimemoria.barcelona.cat\/","telephone":"","email":"","sameAs":"https:\/\/elbornculturaimemoria.barcelona.cat\/"},"global_id":"a-desk.org\/ca\/?id=40175","global_id_lineage":["a-desk.org\/ca\/?id=40175"]}],"json_ld":{"@context":"http:\/\/schema.org","@type":"Event","name":"&#8220;La guerra de les mem\u00f2ries&#8221; Xos\u00e9 Manuel N\u00fa\u00f1ez Seixas","description":"","url":"https:\/\/a-desk.org\/ca\/agenda\/la-guerra-de-les-memories-xose-manuel-nunez-seixas\/","eventAttendanceMode":"https:\/\/schema.org\/OfflineEventAttendanceMode","eventStatus":"https:\/\/schema.org\/EventScheduled","startDate":"2024-05-21T19:30:00+02:00","endDate":"2024-05-21T19:30:00+02:00","location":{"@type":"Place","name":"El Born CCM","description":"","url":"","address":{"@type":"PostalAddress","streetAddress":"Pla\u00e7a Comercial, 12, 08003 Barcelona mapa","addressLocality":"Barcelona","addressRegion":"Barcelona","postalCode":"08003","addressCountry":"Spain"},"telephone":"","sameAs":""},"organizer":{"@type":"Person","name":"El Born CCM","description":"","url":"https:\/\/elbornculturaimemoria.barcelona.cat\/","telephone":"","email":"","sameAs":"https:\/\/elbornculturaimemoria.barcelona.cat\/"},"performer":"Organization"}}