{"id":60457,"global_id":"a-desk.org\/ca\/?id=60457","global_id_lineage":["a-desk.org\/ca\/?id=60457"],"author":"2786","status":"publish","date":"2024-10-11 19:41:08","date_utc":"2024-10-11 17:41:08","modified":"2024-10-11 19:41:08","modified_utc":"2024-10-11 17:41:08","url":"https:\/\/a-desk.org\/ca\/agenda\/la-fi-duna-epoca-sobre-la-inflexio-actual-del-moviment-veinal-taula-rodona-amb-marc-andreu-albert-recio-i-elia-herranz\/","rest_url":"https:\/\/a-desk.org\/ca\/wp-json\/tribe\/events\/v1\/events\/60457","title":"\u201cLa fi d\u2019una \u00e8poca? Sobre la inflexi\u00f3 actual del moviment ve\u00efnal\u201d Taula rodona amb Marc Andreu, Albert Recio i Elia Herranz","description":"","excerpt":"","slug":"la-fi-duna-epoca-sobre-la-inflexio-actual-del-moviment-veinal-taula-rodona-amb-marc-andreu-albert-recio-i-elia-herranz","image":false,"all_day":false,"start_date":"2024-10-16 19:00:00","start_date_details":{"year":"2024","month":"10","day":"16","hour":"19","minutes":"00","seconds":"00"},"end_date":"2024-10-16 19:00:00","end_date_details":{"year":"2024","month":"10","day":"16","hour":"19","minutes":"00","seconds":"00"},"utc_start_date":"2024-10-16 17:00:00","utc_start_date_details":{"year":"2024","month":"10","day":"16","hour":"17","minutes":"00","seconds":"00"},"utc_end_date":"2024-10-16 17:00:00","utc_end_date_details":{"year":"2024","month":"10","day":"16","hour":"17","minutes":"00","seconds":"00"},"timezone":"Europe\/Madrid","timezone_abbr":"CEST","cost":"","cost_details":{"currency_symbol":"\u20ac","currency_code":"EUR","currency_position":"prefix","values":[]},"website":"https:\/\/www.macba.cat\/ca\/activitats\/la-fi-duna-epoca-sobre-la-inflexio-actual-del-moviment-veinal\/?utm_source=newsletter&amp;utm_medium=email&amp;utm_campaign=quinzenal#msdynttrid=C9XaL0AW6K21CivuYmF9CMC2aTvY54IEaA6_LTd8aTQ ","show_map":true,"show_map_link":true,"hide_from_listings":false,"sticky":false,"featured":false,"categories":[{"name":"Taula rodona","slug":"taula-rodona-2","term_group":0,"term_taxonomy_id":6806,"taxonomy":"tribe_events_cat","description":"","parent":0,"count":124,"filter":"raw","term_order":"0","id":6806,"urls":{"self":"https:\/\/a-desk.org\/ca\/wp-json\/tribe\/events\/v1\/categories\/6806","collection":"https:\/\/a-desk.org\/ca\/wp-json\/tribe\/events\/v1\/categories"}}],"tags":[],"venue":{"id":40288,"author":"2786","status":"publish","date":"2023-01-14 16:20:49","date_utc":"2023-01-14 14:20:49","modified":"2023-01-14 16:20:49","modified_utc":"2023-01-14 14:20:49","url":"https:\/\/a-desk.org\/ca\/recinte\/macba\/","venue":"MACBA","slug":"macba","address":"Pla\u00e7a dels \u00c0ngels, 1, 08001 Barcelona mapa","city":"Barcelona","country":"Spain","province":"Barcelona","state":"Barcelona","zip":"08001","stateprovince":"Barcelona","json_ld":{"@type":"Place","name":"MACBA","description":"","url":"","address":{"@type":"PostalAddress","streetAddress":"Pla\u00e7a dels \u00c0ngels, 1, 08001 Barcelona mapa","addressLocality":"Barcelona","addressRegion":"Barcelona","postalCode":"08001","addressCountry":"Spain"},"telephone":"","sameAs":""},"show_map":false,"show_map_link":false,"global_id":"a-desk.org\/ca\/?id=40288","global_id_lineage":["a-desk.org\/ca\/?id=40288"]},"organizer":[{"id":40206,"author":"2786","status":"publish","date":"2023-01-14 16:07:55","date_utc":"2023-01-14 14:07:55","modified":"2023-01-14 16:07:55","modified_utc":"2023-01-14 14:07:55","url":"https:\/\/a-desk.org\/ca\/organitzador\/macba\/","organizer":"MACBA","slug":"macba","website":"https:\/\/www.macba.cat\/ca\/","json_ld":{"@type":"Person","name":"MACBA","description":"","url":"https:\/\/www.macba.cat\/ca\/","telephone":"","email":"","sameAs":"https:\/\/www.macba.cat\/ca\/"},"global_id":"a-desk.org\/ca\/?id=40206","global_id_lineage":["a-desk.org\/ca\/?id=40206"]}],"json_ld":{"@context":"http:\/\/schema.org","@type":"Event","name":"\u201cLa fi d\u2019una \u00e8poca? Sobre la inflexi\u00f3 actual del moviment ve\u00efnal\u201d Taula rodona amb Marc Andreu, Albert Recio i Elia Herranz","description":"","url":"https:\/\/a-desk.org\/ca\/agenda\/la-fi-duna-epoca-sobre-la-inflexio-actual-del-moviment-veinal-taula-rodona-amb-marc-andreu-albert-recio-i-elia-herranz\/","eventAttendanceMode":"https:\/\/schema.org\/OfflineEventAttendanceMode","eventStatus":"https:\/\/schema.org\/EventScheduled","startDate":"2024-10-16T19:00:00+02:00","endDate":"2024-10-16T19:00:00+02:00","location":{"@type":"Place","name":"MACBA","description":"","url":"","address":{"@type":"PostalAddress","streetAddress":"Pla\u00e7a dels \u00c0ngels, 1, 08001 Barcelona mapa","addressLocality":"Barcelona","addressRegion":"Barcelona","postalCode":"08001","addressCountry":"Spain"},"telephone":"","sameAs":""},"organizer":{"@type":"Person","name":"MACBA","description":"","url":"https:\/\/www.macba.cat\/ca\/","telephone":"","email":"","sameAs":"https:\/\/www.macba.cat\/ca\/"},"performer":"Organization"}}