{"id":10668,"date":"2011-05-02T16:50:00","date_gmt":"2011-05-02T16:50:00","guid":{"rendered":"http:\/\/a-desk.org\/2011\/05\/02\/programes-politics-en-relacio-a-lart-contemporani\/"},"modified":"2017-08-09T10:38:22","modified_gmt":"2017-08-09T10:38:22","slug":"programes-politics-en-relacio-a-lart-contemporani","status":"publish","type":"post","link":"https:\/\/a-desk.org\/ca\/magazine\/programes-politics-en-relacio-a-lart-contemporani\/","title":{"rendered":"Programes pol\u00edtics en relaci\u00f3 a l&#8217;art contemporani"},"content":{"rendered":"<p>Com veuen el mapa de l&#8217;art contemporani a Barcelona i quin \u00e9s el seu programa pol\u00edtic en relaci\u00f3 a l&#8217;art contemporani?<\/p>\n<p><strong>Jaume Ciurana (CIU)<\/strong><\/p>\n<p>Des de CIU establim quatre grans eixos d\u2019actuaci\u00f3 (formaci\u00f3, creaci\u00f3, producci\u00f3, i difusi\u00f3). A la ciutat hi ha un conjunt d\u2019elements: Macba, La Capella, Virreina, fundacions privades, galeries, artistes, grans espais expositius&#8230;. Aquests elements no ens han de fer oblidar que el destinatari de les politiques culturals \u00e9s l\u2019usuari, el p\u00fablic, els ciutadans. S&#8217;ha d&#8217;aconseguir que tots els agents es posin d\u2019acord i tenir clar que el destinataris \u00e9s el p\u00fablic.<\/p>\n<p>A m\u00e9s, Barcelona tamb\u00e9 ha de tenir un Centre d\u2019art contemporani, amb doble funci\u00f3: la creativitat local i les pr\u00e0ctiques curatorials, un lloc on es puguin assajar  discursos i reinterpretacions. <\/p>\n<p><strong>\u00c0ngels Esteller Ruedas (PP)<\/strong><\/p>\n<p>Barcelona ha de ser una gran capitat cultural amb projecci\u00f3 internacional. \u00c9s fonamental la iniciativa privada. L\u2019ajuntament ha de generar un marc on donar suport al creador, als emprenedors i difondre el fons a trav\u00e9s d\u2019exposicions. Hem de tenir un bon circuit tant nacional com internacional. I arribar a tots els agents del m\u00f3n de l\u2019art (creadors, galeristes, col\u00b7leccionistes, etc.) <\/p>\n<p>Barcelona ha de ser una pla\u00e7a europea del mercat de l\u2019art. S&#8217;ha de donar suport sobretot als creadors, tenir el circuit ben complert. Atreure col\u00b7leccionistes i inversors a Barcelona. I tamb\u00e9 \u00e9s necessari tenir un centre d\u2019art, com el Can\u00f2drom.<\/p>\n<p><strong>Jordi Mart\u00ed (PSC)<\/strong><\/p>\n<p>Com s\u2019ha d\u2019actuar en aquest ecosistema que t\u00e9 moltes peces? Que ens convindria? Continuar amb el que hem anat fent. Fins ara s\u2019ha donat molta import\u00e0ncia a la difusi\u00f3, avui hem de posar l&#8217;accent en la capacitat de producci\u00f3, en el terreny de la recerca. La funci\u00f3 social \u00e9s aconseguir un ciutad\u00e0 implicat. Posar al ciutad\u00e0 en el propi proc\u00e9s de producci\u00f3 cultural. I posar l&#8217;accent en la creaci\u00f3 i plataformes que projectin aquesta cultura. Una ciutat necessita plataformes que la col\u00b7loquin en el sector internacional.<\/p>\n<p><strong>Ricard Martinez- Monteagudo (Coalici\u00f3 Unitat per Barcelona)<\/strong><\/p>\n<p>Hem de solucionar els nostres problemes per intentar aportar solucions: que Barcelona sigui la capital d\u2019un estat independent. A Barcelona les plataformes estan molt diversificades. Tenim els ingredients, el que cal \u00e9s aportar aquests elements que aportin unitat, m\u00e9s enll\u00e0 de les galeries i dels tres dies de un festival. \u00c9s prioritari l&#8217;ensenyament primari, el foment de la creaci\u00f3, la formaci\u00f3 a trav\u00e9s de les escoles d\u2019art. Cal diferenciar entre cultura i educaci\u00f3. S\u2019ha d\u2019apostar per la formaci\u00f3, per\u00f2 tamb\u00e9 per un gran esdeveniment cultural i per les grans infraestructures.<\/p>\n<p><strong>Miquel-Llu\u00eds Muntan\u00e9 (ICV-EuiA)<\/strong><\/p>\n<p>Les pol\u00edtiques culturals han funcionat relativament b\u00e9. Cal anar adequant les coses a un escenari que va modificant-se cada dia. No calen grans canvis estructurals o modificacions radicals.<\/p>\n<p>Algunes idees al voltant de aquestes millores: di\u00e0leg permanent amb el sector, territorialitat (possibilitat d&#8217;explorar maneres perqu\u00e8 els creadors tinguin la possibilitat de donar i de rebre m\u00e9s que en el seu \u00e0mbit), explorar noves guies de cooperaci\u00f3 amb els \u00e0mbits educatius, afavorir que des dels mitjans de comunicaci\u00f3 es doni m\u00e9s sortida a la creaci\u00f3 dels artistes, organitzacions i sensibilitzaci\u00f3 cap al p\u00fablic. El Can\u00f2drom ha de funcionar, ha de ser el centre de refer\u00e8ncia. I el Consell de Cultura ha de tenir els mitjans necessaris, se l&#8217;ha de dotar de capacitats decis\u00f2ries. <\/p>\n","protected":false},"excerpt":{"rendered":"<p>Com veuen el mapa de l&#8217;art contemporani a Barcelona i quin \u00e9s el seu programa pol\u00edtic en relaci\u00f3 a l&#8217;art contemporani? Jaume Ciurana (CIU) Des de CIU establim quatre grans&#8230;<\/p>\n","protected":false},"author":1241,"featured_media":10667,"comment_status":"open","ping_status":"open","sticky":false,"template":"","format":"standard","meta":{"_relevanssi_hide_post":"","_relevanssi_hide_content":"","_relevanssi_pin_for_all":"","_relevanssi_pin_keywords":"","_relevanssi_unpin_keywords":"","_relevanssi_related_keywords":"","_relevanssi_related_include_ids":"","_relevanssi_related_exclude_ids":"","_relevanssi_related_no_append":"","_relevanssi_related_not_related":"","_relevanssi_related_posts":"","_relevanssi_noindex_reason":"","footnotes":""},"categories":[6782],"tags":[5522,5523,5524],"coauthors":[],"acf":[],"yoast_head":"<!-- This site is optimized with the Yoast SEO plugin v22.6 - https:\/\/yoast.com\/wordpress\/plugins\/seo\/ -->\n<title>Programes pol\u00edtics en relaci\u00f3 a l&#039;art contemporani &#8211; A*Desk<\/title>\n<meta name=\"robots\" content=\"index, follow, max-snippet:-1, max-image-preview:large, max-video-preview:-1\" \/>\n<link rel=\"canonical\" href=\"https:\/\/a-desk.org\/magazine\/programas-politicos-en-relacion-al-arte-contemporaneo\/\" \/>\n<meta property=\"og:locale\" content=\"ca_ES\" \/>\n<meta property=\"og:type\" content=\"article\" \/>\n<meta property=\"og:title\" content=\"Programes pol\u00edtics en relaci\u00f3 a l&#039;art contemporani &#8211; A*Desk\" \/>\n<meta property=\"og:description\" content=\"Com veuen el mapa de l&#8217;art contemporani a Barcelona i quin \u00e9s el seu programa pol\u00edtic en relaci\u00f3 a l&#8217;art contemporani? Jaume Ciurana (CIU) Des de CIU establim quatre grans...\" \/>\n<meta property=\"og:url\" content=\"https:\/\/a-desk.org\/magazine\/programas-politicos-en-relacion-al-arte-contemporaneo\/\" \/>\n<meta property=\"og:site_name\" content=\"A*Desk\" \/>\n<meta property=\"article:published_time\" content=\"2011-05-02T16:50:00+00:00\" \/>\n<meta property=\"article:modified_time\" content=\"2017-08-09T10:38:22+00:00\" \/>\n<meta property=\"og:image\" content=\"https:\/\/a-desk.org\/wp-content\/uploads\/2011\/05\/arton980.jpg\" \/>\n\t<meta property=\"og:image:width\" content=\"298\" \/>\n\t<meta property=\"og:image:height\" content=\"199\" \/>\n\t<meta property=\"og:image:type\" content=\"image\/jpeg\" \/>\n<meta name=\"author\" content=\"A*DESK\" \/>\n<meta name=\"twitter:card\" content=\"summary_large_image\" \/>\n<meta name=\"twitter:label1\" content=\"Escrit per\" \/>\n\t<meta name=\"twitter:data1\" content=\"A*DESK\" \/>\n\t<meta name=\"twitter:label2\" content=\"Temps estimat de lectura\" \/>\n\t<meta name=\"twitter:data2\" content=\"3 minuts\" \/>\n\t<meta name=\"twitter:label3\" content=\"Written by\" \/>\n\t<meta name=\"twitter:data3\" content=\"A*DESK\" \/>\n<script type=\"application\/ld+json\" class=\"yoast-schema-graph\">{\"@context\":\"https:\/\/schema.org\",\"@graph\":[{\"@type\":\"WebPage\",\"@id\":\"https:\/\/a-desk.org\/magazine\/programas-politicos-en-relacion-al-arte-contemporaneo\/\",\"url\":\"https:\/\/a-desk.org\/magazine\/programas-politicos-en-relacion-al-arte-contemporaneo\/\",\"name\":\"Programes pol\u00edtics en relaci\u00f3 a l'art contemporani &#8211; A*Desk\",\"isPartOf\":{\"@id\":\"https:\/\/a-desk.org\/#website\"},\"primaryImageOfPage\":{\"@id\":\"https:\/\/a-desk.org\/magazine\/programas-politicos-en-relacion-al-arte-contemporaneo\/#primaryimage\"},\"image\":{\"@id\":\"https:\/\/a-desk.org\/magazine\/programas-politicos-en-relacion-al-arte-contemporaneo\/#primaryimage\"},\"thumbnailUrl\":\"https:\/\/a-desk.org\/wp-content\/uploads\/2011\/05\/arton980.jpg\",\"datePublished\":\"2011-05-02T16:50:00+00:00\",\"dateModified\":\"2017-08-09T10:38:22+00:00\",\"author\":{\"@id\":\"https:\/\/a-desk.org\/#\/schema\/person\/e32f2cc33a81d4e3e29207cb91b1c058\"},\"breadcrumb\":{\"@id\":\"https:\/\/a-desk.org\/magazine\/programas-politicos-en-relacion-al-arte-contemporaneo\/#breadcrumb\"},\"inLanguage\":\"ca\",\"potentialAction\":[{\"@type\":\"ReadAction\",\"target\":[\"https:\/\/a-desk.org\/magazine\/programas-politicos-en-relacion-al-arte-contemporaneo\/\"]}]},{\"@type\":\"ImageObject\",\"inLanguage\":\"ca\",\"@id\":\"https:\/\/a-desk.org\/magazine\/programas-politicos-en-relacion-al-arte-contemporaneo\/#primaryimage\",\"url\":\"https:\/\/a-desk.org\/wp-content\/uploads\/2011\/05\/arton980.jpg\",\"contentUrl\":\"https:\/\/a-desk.org\/wp-content\/uploads\/2011\/05\/arton980.jpg\",\"width\":298,\"height\":199},{\"@type\":\"BreadcrumbList\",\"@id\":\"https:\/\/a-desk.org\/magazine\/programas-politicos-en-relacion-al-arte-contemporaneo\/#breadcrumb\",\"itemListElement\":[{\"@type\":\"ListItem\",\"position\":1,\"name\":\"Portada\",\"item\":\"https:\/\/a-desk.org\/ca\/\"},{\"@type\":\"ListItem\",\"position\":2,\"name\":\"Programes pol\u00edtics en relaci\u00f3 a l&#8217;art contemporani\"}]},{\"@type\":\"WebSite\",\"@id\":\"https:\/\/a-desk.org\/#website\",\"url\":\"https:\/\/a-desk.org\/\",\"name\":\"A*Desk\",\"description\":\"A*Desk Critical Thinking\",\"potentialAction\":[{\"@type\":\"SearchAction\",\"target\":{\"@type\":\"EntryPoint\",\"urlTemplate\":\"https:\/\/a-desk.org\/?s={search_term_string}\"},\"query-input\":\"required name=search_term_string\"}],\"inLanguage\":\"ca\"},{\"@type\":\"Person\",\"@id\":\"https:\/\/a-desk.org\/#\/schema\/person\/e32f2cc33a81d4e3e29207cb91b1c058\",\"name\":\"A*DESK\",\"image\":{\"@type\":\"ImageObject\",\"inLanguage\":\"ca\",\"@id\":\"https:\/\/a-desk.org\/#\/schema\/person\/image\/10ff463f7c1b7bf67a9b0c7cb7d009a0\",\"url\":\"https:\/\/secure.gravatar.com\/avatar\/512021342347efd46b63b4246a323676?s=96&d=mm&r=g\",\"contentUrl\":\"https:\/\/secure.gravatar.com\/avatar\/512021342347efd46b63b4246a323676?s=96&d=mm&r=g\",\"caption\":\"A*DESK\"},\"url\":\"https:\/\/a-desk.org\/ca\/autor\/audeske\/\"}]}<\/script>\n<!-- \/ Yoast SEO plugin. -->","yoast_head_json":{"title":"Programes pol\u00edtics en relaci\u00f3 a l'art contemporani &#8211; A*Desk","robots":{"index":"index","follow":"follow","max-snippet":"max-snippet:-1","max-image-preview":"max-image-preview:large","max-video-preview":"max-video-preview:-1"},"canonical":"https:\/\/a-desk.org\/magazine\/programas-politicos-en-relacion-al-arte-contemporaneo\/","og_locale":"ca_ES","og_type":"article","og_title":"Programes pol\u00edtics en relaci\u00f3 a l'art contemporani &#8211; A*Desk","og_description":"Com veuen el mapa de l&#8217;art contemporani a Barcelona i quin \u00e9s el seu programa pol\u00edtic en relaci\u00f3 a l&#8217;art contemporani? Jaume Ciurana (CIU) Des de CIU establim quatre grans...","og_url":"https:\/\/a-desk.org\/magazine\/programas-politicos-en-relacion-al-arte-contemporaneo\/","og_site_name":"A*Desk","article_published_time":"2011-05-02T16:50:00+00:00","article_modified_time":"2017-08-09T10:38:22+00:00","og_image":[{"width":298,"height":199,"url":"https:\/\/a-desk.org\/wp-content\/uploads\/2011\/05\/arton980.jpg","type":"image\/jpeg"}],"author":"A*DESK","twitter_card":"summary_large_image","twitter_misc":{"Escrit per":"A*DESK","Temps estimat de lectura":"3 minuts","Written by":"A*DESK"},"schema":{"@context":"https:\/\/schema.org","@graph":[{"@type":"WebPage","@id":"https:\/\/a-desk.org\/magazine\/programas-politicos-en-relacion-al-arte-contemporaneo\/","url":"https:\/\/a-desk.org\/magazine\/programas-politicos-en-relacion-al-arte-contemporaneo\/","name":"Programes pol\u00edtics en relaci\u00f3 a l'art contemporani &#8211; A*Desk","isPartOf":{"@id":"https:\/\/a-desk.org\/#website"},"primaryImageOfPage":{"@id":"https:\/\/a-desk.org\/magazine\/programas-politicos-en-relacion-al-arte-contemporaneo\/#primaryimage"},"image":{"@id":"https:\/\/a-desk.org\/magazine\/programas-politicos-en-relacion-al-arte-contemporaneo\/#primaryimage"},"thumbnailUrl":"https:\/\/a-desk.org\/wp-content\/uploads\/2011\/05\/arton980.jpg","datePublished":"2011-05-02T16:50:00+00:00","dateModified":"2017-08-09T10:38:22+00:00","author":{"@id":"https:\/\/a-desk.org\/#\/schema\/person\/e32f2cc33a81d4e3e29207cb91b1c058"},"breadcrumb":{"@id":"https:\/\/a-desk.org\/magazine\/programas-politicos-en-relacion-al-arte-contemporaneo\/#breadcrumb"},"inLanguage":"ca","potentialAction":[{"@type":"ReadAction","target":["https:\/\/a-desk.org\/magazine\/programas-politicos-en-relacion-al-arte-contemporaneo\/"]}]},{"@type":"ImageObject","inLanguage":"ca","@id":"https:\/\/a-desk.org\/magazine\/programas-politicos-en-relacion-al-arte-contemporaneo\/#primaryimage","url":"https:\/\/a-desk.org\/wp-content\/uploads\/2011\/05\/arton980.jpg","contentUrl":"https:\/\/a-desk.org\/wp-content\/uploads\/2011\/05\/arton980.jpg","width":298,"height":199},{"@type":"BreadcrumbList","@id":"https:\/\/a-desk.org\/magazine\/programas-politicos-en-relacion-al-arte-contemporaneo\/#breadcrumb","itemListElement":[{"@type":"ListItem","position":1,"name":"Portada","item":"https:\/\/a-desk.org\/ca\/"},{"@type":"ListItem","position":2,"name":"Programes pol\u00edtics en relaci\u00f3 a l&#8217;art contemporani"}]},{"@type":"WebSite","@id":"https:\/\/a-desk.org\/#website","url":"https:\/\/a-desk.org\/","name":"A*Desk","description":"A*Desk Critical Thinking","potentialAction":[{"@type":"SearchAction","target":{"@type":"EntryPoint","urlTemplate":"https:\/\/a-desk.org\/?s={search_term_string}"},"query-input":"required name=search_term_string"}],"inLanguage":"ca"},{"@type":"Person","@id":"https:\/\/a-desk.org\/#\/schema\/person\/e32f2cc33a81d4e3e29207cb91b1c058","name":"A*DESK","image":{"@type":"ImageObject","inLanguage":"ca","@id":"https:\/\/a-desk.org\/#\/schema\/person\/image\/10ff463f7c1b7bf67a9b0c7cb7d009a0","url":"https:\/\/secure.gravatar.com\/avatar\/512021342347efd46b63b4246a323676?s=96&d=mm&r=g","contentUrl":"https:\/\/secure.gravatar.com\/avatar\/512021342347efd46b63b4246a323676?s=96&d=mm&r=g","caption":"A*DESK"},"url":"https:\/\/a-desk.org\/ca\/autor\/audeske\/"}]}},"_links":{"self":[{"href":"https:\/\/a-desk.org\/ca\/wp-json\/wp\/v2\/posts\/10668"}],"collection":[{"href":"https:\/\/a-desk.org\/ca\/wp-json\/wp\/v2\/posts"}],"about":[{"href":"https:\/\/a-desk.org\/ca\/wp-json\/wp\/v2\/types\/post"}],"author":[{"embeddable":true,"href":"https:\/\/a-desk.org\/ca\/wp-json\/wp\/v2\/users\/1241"}],"replies":[{"embeddable":true,"href":"https:\/\/a-desk.org\/ca\/wp-json\/wp\/v2\/comments?post=10668"}],"version-history":[{"count":1,"href":"https:\/\/a-desk.org\/ca\/wp-json\/wp\/v2\/posts\/10668\/revisions"}],"predecessor-version":[{"id":11244,"href":"https:\/\/a-desk.org\/ca\/wp-json\/wp\/v2\/posts\/10668\/revisions\/11244"}],"wp:featuredmedia":[{"embeddable":true,"href":"https:\/\/a-desk.org\/ca\/wp-json\/wp\/v2\/media\/10667"}],"wp:attachment":[{"href":"https:\/\/a-desk.org\/ca\/wp-json\/wp\/v2\/media?parent=10668"}],"wp:term":[{"taxonomy":"category","embeddable":true,"href":"https:\/\/a-desk.org\/ca\/wp-json\/wp\/v2\/categories?post=10668"},{"taxonomy":"post_tag","embeddable":true,"href":"https:\/\/a-desk.org\/ca\/wp-json\/wp\/v2\/tags?post=10668"},{"taxonomy":"author","embeddable":true,"href":"https:\/\/a-desk.org\/ca\/wp-json\/wp\/v2\/coauthors?post=10668"}],"curies":[{"name":"wp","href":"https:\/\/api.w.org\/{rel}","templated":true}]}}