{"id":10815,"date":"2011-09-27T02:37:33","date_gmt":"2011-09-27T02:37:33","guid":{"rendered":"http:\/\/a-desk.org\/2011\/09\/27\/el-revers-de-la-festa\/"},"modified":"2011-09-27T02:37:33","modified_gmt":"2011-09-27T02:37:33","slug":"el-revers-de-la-festa","status":"publish","type":"post","link":"https:\/\/a-desk.org\/ca\/magazine\/el-revers-de-la-festa\/","title":{"rendered":"El revers de la festa"},"content":{"rendered":"<p class=\"post_excerpt\">Les festes patronals que es repeteixen cada estiu en els pobles i ciutats del nostre entorn poden semblar un tema poc interessant per a l&#8217;art contemporani. Una multitud embriagada que segueix amb fervor les tradicions del terr\u00f2s \u00e9s potser el m\u00e9s allunyat al p\u00fablic cr\u00edtic i aut\u00f2nom que busca el sector art\u00edstic. Per massa trivial o, fins i tot, per reaccionari, el fenomen de la festa no sembla digne de traspassar les portes del museu. \u00c9s m\u00e8rit d&#8217;Itziar Barrio (Bilbao, 1976) haver sabut mostrar com d&#8217;erroni \u00e9s d&#8217;aquest prejudici.<\/p>\n<p><!--more--><br \/>\nFins a principis de setembre s&#8217;ha pogut visitar a l\u00b4Artium una instal.laci\u00f3 d&#8217;Itziar Barrio titulada &#8220;Detr\u00e1s, al final de la comparsa&#8221;. La mostra, comissariada per Blanca de la Torre, s&#8217;ha emmarcat dins del programa Praxis, que emfatitza el car\u00e0cter processual de l&#8217;activitat art\u00edstica mitjan\u00e7ant el (lloable) recurs d&#8217;obrir les exposicions al p\u00fablic des del mateix inici del seu muntatge. Aix\u00ed, al llarg dels mesos de juny, juliol i agost els visitants d\u00b4Artium han tingut l\u00b4ocasi\u00f3 d&#8217;anar comprovant els progressos en la instal.laci\u00f3 canviant d&#8217;Itziar Barrio. Una estructura ha dominat la sala des del comen\u00e7ament, emergint d&#8217;una de les seves parets. Es tracta d&#8217;una txosna, la tradicional barra de bar en forma de caseta que es converteix en el centre de les festes populars del Pa\u00eds Basc, habitualment gestionada per una comparsa (o quadrilla). Dins de l&#8217;estructura s&#8217;hi han anat projectant els v\u00eddeos que l&#8217;artista ha gravat en diverses de les festes patronals de Vit\u00f2ria: les dels barris d\u00b4Errekaleor i Judizmendi, al juliol, i les de La Blanca, que tota la ciutat celebra a principis de agost. En el proc\u00e9s s&#8217;han realitzat uns &#8220;tallers de falses quadrilles&#8221; en els quals els participants havien d&#8217;inventar el s\u00edmbol d&#8217;una comparsa. El resultat: set imatges a manera de particulars signes o icones de la festa. El contingut final de la sala es completa amb dues intervencions m\u00e9s: una pancarta que versiona els caracter\u00edstics cartells de les txosnas i una cantonada fosca que es refereix a l&#8217;inevitable rac\u00f3 de totes les festes, amagatall d&#8217;all\u00f2 prohibit.<\/p>\n<p> Aquest proc\u00e9s complex i multidisciplinari pel qual Itziar Barrio acosta al museu la festa patronal quedaria viciat irremeiablement si l&#8217;artista no sab\u00e9s resistir-se a la temptaci\u00f3 d&#8217;adoptar una de les dues posicions seg\u00fcents: contemplar la festa &#8220;des de dalt&#8221; o &#8220;des de dins&#8221;. Hauria caigut en la primera opci\u00f3 d&#8217;haver optat per l&#8217;estrat\u00e8gia de la r\u00e8plica a l&#8217;hora d&#8217;exposar els elements caracter\u00edstics de la festa. L&#8217;estructura central \u00e9s reconeixible per al p\u00fablic precisament perqu\u00e8 t\u00e9 la forma essencial d&#8217;una txosna, per\u00f2 no pret\u00e9n ser c\u00f2pia de les txosnas reals, sin\u00f3 alguna cosa aix\u00ed com el seu m\u00ednim com\u00fa denominador, la seva abstracci\u00f3. L&#8217;artista conjura d&#8217;aquesta manera la temptaci\u00f3 d&#8217;elaborar una r\u00e8plica fidel de l&#8217;original, gest que l&#8217;hagu\u00e9s aproximat al mecanisme dels antics museus de ci\u00e8ncies naturals i etnografia, on diversos h\u00e0bitats humans (&#8220;primitius&#8221;) es mostraven davant l&#8217;espectador congelats amb arts de taxid\u00e8rmia. La conversi\u00f3 d&#8217;un horitz\u00f3 d&#8217;esdeveniments i expectatives socials en una escena pintoresca, suposa la seva violenta subordinaci\u00f3 a un discurs que pret\u00e9n explicar des d&#8217;una posici\u00f3 de superioritat amagada. No \u00e9s aix\u00f2, afortunadament, el que se&#8217;ns presenta.<\/p>\n<p> Tampoc cau Itziar Barrio en la temptaci\u00f3 oposada, la que tement contagiar d&#8217;una as\u00e8psia impostada cerca capbussar-se en l&#8217;objecte mateix, revivint-lo des de dins. En el cas de la festa, es recorreria aqu\u00ed a l&#8217;escenificaci\u00f3 de l&#8217;\u00e8xtasi festiu, oblidant que l&#8217;artista no pot reproduir en solitari les condicions hist\u00f2riques i comunit\u00e0ries que el causen. El cam\u00ed cap a aquesta pretesa immediatesa no condueix sin\u00f3 a un espectacle m\u00e9s o menys grotesc (penseu en l&#8217;accionisme vien\u00e8s), que no t\u00e9 res en com\u00fa amb l&#8217;aut\u00e8ntica festa, on la figura del p\u00fablic no existeix.<\/p>\n<p> Fugint d&#8217;aquestes dues temptacions, Itziar Barrio es mant\u00e9 en un equilibri dif\u00edcil entre el documentalisme (que aporta la voluntat descriptiva de la primera) i la teatralitzaci\u00f3 (que comparteix l&#8217;\u00e0nim apropiacionista de la segona), incorporant elements de totes dues i presentant-los en f\u00e8rtil contradicci\u00f3 des d&#8217;una posici\u00f3 que \u00e9s externa, s\u00ed, per\u00f2 que est\u00e0 situada tamb\u00e9 al mateix nivell que els que celebren, en concret: &#8220;detr\u00e1s, al final&#8221;. El lloc que tria l&#8217;artista a l&#8217;hora d&#8217;afrontar el tema, expl\u00edcit des del mateix t\u00edtol de la instal laci\u00f3, \u00e9s un lloc marginal, \u00e9s a dir, situat al marge de la festa, en el seu l\u00edmit o, millor, al revers de tot all\u00f2 que es veu a simple vista, al seu revers. Itziar Barrio s&#8217;entesta aix\u00ed en deixar parlar a la comparsa que marxa davant d&#8217;ella, limitant-se a assenyalar de manera indirecta els seus secrets, la seva cara oculta, la qual consisteix en la seva dissimulada condici\u00f3 de constructe social. En efecte, la festa reclama sempre per a si mateixa l&#8217;aura d&#8217;all\u00f2 immemorial i es presenta com l&#8217;expressi\u00f3 inevitable d&#8217;un poble. S\u00f3n aquestes pretensions naturalitzants les que queden en dubte quan es revela la festa com un proc\u00e9s de construcci\u00f3 col.lectiva de significats. A aquest prop\u00f2sit de l&#8217;artista serveix amb especial fortuna la inscripci\u00f3 de la mostra en el programa Praxis, que, com hem dit, permet al p\u00fablic observar el gradual treball de muntatge en sala: \u00e9s la forma mateixa de la instal.laci\u00f3, abans fins i tot que el seu contingut, la que assenyala el car\u00e0cter processual (no eventual) i constructiu (no natural) de tot significat. La proposta art\u00edstica i el seu objecte adquireixen aix\u00ed una relaci\u00f3 d&#8217;isomorfisme.<\/p>\n<p> La posici\u00f3 marginal escollida per l&#8217;artista pot ser, en bona mesura, producte inevitable de les seves circumst\u00e0ncies: Itziar Barrio, nascuda a Bilbao, s&#8217;ocupa d&#8217;unes festes patronals que no s\u00f3n aquelles amb les quals ha crescut; que no s\u00f3n les seves, se sent un temptat a escriure. Per\u00f2 \u00e9s justament en el moment de citar aquest possessiu (&#8220;les seves festes&#8221;) quan l&#8217;an\u00e8cdota trivial s&#8217;eleva a estrat\u00e8gia significativa. Al documentar unes festes que no s\u00f3n les &#8220;seves&#8221;, al situar-se &#8220;darrere&#8221; de la comparsa, Itziar Barrio assenyala a un fenomen que resulta essencial a la festa, entesa -en la seva funci\u00f3 tradicional- com a proc\u00e9s de construcci\u00f3 identit\u00e0ria. Per a qu\u00e8 pugui sorgir un &#8220;nosaltres&#8221; renovat del centre mateix de l&#8217;\u00e8xtasi festiu \u00e9s necess\u00e0ria la invocaci\u00f3 d&#8217;un &#8220;ells&#8221; que es construeix per via negativa: els que no s\u00f3n &#8220;d&#8217;aqu\u00ed&#8221;, els que no saben amb certesa com ballar, com vestir o com beure. Un &#8220;ells&#8221; fantasmal, que es convoca com un esperit pervers per\u00f2 impotent al voltant de la comunitat festiva, imprescindible perqu\u00e8 aquesta renovi la seva identitat grupal. El &#8220;ells&#8221; i el &#8220;nosaltres&#8221; s\u00f3n les dues cares d&#8217;una mateixa ficci\u00f3.<\/p>\n<p>  \u00c9s a aquesta dualitat inseparable a la qu\u00e8 fa refer\u00e8ncia l&#8217;enigm\u00e0tic lema de la pancarta que penjava a la sala d&#8217;Artium, al costat de la txosna. S\u00b4hi podia llegir &#8220;Lo mismo, lo nuestro&#8221; i, sota, &#8220;Los hombros de los que bailan&#8221;. Per entendre totalment per qu\u00e8 la primera expressi\u00f3 sintetitza amb encert l&#8217;experi\u00e8ncia festiva dels participants ha de recordar-se la naturalesa ritual de la festa. Com tot ritu, la festa (i ens referim sempre a la festa patronal i similars) consisteix en la reactualitzaci\u00f3 peri\u00f2dica d&#8217;un esdeveniment de car\u00e0cter m\u00edtic en el qual es reconeix una comunitat, la festa repeteix cada any &#8220;el mateix&#8221;, \u00e9s a dir : &#8220;all\u00f2 nostre&#8221;. Per descomptat, el de menys \u00e9s el contingut concret del suposat esdeveniment primigeni. Molts vitorians ignoraran que les festes de La Blanca celebren el fet que la muntanya Esquilina de Roma aparegu\u00e9s nevada un 5 d\u00b4agost del segle IV. No obstant aix\u00f2, els esdeveniments pautats que es repeteixen any rere any  s\u00f3n suficient per si sols per commemorar &#8220;alguna cosa&#8221; que funda el nexe comunitari. Si hem de creure a Ren\u00e9 Girard, aquest &#8220;alguna cosa&#8221; \u00e9s sempre un crim. Encara que el mite tracti de camuflar de mil maneres, l&#8217;origen de tota comunitat consistiria en el linxament d&#8217;una v\u00edctima innocent, marcada amb els signes del &#8220;altre&#8221;, que posteriorment fou compresa com a divinitat o com a heroi fundador. L&#8217;origen de la festa, i de la comunictat que la celebra, est\u00e0 banyada amb sang i injusticia.<\/p>\n<p>La festa conserva un remanent de la viol\u00e8ncia ritual a la impl\u00edcita exclusi\u00f3 que sempre exerceix. Els que no pertanyen a la comunitat festiva nom\u00e9s poden veure &#8220;los hombros de los que bailan&#8221;. Aquesta expressi\u00f3 de la pancarta est\u00e0 presa del cap\u00edtol XV de Fiesta, on Hemingway narra l&#8217;esclat dels sanfermines amb el chupinazo, i escriu: &#8220;En aquella massa compacta, l&#8217;\u00fanic que es distingia era el pujar i baixar dels caps i les espatlles dels que ballaven &#8220;. La cita no pot recollir millor all\u00f2 monstru\u00f3s, all\u00f2 ca\u00f2tic, all\u00f2 informe de l&#8217;experi\u00e8ncia dels qui celebren, que sembla que s&#8217;aglutinin en un sol cos. El col.lapse de les relacions socials ordin\u00e0ries, que regulen i sostenen la individualitat, eleva (temporalment) l&#8217;obligaci\u00f3 de sublimar i canalitzar els impulsos. Com recorda el rac\u00f3 fosc que Itziar Barrio presentava a la sala d&#8217;Artium, per al cos \u00fanic de la comunitat festiva no regeixen els tab\u00fas d&#8217;all\u00f2 escatol\u00f2gic, del sexe o l&#8217;agressi\u00f3. Aquesta llibertat \u00e9s transit\u00f2ria, i seria innocent interpretar-la com una emancipaci\u00f3. El seu paper consisteix, de fet, a refor\u00e7ar les normes que trenca, les quals tornen a reimplantar-se quan acaba la festa. L\u00b4exaltat cos transgressor esdev\u00e9 ordenada comunitat, i aquesta s&#8217;oblida ben aviat del fosc revers d&#8217;exclusi\u00f3 i viol\u00e8ncia que amaga la cara dels seus s\u00edmbols. Nom\u00e9s cal recordar.<\/p>\n","protected":false},"excerpt":{"rendered":"<p>Les festes patronals que es repeteixen cada estiu en els pobles i ciutats del nostre entorn poden semblar un tema poc interessant per a l&#8217;art contemporani. Una multitud embriagada que&#8230;<\/p>\n","protected":false},"author":1396,"featured_media":10814,"comment_status":"open","ping_status":"open","sticky":false,"template":"","format":"standard","meta":{"_relevanssi_hide_post":"","_relevanssi_hide_content":"","_relevanssi_pin_for_all":"","_relevanssi_pin_keywords":"","_relevanssi_unpin_keywords":"","_relevanssi_related_keywords":"","_relevanssi_related_include_ids":"","_relevanssi_related_exclude_ids":"","_relevanssi_related_no_append":"","_relevanssi_related_not_related":"","_relevanssi_related_posts":"","_relevanssi_noindex_reason":"","footnotes":""},"categories":[6782],"tags":[5665,5800],"coauthors":[],"acf":[],"yoast_head":"<!-- This site is optimized with the Yoast SEO plugin v22.6 - https:\/\/yoast.com\/wordpress\/plugins\/seo\/ -->\n<title>El revers de la festa &#8211; A*Desk<\/title>\n<meta name=\"robots\" content=\"index, follow, max-snippet:-1, max-image-preview:large, max-video-preview:-1\" \/>\n<link rel=\"canonical\" href=\"https:\/\/a-desk.org\/magazine\/el-enves-de-la-fiesta\/\" \/>\n<meta property=\"og:locale\" content=\"ca_ES\" \/>\n<meta property=\"og:type\" content=\"article\" \/>\n<meta property=\"og:title\" content=\"El revers de la festa &#8211; A*Desk\" \/>\n<meta property=\"og:description\" content=\"Les festes patronals que es repeteixen cada estiu en els pobles i ciutats del nostre entorn poden semblar un tema poc interessant per a l&#8217;art contemporani. Una multitud embriagada que...\" \/>\n<meta property=\"og:url\" content=\"https:\/\/a-desk.org\/magazine\/el-enves-de-la-fiesta\/\" \/>\n<meta property=\"og:site_name\" content=\"A*Desk\" \/>\n<meta property=\"article:published_time\" content=\"2011-09-27T02:37:33+00:00\" \/>\n<meta property=\"og:image\" content=\"https:\/\/a-desk.org\/wp-content\/uploads\/2011\/09\/arton1179.jpg\" \/>\n\t<meta property=\"og:image:width\" content=\"600\" \/>\n\t<meta property=\"og:image:height\" content=\"428\" \/>\n\t<meta property=\"og:image:type\" content=\"image\/jpeg\" \/>\n<meta name=\"author\" content=\"Jaime Cuenca\" \/>\n<meta name=\"twitter:card\" content=\"summary_large_image\" \/>\n<meta name=\"twitter:label1\" content=\"Escrit per\" \/>\n\t<meta name=\"twitter:data1\" content=\"Jaime Cuenca\" \/>\n\t<meta name=\"twitter:label2\" content=\"Temps estimat de lectura\" \/>\n\t<meta name=\"twitter:data2\" content=\"8 minuts\" \/>\n\t<meta name=\"twitter:label3\" content=\"Written by\" \/>\n\t<meta name=\"twitter:data3\" content=\"Jaime Cuenca\" \/>\n<script type=\"application\/ld+json\" class=\"yoast-schema-graph\">{\"@context\":\"https:\/\/schema.org\",\"@graph\":[{\"@type\":\"WebPage\",\"@id\":\"https:\/\/a-desk.org\/magazine\/el-enves-de-la-fiesta\/\",\"url\":\"https:\/\/a-desk.org\/magazine\/el-enves-de-la-fiesta\/\",\"name\":\"El revers de la festa &#8211; A*Desk\",\"isPartOf\":{\"@id\":\"https:\/\/a-desk.org\/#website\"},\"primaryImageOfPage\":{\"@id\":\"https:\/\/a-desk.org\/magazine\/el-enves-de-la-fiesta\/#primaryimage\"},\"image\":{\"@id\":\"https:\/\/a-desk.org\/magazine\/el-enves-de-la-fiesta\/#primaryimage\"},\"thumbnailUrl\":\"https:\/\/a-desk.org\/wp-content\/uploads\/2011\/09\/arton1179.jpg\",\"datePublished\":\"2011-09-27T02:37:33+00:00\",\"dateModified\":\"2011-09-27T02:37:33+00:00\",\"author\":{\"@id\":\"https:\/\/a-desk.org\/#\/schema\/person\/5d3fa6d26c26556a75a4362684b31d23\"},\"breadcrumb\":{\"@id\":\"https:\/\/a-desk.org\/magazine\/el-enves-de-la-fiesta\/#breadcrumb\"},\"inLanguage\":\"ca\",\"potentialAction\":[{\"@type\":\"ReadAction\",\"target\":[\"https:\/\/a-desk.org\/magazine\/el-enves-de-la-fiesta\/\"]}]},{\"@type\":\"ImageObject\",\"inLanguage\":\"ca\",\"@id\":\"https:\/\/a-desk.org\/magazine\/el-enves-de-la-fiesta\/#primaryimage\",\"url\":\"https:\/\/a-desk.org\/wp-content\/uploads\/2011\/09\/arton1179.jpg\",\"contentUrl\":\"https:\/\/a-desk.org\/wp-content\/uploads\/2011\/09\/arton1179.jpg\",\"width\":600,\"height\":428},{\"@type\":\"BreadcrumbList\",\"@id\":\"https:\/\/a-desk.org\/magazine\/el-enves-de-la-fiesta\/#breadcrumb\",\"itemListElement\":[{\"@type\":\"ListItem\",\"position\":1,\"name\":\"Portada\",\"item\":\"https:\/\/a-desk.org\/ca\/\"},{\"@type\":\"ListItem\",\"position\":2,\"name\":\"El revers de la festa\"}]},{\"@type\":\"WebSite\",\"@id\":\"https:\/\/a-desk.org\/#website\",\"url\":\"https:\/\/a-desk.org\/\",\"name\":\"A*Desk\",\"description\":\"A*Desk Critical Thinking\",\"potentialAction\":[{\"@type\":\"SearchAction\",\"target\":{\"@type\":\"EntryPoint\",\"urlTemplate\":\"https:\/\/a-desk.org\/?s={search_term_string}\"},\"query-input\":\"required name=search_term_string\"}],\"inLanguage\":\"ca\"},{\"@type\":\"Person\",\"@id\":\"https:\/\/a-desk.org\/#\/schema\/person\/5d3fa6d26c26556a75a4362684b31d23\",\"name\":\"Jaime Cuenca\",\"image\":{\"@type\":\"ImageObject\",\"inLanguage\":\"ca\",\"@id\":\"https:\/\/a-desk.org\/#\/schema\/person\/image\/4929cca5d01042279eabaf4d9ff1cd98\",\"url\":\"https:\/\/secure.gravatar.com\/avatar\/cfa9c3c739b35e662218261a0dce4eaa?s=96&d=mm&r=g\",\"contentUrl\":\"https:\/\/secure.gravatar.com\/avatar\/cfa9c3c739b35e662218261a0dce4eaa?s=96&d=mm&r=g\",\"caption\":\"Jaime Cuenca\"},\"url\":\"https:\/\/a-desk.org\/ca\/autor\/jaime\/\"}]}<\/script>\n<!-- \/ Yoast SEO plugin. -->","yoast_head_json":{"title":"El revers de la festa &#8211; A*Desk","robots":{"index":"index","follow":"follow","max-snippet":"max-snippet:-1","max-image-preview":"max-image-preview:large","max-video-preview":"max-video-preview:-1"},"canonical":"https:\/\/a-desk.org\/magazine\/el-enves-de-la-fiesta\/","og_locale":"ca_ES","og_type":"article","og_title":"El revers de la festa &#8211; A*Desk","og_description":"Les festes patronals que es repeteixen cada estiu en els pobles i ciutats del nostre entorn poden semblar un tema poc interessant per a l&#8217;art contemporani. Una multitud embriagada que...","og_url":"https:\/\/a-desk.org\/magazine\/el-enves-de-la-fiesta\/","og_site_name":"A*Desk","article_published_time":"2011-09-27T02:37:33+00:00","og_image":[{"width":600,"height":428,"url":"https:\/\/a-desk.org\/wp-content\/uploads\/2011\/09\/arton1179.jpg","type":"image\/jpeg"}],"author":"Jaime Cuenca","twitter_card":"summary_large_image","twitter_misc":{"Escrit per":"Jaime Cuenca","Temps estimat de lectura":"8 minuts","Written by":"Jaime Cuenca"},"schema":{"@context":"https:\/\/schema.org","@graph":[{"@type":"WebPage","@id":"https:\/\/a-desk.org\/magazine\/el-enves-de-la-fiesta\/","url":"https:\/\/a-desk.org\/magazine\/el-enves-de-la-fiesta\/","name":"El revers de la festa &#8211; A*Desk","isPartOf":{"@id":"https:\/\/a-desk.org\/#website"},"primaryImageOfPage":{"@id":"https:\/\/a-desk.org\/magazine\/el-enves-de-la-fiesta\/#primaryimage"},"image":{"@id":"https:\/\/a-desk.org\/magazine\/el-enves-de-la-fiesta\/#primaryimage"},"thumbnailUrl":"https:\/\/a-desk.org\/wp-content\/uploads\/2011\/09\/arton1179.jpg","datePublished":"2011-09-27T02:37:33+00:00","dateModified":"2011-09-27T02:37:33+00:00","author":{"@id":"https:\/\/a-desk.org\/#\/schema\/person\/5d3fa6d26c26556a75a4362684b31d23"},"breadcrumb":{"@id":"https:\/\/a-desk.org\/magazine\/el-enves-de-la-fiesta\/#breadcrumb"},"inLanguage":"ca","potentialAction":[{"@type":"ReadAction","target":["https:\/\/a-desk.org\/magazine\/el-enves-de-la-fiesta\/"]}]},{"@type":"ImageObject","inLanguage":"ca","@id":"https:\/\/a-desk.org\/magazine\/el-enves-de-la-fiesta\/#primaryimage","url":"https:\/\/a-desk.org\/wp-content\/uploads\/2011\/09\/arton1179.jpg","contentUrl":"https:\/\/a-desk.org\/wp-content\/uploads\/2011\/09\/arton1179.jpg","width":600,"height":428},{"@type":"BreadcrumbList","@id":"https:\/\/a-desk.org\/magazine\/el-enves-de-la-fiesta\/#breadcrumb","itemListElement":[{"@type":"ListItem","position":1,"name":"Portada","item":"https:\/\/a-desk.org\/ca\/"},{"@type":"ListItem","position":2,"name":"El revers de la festa"}]},{"@type":"WebSite","@id":"https:\/\/a-desk.org\/#website","url":"https:\/\/a-desk.org\/","name":"A*Desk","description":"A*Desk Critical Thinking","potentialAction":[{"@type":"SearchAction","target":{"@type":"EntryPoint","urlTemplate":"https:\/\/a-desk.org\/?s={search_term_string}"},"query-input":"required name=search_term_string"}],"inLanguage":"ca"},{"@type":"Person","@id":"https:\/\/a-desk.org\/#\/schema\/person\/5d3fa6d26c26556a75a4362684b31d23","name":"Jaime Cuenca","image":{"@type":"ImageObject","inLanguage":"ca","@id":"https:\/\/a-desk.org\/#\/schema\/person\/image\/4929cca5d01042279eabaf4d9ff1cd98","url":"https:\/\/secure.gravatar.com\/avatar\/cfa9c3c739b35e662218261a0dce4eaa?s=96&d=mm&r=g","contentUrl":"https:\/\/secure.gravatar.com\/avatar\/cfa9c3c739b35e662218261a0dce4eaa?s=96&d=mm&r=g","caption":"Jaime Cuenca"},"url":"https:\/\/a-desk.org\/ca\/autor\/jaime\/"}]}},"_links":{"self":[{"href":"https:\/\/a-desk.org\/ca\/wp-json\/wp\/v2\/posts\/10815"}],"collection":[{"href":"https:\/\/a-desk.org\/ca\/wp-json\/wp\/v2\/posts"}],"about":[{"href":"https:\/\/a-desk.org\/ca\/wp-json\/wp\/v2\/types\/post"}],"author":[{"embeddable":true,"href":"https:\/\/a-desk.org\/ca\/wp-json\/wp\/v2\/users\/1396"}],"replies":[{"embeddable":true,"href":"https:\/\/a-desk.org\/ca\/wp-json\/wp\/v2\/comments?post=10815"}],"version-history":[{"count":0,"href":"https:\/\/a-desk.org\/ca\/wp-json\/wp\/v2\/posts\/10815\/revisions"}],"wp:featuredmedia":[{"embeddable":true,"href":"https:\/\/a-desk.org\/ca\/wp-json\/wp\/v2\/media\/10814"}],"wp:attachment":[{"href":"https:\/\/a-desk.org\/ca\/wp-json\/wp\/v2\/media?parent=10815"}],"wp:term":[{"taxonomy":"category","embeddable":true,"href":"https:\/\/a-desk.org\/ca\/wp-json\/wp\/v2\/categories?post=10815"},{"taxonomy":"post_tag","embeddable":true,"href":"https:\/\/a-desk.org\/ca\/wp-json\/wp\/v2\/tags?post=10815"},{"taxonomy":"author","embeddable":true,"href":"https:\/\/a-desk.org\/ca\/wp-json\/wp\/v2\/coauthors?post=10815"}],"curies":[{"name":"wp","href":"https:\/\/api.w.org\/{rel}","templated":true}]}}