{"id":10854,"date":"2011-10-24T02:08:45","date_gmt":"2011-10-24T02:08:45","guid":{"rendered":"http:\/\/a-desk.org\/2011\/10\/24\/lautentic-ready-made\/"},"modified":"2011-10-24T02:08:45","modified_gmt":"2011-10-24T02:08:45","slug":"lautentic-ready-made","status":"publish","type":"post","link":"https:\/\/a-desk.org\/ca\/magazine\/lautentic-ready-made\/","title":{"rendered":"L&#8217;aut\u00e8ntic ready-made"},"content":{"rendered":"<p class=\"post_excerpt\">Una exposici\u00f3 magn\u00edfica, una exposici\u00f3 que hauria de ser una refer\u00e8ncia immediatament. Una exposici\u00f3 complexa, que genera animadversi\u00f3 i alegria a parts iguals, que destaca per la seva brutalitat al mateix temps que per la seva delicadesa. Ulf Linde obre el seu Marcel Duchamp en una producci\u00f3 de Moderna Museet presentada a l&#8217;Acad\u00e8mia de les Arts a Estocolm: &#8220;De ou par Marcel Duchamp par Ulf Linde&#8221;. <\/p>\n<p><!--more--><br \/>\nUna vida dedicada plenament, i de manera obsessiva, a Marcel Duchamp. Ulf Linde, comissari avant la lettre, va decidir comen\u00e7ar a fer reproduccions de l&#8217;obra de qui va canviar el ritme de l&#8217;art per intentar comprendre la seva l\u00f2gica interna. L\u00f2gica matem\u00e0tica segons la seva teoria. Reproduccions de tot, reproduccions gaireb\u00e9 perfectes de ready-mades. Mesos i mesos investigant i buscant detalls \u00ednfims aix\u00ed com tota la informaci\u00f3 possible sobre Duchamp. El m\u00e0xim apogeu d&#8217;Ulf Linde va arribar quan el mateix Duchamp va signar una de les c\u00f2pies de &#8220;Le Grand Verre&#8221;-una d&#8217;elles, ja que amb la primera Linde no va quedar plenament satisfet- com una c\u00f2pia original seva al agradar-li l&#8217;aproximaci\u00f3 realitzada a Estocolm . Segur que a Duchamp ja li semblava b\u00e9 que a Estocolm alg\u00fa analitz\u00e9s minuciosament tota la seva producci\u00f3, generant molt\u00edssima documentaci\u00f3, pel\u00b7l\u00edcules sobre com es reprodueix una obra d&#8217;art, convertint-se en una mena d\u00b4expert absolut de les formes duchampnianes i no sent Rrose S\u00e9lavy per\u00f2 si una cosa aix\u00ed com un avatar an\u00e0rquic i obsessionat amb una possible f\u00f3rmula matem\u00e0tica que tanqu\u00e9s el cercle Marcel Duchamp.<\/p>\n<p>Tanta c\u00f2pia-autoritzada-ha propiciat que Moderna Museet tingui segurament la millor col\u00b7lecci\u00f3 de Duchamp despr\u00e9s de Filad\u00e8lfia. L&#8217;obsessi\u00f3 d&#8217;una persona per intentar descobrir com funciona l&#8217;obra d&#8217;un artista fa que, ara, hi hagi un resultat, una s\u00e8rie d&#8217;objectes que es converteixen en quelcom m\u00e9s, que es troben dins de la instituci\u00f3 i serveixen per construir hist\u00f2ria. Per\u00f2, quina hist\u00f2ria? La hist\u00f2ria de Linde? La hist\u00f2ria de Duchamp? La hist\u00f2ria de la reproductibilitat? La hist\u00f2ria de la ironia? La hist\u00f2ria d&#8217;una desaparici\u00f3? La hist\u00f2ria d&#8217;una voluntat? Una hist\u00f2ria de segones? Una hist\u00f2ria ja evidentment constru\u00efda?<\/p>\n<p>Avui, m\u00e9s a prop de la mort, Ulf Linde decideix organitzar una exposici\u00f3 sobre Marcel Duchamp. M\u00e9s concretament sobre el seu Marcel Duchamp. Una exposici\u00f3 per a ell, per al doble, per a l&#8217;ombra. B\u00e9, tenim un museu, tenim a alg\u00fa que ha facilitat al museu parts importants de la seva col\u00b7lecci\u00f3, tenim la vinculaci\u00f3 de Linde amb l&#8217;Acad\u00e8mia de l&#8217;art suec (tamb\u00e9 \u00e9s un dels acad\u00e8mics que decideixen els Nobel de literatura), tenim a Duchamp i un desig expositiu. Les fitxes s\u00f3n al tauler i s&#8217;ensuma la jugada mestra. Per\u00f2 en comptes d\u00b4escac i mat ens decidim per l&#8217;enroc. L&#8217;enroc \u00e9s que l&#8217;exposici\u00f3 no es presenti al museu sin\u00f3 a l&#8217;edifici de l&#8217;acad\u00e8mia de l&#8217;art. I tot surt b\u00e9. El museu no queda tacat per una visi\u00f3 absolutament subjectiva i de caire personal a partir de Duchamp, l&#8217;acad\u00e8mia aconsegueix tenyir-se de masses -diguem- i Linde t\u00e9 la seva exposici\u00f3 amb Duchamp a un lloc sagrat. \u00c9s habitual que a l&#8217;acad\u00e8mia es realitzin exposicions de &#8220;premi&#8221;, amb artistes ja grans perqu\u00e8 passin com toca a la hist\u00f2ria, per\u00f2 en aquest cas no s&#8217;escriu des d&#8217;all\u00f2 local sin\u00f3 que saltem a un gest amb inter\u00e8s global.<\/p>\n<p>Dif\u00edcilment podria presentar-se aquesta exposici\u00f3 en un museu. \u00c9s massa fort, \u00e9s massa bona, \u00e9s massa fora de tota norma i al mateix temps no \u00e9s res m\u00e9s que una exposici\u00f3 que vol ser un resum de tota una vida, una obsessi\u00f3 i l&#8217;obra de Duchamp. Tot est\u00e0 molt ben definit, tot funciona, tot t\u00e9 sentit i tot \u00e9s una gran bogeria. Les exposicions dins de les institucions art\u00edstiques acostumen a ser quelcom pensat per als seus visitants, quelcom pensat des d&#8217;un punt de vista institucional, l&#8217;ego s&#8217;ha d&#8217;amagar el m\u00e9s possible encara que transpiri a tot arreu. L&#8217;obsessi\u00f3 no pot ser el punt de partida. Aqu\u00ed no; a l&#8217;acad\u00e8mia Linde actua sense complexos i apareix constantment, en totes les decisions, a cada cent\u00edmetre. Per comen\u00e7ar, apareix al t\u00edtol de l&#8217;exposici\u00f3 a la mateixa al\u00e7ada que Duchamp: &#8220;De ou par Marcel Duchamp par Ulf Linde&#8221;. A l&#8217;encap\u00e7alament del <a href=\"http:\/\/deouparmarcelduchampparulflinde.se\/?page_id=53\">lloc web del projecte<\/a> Marcel Duchamp s&#8217;escriu en min\u00fascules i Ulf Linde en maj\u00fascules, o aix\u00f2 que els errors tamb\u00e9 s\u00f3n significatius.<\/p>\n<p>Linde coneix a la perfecci\u00f3 el lloc, la seva hist\u00f2ria i el seu valor. Decideix actuar no \u00fanicament en les sales d&#8217;exposici\u00f3 sin\u00f3 a l&#8217;entrada, al passad\u00eds, en llocs que tenen un valor simb\u00f2lic. Per comen\u00e7ar, omple l&#8217;acad\u00e8mia amb rails per a cadires de rodes. Per a la seva cadira de rodes. Ulf Linde \u00e9s el visitant, \u00e9s el comissari, \u00e9s el productor de les obres, \u00e9s qui decideix tot, \u00e9s qui inventa el Duchamp que es presenta. Al visitant extern se li ofereix un recorregut en aquesta obsessi\u00f3, una mirada tamisada i dirigida des del text i des d&#8217;un pl\u00e0nol que se li lliura en accedir a l&#8217;exposici\u00f3. Les peces gaireb\u00e9 passen a un segon nivell, l&#8217;important \u00e9s veure com Linde s&#8217;acosta a elles, l&#8217;important \u00e9s veure com s&#8217;atreveix a obrir la sala d&#8217;exposicions amb un doble retrat ocult darrera miralls: Duchamp i Linde, els dos cara a cara sense veure&#8217;s. L&#8217;exposici\u00f3 tamb\u00e9 \u00e9s, per exemple, la plasmaci\u00f3 de l&#8217;intent de Linde per comprendre una pe\u00e7a com &#8220;\u00c9tant donn\u00e9s&#8221; mitjan\u00e7ant la creaci\u00f3 d&#8217;una minuciosa maqueta que reveli tots els elements que es poden entreveure a Filad\u00e8lfia. Una maqueta d&#8217;un mida redu\u00efda per\u00f2 que cont\u00e9 capes i capes de treball, an\u00e0lisis profundes sobre cada detall, lectures del cos, del sexe, de les dist\u00e0ncies, de la torxa a la m\u00e0 del cos femen\u00ed a l&#8217;al\u00e7ada de la cascada al paisatge . Com a objectes, com a material.<\/p>\n<p>L&#8217;exposici\u00f3 comen\u00e7a abans de si mateixa, amb jocs i refer\u00e8ncies mil. Al carrer, a l\u00b4entrada de l&#8217;acad\u00e8mia, una doble porta com a primera aproximaci\u00f3 oculta a &#8220;Le Grand Verre&#8221; i &#8220;\u00c9tant donn\u00e9s&#8221;, una mena de crit d&#8217;atenci\u00f3 sobre el que \u00e9s un ready-made. L&#8217;acad\u00e8mia passa a ser un ready-made en si mateixa, un joc de significats on anar sumant capes i relacions. A la monumental escala d&#8217;acc\u00e9s ja a l&#8217;interior, amb la pres\u00e8ncia central dels rails per a la cadira de rodes, apareix una ret\u00edcula de cordons al sostre, recordant la manera com Duchamp va participar en la c\u00e8lebre exposici\u00f3 surrealista a Nova York al 42 i, tamb\u00e9, la presentaci\u00f3 que Linde va definir a Moderna Museet al 89 de l&#8217;obra de Duchamp. La mateixa trama apareixer\u00e0 despr\u00e9s a la sala d&#8217;exposicions, en una reproducci\u00f3 exacta d&#8217;aquesta sala a l&#8217;antic Moderna Museet que contenia (i ara cont\u00e9 a l&#8217;acad\u00e8mia), per exemple, &#8220;Boite en Valise&#8221;. Com una nina russa d&#8217;anada i tornada, a una sala d&#8217;exposicions trobem una reproducci\u00f3 d&#8217;una sala d&#8217;exposicions que cont\u00e9 una reproducci\u00f3 d&#8217;una s\u00e8rie d&#8217;obres de Duchamp, que es converteixen en una col\u00b7lecci\u00f3 diminuta, que ve a ser el mateix que una col\u00b7lecci\u00f3 a un museu, on destaca una c\u00f2pia de &#8220;Le Grand Verre&#8221; i una reproducci\u00f3 de l&#8217;urinari-tamb\u00e9 presents en aquesta sala a escala real. Tot \u00e9s reproducci\u00f3 d&#8217;alguna cosa, tot remet a un qu\u00e8 o un quan que no \u00e9s present per\u00f2 tot \u00e9s f\u00edsic i \u00e9s aqu\u00ed.<\/p>\n<p>I en aquest moment l&#8217;exposici\u00f3 \u00e9s ja una fita i hauria de ser una refer\u00e8ncia hist\u00f2rica per a la museografia, l&#8217;art contemporani, l&#8217;evoluci\u00f3 de l&#8217;exposici\u00f3 i l&#8217;aproximaci\u00f3 a l&#8217;art. Per\u00f2 aconseguir\u00e0 la difusi\u00f3 necess\u00e0ria per assegurar-se el lloc que mereix? Que l&#8217;exposici\u00f3 no estigui dins del museu juga en contra seva, que els grans esdeveniments dominin el circuit global tamb\u00e9. No \u00e9s una exposici\u00f3 gran, per\u00f2 en poques ocasions trobem tanta pot\u00e8ncia en paral\u00b7lel a tant posicionament curatorial. I tot net, sense un ab\u00fas de la sobresaturaci\u00f3 per\u00f2 amb un bon \u00fas de les capes d&#8217;informaci\u00f3. Gaireb\u00e9 com un exemple d&#8217;aix\u00f2 \u00faltim, una de les sales es divideix en dos: es baixa el sostre i es construeix una rampa enorme-per a la cadira de rodes de nou-que porta cap a un gir interessant. En l&#8217;aire, es &#8220;crea&#8221; una sala escorada uns quants graus on es &#8220;pengen&#8221; quadres de refer\u00e8ncia provinents de la col\u00b7lecci\u00f3 del museu: Picabia, de Chirico, Jean Arp. Refer\u00e8ncies per situar Duchamp per\u00f2, al mateix temps, per indicar que si Moderna Museet els t\u00e9 \u00e9s gr\u00e0cies al treball d&#8217;Ulf Linde.<\/p>\n<p>L&#8217;exposici\u00f3 acabar\u00e0 -si \u00e9s que acaba- amb la maqueta de &#8220;\u00c9tant Donn\u00e9s&#8221; i amb la projecci\u00f3 que genera i ens aproxima a la seva part visible a Filad\u00e8lfia. La projecci\u00f3, la llum, que ens ensenya com s\u00f3n les coses. Just abans d&#8217;aquesta petita maqueta ha estat necessari esquivar la gran reproducci\u00f3 de la torre de Tatlin, una mena de imatge d&#8217;un altre desig, d&#8217;una derrota que Duchamp supera per arribar fins avui, mantenint-se obert, mantenint-se com mil possibilitats, existint com aquesta refer\u00e8ncia ineludible que pot omplir de sentit una vida de c\u00f2pies aut\u00e8ntiques.<\/p>\n","protected":false},"excerpt":{"rendered":"<p>Una exposici\u00f3 magn\u00edfica, una exposici\u00f3 que hauria de ser una refer\u00e8ncia immediatament. Una exposici\u00f3 complexa, que genera animadversi\u00f3 i alegria a parts iguals, que destaca per la seva brutalitat al&#8230;<\/p>\n","protected":false},"author":1238,"featured_media":10853,"comment_status":"open","ping_status":"open","sticky":false,"template":"","format":"standard","meta":{"_relevanssi_hide_post":"","_relevanssi_hide_content":"","_relevanssi_pin_for_all":"","_relevanssi_pin_keywords":"","_relevanssi_unpin_keywords":"","_relevanssi_related_keywords":"","_relevanssi_related_include_ids":"","_relevanssi_related_exclude_ids":"","_relevanssi_related_no_append":"","_relevanssi_related_not_related":"","_relevanssi_related_posts":"","_relevanssi_noindex_reason":"","footnotes":""},"categories":[6782],"tags":[5623],"coauthors":[],"acf":[],"yoast_head":"<!-- This site is optimized with the Yoast SEO plugin v22.6 - https:\/\/yoast.com\/wordpress\/plugins\/seo\/ -->\n<title>L&#039;aut\u00e8ntic ready-made &#8211; A*Desk<\/title>\n<meta name=\"robots\" content=\"index, follow, max-snippet:-1, max-image-preview:large, max-video-preview:-1\" \/>\n<link rel=\"canonical\" href=\"https:\/\/a-desk.org\/magazine\/el-autentico-ready-made\/\" \/>\n<meta property=\"og:locale\" content=\"ca_ES\" \/>\n<meta property=\"og:type\" content=\"article\" \/>\n<meta property=\"og:title\" content=\"L&#039;aut\u00e8ntic ready-made &#8211; A*Desk\" \/>\n<meta property=\"og:description\" content=\"Una exposici\u00f3 magn\u00edfica, una exposici\u00f3 que hauria de ser una refer\u00e8ncia immediatament. Una exposici\u00f3 complexa, que genera animadversi\u00f3 i alegria a parts iguals, que destaca per la seva brutalitat al...\" \/>\n<meta property=\"og:url\" content=\"https:\/\/a-desk.org\/magazine\/el-autentico-ready-made\/\" \/>\n<meta property=\"og:site_name\" content=\"A*Desk\" \/>\n<meta property=\"article:published_time\" content=\"2011-10-24T02:08:45+00:00\" \/>\n<meta property=\"og:image\" content=\"https:\/\/a-desk.org\/wp-content\/uploads\/2011\/10\/arton1200.jpg\" \/>\n\t<meta property=\"og:image:width\" content=\"600\" \/>\n\t<meta property=\"og:image:height\" content=\"482\" \/>\n\t<meta property=\"og:image:type\" content=\"image\/jpeg\" \/>\n<meta name=\"author\" content=\"Mart\u00ed Manen\" \/>\n<meta name=\"twitter:card\" content=\"summary_large_image\" \/>\n<meta name=\"twitter:label1\" content=\"Escrit per\" \/>\n\t<meta name=\"twitter:data1\" content=\"Mart\u00ed Manen\" \/>\n\t<meta name=\"twitter:label2\" content=\"Temps estimat de lectura\" \/>\n\t<meta name=\"twitter:data2\" content=\"8 minuts\" \/>\n\t<meta name=\"twitter:label3\" content=\"Written by\" \/>\n\t<meta name=\"twitter:data3\" content=\"Mart\u00ed Manen\" \/>\n<script type=\"application\/ld+json\" class=\"yoast-schema-graph\">{\"@context\":\"https:\/\/schema.org\",\"@graph\":[{\"@type\":\"WebPage\",\"@id\":\"https:\/\/a-desk.org\/magazine\/el-autentico-ready-made\/\",\"url\":\"https:\/\/a-desk.org\/magazine\/el-autentico-ready-made\/\",\"name\":\"L'aut\u00e8ntic ready-made &#8211; A*Desk\",\"isPartOf\":{\"@id\":\"https:\/\/a-desk.org\/#website\"},\"primaryImageOfPage\":{\"@id\":\"https:\/\/a-desk.org\/magazine\/el-autentico-ready-made\/#primaryimage\"},\"image\":{\"@id\":\"https:\/\/a-desk.org\/magazine\/el-autentico-ready-made\/#primaryimage\"},\"thumbnailUrl\":\"https:\/\/a-desk.org\/wp-content\/uploads\/2011\/10\/arton1200.jpg\",\"datePublished\":\"2011-10-24T02:08:45+00:00\",\"dateModified\":\"2011-10-24T02:08:45+00:00\",\"author\":{\"@id\":\"https:\/\/a-desk.org\/#\/schema\/person\/572e522e080e302cba7af814557e40ee\"},\"breadcrumb\":{\"@id\":\"https:\/\/a-desk.org\/magazine\/el-autentico-ready-made\/#breadcrumb\"},\"inLanguage\":\"ca\",\"potentialAction\":[{\"@type\":\"ReadAction\",\"target\":[\"https:\/\/a-desk.org\/magazine\/el-autentico-ready-made\/\"]}]},{\"@type\":\"ImageObject\",\"inLanguage\":\"ca\",\"@id\":\"https:\/\/a-desk.org\/magazine\/el-autentico-ready-made\/#primaryimage\",\"url\":\"https:\/\/a-desk.org\/wp-content\/uploads\/2011\/10\/arton1200.jpg\",\"contentUrl\":\"https:\/\/a-desk.org\/wp-content\/uploads\/2011\/10\/arton1200.jpg\",\"width\":600,\"height\":482},{\"@type\":\"BreadcrumbList\",\"@id\":\"https:\/\/a-desk.org\/magazine\/el-autentico-ready-made\/#breadcrumb\",\"itemListElement\":[{\"@type\":\"ListItem\",\"position\":1,\"name\":\"Portada\",\"item\":\"https:\/\/a-desk.org\/ca\/\"},{\"@type\":\"ListItem\",\"position\":2,\"name\":\"L&#8217;aut\u00e8ntic ready-made\"}]},{\"@type\":\"WebSite\",\"@id\":\"https:\/\/a-desk.org\/#website\",\"url\":\"https:\/\/a-desk.org\/\",\"name\":\"A*Desk\",\"description\":\"A*Desk Critical Thinking\",\"potentialAction\":[{\"@type\":\"SearchAction\",\"target\":{\"@type\":\"EntryPoint\",\"urlTemplate\":\"https:\/\/a-desk.org\/?s={search_term_string}\"},\"query-input\":\"required name=search_term_string\"}],\"inLanguage\":\"ca\"},{\"@type\":\"Person\",\"@id\":\"https:\/\/a-desk.org\/#\/schema\/person\/572e522e080e302cba7af814557e40ee\",\"name\":\"Mart\u00ed Manen\",\"image\":{\"@type\":\"ImageObject\",\"inLanguage\":\"ca\",\"@id\":\"https:\/\/a-desk.org\/#\/schema\/person\/image\/3f3cefc1056925818fb38665f46de048\",\"url\":\"https:\/\/secure.gravatar.com\/avatar\/c96560f5fa367284e815fbe10f66d320?s=96&d=mm&r=g\",\"contentUrl\":\"https:\/\/secure.gravatar.com\/avatar\/c96560f5fa367284e815fbe10f66d320?s=96&d=mm&r=g\",\"caption\":\"Mart\u00ed Manen\"},\"url\":\"https:\/\/a-desk.org\/ca\/autor\/marti\/\"}]}<\/script>\n<!-- \/ Yoast SEO plugin. -->","yoast_head_json":{"title":"L'aut\u00e8ntic ready-made &#8211; A*Desk","robots":{"index":"index","follow":"follow","max-snippet":"max-snippet:-1","max-image-preview":"max-image-preview:large","max-video-preview":"max-video-preview:-1"},"canonical":"https:\/\/a-desk.org\/magazine\/el-autentico-ready-made\/","og_locale":"ca_ES","og_type":"article","og_title":"L'aut\u00e8ntic ready-made &#8211; A*Desk","og_description":"Una exposici\u00f3 magn\u00edfica, una exposici\u00f3 que hauria de ser una refer\u00e8ncia immediatament. Una exposici\u00f3 complexa, que genera animadversi\u00f3 i alegria a parts iguals, que destaca per la seva brutalitat al...","og_url":"https:\/\/a-desk.org\/magazine\/el-autentico-ready-made\/","og_site_name":"A*Desk","article_published_time":"2011-10-24T02:08:45+00:00","og_image":[{"width":600,"height":482,"url":"https:\/\/a-desk.org\/wp-content\/uploads\/2011\/10\/arton1200.jpg","type":"image\/jpeg"}],"author":"Mart\u00ed Manen","twitter_card":"summary_large_image","twitter_misc":{"Escrit per":"Mart\u00ed Manen","Temps estimat de lectura":"8 minuts","Written by":"Mart\u00ed Manen"},"schema":{"@context":"https:\/\/schema.org","@graph":[{"@type":"WebPage","@id":"https:\/\/a-desk.org\/magazine\/el-autentico-ready-made\/","url":"https:\/\/a-desk.org\/magazine\/el-autentico-ready-made\/","name":"L'aut\u00e8ntic ready-made &#8211; A*Desk","isPartOf":{"@id":"https:\/\/a-desk.org\/#website"},"primaryImageOfPage":{"@id":"https:\/\/a-desk.org\/magazine\/el-autentico-ready-made\/#primaryimage"},"image":{"@id":"https:\/\/a-desk.org\/magazine\/el-autentico-ready-made\/#primaryimage"},"thumbnailUrl":"https:\/\/a-desk.org\/wp-content\/uploads\/2011\/10\/arton1200.jpg","datePublished":"2011-10-24T02:08:45+00:00","dateModified":"2011-10-24T02:08:45+00:00","author":{"@id":"https:\/\/a-desk.org\/#\/schema\/person\/572e522e080e302cba7af814557e40ee"},"breadcrumb":{"@id":"https:\/\/a-desk.org\/magazine\/el-autentico-ready-made\/#breadcrumb"},"inLanguage":"ca","potentialAction":[{"@type":"ReadAction","target":["https:\/\/a-desk.org\/magazine\/el-autentico-ready-made\/"]}]},{"@type":"ImageObject","inLanguage":"ca","@id":"https:\/\/a-desk.org\/magazine\/el-autentico-ready-made\/#primaryimage","url":"https:\/\/a-desk.org\/wp-content\/uploads\/2011\/10\/arton1200.jpg","contentUrl":"https:\/\/a-desk.org\/wp-content\/uploads\/2011\/10\/arton1200.jpg","width":600,"height":482},{"@type":"BreadcrumbList","@id":"https:\/\/a-desk.org\/magazine\/el-autentico-ready-made\/#breadcrumb","itemListElement":[{"@type":"ListItem","position":1,"name":"Portada","item":"https:\/\/a-desk.org\/ca\/"},{"@type":"ListItem","position":2,"name":"L&#8217;aut\u00e8ntic ready-made"}]},{"@type":"WebSite","@id":"https:\/\/a-desk.org\/#website","url":"https:\/\/a-desk.org\/","name":"A*Desk","description":"A*Desk Critical Thinking","potentialAction":[{"@type":"SearchAction","target":{"@type":"EntryPoint","urlTemplate":"https:\/\/a-desk.org\/?s={search_term_string}"},"query-input":"required name=search_term_string"}],"inLanguage":"ca"},{"@type":"Person","@id":"https:\/\/a-desk.org\/#\/schema\/person\/572e522e080e302cba7af814557e40ee","name":"Mart\u00ed Manen","image":{"@type":"ImageObject","inLanguage":"ca","@id":"https:\/\/a-desk.org\/#\/schema\/person\/image\/3f3cefc1056925818fb38665f46de048","url":"https:\/\/secure.gravatar.com\/avatar\/c96560f5fa367284e815fbe10f66d320?s=96&d=mm&r=g","contentUrl":"https:\/\/secure.gravatar.com\/avatar\/c96560f5fa367284e815fbe10f66d320?s=96&d=mm&r=g","caption":"Mart\u00ed Manen"},"url":"https:\/\/a-desk.org\/ca\/autor\/marti\/"}]}},"_links":{"self":[{"href":"https:\/\/a-desk.org\/ca\/wp-json\/wp\/v2\/posts\/10854"}],"collection":[{"href":"https:\/\/a-desk.org\/ca\/wp-json\/wp\/v2\/posts"}],"about":[{"href":"https:\/\/a-desk.org\/ca\/wp-json\/wp\/v2\/types\/post"}],"author":[{"embeddable":true,"href":"https:\/\/a-desk.org\/ca\/wp-json\/wp\/v2\/users\/1238"}],"replies":[{"embeddable":true,"href":"https:\/\/a-desk.org\/ca\/wp-json\/wp\/v2\/comments?post=10854"}],"version-history":[{"count":0,"href":"https:\/\/a-desk.org\/ca\/wp-json\/wp\/v2\/posts\/10854\/revisions"}],"wp:featuredmedia":[{"embeddable":true,"href":"https:\/\/a-desk.org\/ca\/wp-json\/wp\/v2\/media\/10853"}],"wp:attachment":[{"href":"https:\/\/a-desk.org\/ca\/wp-json\/wp\/v2\/media?parent=10854"}],"wp:term":[{"taxonomy":"category","embeddable":true,"href":"https:\/\/a-desk.org\/ca\/wp-json\/wp\/v2\/categories?post=10854"},{"taxonomy":"post_tag","embeddable":true,"href":"https:\/\/a-desk.org\/ca\/wp-json\/wp\/v2\/tags?post=10854"},{"taxonomy":"author","embeddable":true,"href":"https:\/\/a-desk.org\/ca\/wp-json\/wp\/v2\/coauthors?post=10854"}],"curies":[{"name":"wp","href":"https:\/\/api.w.org\/{rel}","templated":true}]}}