{"id":10866,"date":"2011-10-24T02:08:33","date_gmt":"2011-10-24T02:08:33","guid":{"rendered":"http:\/\/a-desk.org\/2011\/10\/24\/apunts-per-a-una-visita-idealista-a-frieze-art-fair\/"},"modified":"2011-10-24T02:08:33","modified_gmt":"2011-10-24T02:08:33","slug":"apunts-per-a-una-visita-idealista-a-frieze-art-fair","status":"publish","type":"post","link":"https:\/\/a-desk.org\/ca\/magazine\/apunts-per-a-una-visita-idealista-a-frieze-art-fair\/","title":{"rendered":"Apunts per a una visita idealista a Frieze Art Fair"},"content":{"rendered":"<p class=\"post_excerpt\">&#8220;Frieze Week&#8221; o aquesta setmana a Londres on l&#8217;ebullici\u00f3 art\u00edstica crea situacions dispars, emocions diverses i, tamb\u00e9, la possibilitat de descobrir obres d&#8217;art que omplin de sentit tant posat, tanta festa i tants vestits cars.<\/p>\n<p><!--more--><br \/>\nLa voracitat amb qu\u00e8 el mercat de l&#8217;art contemporani fagocita a artistes cada vegada m\u00e9s joves \u00e9s, a hores d&#8217;ara, tan sols un altre aspecte m\u00e9s de l&#8217;accelerad\u00edssim consum cultural. Els cicles dels artistes semblen cada vegada m\u00e9s curts, i les seves carreres comencen a semblar cada vegada de forma m\u00e9s preocupant a les dels esportistes, destinats a triomfar joves (en el millor dels casos) per despr\u00e9s ser oblidats o criticats per repetir la f\u00f3rmula que els va legitimar en primer lloc. Aquesta fren\u00e8tica maquin\u00e0ria ha estat molt present al meu cap durant els meus passejos per la ja coneguda com &#8220;Frieze Week&#8221;.<\/p>\n<p>L&#8217;\u00e8xit de l&#8217;artista Ed Atkins (Regne Unit, 1982) \u00e9s simptom\u00e0tic. Relativament desconegut fa tan sols un any, durant aquesta edici\u00f3 de la fira el seu treball s&#8217;ha pogut veure com a part del programa Frieze Film -amb el seu excel\u00b7lent \u00b7 lent v\u00eddeo &#8220;Delivery To The Following Recipient Failed Permanently&#8221;-, a l&#8217;estand a la fira de la seva galeria (Cabinet), a Tate Britain amb una exposici\u00f3 monogr\u00e0fica dins del prestigi\u00f3s programa Art Now i en el screening de la seva col\u00b7laboraci\u00f3 amb Haroon Mirza i James Richards a la impecable Chisenhale Gallery. Com a colof\u00f3, una imatge d&#8217;un dels seus v\u00eddeos engalana la portada del n\u00famero d&#8217;octubre de la revista Frieze. Atkins \u00e9s, sens dubte, un dels artistes m\u00e9s excitants de l&#8217;escena brit\u00e0nica del moment. Els seus v\u00eddeos en HD mostren un domini de l&#8217;edici\u00f3 i del so absolutament excepcionals. Hipn\u00f2tic i subversiu, el seu treball manifesta una obsessi\u00f3 amb all\u00f2 corpori, amb el seu estatus precari i perible davant l&#8217;artificial i l&#8217;objecte. Aquesta fascinaci\u00f3 decadent, amb el seu ritme de muntatge i exquisit \u00fas dels colors com a element compositiu el converteixen en el fill postmodern de Kenneth Anger i Paul Sharits, que decideix fer v\u00eddeos despr\u00e9s de veure les preses rescatades de l'&#8221;Infern&#8221; de Henry-George Clouzot.<\/p>\n<p>A la secci\u00f3 de projectes site-specific anomenada Frieze Projects, en qu\u00e8 enguany han participat els artistes Laure Prouvost, Christian Jankowski o Pierre Huyghe entre d&#8217;altres, el projecte que m\u00e9s enrenou ha causat (amb perm\u00eds del iot de Jankowski) ha estat el del col\u00b7lectiu Lucky PDF. Aquests quatre artistes, (tots nascuts al Regne Unit el 1986) han muntat un estudi de televisi\u00f3 a la fira obert al p\u00fablic des del qual han assajat i retransm\u00e8s un programa d&#8217;una hora en directe durant cada un dels quatre dies que la fira ha estat oberta al p\u00fablic. Cortinetes d&#8217;est\u00e8tica new age digital donen pas a discussions sobre Spinoza, una actuaci\u00f3 d&#8217;una banda japonesa de krautrock, o a una entrevista on l&#8217;artista Cory Arcangel \u00e9s sotm\u00e8s a un q\u00fcestionari confeccionat per a l&#8217;actor c\u00f2mic Leslie Nielsen de mans d&#8217;un comissari londinenc disfressat de tom\u00e0quet gegant, per posar un exemple (el v\u00eddeo d&#8217;aquesta entrevista es pot veure <a href=\"http:\/\/vimeo.com\/30540026\">aqu\u00ed<\/a>)<\/p>\n<p>El m\u00f3n de Lucky PDF \u00e9s un pastitx on la teoria i el pop, la cr\u00edtica i la par\u00f2dia coexisteixen en un pla similar. Una cosa aix\u00ed com l&#8217;experi\u00e8ncia de navegar per Internet sense rumb fix portada al format televisiu. Igual que Ed Atkins, durant l&#8217;any 2011 han passat d&#8217;un relatiu anonimat a realitzar projectes i exposicions en institucions i galeries a Londres, desencadenant pel cam\u00ed una euf\u00f2ria de retransmissions per Internet fetes per artistes. L&#8217;\u00fanica ombra a tan assolellada perspectiva per a aquests artistes \u00e9s la possibilitat de l&#8217;ef\u00edmer: Quina \u00e9s la recepta per mantenir-se en aquest punt d&#8217;equilibri entre creativitat, credibilitat i rellev\u00e0ncia quan s&#8217;ha assolit un \u00e8xit tan r\u00e0pid i fulminant?<\/p>\n<p>L&#8217;altra gran q\u00fcesti\u00f3 manifesta a la fira -en una edici\u00f3 enfosquida per les tensions pol\u00edtic-econ\u00f2miques i el terror a la caiguda dels mercats- \u00e9s una aposta per all\u00f2 segur: pels nom establerts, pel color i pels treballs en 2D (pintura, fotografia i el retorn triomfant del collage). Significativa tamb\u00e9 la poca pres\u00e8ncia de v\u00eddeos, per no parlar de la desaparici\u00f3 dels projectors de 16mm, tan ubics en anys passats.<\/p>\n<p>No obstant aix\u00f2, i malgrat no haver estat una edici\u00f3 arriscada i valenta, s\u00ed hi ha hagut un bon nombre de galeries i peces per les quals mereix la pena aguantar les llargues hores sota les llums de ne\u00f3 i entre les hordes humanes. La galerista Elizabeth Dee va encertar mostrant diverses peces de v\u00eddeo de l&#8217;artista novaiorquesa Alex Bag -una mena de &#8220;germana gran&#8221; de Ryan Trecartin- i la sempre fant\u00e0stica Adrian Piper, amb una s\u00e8rie de figures retallades i collages realitzats en els anys 90. Una del\u00edcia trobar-se amb la presentaci\u00f3 monogr\u00e0fica i retrospectiva d&#8217;Helena Almeida al stand de Helga de Alvear. Una acurada instal\u00b7laci\u00f3 amb un bon nombre de les seves fotografies i dibuixos -a cam\u00ed entre l&#8217;exploraci\u00f3 del cos a l&#8217;espai, la performance i l&#8217;art conceptual, similar per moments a algunes peces de Vito Acconci o Bruce McLean- , que va seduir tamb\u00e9 als comissaris de Tate, que han comprat algunes peces per a la seva col\u00b7lecci\u00f3 permanent.<\/p>\n<p>Per\u00f2 probablement la pe\u00e7a m\u00e9s fascinant de tota la fira, i la que em vaig portar a casa sense necessitat de comprar-la, es trobava a l&#8217;estand del galerista berlin\u00e8s Johann K\u00f6nig: el nou v\u00eddeo de l&#8217;artista Jordan Wolfson, &#8220;Animation, Masks&#8221; ( 2011). En ell, una animaci\u00f3 en 3D d&#8217;un inquietant car\u00e0cter anomenat Shylock assumeix les veus de diferents personatges a trav\u00e9s de diverses narratives fragmentades on s&#8217;aborden les dicotomies i conflictes propis del binomi amor \/ sexe. A una de les parts, sentim un di\u00e0leg entre el propi artista amb una dona. Les seves veus i respiracions relaxades semblen suggerir que estan al llit i que els seus cossos s&#8217;estan tocant. Wolfson demana a la seva companya que descrigui com \u00e9s ficar-se al llit amb ell, i ella accedeix amb una tensi\u00f3 i inconsist\u00e8ncia pr\u00f2pies del flirteig. La sensaci\u00f3 que potser no haur\u00edem d&#8217;estar escoltant aquesta conversa \u00edntima, que sona tan real, queda anul\u00b7lada per la nostra pr\u00f2pia identificaci\u00f3 amb la familiaritat d&#8217;aquest tipus de situaci\u00f3 (amorosa i sexual). Mentre aix\u00f2 passa, l&#8217;\u00fanic que veiem \u00e9s la cara de Shylock, cada vegada m\u00e9s desencaixat i err\u00e0tic dins del seu estatisme digital. Shylock sost\u00e9 a la seva m\u00e0 -i de tant en tant fulleja amb nosaltres- un recent exemplar de Vogue Paris amb Kate Moss a la portada, reprodu\u00eft fins al m\u00ednim detall. Els fons de la pantalla canvien incessantment, mostrant interiors burgesos i sofisticats com els de Vogue unes vegades i cases humils d&#8217;aspecte proletari i desordenat en altres.<\/p>\n<p>\u00c9s impossible enumerar la quantitat de ressorts que aquestes capes de significats s&#8217;activen en el cervell de l&#8217;espectador: la cultura popular en la qual estem inevitablement immersos, el consum aspiracional de moda i disseny, la sinistra relaci\u00f3 que per uns minuts mantenim amb Shylock, amb la seva corporalitat virtual i els seus inquietants canvis d&#8217;humor, la conversa carregada de sexe que mant\u00e9 la parella&#8230; Tots aquests est\u00edmuls a priori desorganitzats en realitat creen un sistema epistemol\u00f2gic, quelcom t\u00edpic a l&#8217;obra de Wolfson. L&#8217;artista-ventr\u00edloc i el seu ninot digital conjuren les veus de les nostres esquizofr\u00e8nies emocionals i post-fordistes, aix\u00ed com la nostra necessitat d&#8217;extreure significats per guiar-nos a trav\u00e9s d&#8217;elles.<\/p>\n<p>Per a alg\u00fa que no \u00e9s col\u00b7leccionista i amb poques perspectives de ser-ho, la trobada amb una pe\u00e7a d&#8217;art d&#8217;aquest calibre revaloritza instant\u00e0niament l&#8217;experi\u00e8ncia de la fira d&#8217;art. Perqu\u00e8 el m\u00e9s f\u00e0cil i habitual \u00e9s caure al cinisme inherent al mercat de l&#8217;art, per\u00f2 sota aquest sostre i en aquest &#8220;contaminat&#8221; context, estan contingudes centenars d&#8217;obres reals i sinceres que potser no tornem a veure en un altre moment. No \u00e9s aix\u00f2 del que es tracta, al cap i a la fi? Tot d&#8217;una, mentre camino cap a la sortida deixant enrere la pe\u00e7a de Wolfson a la recerca d&#8217;una zona amb zero est\u00edmuls, penso que tot ha valgut la pena. Almenys per aquest moment.<\/p>\n","protected":false},"excerpt":{"rendered":"<p>&#8220;Frieze Week&#8221; o aquesta setmana a Londres on l&#8217;ebullici\u00f3 art\u00edstica crea situacions dispars, emocions diverses i, tamb\u00e9, la possibilitat de descobrir obres d&#8217;art que omplin de sentit tant posat, tanta&#8230;<\/p>\n","protected":false},"author":1405,"featured_media":10865,"comment_status":"open","ping_status":"open","sticky":false,"template":"","format":"standard","meta":{"_relevanssi_hide_post":"","_relevanssi_hide_content":"","_relevanssi_pin_for_all":"","_relevanssi_pin_keywords":"","_relevanssi_unpin_keywords":"","_relevanssi_related_keywords":"","_relevanssi_related_include_ids":"","_relevanssi_related_exclude_ids":"","_relevanssi_related_no_append":"","_relevanssi_related_not_related":"","_relevanssi_related_posts":"","_relevanssi_noindex_reason":"","footnotes":""},"categories":[6782],"tags":[],"coauthors":[],"acf":[],"yoast_head":"<!-- This site is optimized with the Yoast SEO plugin v22.6 - https:\/\/yoast.com\/wordpress\/plugins\/seo\/ -->\n<title>Apunts per a una visita idealista a Frieze Art Fair &#8211; A*Desk<\/title>\n<meta name=\"robots\" content=\"index, follow, max-snippet:-1, max-image-preview:large, max-video-preview:-1\" \/>\n<link rel=\"canonical\" href=\"https:\/\/a-desk.org\/magazine\/apuntes-para-una-visita-idealista-a-frieze-art-fair\/\" \/>\n<meta property=\"og:locale\" content=\"ca_ES\" \/>\n<meta property=\"og:type\" content=\"article\" \/>\n<meta property=\"og:title\" content=\"Apunts per a una visita idealista a Frieze Art Fair &#8211; A*Desk\" \/>\n<meta property=\"og:description\" content=\"&#8220;Frieze Week&#8221; o aquesta setmana a Londres on l&#8217;ebullici\u00f3 art\u00edstica crea situacions dispars, emocions diverses i, tamb\u00e9, la possibilitat de descobrir obres d&#8217;art que omplin de sentit tant posat, tanta...\" \/>\n<meta property=\"og:url\" content=\"https:\/\/a-desk.org\/magazine\/apuntes-para-una-visita-idealista-a-frieze-art-fair\/\" \/>\n<meta property=\"og:site_name\" content=\"A*Desk\" \/>\n<meta property=\"article:published_time\" content=\"2011-10-24T02:08:33+00:00\" \/>\n<meta property=\"og:image\" content=\"https:\/\/a-desk.org\/wp-content\/uploads\/2011\/10\/arton1206.jpg\" \/>\n\t<meta property=\"og:image:width\" content=\"600\" \/>\n\t<meta property=\"og:image:height\" content=\"447\" \/>\n\t<meta property=\"og:image:type\" content=\"image\/jpeg\" \/>\n<meta name=\"author\" content=\"Lorena Mu\u00f1oz-Alonso\" \/>\n<meta name=\"twitter:card\" content=\"summary_large_image\" \/>\n<meta name=\"twitter:label1\" content=\"Escrit per\" \/>\n\t<meta name=\"twitter:data1\" content=\"Lorena Mu\u00f1oz-Alonso\" \/>\n\t<meta name=\"twitter:label2\" content=\"Temps estimat de lectura\" \/>\n\t<meta name=\"twitter:data2\" content=\"7 minuts\" \/>\n\t<meta name=\"twitter:label3\" content=\"Written by\" \/>\n\t<meta name=\"twitter:data3\" content=\"Lorena Mu\u00f1oz-Alonso\" \/>\n<script type=\"application\/ld+json\" class=\"yoast-schema-graph\">{\"@context\":\"https:\/\/schema.org\",\"@graph\":[{\"@type\":\"WebPage\",\"@id\":\"https:\/\/a-desk.org\/magazine\/apuntes-para-una-visita-idealista-a-frieze-art-fair\/\",\"url\":\"https:\/\/a-desk.org\/magazine\/apuntes-para-una-visita-idealista-a-frieze-art-fair\/\",\"name\":\"Apunts per a una visita idealista a Frieze Art Fair &#8211; A*Desk\",\"isPartOf\":{\"@id\":\"https:\/\/a-desk.org\/#website\"},\"primaryImageOfPage\":{\"@id\":\"https:\/\/a-desk.org\/magazine\/apuntes-para-una-visita-idealista-a-frieze-art-fair\/#primaryimage\"},\"image\":{\"@id\":\"https:\/\/a-desk.org\/magazine\/apuntes-para-una-visita-idealista-a-frieze-art-fair\/#primaryimage\"},\"thumbnailUrl\":\"https:\/\/a-desk.org\/wp-content\/uploads\/2011\/10\/arton1206.jpg\",\"datePublished\":\"2011-10-24T02:08:33+00:00\",\"dateModified\":\"2011-10-24T02:08:33+00:00\",\"author\":{\"@id\":\"https:\/\/a-desk.org\/#\/schema\/person\/1f74a3800978c60ddf3bfa9deb0693d6\"},\"breadcrumb\":{\"@id\":\"https:\/\/a-desk.org\/magazine\/apuntes-para-una-visita-idealista-a-frieze-art-fair\/#breadcrumb\"},\"inLanguage\":\"ca\",\"potentialAction\":[{\"@type\":\"ReadAction\",\"target\":[\"https:\/\/a-desk.org\/magazine\/apuntes-para-una-visita-idealista-a-frieze-art-fair\/\"]}]},{\"@type\":\"ImageObject\",\"inLanguage\":\"ca\",\"@id\":\"https:\/\/a-desk.org\/magazine\/apuntes-para-una-visita-idealista-a-frieze-art-fair\/#primaryimage\",\"url\":\"https:\/\/a-desk.org\/wp-content\/uploads\/2011\/10\/arton1206.jpg\",\"contentUrl\":\"https:\/\/a-desk.org\/wp-content\/uploads\/2011\/10\/arton1206.jpg\",\"width\":600,\"height\":447},{\"@type\":\"BreadcrumbList\",\"@id\":\"https:\/\/a-desk.org\/magazine\/apuntes-para-una-visita-idealista-a-frieze-art-fair\/#breadcrumb\",\"itemListElement\":[{\"@type\":\"ListItem\",\"position\":1,\"name\":\"Portada\",\"item\":\"https:\/\/a-desk.org\/ca\/\"},{\"@type\":\"ListItem\",\"position\":2,\"name\":\"Apunts per a una visita idealista a Frieze Art Fair\"}]},{\"@type\":\"WebSite\",\"@id\":\"https:\/\/a-desk.org\/#website\",\"url\":\"https:\/\/a-desk.org\/\",\"name\":\"A*Desk\",\"description\":\"A*Desk Critical Thinking\",\"potentialAction\":[{\"@type\":\"SearchAction\",\"target\":{\"@type\":\"EntryPoint\",\"urlTemplate\":\"https:\/\/a-desk.org\/?s={search_term_string}\"},\"query-input\":\"required name=search_term_string\"}],\"inLanguage\":\"ca\"},{\"@type\":\"Person\",\"@id\":\"https:\/\/a-desk.org\/#\/schema\/person\/1f74a3800978c60ddf3bfa9deb0693d6\",\"name\":\"Lorena Mu\u00f1oz-Alonso\",\"image\":{\"@type\":\"ImageObject\",\"inLanguage\":\"ca\",\"@id\":\"https:\/\/a-desk.org\/#\/schema\/person\/image\/9994a4347782d2c50dc661bcc828627c\",\"url\":\"https:\/\/secure.gravatar.com\/avatar\/d06362dc760d836d0571770b85030008?s=96&d=mm&r=g\",\"contentUrl\":\"https:\/\/secure.gravatar.com\/avatar\/d06362dc760d836d0571770b85030008?s=96&d=mm&r=g\",\"caption\":\"Lorena Mu\u00f1oz-Alonso\"},\"url\":\"https:\/\/a-desk.org\/ca\/autor\/lorenamuaoz\/\"}]}<\/script>\n<!-- \/ Yoast SEO plugin. -->","yoast_head_json":{"title":"Apunts per a una visita idealista a Frieze Art Fair &#8211; A*Desk","robots":{"index":"index","follow":"follow","max-snippet":"max-snippet:-1","max-image-preview":"max-image-preview:large","max-video-preview":"max-video-preview:-1"},"canonical":"https:\/\/a-desk.org\/magazine\/apuntes-para-una-visita-idealista-a-frieze-art-fair\/","og_locale":"ca_ES","og_type":"article","og_title":"Apunts per a una visita idealista a Frieze Art Fair &#8211; A*Desk","og_description":"&#8220;Frieze Week&#8221; o aquesta setmana a Londres on l&#8217;ebullici\u00f3 art\u00edstica crea situacions dispars, emocions diverses i, tamb\u00e9, la possibilitat de descobrir obres d&#8217;art que omplin de sentit tant posat, tanta...","og_url":"https:\/\/a-desk.org\/magazine\/apuntes-para-una-visita-idealista-a-frieze-art-fair\/","og_site_name":"A*Desk","article_published_time":"2011-10-24T02:08:33+00:00","og_image":[{"width":600,"height":447,"url":"https:\/\/a-desk.org\/wp-content\/uploads\/2011\/10\/arton1206.jpg","type":"image\/jpeg"}],"author":"Lorena Mu\u00f1oz-Alonso","twitter_card":"summary_large_image","twitter_misc":{"Escrit per":"Lorena Mu\u00f1oz-Alonso","Temps estimat de lectura":"7 minuts","Written by":"Lorena Mu\u00f1oz-Alonso"},"schema":{"@context":"https:\/\/schema.org","@graph":[{"@type":"WebPage","@id":"https:\/\/a-desk.org\/magazine\/apuntes-para-una-visita-idealista-a-frieze-art-fair\/","url":"https:\/\/a-desk.org\/magazine\/apuntes-para-una-visita-idealista-a-frieze-art-fair\/","name":"Apunts per a una visita idealista a Frieze Art Fair &#8211; A*Desk","isPartOf":{"@id":"https:\/\/a-desk.org\/#website"},"primaryImageOfPage":{"@id":"https:\/\/a-desk.org\/magazine\/apuntes-para-una-visita-idealista-a-frieze-art-fair\/#primaryimage"},"image":{"@id":"https:\/\/a-desk.org\/magazine\/apuntes-para-una-visita-idealista-a-frieze-art-fair\/#primaryimage"},"thumbnailUrl":"https:\/\/a-desk.org\/wp-content\/uploads\/2011\/10\/arton1206.jpg","datePublished":"2011-10-24T02:08:33+00:00","dateModified":"2011-10-24T02:08:33+00:00","author":{"@id":"https:\/\/a-desk.org\/#\/schema\/person\/1f74a3800978c60ddf3bfa9deb0693d6"},"breadcrumb":{"@id":"https:\/\/a-desk.org\/magazine\/apuntes-para-una-visita-idealista-a-frieze-art-fair\/#breadcrumb"},"inLanguage":"ca","potentialAction":[{"@type":"ReadAction","target":["https:\/\/a-desk.org\/magazine\/apuntes-para-una-visita-idealista-a-frieze-art-fair\/"]}]},{"@type":"ImageObject","inLanguage":"ca","@id":"https:\/\/a-desk.org\/magazine\/apuntes-para-una-visita-idealista-a-frieze-art-fair\/#primaryimage","url":"https:\/\/a-desk.org\/wp-content\/uploads\/2011\/10\/arton1206.jpg","contentUrl":"https:\/\/a-desk.org\/wp-content\/uploads\/2011\/10\/arton1206.jpg","width":600,"height":447},{"@type":"BreadcrumbList","@id":"https:\/\/a-desk.org\/magazine\/apuntes-para-una-visita-idealista-a-frieze-art-fair\/#breadcrumb","itemListElement":[{"@type":"ListItem","position":1,"name":"Portada","item":"https:\/\/a-desk.org\/ca\/"},{"@type":"ListItem","position":2,"name":"Apunts per a una visita idealista a Frieze Art Fair"}]},{"@type":"WebSite","@id":"https:\/\/a-desk.org\/#website","url":"https:\/\/a-desk.org\/","name":"A*Desk","description":"A*Desk Critical Thinking","potentialAction":[{"@type":"SearchAction","target":{"@type":"EntryPoint","urlTemplate":"https:\/\/a-desk.org\/?s={search_term_string}"},"query-input":"required name=search_term_string"}],"inLanguage":"ca"},{"@type":"Person","@id":"https:\/\/a-desk.org\/#\/schema\/person\/1f74a3800978c60ddf3bfa9deb0693d6","name":"Lorena Mu\u00f1oz-Alonso","image":{"@type":"ImageObject","inLanguage":"ca","@id":"https:\/\/a-desk.org\/#\/schema\/person\/image\/9994a4347782d2c50dc661bcc828627c","url":"https:\/\/secure.gravatar.com\/avatar\/d06362dc760d836d0571770b85030008?s=96&d=mm&r=g","contentUrl":"https:\/\/secure.gravatar.com\/avatar\/d06362dc760d836d0571770b85030008?s=96&d=mm&r=g","caption":"Lorena Mu\u00f1oz-Alonso"},"url":"https:\/\/a-desk.org\/ca\/autor\/lorenamuaoz\/"}]}},"_links":{"self":[{"href":"https:\/\/a-desk.org\/ca\/wp-json\/wp\/v2\/posts\/10866"}],"collection":[{"href":"https:\/\/a-desk.org\/ca\/wp-json\/wp\/v2\/posts"}],"about":[{"href":"https:\/\/a-desk.org\/ca\/wp-json\/wp\/v2\/types\/post"}],"author":[{"embeddable":true,"href":"https:\/\/a-desk.org\/ca\/wp-json\/wp\/v2\/users\/1405"}],"replies":[{"embeddable":true,"href":"https:\/\/a-desk.org\/ca\/wp-json\/wp\/v2\/comments?post=10866"}],"version-history":[{"count":0,"href":"https:\/\/a-desk.org\/ca\/wp-json\/wp\/v2\/posts\/10866\/revisions"}],"wp:featuredmedia":[{"embeddable":true,"href":"https:\/\/a-desk.org\/ca\/wp-json\/wp\/v2\/media\/10865"}],"wp:attachment":[{"href":"https:\/\/a-desk.org\/ca\/wp-json\/wp\/v2\/media?parent=10866"}],"wp:term":[{"taxonomy":"category","embeddable":true,"href":"https:\/\/a-desk.org\/ca\/wp-json\/wp\/v2\/categories?post=10866"},{"taxonomy":"post_tag","embeddable":true,"href":"https:\/\/a-desk.org\/ca\/wp-json\/wp\/v2\/tags?post=10866"},{"taxonomy":"author","embeddable":true,"href":"https:\/\/a-desk.org\/ca\/wp-json\/wp\/v2\/coauthors?post=10866"}],"curies":[{"name":"wp","href":"https:\/\/api.w.org\/{rel}","templated":true}]}}