{"id":10896,"date":"2011-11-14T05:09:39","date_gmt":"2011-11-14T05:09:39","guid":{"rendered":"http:\/\/a-desk.org\/2011\/11\/14\/lexperiment-i-els-seus-riscos\/"},"modified":"2011-11-14T05:09:39","modified_gmt":"2011-11-14T05:09:39","slug":"lexperiment-i-els-seus-riscos","status":"publish","type":"post","link":"https:\/\/a-desk.org\/ca\/magazine\/lexperiment-i-els-seus-riscos\/","title":{"rendered":"L&#8217;experiment i els seus riscos"},"content":{"rendered":"<p class=\"post_excerpt\">Una exposici\u00f3 que s&#8217;acosta a di\u00e0legs pausats entre cineastes. Una sala d&#8217;exposicions que vol ser el lloc, i el temps, per veure un &#8220;altre&#8221; cinema. Una ampliaci\u00f3, en quantitat, d&#8217;una proposta, i una idea ja presentada anteriorment. El CCCB continua generant exposicions en els l\u00edmits de contextos creatius, experimentant formats encara que dins d&#8217;unes pautes definides per la seva pr\u00f2pia hist\u00f2ria i estil expositiu.<\/p>\n<p><!--more--><br \/>\n&#8220;Totes les Cartes. Correspond\u00e8ncies f\u00edlmiques&#8221; marca un pas m\u00e9s cap a la consolidaci\u00f3 d&#8217;un g\u00e8nere cinematogr\u00e0fic que l&#8217;any 2005 es va manifestar per primera vegada entre directors de cinema espanyols, la &#8220;correspond\u00e8ncia filmada&#8221;. Com \u00e9s habitual, els projectes que sorgeixen d&#8217;idees anteriors suposen una oportunitat per innovar i provar noves f\u00f3rmules. L&#8217;arriscat objectiu de la mostra \u00e9s reunir sis conjunts diferents de cartes-filmades entre cineastes. \u00c9s un ambici\u00f3s experiment que intenta portar al l\u00edmit l&#8217;apropiaci\u00f3 d&#8217;una sala d&#8217;exposicions per part del llenguatge f\u00edlmic. Es tracta d&#8217;un risc necessari per poder indagar sobre les possibilitats d&#8217;aquest format de comunicaci\u00f3. \u00c9s el risc de l&#8217;experiment.<\/p>\n<p>Els precedents d&#8217;aquesta peculiar forma d&#8217;establir una relaci\u00f3 entre creadors tenen el seu origen en els anys noranta, quan els cineastes Robert Kramer i Stephen Dowskin per primera vegada traslladen la relaci\u00f3 epistolar al camp del cinema. Uns anys m\u00e9s tard, la cineasta Naomi Kawase -qui tamb\u00e9 participa a l&#8217;exposici\u00f3- comen\u00e7a un intercanvi de v\u00eddeo-cartes amb el director Hirokazu Koreeda. Ambdues experi\u00e8ncies van aportar els trets fonamentals a aquest format cinematogr\u00e0fic experimental. Una d\u00e8cada m\u00e9s tard, es consolida a Espanya a trav\u00e9s de l&#8217;intercanvi de missives filmades entre V\u00edctor Erice i Abbas Kiarostami, i Isaki Lacuesta i Naomi Kawase, tamb\u00e9 presentades a la mostra.<\/p>\n<p>Dins de la curta hist\u00f2ria d&#8217;aquest format, l&#8217;exposici\u00f3 representa la seva presentaci\u00f3 p\u00fablica amb tots els ets i uts. En reunir les cartes intercanviades entre cineastes procedents de llocs tan dispars com Ciutat de M\u00e8xic, Girona o Teheran, la mostra intenta definir un nou cam\u00ed que a pres el cinema contemporani per aprofundir en l&#8217;\u00fas de l&#8217;escriptura com a eina per enriquir el seu llenguatge. Es tracta d&#8217;una eina de creaci\u00f3 personal on la projecci\u00f3 de l&#8217;un en l&#8217;altre obre nous horitzons. \u00c9s un experiment profund dut a terme a trav\u00e9s de diversos anys d&#8217;intercanvi postal. El resultat \u00e9s el reflex de la relaci\u00f3 que s&#8217;estableix entre persones diferents que comparteixen certes similituds en la seva creaci\u00f3 cinematogr\u00e0fica. L&#8217;objectiu \u00e9s mostrar-ho no nom\u00e9s com una idea a\u00efllada.<\/p>\n<p>Cada parella creativa ha afrontat el projecte d&#8217;una manera diferent, per\u00f2 tots han mostrat l&#8217;acceptaci\u00f3 d&#8217;aquest nou llenguatge, el format de la correspond\u00e8ncia filmada no ha estat alterada ni renovada. Simplement veiem ampliat el ventall de cineastes que intervenen, de dos a dotze. Ens serveix per abastar m\u00e9s difer\u00e8ncies i juxtaposicions d&#8217;estil dins del mateix espai. Per\u00f2 al mateix temps, fa m\u00e9s expl\u00edcites totes les similituds i resson\u00e0ncies possibles entre aquest grup. En poder comparar una relaci\u00f3 entre dos creadors amb una altra, \u00e9s m\u00e9s f\u00e0cil comprendre l&#8217;abast i les possibilitats que presenta aquesta manera de concebre el gest f\u00edlmic. En si, a part de la import\u00e0ncia de les obres, aquest \u00e9s el punt innovador de la mostra. Per\u00f2 al mateix temps, \u00e9s la causa que el seu potencial es vegi perjudicat. Les infinites dimensions i matisos que descobreix al camp cinematogr\u00e0fic aquest llenguatge, realment poden arribar a veure&#8217;s eclipsades pel format que pren l&#8217;exposici\u00f3.<\/p>\n<p>Des del principi, \u00e9s possible comen\u00e7ar a intuir com de diferent ser\u00e0 l&#8217;experi\u00e8ncia comparada amb d&#8217;altres exposicions. Parets plenes de text explicatiu i ni rastre d&#8217;imatge. Les peces es troben recloses, de manera l\u00f2gica, dins de sales de cinema en miniatura. Un cop assimilada tota la informaci\u00f3 que s&#8217;est\u00e9n per les parets del passad\u00eds, arriba el moment de submergir-se en la foscor per endinsar-nos en la visi\u00f3 del m\u00f3n de dos cineastes. El m\u00e9s xocant d&#8217;aquest moment, i \u00e9s clar que varia segons l&#8217;espectador, \u00e9s que ens adonem que la primera projecci\u00f3 -la primera de les sis- t\u00e9 una durada de 1h i 39 minuts. Tard o d&#8217;hora, es fa evident que aquest esquema es repeteix pel passad\u00eds llarg i serpentejant: una passad\u00eds amb text sobre la hist\u00f2ria de cada relaci\u00f3, una sala de cinema i una m\u00e0quina de caf\u00e8, com a fidel aliat contra el cansament.<\/p>\n<p>Si investiguem una mica, ens adonem que el recorregut ja havia estat adoptat per l&#8217;exposici\u00f3 &#8220;Erice-Kiarostami. Correspond\u00e8ncies&#8221;. La difer\u00e8ncia \u00e9s que a &#8220;Totes les Cartes&#8221;, pel nombre d&#8217;obres projectades i el nombre de participants, l&#8217;exposici\u00f3 gaireb\u00e9 es transforma en un documental \u00e8pic sobre el fet cinematogr\u00e0fic. I \u00e9s que el terme &#8220;\u00e8pic&#8221; \u00e9s el que millor descriu a la mostra amb gaireb\u00e9 vuit hores de projeccions distribu\u00efdes en sis sales. Realment, suposa un desafiament als convencionalismes expositius, ja que la seva estructura recorda m\u00e9s a un festival de cinema que a una exposici\u00f3, que pren com a tema central i punt de partida \u00fanic la correspond\u00e8ncia filmada com a llenguatge a utilitzar.<\/p>\n<p>\u00c9s cert que pot arribar a ser una experi\u00e8ncia molt interessant, per\u00f2 els visitants han de posar de la seva part, prestant atenci\u00f3 a cada projecci\u00f3 per poder aconseguir captar cada intensa relaci\u00f3 que relaten aquestes imatges. Tot i aix\u00f2, una sola visita no \u00e9s suficient per abastar aquest projecte, cosa que el CCCB ja havia previst. En el fons, el m\u00e9s necessari per veure el potencial d&#8217;aquesta exposici\u00f3 \u00e9s tenir voluntat i paci\u00e8ncia. Com ja hav\u00edem dit, \u00e9s el risc de l&#8217;experiment.<\/p>\n","protected":false},"excerpt":{"rendered":"<p>Una exposici\u00f3 que s&#8217;acosta a di\u00e0legs pausats entre cineastes. Una sala d&#8217;exposicions que vol ser el lloc, i el temps, per veure un &#8220;altre&#8221; cinema. Una ampliaci\u00f3, en quantitat, d&#8217;una&#8230;<\/p>\n","protected":false},"author":1257,"featured_media":10895,"comment_status":"open","ping_status":"open","sticky":false,"template":"","format":"standard","meta":{"_relevanssi_hide_post":"","_relevanssi_hide_content":"","_relevanssi_pin_for_all":"","_relevanssi_pin_keywords":"","_relevanssi_unpin_keywords":"","_relevanssi_related_keywords":"","_relevanssi_related_include_ids":"","_relevanssi_related_exclude_ids":"","_relevanssi_related_no_append":"","_relevanssi_related_not_related":"","_relevanssi_related_posts":"","_relevanssi_noindex_reason":"","footnotes":""},"categories":[6782],"tags":[5491],"coauthors":[],"acf":[],"yoast_head":"<!-- This site is optimized with the Yoast SEO plugin v22.6 - https:\/\/yoast.com\/wordpress\/plugins\/seo\/ -->\n<title>L&#039;experiment i els seus riscos &#8211; A*Desk<\/title>\n<meta name=\"robots\" content=\"index, follow, max-snippet:-1, max-image-preview:large, max-video-preview:-1\" \/>\n<link rel=\"canonical\" href=\"https:\/\/a-desk.org\/magazine\/el-experimento-y-sus-riesgos\/\" \/>\n<meta property=\"og:locale\" content=\"ca_ES\" \/>\n<meta property=\"og:type\" content=\"article\" \/>\n<meta property=\"og:title\" content=\"L&#039;experiment i els seus riscos &#8211; A*Desk\" \/>\n<meta property=\"og:description\" content=\"Una exposici\u00f3 que s&#8217;acosta a di\u00e0legs pausats entre cineastes. Una sala d&#8217;exposicions que vol ser el lloc, i el temps, per veure un &#8220;altre&#8221; cinema. Una ampliaci\u00f3, en quantitat, d&#8217;una...\" \/>\n<meta property=\"og:url\" content=\"https:\/\/a-desk.org\/magazine\/el-experimento-y-sus-riesgos\/\" \/>\n<meta property=\"og:site_name\" content=\"A*Desk\" \/>\n<meta property=\"article:published_time\" content=\"2011-11-14T05:09:39+00:00\" \/>\n<meta property=\"og:image\" content=\"https:\/\/a-desk.org\/wp-content\/uploads\/2011\/11\/arton1222.jpg\" \/>\n\t<meta property=\"og:image:width\" content=\"600\" \/>\n\t<meta property=\"og:image:height\" content=\"400\" \/>\n\t<meta property=\"og:image:type\" content=\"image\/jpeg\" \/>\n<meta name=\"author\" content=\"Ver\u00f3nica Escobar Monsalve\" \/>\n<meta name=\"twitter:card\" content=\"summary_large_image\" \/>\n<meta name=\"twitter:label1\" content=\"Escrit per\" \/>\n\t<meta name=\"twitter:data1\" content=\"Ver\u00f3nica Escobar Monsalve\" \/>\n\t<meta name=\"twitter:label2\" content=\"Temps estimat de lectura\" \/>\n\t<meta name=\"twitter:data2\" content=\"5 minuts\" \/>\n\t<meta name=\"twitter:label3\" content=\"Written by\" \/>\n\t<meta name=\"twitter:data3\" content=\"Ver\u00f3nica Escobar Monsalve\" \/>\n<script type=\"application\/ld+json\" class=\"yoast-schema-graph\">{\"@context\":\"https:\/\/schema.org\",\"@graph\":[{\"@type\":\"WebPage\",\"@id\":\"https:\/\/a-desk.org\/magazine\/el-experimento-y-sus-riesgos\/\",\"url\":\"https:\/\/a-desk.org\/magazine\/el-experimento-y-sus-riesgos\/\",\"name\":\"L'experiment i els seus riscos &#8211; A*Desk\",\"isPartOf\":{\"@id\":\"https:\/\/a-desk.org\/#website\"},\"primaryImageOfPage\":{\"@id\":\"https:\/\/a-desk.org\/magazine\/el-experimento-y-sus-riesgos\/#primaryimage\"},\"image\":{\"@id\":\"https:\/\/a-desk.org\/magazine\/el-experimento-y-sus-riesgos\/#primaryimage\"},\"thumbnailUrl\":\"https:\/\/a-desk.org\/wp-content\/uploads\/2011\/11\/arton1222.jpg\",\"datePublished\":\"2011-11-14T05:09:39+00:00\",\"dateModified\":\"2011-11-14T05:09:39+00:00\",\"author\":{\"@id\":\"https:\/\/a-desk.org\/#\/schema\/person\/fd9fdd8a92cf3e9f32126a90b6944294\"},\"breadcrumb\":{\"@id\":\"https:\/\/a-desk.org\/magazine\/el-experimento-y-sus-riesgos\/#breadcrumb\"},\"inLanguage\":\"ca\",\"potentialAction\":[{\"@type\":\"ReadAction\",\"target\":[\"https:\/\/a-desk.org\/magazine\/el-experimento-y-sus-riesgos\/\"]}]},{\"@type\":\"ImageObject\",\"inLanguage\":\"ca\",\"@id\":\"https:\/\/a-desk.org\/magazine\/el-experimento-y-sus-riesgos\/#primaryimage\",\"url\":\"https:\/\/a-desk.org\/wp-content\/uploads\/2011\/11\/arton1222.jpg\",\"contentUrl\":\"https:\/\/a-desk.org\/wp-content\/uploads\/2011\/11\/arton1222.jpg\",\"width\":600,\"height\":400},{\"@type\":\"BreadcrumbList\",\"@id\":\"https:\/\/a-desk.org\/magazine\/el-experimento-y-sus-riesgos\/#breadcrumb\",\"itemListElement\":[{\"@type\":\"ListItem\",\"position\":1,\"name\":\"Portada\",\"item\":\"https:\/\/a-desk.org\/ca\/\"},{\"@type\":\"ListItem\",\"position\":2,\"name\":\"L&#8217;experiment i els seus riscos\"}]},{\"@type\":\"WebSite\",\"@id\":\"https:\/\/a-desk.org\/#website\",\"url\":\"https:\/\/a-desk.org\/\",\"name\":\"A*Desk\",\"description\":\"A*Desk Critical Thinking\",\"potentialAction\":[{\"@type\":\"SearchAction\",\"target\":{\"@type\":\"EntryPoint\",\"urlTemplate\":\"https:\/\/a-desk.org\/?s={search_term_string}\"},\"query-input\":\"required name=search_term_string\"}],\"inLanguage\":\"ca\"},{\"@type\":\"Person\",\"@id\":\"https:\/\/a-desk.org\/#\/schema\/person\/fd9fdd8a92cf3e9f32126a90b6944294\",\"name\":\"Ver\u00f3nica Escobar Monsalve\",\"image\":{\"@type\":\"ImageObject\",\"inLanguage\":\"ca\",\"@id\":\"https:\/\/a-desk.org\/#\/schema\/person\/image\/195e2960e2dcfd3f431dc2e6d78a0002\",\"url\":\"https:\/\/secure.gravatar.com\/avatar\/3122c0932bff7474d222561991c4ef18?s=96&d=mm&r=g\",\"contentUrl\":\"https:\/\/secure.gravatar.com\/avatar\/3122c0932bff7474d222561991c4ef18?s=96&d=mm&r=g\",\"caption\":\"Ver\u00f3nica Escobar Monsalve\"},\"url\":\"https:\/\/a-desk.org\/ca\/autor\/veronica\/\"}]}<\/script>\n<!-- \/ Yoast SEO plugin. -->","yoast_head_json":{"title":"L'experiment i els seus riscos &#8211; A*Desk","robots":{"index":"index","follow":"follow","max-snippet":"max-snippet:-1","max-image-preview":"max-image-preview:large","max-video-preview":"max-video-preview:-1"},"canonical":"https:\/\/a-desk.org\/magazine\/el-experimento-y-sus-riesgos\/","og_locale":"ca_ES","og_type":"article","og_title":"L'experiment i els seus riscos &#8211; A*Desk","og_description":"Una exposici\u00f3 que s&#8217;acosta a di\u00e0legs pausats entre cineastes. Una sala d&#8217;exposicions que vol ser el lloc, i el temps, per veure un &#8220;altre&#8221; cinema. Una ampliaci\u00f3, en quantitat, d&#8217;una...","og_url":"https:\/\/a-desk.org\/magazine\/el-experimento-y-sus-riesgos\/","og_site_name":"A*Desk","article_published_time":"2011-11-14T05:09:39+00:00","og_image":[{"width":600,"height":400,"url":"https:\/\/a-desk.org\/wp-content\/uploads\/2011\/11\/arton1222.jpg","type":"image\/jpeg"}],"author":"Ver\u00f3nica Escobar Monsalve","twitter_card":"summary_large_image","twitter_misc":{"Escrit per":"Ver\u00f3nica Escobar Monsalve","Temps estimat de lectura":"5 minuts","Written by":"Ver\u00f3nica Escobar Monsalve"},"schema":{"@context":"https:\/\/schema.org","@graph":[{"@type":"WebPage","@id":"https:\/\/a-desk.org\/magazine\/el-experimento-y-sus-riesgos\/","url":"https:\/\/a-desk.org\/magazine\/el-experimento-y-sus-riesgos\/","name":"L'experiment i els seus riscos &#8211; A*Desk","isPartOf":{"@id":"https:\/\/a-desk.org\/#website"},"primaryImageOfPage":{"@id":"https:\/\/a-desk.org\/magazine\/el-experimento-y-sus-riesgos\/#primaryimage"},"image":{"@id":"https:\/\/a-desk.org\/magazine\/el-experimento-y-sus-riesgos\/#primaryimage"},"thumbnailUrl":"https:\/\/a-desk.org\/wp-content\/uploads\/2011\/11\/arton1222.jpg","datePublished":"2011-11-14T05:09:39+00:00","dateModified":"2011-11-14T05:09:39+00:00","author":{"@id":"https:\/\/a-desk.org\/#\/schema\/person\/fd9fdd8a92cf3e9f32126a90b6944294"},"breadcrumb":{"@id":"https:\/\/a-desk.org\/magazine\/el-experimento-y-sus-riesgos\/#breadcrumb"},"inLanguage":"ca","potentialAction":[{"@type":"ReadAction","target":["https:\/\/a-desk.org\/magazine\/el-experimento-y-sus-riesgos\/"]}]},{"@type":"ImageObject","inLanguage":"ca","@id":"https:\/\/a-desk.org\/magazine\/el-experimento-y-sus-riesgos\/#primaryimage","url":"https:\/\/a-desk.org\/wp-content\/uploads\/2011\/11\/arton1222.jpg","contentUrl":"https:\/\/a-desk.org\/wp-content\/uploads\/2011\/11\/arton1222.jpg","width":600,"height":400},{"@type":"BreadcrumbList","@id":"https:\/\/a-desk.org\/magazine\/el-experimento-y-sus-riesgos\/#breadcrumb","itemListElement":[{"@type":"ListItem","position":1,"name":"Portada","item":"https:\/\/a-desk.org\/ca\/"},{"@type":"ListItem","position":2,"name":"L&#8217;experiment i els seus riscos"}]},{"@type":"WebSite","@id":"https:\/\/a-desk.org\/#website","url":"https:\/\/a-desk.org\/","name":"A*Desk","description":"A*Desk Critical Thinking","potentialAction":[{"@type":"SearchAction","target":{"@type":"EntryPoint","urlTemplate":"https:\/\/a-desk.org\/?s={search_term_string}"},"query-input":"required name=search_term_string"}],"inLanguage":"ca"},{"@type":"Person","@id":"https:\/\/a-desk.org\/#\/schema\/person\/fd9fdd8a92cf3e9f32126a90b6944294","name":"Ver\u00f3nica Escobar Monsalve","image":{"@type":"ImageObject","inLanguage":"ca","@id":"https:\/\/a-desk.org\/#\/schema\/person\/image\/195e2960e2dcfd3f431dc2e6d78a0002","url":"https:\/\/secure.gravatar.com\/avatar\/3122c0932bff7474d222561991c4ef18?s=96&d=mm&r=g","contentUrl":"https:\/\/secure.gravatar.com\/avatar\/3122c0932bff7474d222561991c4ef18?s=96&d=mm&r=g","caption":"Ver\u00f3nica Escobar Monsalve"},"url":"https:\/\/a-desk.org\/ca\/autor\/veronica\/"}]}},"_links":{"self":[{"href":"https:\/\/a-desk.org\/ca\/wp-json\/wp\/v2\/posts\/10896"}],"collection":[{"href":"https:\/\/a-desk.org\/ca\/wp-json\/wp\/v2\/posts"}],"about":[{"href":"https:\/\/a-desk.org\/ca\/wp-json\/wp\/v2\/types\/post"}],"author":[{"embeddable":true,"href":"https:\/\/a-desk.org\/ca\/wp-json\/wp\/v2\/users\/1257"}],"replies":[{"embeddable":true,"href":"https:\/\/a-desk.org\/ca\/wp-json\/wp\/v2\/comments?post=10896"}],"version-history":[{"count":0,"href":"https:\/\/a-desk.org\/ca\/wp-json\/wp\/v2\/posts\/10896\/revisions"}],"wp:featuredmedia":[{"embeddable":true,"href":"https:\/\/a-desk.org\/ca\/wp-json\/wp\/v2\/media\/10895"}],"wp:attachment":[{"href":"https:\/\/a-desk.org\/ca\/wp-json\/wp\/v2\/media?parent=10896"}],"wp:term":[{"taxonomy":"category","embeddable":true,"href":"https:\/\/a-desk.org\/ca\/wp-json\/wp\/v2\/categories?post=10896"},{"taxonomy":"post_tag","embeddable":true,"href":"https:\/\/a-desk.org\/ca\/wp-json\/wp\/v2\/tags?post=10896"},{"taxonomy":"author","embeddable":true,"href":"https:\/\/a-desk.org\/ca\/wp-json\/wp\/v2\/coauthors?post=10896"}],"curies":[{"name":"wp","href":"https:\/\/api.w.org\/{rel}","templated":true}]}}