{"id":10910,"date":"2011-11-28T06:16:21","date_gmt":"2011-11-28T06:16:21","guid":{"rendered":"http:\/\/a-desk.org\/2011\/11\/28\/en-el-llenguatge\/"},"modified":"2011-11-28T06:16:21","modified_gmt":"2011-11-28T06:16:21","slug":"en-el-llenguatge","status":"publish","type":"post","link":"https:\/\/a-desk.org\/ca\/magazine\/en-el-llenguatge\/","title":{"rendered":"En el llenguatge"},"content":{"rendered":"<p class=\"post_excerpt\">Una exposici\u00f3 individual on coexisteixen treballs de diversos artistes. Una proposta on significats i significants posen en dubte els papers al voltant de la creaci\u00f3. La cita, la refer\u00e8ncia, l&#8217;obra i la figura de l&#8217;artista i el comissari es barregen en una proposta expositiva en qu\u00e8 es donen voltes a diverses preguntes. &#8220;En el primer cercle&#8221; \u00e9s un projecte de l&#8217;artista brit\u00e0nica Imogen Stidworthy.<\/p>\n<p><!--more--><br \/>\nTot \u00e9s bicromat, gaireb\u00e9 monocrom. Blanc-negre. Com si el display expositiu es fes ress\u00f2 de la irreductibilitat del llenguatge, per portar-la a les seves \u00faltimes conseq\u00fc\u00e8ncies. A un l\u00edmit que no \u00e9s l\u00edmit perqu\u00e8 el llenguatge tot ho abarca, hi era abans. Abans d&#8217;una estructura inexistent que sense ell no seria possible, situat com l&#8217;origen d&#8217;un sense-origen que ens condemna a l&#8217;eterna cita. Reduir al m\u00e0xim per intentar trobar una ess\u00e8ncia que mai apareix, com en el treball de Werner Feiersinger, on la forma es contrau per eliminar tot all\u00f2 &#8220;superflu&#8221;: geometria, pl\u00e0nols, mat\u00e8ria &#8230; escultures que citen i transcendeixen a trav\u00e9s del recurs ir\u00f2nic, un minimalisme d&#8217;un altre temps. La reducci\u00f3 mostra un cam\u00ed: tendeix a aquest l\u00edmit que nom\u00e9s es pot transitar posant en risc l&#8217;status quo en qu\u00e8 opera el mateix llenguatge.<\/p>\n<p>L&#8217;exposici\u00f3 es planteja com una extensi\u00f3 de la pr\u00e0ctica art\u00edstica de Imogen Stidworthy, que ocupa el lloc d&#8217;artista i tamb\u00e9 el de comiss\u00e0ria. Convidada per la instituci\u00f3 per desenvolupar un projecte expositiu individual, Stidworthy decideix posar el seu treball en di\u00e0leg amb el d&#8217;altres artistes que d&#8217;alguna manera en formen part. La cita es converteix en part essencial d&#8217;un projecte que a m\u00e9s d\u00b4ocupar-se del fet ling\u00fc\u00edstic a trav\u00e9s de certes trobades i\/o transfer\u00e8ncies, aborda de passada la q\u00fcesti\u00f3 comissarial. Les peces no s\u00f3n aqu\u00ed &#8220;il\u00b7lustrant&#8221; un discurs, ni ling\u00fc\u00edstic ni de qualsevol altre tipus, sin\u00f3 que s&#8217;insereixen, segurament de forma processual, a la investigaci\u00f3 art\u00edstica empresa per Stidworthy. El projecte expositiu en si mateix es converteix en part de la reflexi\u00f3 entorn del llenguatge. No es tracta d&#8217;una artista que comissaria una exposici\u00f3 i a m\u00e9s s&#8217;inclou en ella: &#8220;En el primer cercle&#8221; contribueix a repensar la funci\u00f3 comissarial i situa l&#8217;artista com a subjecte en la centralitat del discurs cr\u00edtic, acompanyada per Paul Domela, co-comissari de la mostra.<\/p>\n<p>No \u00e9s la primera vegada que recorre al &#8220;comissariat&#8221; per presentar un dels seus projectes, ja ho va fer el 2008 al Museu d&#8217;Art Contemporani d&#8217;Anvers. A l&#8217;exposici\u00f3 &#8220;Die Lucky Bush&#8221;, antecedent de &#8220;En el primer cercle&#8221;, va convidar a diversos artistes a reflexionar sobre el llenguatge i els seus l\u00edmits a partir del seu videoinstal\u00b7laci\u00f3 &#8220;I hate&#8221; (2007).<\/p>\n<p>El fet ling\u00fc\u00edstic adquireix una dimensi\u00f3 espacial, transcendeix la preemin\u00e8ncia de l&#8217;oralitat per centrar-se en la composici\u00f3 material de les coses. En aquest sentit, t\u00e9 lloc una volta al signe, a la materialitat inherent al llenguatge que en el pensament de Derrida dinamita l&#8217;oposici\u00f3 jer\u00e0rquica entre la parla i l&#8217;escriptura responsable de la fundaci\u00f3 del falogocentrisme.<\/p>\n<p>Alguna cosa es constitueix\/s&#8217;institueix en la pres\u00e8ncia. Paul Domela i Imogen Stidworthy parlen en el text comissarial de la import\u00e0ncia del &#8220;viure amb&#8221;, del sentit que sorgeix en estar &#8220;en pres\u00e8ncia de&#8221;. Per\u00f2 la pres\u00e8ncia de vegades es construeix com a resta del que ja no \u00e9s present. La mat\u00e8ria, l&#8217;escriptura, a difer\u00e8ncia de la parla, semblen establir sempre una dist\u00e0ncia.<\/p>\n<p>La transici\u00f3 textualitat-oralitat s&#8217;aborda en l&#8217;\u00e0udio de Caroline Bergvall, &#8220;VIA (48 traduccions de Dante)&#8221; (2000), que explora una de les q\u00fcestions inherents al llenguatge: la repetici\u00f3. Dins de l&#8217;exposici\u00f3, la pe\u00e7a funciona aix\u00ed mateix com a element citacional, ja que es tracta de la lectura de textos del tercet inicial de l&#8217;Infern de Dante Alighieri, ambientat &#8220;en el primer cercle&#8221; del purgatori, el limbe que acull aquells que per no estar inserits en la fe cristiana no podran ser condemnats. L&#8217;\u00e0udio \u00e9s pesat i repetitiu: la narrativitat es trenca amb l&#8217;ordenaci\u00f3 alfab\u00e8tica dels fragments textuals, extreta de l&#8217;arxiu de la British Library. La repetici\u00f3 opera al revelar la seva impossibilitat ancorada en la manca de tot origen. La cont\u00ednua lectura de fragments diversos produeix el miratge de l&#8217;id\u00e8ntic per finalment donar compte de la multiplicitat interpretativa inherent al llenguatge. El llenguatge mai com quelcom extern al subjecte, sin\u00f3 intern, com all\u00f2 que es pateix.<\/p>\n<p>El conflicte de comunicaci\u00f3 \u00e9s present en moltes de les propostes de l&#8217;exposici\u00f3. L&#8217;afirmaci\u00f3 lacaniana &#8220;el llenguatge no serveix&#8221; sobrev\u00e9 a trav\u00e9s de les transfer\u00e8ncies de significats entre lleng\u00fces, per mitj\u00e0 de la complicada relaci\u00f3 entre paraules, sons, textos i imatges; en constatar la dificultat que comporta sempre qualsevol intent de comunicaci\u00f3.<\/p>\n<p>Si el llenguatge \u00e9s la capacitat de substituir alguna cosa per alguna cosa, els processos de significaci\u00f3 poden portar impl\u00edcita la possibilitat de la falla. A &#8220;Sin T\u00edtulo (Kalero)&#8221; (2009), Asier Mendizabal explora la disjunci\u00f3 entre significant i significat, a trav\u00e9s de formes que s\u00f3n carregades de significaci\u00f3 en determinats contextos. La potencial inexactitud de certs significants per ser fixats en significats demostra que el significant poques vegades ens pertany, sin\u00f3 que s&#8217;insereix dins d&#8217;una xarxa citacional. Aquesta equivocitat interpretativa pot convertir-se en arma de doble tall: ser, com en aquest cas, instrumentalitzada pel poder, o esdevenir possibilitat d&#8217;inversi\u00f3\/subversi\u00f3 del mateix.<\/p>\n<p>&#8220;En el primer cercle&#8221; aglutina propostes de 26 artistes (algunes m\u00e9s pertinents, altres menys) que en conjunt realitzen una interessant dissecci\u00f3 metaling\u00fc\u00edstica. El llenguatge es desplega per mostrar la infinitat de reflexions que sorgeixen en repensar-lo. L&#8217;exposici\u00f3 ha estat poc ressenyada. S&#8217;ha al\u00b7ludit a cert &#8220;cripticisme&#8221;, qualificatiu que \u00e9s habitual a l&#8217;hora d&#8217;analitzar algunes propostes d&#8217;art contemporani. Com sempre, les possibles capes de lectura de la mostra i de les peces que la componen s\u00f3n diverses. Depenent del grau d&#8217;inter\u00e8s, tant el p\u00fablic com els especialistes poden accedir a complexitzar el seu acostament. Passa amb &#8220;En el primer cercle&#8221;, per\u00f2 passava tamb\u00e9 amb Las Meninas de Vel\u00e1zquez. No es tracta d&#8217;un hermetisme inherent a certes propostes d&#8217;art contemporani, sin\u00f3 m\u00e9s b\u00e9 de la manca de perspectiva anal\u00edtica que de vegades subjau a aquest tipus d&#8217;apreciacions.<\/p>\n<p>En definitiva, les l\u00ednies discursives que obre l&#8217;exposici\u00f3 s\u00f3n m\u00faltiples, potser perqu\u00e8 el llenguatge est\u00e0 en tot, previ a la nostra constituci\u00f3 com a subjectes, determinant la producci\u00f3 de qualsevol subjectivitat. En aquest sentit, es troba a faltar algun tipus de reflexi\u00f3 que integri les aportacions tant d&#8217;artistes com de te\u00f2riques feministes, fonamentals a l&#8217;hora d&#8217;analitzar la q\u00fcesti\u00f3 del llenguatge.<\/p>\n","protected":false},"excerpt":{"rendered":"<p>Una exposici\u00f3 individual on coexisteixen treballs de diversos artistes. Una proposta on significats i significants posen en dubte els papers al voltant de la creaci\u00f3. La cita, la refer\u00e8ncia, l&#8217;obra&#8230;<\/p>\n","protected":false},"author":1270,"featured_media":10909,"comment_status":"open","ping_status":"open","sticky":false,"template":"","format":"standard","meta":{"_relevanssi_hide_post":"","_relevanssi_hide_content":"","_relevanssi_pin_for_all":"","_relevanssi_pin_keywords":"","_relevanssi_unpin_keywords":"","_relevanssi_related_keywords":"","_relevanssi_related_include_ids":"","_relevanssi_related_exclude_ids":"","_relevanssi_related_no_append":"","_relevanssi_related_not_related":"","_relevanssi_related_posts":"","_relevanssi_noindex_reason":"","footnotes":""},"categories":[6782],"tags":[],"coauthors":[],"acf":[],"yoast_head":"<!-- This site is optimized with the Yoast SEO plugin v22.6 - https:\/\/yoast.com\/wordpress\/plugins\/seo\/ -->\n<title>En el llenguatge &#8211; A*Desk<\/title>\n<meta name=\"robots\" content=\"index, follow, max-snippet:-1, max-image-preview:large, max-video-preview:-1\" \/>\n<link rel=\"canonical\" href=\"https:\/\/a-desk.org\/magazine\/en-el-lenguaje\/\" \/>\n<meta property=\"og:locale\" content=\"ca_ES\" \/>\n<meta property=\"og:type\" content=\"article\" \/>\n<meta property=\"og:title\" content=\"En el llenguatge &#8211; A*Desk\" \/>\n<meta property=\"og:description\" content=\"Una exposici\u00f3 individual on coexisteixen treballs de diversos artistes. Una proposta on significats i significants posen en dubte els papers al voltant de la creaci\u00f3. La cita, la refer\u00e8ncia, l&#8217;obra...\" \/>\n<meta property=\"og:url\" content=\"https:\/\/a-desk.org\/magazine\/en-el-lenguaje\/\" \/>\n<meta property=\"og:site_name\" content=\"A*Desk\" \/>\n<meta property=\"article:published_time\" content=\"2011-11-28T06:16:21+00:00\" \/>\n<meta property=\"og:image\" content=\"https:\/\/a-desk.org\/wp-content\/uploads\/2011\/11\/arton1238.jpg\" \/>\n\t<meta property=\"og:image:width\" content=\"600\" \/>\n\t<meta property=\"og:image:height\" content=\"421\" \/>\n\t<meta property=\"og:image:type\" content=\"image\/jpeg\" \/>\n<meta name=\"author\" content=\"Maite Garbayo\" \/>\n<meta name=\"twitter:card\" content=\"summary_large_image\" \/>\n<meta name=\"twitter:label1\" content=\"Escrit per\" \/>\n\t<meta name=\"twitter:data1\" content=\"Maite Garbayo\" \/>\n\t<meta name=\"twitter:label2\" content=\"Temps estimat de lectura\" \/>\n\t<meta name=\"twitter:data2\" content=\"6 minuts\" \/>\n\t<meta name=\"twitter:label3\" content=\"Written by\" \/>\n\t<meta name=\"twitter:data3\" content=\"Maite Garbayo\" \/>\n<script type=\"application\/ld+json\" class=\"yoast-schema-graph\">{\"@context\":\"https:\/\/schema.org\",\"@graph\":[{\"@type\":\"WebPage\",\"@id\":\"https:\/\/a-desk.org\/magazine\/en-el-lenguaje\/\",\"url\":\"https:\/\/a-desk.org\/magazine\/en-el-lenguaje\/\",\"name\":\"En el llenguatge &#8211; A*Desk\",\"isPartOf\":{\"@id\":\"https:\/\/a-desk.org\/#website\"},\"primaryImageOfPage\":{\"@id\":\"https:\/\/a-desk.org\/magazine\/en-el-lenguaje\/#primaryimage\"},\"image\":{\"@id\":\"https:\/\/a-desk.org\/magazine\/en-el-lenguaje\/#primaryimage\"},\"thumbnailUrl\":\"https:\/\/a-desk.org\/wp-content\/uploads\/2011\/11\/arton1238.jpg\",\"datePublished\":\"2011-11-28T06:16:21+00:00\",\"dateModified\":\"2011-11-28T06:16:21+00:00\",\"author\":{\"@id\":\"https:\/\/a-desk.org\/#\/schema\/person\/cc1177f35005bec79d1ada6d85750477\"},\"breadcrumb\":{\"@id\":\"https:\/\/a-desk.org\/magazine\/en-el-lenguaje\/#breadcrumb\"},\"inLanguage\":\"ca\",\"potentialAction\":[{\"@type\":\"ReadAction\",\"target\":[\"https:\/\/a-desk.org\/magazine\/en-el-lenguaje\/\"]}]},{\"@type\":\"ImageObject\",\"inLanguage\":\"ca\",\"@id\":\"https:\/\/a-desk.org\/magazine\/en-el-lenguaje\/#primaryimage\",\"url\":\"https:\/\/a-desk.org\/wp-content\/uploads\/2011\/11\/arton1238.jpg\",\"contentUrl\":\"https:\/\/a-desk.org\/wp-content\/uploads\/2011\/11\/arton1238.jpg\",\"width\":600,\"height\":421},{\"@type\":\"BreadcrumbList\",\"@id\":\"https:\/\/a-desk.org\/magazine\/en-el-lenguaje\/#breadcrumb\",\"itemListElement\":[{\"@type\":\"ListItem\",\"position\":1,\"name\":\"Portada\",\"item\":\"https:\/\/a-desk.org\/ca\/\"},{\"@type\":\"ListItem\",\"position\":2,\"name\":\"En el llenguatge\"}]},{\"@type\":\"WebSite\",\"@id\":\"https:\/\/a-desk.org\/#website\",\"url\":\"https:\/\/a-desk.org\/\",\"name\":\"A*Desk\",\"description\":\"A*Desk Critical Thinking\",\"potentialAction\":[{\"@type\":\"SearchAction\",\"target\":{\"@type\":\"EntryPoint\",\"urlTemplate\":\"https:\/\/a-desk.org\/?s={search_term_string}\"},\"query-input\":\"required name=search_term_string\"}],\"inLanguage\":\"ca\"},{\"@type\":\"Person\",\"@id\":\"https:\/\/a-desk.org\/#\/schema\/person\/cc1177f35005bec79d1ada6d85750477\",\"name\":\"Maite Garbayo\",\"image\":{\"@type\":\"ImageObject\",\"inLanguage\":\"ca\",\"@id\":\"https:\/\/a-desk.org\/#\/schema\/person\/image\/68ecbdc81413d8cf2093ab4f934e2c7f\",\"url\":\"https:\/\/secure.gravatar.com\/avatar\/934a86c8ef8014a668dc329d51303f48?s=96&d=mm&r=g\",\"contentUrl\":\"https:\/\/secure.gravatar.com\/avatar\/934a86c8ef8014a668dc329d51303f48?s=96&d=mm&r=g\",\"caption\":\"Maite Garbayo\"},\"url\":\"https:\/\/a-desk.org\/ca\/autor\/garbayo\/\"}]}<\/script>\n<!-- \/ Yoast SEO plugin. -->","yoast_head_json":{"title":"En el llenguatge &#8211; A*Desk","robots":{"index":"index","follow":"follow","max-snippet":"max-snippet:-1","max-image-preview":"max-image-preview:large","max-video-preview":"max-video-preview:-1"},"canonical":"https:\/\/a-desk.org\/magazine\/en-el-lenguaje\/","og_locale":"ca_ES","og_type":"article","og_title":"En el llenguatge &#8211; A*Desk","og_description":"Una exposici\u00f3 individual on coexisteixen treballs de diversos artistes. Una proposta on significats i significants posen en dubte els papers al voltant de la creaci\u00f3. La cita, la refer\u00e8ncia, l&#8217;obra...","og_url":"https:\/\/a-desk.org\/magazine\/en-el-lenguaje\/","og_site_name":"A*Desk","article_published_time":"2011-11-28T06:16:21+00:00","og_image":[{"width":600,"height":421,"url":"https:\/\/a-desk.org\/wp-content\/uploads\/2011\/11\/arton1238.jpg","type":"image\/jpeg"}],"author":"Maite Garbayo","twitter_card":"summary_large_image","twitter_misc":{"Escrit per":"Maite Garbayo","Temps estimat de lectura":"6 minuts","Written by":"Maite Garbayo"},"schema":{"@context":"https:\/\/schema.org","@graph":[{"@type":"WebPage","@id":"https:\/\/a-desk.org\/magazine\/en-el-lenguaje\/","url":"https:\/\/a-desk.org\/magazine\/en-el-lenguaje\/","name":"En el llenguatge &#8211; A*Desk","isPartOf":{"@id":"https:\/\/a-desk.org\/#website"},"primaryImageOfPage":{"@id":"https:\/\/a-desk.org\/magazine\/en-el-lenguaje\/#primaryimage"},"image":{"@id":"https:\/\/a-desk.org\/magazine\/en-el-lenguaje\/#primaryimage"},"thumbnailUrl":"https:\/\/a-desk.org\/wp-content\/uploads\/2011\/11\/arton1238.jpg","datePublished":"2011-11-28T06:16:21+00:00","dateModified":"2011-11-28T06:16:21+00:00","author":{"@id":"https:\/\/a-desk.org\/#\/schema\/person\/cc1177f35005bec79d1ada6d85750477"},"breadcrumb":{"@id":"https:\/\/a-desk.org\/magazine\/en-el-lenguaje\/#breadcrumb"},"inLanguage":"ca","potentialAction":[{"@type":"ReadAction","target":["https:\/\/a-desk.org\/magazine\/en-el-lenguaje\/"]}]},{"@type":"ImageObject","inLanguage":"ca","@id":"https:\/\/a-desk.org\/magazine\/en-el-lenguaje\/#primaryimage","url":"https:\/\/a-desk.org\/wp-content\/uploads\/2011\/11\/arton1238.jpg","contentUrl":"https:\/\/a-desk.org\/wp-content\/uploads\/2011\/11\/arton1238.jpg","width":600,"height":421},{"@type":"BreadcrumbList","@id":"https:\/\/a-desk.org\/magazine\/en-el-lenguaje\/#breadcrumb","itemListElement":[{"@type":"ListItem","position":1,"name":"Portada","item":"https:\/\/a-desk.org\/ca\/"},{"@type":"ListItem","position":2,"name":"En el llenguatge"}]},{"@type":"WebSite","@id":"https:\/\/a-desk.org\/#website","url":"https:\/\/a-desk.org\/","name":"A*Desk","description":"A*Desk Critical Thinking","potentialAction":[{"@type":"SearchAction","target":{"@type":"EntryPoint","urlTemplate":"https:\/\/a-desk.org\/?s={search_term_string}"},"query-input":"required name=search_term_string"}],"inLanguage":"ca"},{"@type":"Person","@id":"https:\/\/a-desk.org\/#\/schema\/person\/cc1177f35005bec79d1ada6d85750477","name":"Maite Garbayo","image":{"@type":"ImageObject","inLanguage":"ca","@id":"https:\/\/a-desk.org\/#\/schema\/person\/image\/68ecbdc81413d8cf2093ab4f934e2c7f","url":"https:\/\/secure.gravatar.com\/avatar\/934a86c8ef8014a668dc329d51303f48?s=96&d=mm&r=g","contentUrl":"https:\/\/secure.gravatar.com\/avatar\/934a86c8ef8014a668dc329d51303f48?s=96&d=mm&r=g","caption":"Maite Garbayo"},"url":"https:\/\/a-desk.org\/ca\/autor\/garbayo\/"}]}},"_links":{"self":[{"href":"https:\/\/a-desk.org\/ca\/wp-json\/wp\/v2\/posts\/10910"}],"collection":[{"href":"https:\/\/a-desk.org\/ca\/wp-json\/wp\/v2\/posts"}],"about":[{"href":"https:\/\/a-desk.org\/ca\/wp-json\/wp\/v2\/types\/post"}],"author":[{"embeddable":true,"href":"https:\/\/a-desk.org\/ca\/wp-json\/wp\/v2\/users\/1270"}],"replies":[{"embeddable":true,"href":"https:\/\/a-desk.org\/ca\/wp-json\/wp\/v2\/comments?post=10910"}],"version-history":[{"count":0,"href":"https:\/\/a-desk.org\/ca\/wp-json\/wp\/v2\/posts\/10910\/revisions"}],"wp:featuredmedia":[{"embeddable":true,"href":"https:\/\/a-desk.org\/ca\/wp-json\/wp\/v2\/media\/10909"}],"wp:attachment":[{"href":"https:\/\/a-desk.org\/ca\/wp-json\/wp\/v2\/media?parent=10910"}],"wp:term":[{"taxonomy":"category","embeddable":true,"href":"https:\/\/a-desk.org\/ca\/wp-json\/wp\/v2\/categories?post=10910"},{"taxonomy":"post_tag","embeddable":true,"href":"https:\/\/a-desk.org\/ca\/wp-json\/wp\/v2\/tags?post=10910"},{"taxonomy":"author","embeddable":true,"href":"https:\/\/a-desk.org\/ca\/wp-json\/wp\/v2\/coauthors?post=10910"}],"curies":[{"name":"wp","href":"https:\/\/api.w.org\/{rel}","templated":true}]}}