{"id":10999,"date":"2012-01-25T03:15:12","date_gmt":"2012-01-25T03:15:12","guid":{"rendered":"http:\/\/a-desk.org\/2012\/01\/25\/la-lluita-angoixant-per-justificar-el-valor-i-la-necessitat\/"},"modified":"2012-01-25T03:15:12","modified_gmt":"2012-01-25T03:15:12","slug":"la-lluita-angoixant-per-justificar-el-valor-i-la-necessitat","status":"publish","type":"post","link":"https:\/\/a-desk.org\/ca\/magazine\/la-lluita-angoixant-per-justificar-el-valor-i-la-necessitat\/","title":{"rendered":"La lluita angoixant per justificar el valor i la necessitat"},"content":{"rendered":"<p class=\"post_excerpt\">La cr\u00edtica de l&#8217;art sembla ser aquest context en permanent crisi, en dubte constant sobre la seva necessitat i la seva funci\u00f3. En una situaci\u00f3 on els poders econ\u00f2mics s\u00f3n encara m\u00e9s poder, en un moment on les grand\u00edssimes institucions poden seguir creixent i els altres poden desapar\u00e8ixer, en un moment on les dist\u00e0ncies entre mercat, instituci\u00f3, comissariat i independ\u00e8ncia semblen m\u00e9s que relatives \u00e9s important estar atents a la reflexi\u00f3 sobre qu\u00e8 s&#8217;espera de la cr\u00edtica i qu\u00e8 vol fer la cr\u00edtica amb les seves limitades possibilitats d&#8217;acci\u00f3.<\/p>\n<p><!--more--><br \/>\nLa cr\u00edtica d&#8217;art est\u00e0 en crisi. La proposici\u00f3 \u00e9s ja un clam en el m\u00f3n de l&#8217;art, sobretot a nivell editorial i acad\u00e8mic, que s\u00f3n, d&#8217;altra banda, les parcel\u00b7les on resideixen els cr\u00edtics. No obstant aix\u00f2, una pot tenir la sensaci\u00f3 que, donada la inestabilitat intr\u00ednseca al g\u00e8nere, manifesta en la seva efervesc\u00e8ncia en algunes \u00e8poques i la seva anodina in\u00e8rcia en altres, la crisi ha acompanyat la cr\u00edtica d&#8217;art des de la seva inf\u00e0ncia primerenca, amb una data que, per cert, ning\u00fa acaba de posar-se d&#8217;acord. En aquest sentit, el fet que ambd\u00f3s conceptes comparteixin la mateixa arrel -en grec antic &#8220;kr\u00edsi&#8221; implica tant la idea de judici com la de cisma- no hauria de passar per una mera coincid\u00e8ncia. En aquest text, per\u00f2, la idea que vull explorar \u00e9s la que, en mat\u00e8ria de cr\u00edtica d&#8217;art, mirar enrere obsessivament pot ser m\u00e9s contraproduent que una altra cosa, precipitant als cr\u00edtics cap a un estat de dubte i bloqueig no gaire diferent del de convertir-se en est\u00e0tua de sal.<\/p>\n<p>Aix\u00ed que, tornem al &#8220;avui&#8221;, en la mesura del possible. En l&#8217;\u00faltim mes de l&#8217;any 2011 es van celebrar a Londres dues confer\u00e8ncies sobre l&#8217;estat (preocupant, si hem de fer cas als seus t\u00edtols) de la cr\u00edtica d&#8217;art. La primera d&#8217;elles va tenir lloc a l&#8217;auditori de laTate Britain a principis de desembre, sota la r\u00fabrica <a href=\"http:\/\/www.tate.org.uk\/britain\/eventseducation\/talks\/24841.htm\">&#8220;The Art Critic in a Cold Climate&#8221;<\/a> i organitzada per l\u00b4AICA (Associaci\u00f3 Internacional de Cr\u00edtics d&#8217;Art). L&#8217;esdeveniment, encara que no mancat d&#8217;inter\u00e8s, es va limitar a una pon\u00e8ncia de l&#8217;historiador de l&#8217;art Stephen Bann, en la qual va abordar les poroses relacions entre criticisme i hist\u00f2ria de l&#8217;art. Il\u00b7lustrant la seva tesi mitjan\u00e7ant les carreres de diversos cr\u00edtics -com la de l&#8217;historiador Michel Fried (autor de l&#8217;encara pol\u00e8mic assaig &#8220;Art and Objecthood&#8221;, publicat a Artforum el 1967), el brit\u00e0nic Lawrence Alloway o, com no, l&#8217;ineludible i monol\u00edtic Clement Greenberg &#8211; la xerrada va ser, en si mateixa, un discurs hist\u00f2ric on no es va arribar a explorar aquest actual clima fred i poc propici del t\u00edtol. La condici\u00f3 de la cr\u00edtica \u00e9s la de processar el present i l&#8217;avaluaci\u00f3 del seu estat a trav\u00e9s del discurs hist\u00f2ric \u00e9s, alhora, un ox\u00edmoron i la perfecta il\u00b7lustraci\u00f3 d&#8217;un dels seus dilemes m\u00e9s paralitzants: la cr\u00edtica no \u00e9s hist\u00f2ria, per molt que ambdues disciplines i els seus professionals es barregin sense parar com en una comuna hippy. La cr\u00edtica, mai est\u00e0 de m\u00e9s recordar-ho, no t\u00e9 el pes i solemnitat del que ja est\u00e0 escrit en els anals, el que ofereix infinites possibilitats per provar noves idees i punts de vista.<\/p>\n<p>La setmana seg\u00fcent, <a href=\"http:\/\/www.ica.org.uk\/?lid=30934\">&#8220;The Trouble with Criticism&#8221;<\/a> va reunir un prestigi\u00f3s elenc de cr\u00edtics sota el sostre de l&#8217;ICA: Tom Morton (comissari i cr\u00edtic independent i col\u00b7laborador habitual de la revista Frieze), Adrian Searle (cr\u00edtic d&#8217;art del diari The Guardian), Melissa Gronlund (editora executiva de Afterall) i JJ Charlesworth (editor associat de la revista ArtReview). La discussi\u00f3 va comen\u00e7ar amb for\u00e7a gr\u00e0cies a la moderadora, la comiss\u00e0ria i cr\u00edtica Teresa Gleadowe, que va preguntar als participants si la suposada crisi de la cr\u00edtica d&#8217;art podia ser deguda, en part, a l\u00b4imparable ascens del comissari com a principal mediador entre l&#8217;artista i el seu p\u00fablic. Per a la que escriu aquestes l\u00ednies, conven\u00e7uda que aquesta \u00e9s sens dubte una de les causes de les hores baixes que viuen els cr\u00edtics, la confer\u00e8ncia per un moment va prometre molt\u00edssim. No obstant aix\u00f2 no hi va haver respostes conclusives, o satisfact\u00f2ries.<\/p>\n<p>JJ Charlesworth va fer una s\u00e8rie de comentaris interessants, per\u00f2, com per exemple que en l&#8217;actualitat els cr\u00edtics es troben immersos en una perenne i angoixant lluita per justificar el valor i la necessitat del seu paper. Tribulaci\u00f3 a la qual es podria sumar una pregunta en diverses fases: en un paisatge art\u00edstic en el qual els comissaris decideixen quins artistes s\u00f3n promocionats a nivell institucional, en el que l&#8217;educaci\u00f3 universit\u00e0ria, i com a resultat de l&#8217;hegemonia de la pr\u00e0ctica conceptual, ha ensenyat als artistes a articular les seves obres com si fossin tesis doctorals, explicant el proc\u00e9s, el concepte i fins a la interpretaci\u00f3 &#8220;adequada&#8221; de vegades; i en el qual els galeristes i col\u00b7leccionistes manegen els recursos econ\u00f2mics per assegurar la visibilitat i viabilitat de les carreres de certs artistes, en un paisatge aix\u00ed repeteixo, quin \u00e9s exactament el rol del cr\u00edtic?<\/p>\n<p>Un altre dels problemes que afecten al g\u00e8nere, resultat de la ja esmentada hibridaci\u00f3 amb altres disciplines com la hist\u00f2ria o el comissariat, \u00e9s el que Christopher Bedford va identificar el 2008 en el seu assaig &#8220;Art Without Criticism&#8221;: &#8220;Els historiadors de l&#8217;art, fins i tot els comissaris dels museus, passen m\u00e9s temps formulant les seves tesis que mirant els objectes que sustenten aquestes tesis. Per als historiadors d&#8217;art contemporani m\u00e9s inclinats al pensament te\u00f2ric les obres d&#8217;art no s\u00f3n generatives, s\u00f3n il\u00b7lustratives&#8221;. \u00c9s precisament el parany que les obres d&#8217;art serveixen per &#8220;il\u00b7lustrar&#8221; les idees d&#8217;algun comissari, cr\u00edtic o historiador el que limita l&#8217;experi\u00e8ncia de l&#8217;art i de la seva cr\u00edtica. Potser caldria donar m\u00e9s &#8220;espai&#8221; a les obres, no ficar-les en calaixos mentals constru\u00efts a priori amb els materials que proporciona el vertigen, o fins i tot el p\u00e0nic, que pot produir enfrontar-se a una pe\u00e7a a primera vista incomprensible.<\/p>\n<p>Una possible &#8220;cura&#8221; per a aquesta estrat\u00e8gia hermen\u00e8utica tan generalitzada (aprofito aquestes l\u00ednies per entonar un sentit mea culpa) la va donar Lucy Lippard ja el 1970, en el seu assaig &#8220;Change and Criticism: Consistency and Small Minds&#8221;: &#8220;Les recompenses de la cr\u00edtica d&#8217;art resideixen en l&#8217;acte de mirar una obra d&#8217;art i de permetre a un mateix el temps d&#8217;experimentar i re-experimentar-la, de pensar, considerar, articular, vacil\u00b7lar i tornar a articular. La cr\u00edtica d&#8217;art contemporani no \u00e9s l&#8217;\u00e0mbit adequat per a alg\u00fa que esperi tenir la ra\u00f3 en tot moment, o en la majoria de les ocasions. El canvi r\u00e0pid i no sempre significatiu necessita un criticisme il\u00b7l\u00f2gic que cre\u00ef un di\u00e0leg entre el fet hist\u00f2ric, el visual i l&#8217;opini\u00f3 d&#8217;una &#8220;forma oberta&#8221;, en comptes d&#8217;intentar establir un sistema pedant que no permet variacions i que \u00e9s \u00fanicament perfecte en les seves pr\u00f2pies limitacions. La idea d&#8217;autocorrecci\u00f3 \u00e9s precisament el m\u00e9s interessant de la cr\u00edtica d&#8217;art. Oscar Wilde va dir que &#8220;la cr\u00edtica \u00e9s la m\u00e9s alta forma d&#8217;autobiografia. Jo desitjaria que no fos autobiografia o auto-expressi\u00f3, sin\u00f3 auto-did\u00e0ctica, una mostra impresa del proc\u00e9s d&#8217;aprenentatge i, idealment, una demostraci\u00f3 que l&#8217;art discutit \u00e9s estimulant&#8221;.<\/p>\n<p>Qu\u00e8 ens estava dient Lippard fa ja 42 anys? Que la cr\u00edtica \u00e9s un proc\u00e9s org\u00e0nic, mutable i que en el seu nom est\u00e0 perm\u00e8s equivocar-se. La seva cita implica tamb\u00e9 que una de les funcions de la cr\u00edtica \u00e9s fomentar el debat i la discussi\u00f3. I si hi ha alguna cosa que impossibilita aix\u00f2 \u00e9s la pres\u00e8ncia asfixiant del consens generalitzat a l&#8217;escena de l&#8217;art internacional. La cr\u00edtica pateix una crisi que ha de ser afrontada, amb valentia i generositat, en p\u00fablic: en els f\u00f2rums on els cr\u00edtics parlen entre ells i a les seves audi\u00e8ncies. Per aquest motiu, m\u00e9s enll\u00e0 de valorar els resultats de certa confer\u00e8ncia o d\u00b4una altra, \u00e9s encoratjador que aquestes confer\u00e8ncies, o projectes editorials com el fant\u00e0stic &#8220;Judgment and Contemporary Art Criticism&#8221;, estiguin tenint lloc en r\u00e0pida successi\u00f3 en aquests \u00faltims anys. Per\u00f2 sobretot el cr\u00edtic ha d&#8217;estudiar-se a si mateix. Com a escriptor, s&#8217;enfronta al seu treball en solitari i poques vegades sap quines opinions o efectes seus textos poden arribar a suscitar. \u00c9s en aquesta soledat, i en l&#8217;exercici d&#8217;exig\u00e8ncia i autocorrecci\u00f3 que l&#8217;acompanya, on la crisi de la cr\u00edtica d&#8217;art pot comen\u00e7ar a ser combatuda.<\/p>\n","protected":false},"excerpt":{"rendered":"<p>La cr\u00edtica de l&#8217;art sembla ser aquest context en permanent crisi, en dubte constant sobre la seva necessitat i la seva funci\u00f3. En una situaci\u00f3 on els poders econ\u00f2mics s\u00f3n&#8230;<\/p>\n","protected":false},"author":1405,"featured_media":10998,"comment_status":"open","ping_status":"open","sticky":false,"template":"","format":"standard","meta":{"_relevanssi_hide_post":"","_relevanssi_hide_content":"","_relevanssi_pin_for_all":"","_relevanssi_pin_keywords":"","_relevanssi_unpin_keywords":"","_relevanssi_related_keywords":"","_relevanssi_related_include_ids":"","_relevanssi_related_exclude_ids":"","_relevanssi_related_no_append":"","_relevanssi_related_not_related":"","_relevanssi_related_posts":"","_relevanssi_noindex_reason":"","footnotes":""},"categories":[6782],"tags":[5555],"coauthors":[],"acf":[],"yoast_head":"<!-- This site is optimized with the Yoast SEO plugin v22.6 - https:\/\/yoast.com\/wordpress\/plugins\/seo\/ -->\n<title>La lluita angoixant per justificar el valor i la necessitat &#8211; A*Desk<\/title>\n<meta name=\"robots\" content=\"index, follow, max-snippet:-1, max-image-preview:large, max-video-preview:-1\" \/>\n<link rel=\"canonical\" href=\"https:\/\/a-desk.org\/magazine\/la-angustiosa-lucha-por-justificar-el-valor-y-la-necesidad\/\" \/>\n<meta property=\"og:locale\" content=\"ca_ES\" \/>\n<meta property=\"og:type\" content=\"article\" \/>\n<meta property=\"og:title\" content=\"La lluita angoixant per justificar el valor i la necessitat &#8211; A*Desk\" \/>\n<meta property=\"og:description\" content=\"La cr\u00edtica de l&#8217;art sembla ser aquest context en permanent crisi, en dubte constant sobre la seva necessitat i la seva funci\u00f3. En una situaci\u00f3 on els poders econ\u00f2mics s\u00f3n...\" \/>\n<meta property=\"og:url\" content=\"https:\/\/a-desk.org\/magazine\/la-angustiosa-lucha-por-justificar-el-valor-y-la-necesidad\/\" \/>\n<meta property=\"og:site_name\" content=\"A*Desk\" \/>\n<meta property=\"article:published_time\" content=\"2012-01-25T03:15:12+00:00\" \/>\n<meta property=\"og:image\" content=\"https:\/\/a-desk.org\/wp-content\/uploads\/2012\/01\/arton1304.jpg\" \/>\n\t<meta property=\"og:image:width\" content=\"600\" \/>\n\t<meta property=\"og:image:height\" content=\"412\" \/>\n\t<meta property=\"og:image:type\" content=\"image\/jpeg\" \/>\n<meta name=\"author\" content=\"Lorena Mu\u00f1oz-Alonso\" \/>\n<meta name=\"twitter:card\" content=\"summary_large_image\" \/>\n<meta name=\"twitter:label1\" content=\"Escrit per\" \/>\n\t<meta name=\"twitter:data1\" content=\"Lorena Mu\u00f1oz-Alonso\" \/>\n\t<meta name=\"twitter:label2\" content=\"Temps estimat de lectura\" \/>\n\t<meta name=\"twitter:data2\" content=\"7 minuts\" \/>\n\t<meta name=\"twitter:label3\" content=\"Written by\" \/>\n\t<meta name=\"twitter:data3\" content=\"Lorena Mu\u00f1oz-Alonso\" \/>\n<script type=\"application\/ld+json\" class=\"yoast-schema-graph\">{\"@context\":\"https:\/\/schema.org\",\"@graph\":[{\"@type\":\"WebPage\",\"@id\":\"https:\/\/a-desk.org\/magazine\/la-angustiosa-lucha-por-justificar-el-valor-y-la-necesidad\/\",\"url\":\"https:\/\/a-desk.org\/magazine\/la-angustiosa-lucha-por-justificar-el-valor-y-la-necesidad\/\",\"name\":\"La lluita angoixant per justificar el valor i la necessitat &#8211; A*Desk\",\"isPartOf\":{\"@id\":\"https:\/\/a-desk.org\/#website\"},\"primaryImageOfPage\":{\"@id\":\"https:\/\/a-desk.org\/magazine\/la-angustiosa-lucha-por-justificar-el-valor-y-la-necesidad\/#primaryimage\"},\"image\":{\"@id\":\"https:\/\/a-desk.org\/magazine\/la-angustiosa-lucha-por-justificar-el-valor-y-la-necesidad\/#primaryimage\"},\"thumbnailUrl\":\"https:\/\/a-desk.org\/wp-content\/uploads\/2012\/01\/arton1304.jpg\",\"datePublished\":\"2012-01-25T03:15:12+00:00\",\"dateModified\":\"2012-01-25T03:15:12+00:00\",\"author\":{\"@id\":\"https:\/\/a-desk.org\/#\/schema\/person\/1f74a3800978c60ddf3bfa9deb0693d6\"},\"breadcrumb\":{\"@id\":\"https:\/\/a-desk.org\/magazine\/la-angustiosa-lucha-por-justificar-el-valor-y-la-necesidad\/#breadcrumb\"},\"inLanguage\":\"ca\",\"potentialAction\":[{\"@type\":\"ReadAction\",\"target\":[\"https:\/\/a-desk.org\/magazine\/la-angustiosa-lucha-por-justificar-el-valor-y-la-necesidad\/\"]}]},{\"@type\":\"ImageObject\",\"inLanguage\":\"ca\",\"@id\":\"https:\/\/a-desk.org\/magazine\/la-angustiosa-lucha-por-justificar-el-valor-y-la-necesidad\/#primaryimage\",\"url\":\"https:\/\/a-desk.org\/wp-content\/uploads\/2012\/01\/arton1304.jpg\",\"contentUrl\":\"https:\/\/a-desk.org\/wp-content\/uploads\/2012\/01\/arton1304.jpg\",\"width\":600,\"height\":412},{\"@type\":\"BreadcrumbList\",\"@id\":\"https:\/\/a-desk.org\/magazine\/la-angustiosa-lucha-por-justificar-el-valor-y-la-necesidad\/#breadcrumb\",\"itemListElement\":[{\"@type\":\"ListItem\",\"position\":1,\"name\":\"Portada\",\"item\":\"https:\/\/a-desk.org\/ca\/\"},{\"@type\":\"ListItem\",\"position\":2,\"name\":\"La lluita angoixant per justificar el valor i la necessitat\"}]},{\"@type\":\"WebSite\",\"@id\":\"https:\/\/a-desk.org\/#website\",\"url\":\"https:\/\/a-desk.org\/\",\"name\":\"A*Desk\",\"description\":\"A*Desk Critical Thinking\",\"potentialAction\":[{\"@type\":\"SearchAction\",\"target\":{\"@type\":\"EntryPoint\",\"urlTemplate\":\"https:\/\/a-desk.org\/?s={search_term_string}\"},\"query-input\":\"required name=search_term_string\"}],\"inLanguage\":\"ca\"},{\"@type\":\"Person\",\"@id\":\"https:\/\/a-desk.org\/#\/schema\/person\/1f74a3800978c60ddf3bfa9deb0693d6\",\"name\":\"Lorena Mu\u00f1oz-Alonso\",\"image\":{\"@type\":\"ImageObject\",\"inLanguage\":\"ca\",\"@id\":\"https:\/\/a-desk.org\/#\/schema\/person\/image\/9994a4347782d2c50dc661bcc828627c\",\"url\":\"https:\/\/secure.gravatar.com\/avatar\/d06362dc760d836d0571770b85030008?s=96&d=mm&r=g\",\"contentUrl\":\"https:\/\/secure.gravatar.com\/avatar\/d06362dc760d836d0571770b85030008?s=96&d=mm&r=g\",\"caption\":\"Lorena Mu\u00f1oz-Alonso\"},\"url\":\"https:\/\/a-desk.org\/ca\/autor\/lorenamuaoz\/\"}]}<\/script>\n<!-- \/ Yoast SEO plugin. -->","yoast_head_json":{"title":"La lluita angoixant per justificar el valor i la necessitat &#8211; A*Desk","robots":{"index":"index","follow":"follow","max-snippet":"max-snippet:-1","max-image-preview":"max-image-preview:large","max-video-preview":"max-video-preview:-1"},"canonical":"https:\/\/a-desk.org\/magazine\/la-angustiosa-lucha-por-justificar-el-valor-y-la-necesidad\/","og_locale":"ca_ES","og_type":"article","og_title":"La lluita angoixant per justificar el valor i la necessitat &#8211; A*Desk","og_description":"La cr\u00edtica de l&#8217;art sembla ser aquest context en permanent crisi, en dubte constant sobre la seva necessitat i la seva funci\u00f3. En una situaci\u00f3 on els poders econ\u00f2mics s\u00f3n...","og_url":"https:\/\/a-desk.org\/magazine\/la-angustiosa-lucha-por-justificar-el-valor-y-la-necesidad\/","og_site_name":"A*Desk","article_published_time":"2012-01-25T03:15:12+00:00","og_image":[{"width":600,"height":412,"url":"https:\/\/a-desk.org\/wp-content\/uploads\/2012\/01\/arton1304.jpg","type":"image\/jpeg"}],"author":"Lorena Mu\u00f1oz-Alonso","twitter_card":"summary_large_image","twitter_misc":{"Escrit per":"Lorena Mu\u00f1oz-Alonso","Temps estimat de lectura":"7 minuts","Written by":"Lorena Mu\u00f1oz-Alonso"},"schema":{"@context":"https:\/\/schema.org","@graph":[{"@type":"WebPage","@id":"https:\/\/a-desk.org\/magazine\/la-angustiosa-lucha-por-justificar-el-valor-y-la-necesidad\/","url":"https:\/\/a-desk.org\/magazine\/la-angustiosa-lucha-por-justificar-el-valor-y-la-necesidad\/","name":"La lluita angoixant per justificar el valor i la necessitat &#8211; A*Desk","isPartOf":{"@id":"https:\/\/a-desk.org\/#website"},"primaryImageOfPage":{"@id":"https:\/\/a-desk.org\/magazine\/la-angustiosa-lucha-por-justificar-el-valor-y-la-necesidad\/#primaryimage"},"image":{"@id":"https:\/\/a-desk.org\/magazine\/la-angustiosa-lucha-por-justificar-el-valor-y-la-necesidad\/#primaryimage"},"thumbnailUrl":"https:\/\/a-desk.org\/wp-content\/uploads\/2012\/01\/arton1304.jpg","datePublished":"2012-01-25T03:15:12+00:00","dateModified":"2012-01-25T03:15:12+00:00","author":{"@id":"https:\/\/a-desk.org\/#\/schema\/person\/1f74a3800978c60ddf3bfa9deb0693d6"},"breadcrumb":{"@id":"https:\/\/a-desk.org\/magazine\/la-angustiosa-lucha-por-justificar-el-valor-y-la-necesidad\/#breadcrumb"},"inLanguage":"ca","potentialAction":[{"@type":"ReadAction","target":["https:\/\/a-desk.org\/magazine\/la-angustiosa-lucha-por-justificar-el-valor-y-la-necesidad\/"]}]},{"@type":"ImageObject","inLanguage":"ca","@id":"https:\/\/a-desk.org\/magazine\/la-angustiosa-lucha-por-justificar-el-valor-y-la-necesidad\/#primaryimage","url":"https:\/\/a-desk.org\/wp-content\/uploads\/2012\/01\/arton1304.jpg","contentUrl":"https:\/\/a-desk.org\/wp-content\/uploads\/2012\/01\/arton1304.jpg","width":600,"height":412},{"@type":"BreadcrumbList","@id":"https:\/\/a-desk.org\/magazine\/la-angustiosa-lucha-por-justificar-el-valor-y-la-necesidad\/#breadcrumb","itemListElement":[{"@type":"ListItem","position":1,"name":"Portada","item":"https:\/\/a-desk.org\/ca\/"},{"@type":"ListItem","position":2,"name":"La lluita angoixant per justificar el valor i la necessitat"}]},{"@type":"WebSite","@id":"https:\/\/a-desk.org\/#website","url":"https:\/\/a-desk.org\/","name":"A*Desk","description":"A*Desk Critical Thinking","potentialAction":[{"@type":"SearchAction","target":{"@type":"EntryPoint","urlTemplate":"https:\/\/a-desk.org\/?s={search_term_string}"},"query-input":"required name=search_term_string"}],"inLanguage":"ca"},{"@type":"Person","@id":"https:\/\/a-desk.org\/#\/schema\/person\/1f74a3800978c60ddf3bfa9deb0693d6","name":"Lorena Mu\u00f1oz-Alonso","image":{"@type":"ImageObject","inLanguage":"ca","@id":"https:\/\/a-desk.org\/#\/schema\/person\/image\/9994a4347782d2c50dc661bcc828627c","url":"https:\/\/secure.gravatar.com\/avatar\/d06362dc760d836d0571770b85030008?s=96&d=mm&r=g","contentUrl":"https:\/\/secure.gravatar.com\/avatar\/d06362dc760d836d0571770b85030008?s=96&d=mm&r=g","caption":"Lorena Mu\u00f1oz-Alonso"},"url":"https:\/\/a-desk.org\/ca\/autor\/lorenamuaoz\/"}]}},"_links":{"self":[{"href":"https:\/\/a-desk.org\/ca\/wp-json\/wp\/v2\/posts\/10999"}],"collection":[{"href":"https:\/\/a-desk.org\/ca\/wp-json\/wp\/v2\/posts"}],"about":[{"href":"https:\/\/a-desk.org\/ca\/wp-json\/wp\/v2\/types\/post"}],"author":[{"embeddable":true,"href":"https:\/\/a-desk.org\/ca\/wp-json\/wp\/v2\/users\/1405"}],"replies":[{"embeddable":true,"href":"https:\/\/a-desk.org\/ca\/wp-json\/wp\/v2\/comments?post=10999"}],"version-history":[{"count":0,"href":"https:\/\/a-desk.org\/ca\/wp-json\/wp\/v2\/posts\/10999\/revisions"}],"wp:featuredmedia":[{"embeddable":true,"href":"https:\/\/a-desk.org\/ca\/wp-json\/wp\/v2\/media\/10998"}],"wp:attachment":[{"href":"https:\/\/a-desk.org\/ca\/wp-json\/wp\/v2\/media?parent=10999"}],"wp:term":[{"taxonomy":"category","embeddable":true,"href":"https:\/\/a-desk.org\/ca\/wp-json\/wp\/v2\/categories?post=10999"},{"taxonomy":"post_tag","embeddable":true,"href":"https:\/\/a-desk.org\/ca\/wp-json\/wp\/v2\/tags?post=10999"},{"taxonomy":"author","embeddable":true,"href":"https:\/\/a-desk.org\/ca\/wp-json\/wp\/v2\/coauthors?post=10999"}],"curies":[{"name":"wp","href":"https:\/\/api.w.org\/{rel}","templated":true}]}}