{"id":11030,"date":"2012-02-10T06:01:33","date_gmt":"2012-02-10T06:01:33","guid":{"rendered":"http:\/\/a-desk.org\/2012\/02\/10\/tenir-i-necessitar-desitjar\/"},"modified":"2012-02-10T06:01:33","modified_gmt":"2012-02-10T06:01:33","slug":"tenir-i-necessitar-desitjar","status":"publish","type":"post","link":"https:\/\/a-desk.org\/ca\/magazine\/tenir-i-necessitar-desitjar\/","title":{"rendered":"Tenir i Necessitar. Desitjar"},"content":{"rendered":"<p class=\"post_excerpt\">La proclama des del camp pol\u00edtic dient que a Berl\u00edn s&#8217;organitzaria una gran exposici\u00f3 amb la seva jove i invisible creativitat art\u00edstica, aix\u00ed com que s&#8217;obriria un centre d&#8217;art amb aquest motiu, va desencadenar una mena de revoluci\u00f3 entre els agents de la ciutat. Enfront d&#8217;una voluntat d&#8217;instrumentalitzaci\u00f3 pol\u00edtica, m\u00faltiples reunions i debats estan plantejant el paper d&#8217;artistes i agents art\u00edstics des de la base en la formulaci\u00f3 de la ciutat.<\/p>\n<p><!--more--><br \/>\nEl passat dia 29 de gener, un diumenge, va tenir lloc a Berl\u00edn la presentaci\u00f3 del <a href=\"http:\/\/habenundbrauchen.de\/__oneclick_uploads\/2012\/01\/hb_web_english.pdf\">manifest &#8220;Haben und Brauchen<\/a>&#8221; (tenir i necessitar). Un escrit que pren deliberadament la forma d&#8217;un pamflet, un fullet\u00f3 en blanc i negre de 9 p\u00e0gines, que vindria a ser el primer &#8220;resultat&#8221; de les discussions, debats i reunions que des de desembre de 2010 s&#8217;han anat succeint sota el mateix nom a Berl\u00edn.<\/p>\n<p>\u2028\u2028El detonant del comen\u00e7ament de l&#8217;activitat d&#8217;un conglomerat de personalitats i col\u00b7lectius dedicats al camp de les arts i cultura a Berl\u00edn en el seu aspecte m\u00e9s pol\u00edtic-cr\u00edtic caldria apuntar, va ser l&#8217;anunci per part de l&#8217;alcalde Klaus Wowereit de la convocat\u00f2ria del que en aquells dies es va anomenar &#8220;Leistungsschau junger Kunst aus Berlin&#8221; (certamen d&#8217;art jove de Berl\u00edn). A trav\u00e9s d&#8217;aquesta crida, l&#8217;alcalde de la ciutat instava als artistes joves residents a Berl\u00edn a formar part d&#8217;una \u00a8macro-exposici\u00f3\u00a8, convenientment organitzada pocs mesos abans de les eleccions municipals, la pretensi\u00f3 de la qual era donar el merescut espai i atenci\u00f3 a la creixent comunitat art\u00edstica de la capital alemanya.\u2028\u2028<\/p>\n<p>Com a part del projecte, o m\u00e9s aviat, com contenidor per a aquest contingent\/convenient resultat es va plantejar la construcci\u00f3 de &#8220;El&#8221; centre d&#8217;art contemporani de Berl\u00edn, ja que, segons l&#8217;executiu, no existeix a la ciutat un espai adequat per a l&#8217;exhibici\u00f3 de la profusa i avantguardista producci\u00f3 art\u00edstica que es d\u00f3na lloc en aquest moment a Berl\u00edn.<\/p>\n<p>\u2028\u2028Com era de preveure davant d&#8217;aquesta arrog\u00e0ncia, institucions, galeries i espais aut\u00f2noms diversos, alguns d&#8217;ells amb m\u00e9s de 40 anys de cam\u00ed, no van perdre temps a reclamar el reconeixement a la tasca que realitzen, aix\u00ed com tamb\u00e9 subratllaren els obvis interessos electorals darrere de la convocat\u00f2ria. En una g\u00e8lida nit de desembre, a l&#8217;ara inexistent espai independent Basso, va comen\u00e7ar el que despr\u00e9s passaria a anomenar-se &#8220;Haben und Brauchen&#8221;.\u2028\u2028<\/p>\n<p>Representants d&#8217;espais com Ngbk, Kunstraum Kreuzberg Bethanien, Salon Populaire, aix\u00ed com artistes i comissaris, es van reunir per tal de denunciar els errors, reclamar els \u00e8xits i contestar la no menys conflictiva afirmaci\u00f3 de Wowereit sobre la insufici\u00e8ncia de l&#8217;espai existent per la cultura contempor\u00e0nia a Berl\u00edn, regirant-se davant l&#8217;intent impl\u00edcit a trav\u00e9s d&#8217;aquesta maniobra d&#8217;apropiaci\u00f3 d&#8217;una creaci\u00f3 que hist\u00f2ricament ha hagut d&#8217;organitzar els seus propis recursos per a existir.\u2028\u2028<\/p>\n<p>L&#8217;exposici\u00f3 pretesa per l&#8217;alcalde finalment va tenir lloc, amb un altre nom &#8211; &#8220;Based in Berlin&#8221; -, a 5 llocs diferents en comptes d&#8217;un, i sota una exultant abs\u00e8ncia de concepte. No obstant aix\u00f2, les demandes enunciades per &#8220;Haben und Brauchen&#8221;, recollides a una carta oberta a l&#8217;alcalde i signades per artistes, representants institucionals i comissaris, van ser \u00e0mpliament implementades en el programa (tot i que aquest fet va ser facilitat per una dr\u00e0stica retallada de pressupost per el projecte): entre elles, la inclusi\u00f3 de diverses institucions com a espais expositius.<\/p>\n<p>\u2028\u2028La pregunta de molts, entre els quals em compto, va ser si amb aquest gest s&#8217;havia esmenat el problema, si despr\u00e9s del reconeixement a la pres\u00e8ncia i tasca, si despr\u00e9s de la den\u00fancia al buit de contingut, els interessos pol\u00edtics i els danys col\u00b7laterals, com el brutal proc\u00e9s de gentrificaci\u00f3 que implacablement s&#8217;est\u00e0 produint a Berl\u00edn, amb un arranjament pal\u00b7liatiu com \u00e9s la inclusi\u00f3 de certs espais m\u00e9s per necessitat que per desig, les veus cr\u00edtiques que finalment s&#8217;havien al\u00e7at havien que de sentir-se satisfetes.<\/p>\n<p>\u2028\u2028Les institucions participants van rebutjar qualsevol responsabilitat o vinculaci\u00f3 curatorial amb l&#8217;exposici\u00f3, argument al\u00b7legat com a excusa davant la pregunta de per qu\u00e8 donar cabuda a un projecte d&#8217;aquestes caracter\u00edstiques. No obstant aix\u00f2, no es pot eludir la responsabilitat que comporta l\u00b4albergar i avalar una iniciativa mitjan\u00e7ant la ignor\u00e0ncia volunt\u00e0ria sobre el seu contingut, m\u00e9s encara quan les circumst\u00e0ncies en qu\u00e8 aquesta es contextualitza s\u00f3n fins a tal punt q\u00fcestionables.\u2028\u2028<\/p>\n<p>Malgrat tot, si calgu\u00e9s recapitular, potser &#8220;Based in Berlin&#8221; va portar millors resultats dels que una podria haver llavors imaginat, especialment pel factor inesperat. L&#8217;acumulaci\u00f3 de problemes i conflictes del m\u00f3n de l&#8217;art encarnats per &#8220;Based in Berlin&#8221; va aconseguir reunir els disconformes, farts i volunt\u00e0riament exclosos de la manera en qu\u00e8 la l\u00f2gica neoliberal fagocita l&#8217;art contemporani.\u2028\u2028<\/p>\n<p>Aquells que desitjaven afrontar i tractar de verbalitzar la confusi\u00f3 i impot\u00e8ncia de la situaci\u00f3, van decidir seguir units, trobar-se peri\u00f2dicament per parlar, debatre, guanyar-li temps al capital i unir forces. Aix\u00ed, les trobades de &#8220;Haben und Brauchen&#8221; s&#8217;han anat succeint en llocs com Salon Populaire, General Public o Ngbk, entestats en agrupar-se i discutir les circumst\u00e0ncies amb qu\u00e8 artistes, comissaris i altres treballadors de les arts han de negociar di\u00e0riament: la falta de reconeixement laboral al seu treball mitjan\u00e7ant contractes, salaris, regulacions i participaci\u00f3 en la seguretat social, per exemple.<\/p>\n<p>\u2028\u2028&#8221;Haben und Brauchen&#8221; no \u00e9s la primera iniciativa que recalca tal explotaci\u00f3. Organitzacions com la novaiorquesa W.A.G.E., la sueca The YES! Association o l&#8217;holandesa CASCO fa temps que reclamen, entre d\u00b4altres q\u00fcestions, la regularitzaci\u00f3 del treball art\u00edstic segons els sistemes laborals sindicals, aix\u00ed com la posada en pr\u00e0ctica de contractes i honoraris per exposici\u00f3 per als artistes. \u00c9s obvi que l&#8217;economia de mercat juga un paper determinant en la valoritzaci\u00f3 de l&#8217;art, per\u00f2, exceptuant aquella minoria que ha constitu\u00eft del seu nom una multimilion\u00e0ria franqu\u00edcia, els treballadors de les arts, especialment artistes i comissaris independents, s\u00f3n exemples d&#8217;explotaci\u00f3 contempor\u00e0nia : sense horaris, sense jornades laborals ni setmana, treballant amb l&#8217;\u00fanica motivaci\u00f3 de realitzar un projecte i esperar que un futur incert reconegui la seva tasca invisible.\u2028\u2028<\/p>\n<p>S\u00f3n aquestes caracter\u00edstiques les que han fet de l&#8217;artista el model d&#8217;aquesta entel\u00e8quia repetida fins la sacietat per la maquin\u00e0ria de formaci\u00f3 capitalista: l&#8217;emprenedor, que s&#8217;entrega per la consecuci\u00f3 del seu projecte, treballant sense l\u00edmit, sense salari, sense horari i sense pensi\u00f3.<\/p>\n<p>\u2028\u2028S\u00f3n moltes les veus que criden que si l&#8217;art no t\u00e9 un moviment obrer i sindical caldr\u00e0 inventar-lo, havent-hi ja projectes concrets per a la creaci\u00f3 de sindicats d&#8217;artistes, alguns d&#8217;ells hist\u00f2rics, com \u00e9s el cas de Artist&#8217;Union als Estats Units o el Bundesverband Bildender K\u00fcnstlerinnen und K\u00fcnstler a Alemanya. D&#8217;altra banda, tamb\u00e9 s\u00f3n molts els que rebutgen aquesta possibilitat, al\u00b7legant que la introducci\u00f3 d&#8217;un organisme sindical implicaria un aparell de control dif\u00edcil de preveure i limitar.\u2028\u2028<\/p>\n<p>De totes maneres, la proliferaci\u00f3 d&#8217;aquestes iniciatives \u00e9s necess\u00e0ria per tractar de contrarestar organitzadament a la incontestable transformaci\u00f3 de la concepci\u00f3 del treball que s&#8217;est\u00e0 produint. Estructuraci\u00f3 i re-uni\u00f3, reformulaci\u00f3 d&#8217;un com\u00fa m\u00e9s enll\u00e0 de l&#8217;assimilacionisme que proveeixi de diversitat i for\u00e7a per afrontar l\u00b4evidentment complex panorama, mitjan\u00e7ant el di\u00e0leg, la cr\u00edtica, el debat i la comunitat.\u2028\u2028<\/p>\n<p>Malgrat tot, caldria fer un \u00faltim apunt a l&#8217;entusiasme i inter\u00e8s despertats per les reivindicacions i den\u00fancies recollides per &#8220;Haben und Brauchen&#8221;, i \u00e9s que no puc deixar de pensar que, igual que el dia en qu\u00e8 el manifest es va presentar p\u00fablicament, avui que em trobo escrivint aix\u00f2, \u00e9s diumenge.\u2028<\/p>\n","protected":false},"excerpt":{"rendered":"<p>La proclama des del camp pol\u00edtic dient que a Berl\u00edn s&#8217;organitzaria una gran exposici\u00f3 amb la seva jove i invisible creativitat art\u00edstica, aix\u00ed com que s&#8217;obriria un centre d&#8217;art amb&#8230;<\/p>\n","protected":false},"author":1409,"featured_media":11029,"comment_status":"open","ping_status":"open","sticky":false,"template":"","format":"standard","meta":{"_relevanssi_hide_post":"","_relevanssi_hide_content":"","_relevanssi_pin_for_all":"","_relevanssi_pin_keywords":"","_relevanssi_unpin_keywords":"","_relevanssi_related_keywords":"","_relevanssi_related_include_ids":"","_relevanssi_related_exclude_ids":"","_relevanssi_related_no_append":"","_relevanssi_related_not_related":"","_relevanssi_related_posts":"","_relevanssi_noindex_reason":"","footnotes":""},"categories":[6782],"tags":[5837],"coauthors":[],"acf":[],"yoast_head":"<!-- This site is optimized with the Yoast SEO plugin v22.6 - https:\/\/yoast.com\/wordpress\/plugins\/seo\/ -->\n<title>Tenir i Necessitar. Desitjar &#8211; A*Desk<\/title>\n<meta name=\"robots\" content=\"index, follow, max-snippet:-1, max-image-preview:large, max-video-preview:-1\" \/>\n<link rel=\"canonical\" href=\"https:\/\/a-desk.org\/magazine\/tener-y-necesitar-desear\/\" \/>\n<meta property=\"og:locale\" content=\"ca_ES\" \/>\n<meta property=\"og:type\" content=\"article\" \/>\n<meta property=\"og:title\" content=\"Tenir i Necessitar. Desitjar &#8211; A*Desk\" \/>\n<meta property=\"og:description\" content=\"La proclama des del camp pol\u00edtic dient que a Berl\u00edn s&#8217;organitzaria una gran exposici\u00f3 amb la seva jove i invisible creativitat art\u00edstica, aix\u00ed com que s&#8217;obriria un centre d&#8217;art amb...\" \/>\n<meta property=\"og:url\" content=\"https:\/\/a-desk.org\/magazine\/tener-y-necesitar-desear\/\" \/>\n<meta property=\"og:site_name\" content=\"A*Desk\" \/>\n<meta property=\"article:published_time\" content=\"2012-02-10T06:01:33+00:00\" \/>\n<meta property=\"og:image\" content=\"https:\/\/a-desk.org\/wp-content\/uploads\/2012\/02\/arton1335.jpg\" \/>\n\t<meta property=\"og:image:width\" content=\"600\" \/>\n\t<meta property=\"og:image:height\" content=\"399\" \/>\n\t<meta property=\"og:image:type\" content=\"image\/jpeg\" \/>\n<meta name=\"author\" content=\"Clara L\u00f3pez\" \/>\n<meta name=\"twitter:card\" content=\"summary_large_image\" \/>\n<meta name=\"twitter:label1\" content=\"Escrit per\" \/>\n\t<meta name=\"twitter:data1\" content=\"Clara L\u00f3pez\" \/>\n\t<meta name=\"twitter:label2\" content=\"Temps estimat de lectura\" \/>\n\t<meta name=\"twitter:data2\" content=\"6 minuts\" \/>\n\t<meta name=\"twitter:label3\" content=\"Written by\" \/>\n\t<meta name=\"twitter:data3\" content=\"Clara L\u00f3pez\" \/>\n<script type=\"application\/ld+json\" class=\"yoast-schema-graph\">{\"@context\":\"https:\/\/schema.org\",\"@graph\":[{\"@type\":\"WebPage\",\"@id\":\"https:\/\/a-desk.org\/magazine\/tener-y-necesitar-desear\/\",\"url\":\"https:\/\/a-desk.org\/magazine\/tener-y-necesitar-desear\/\",\"name\":\"Tenir i Necessitar. Desitjar &#8211; A*Desk\",\"isPartOf\":{\"@id\":\"https:\/\/a-desk.org\/#website\"},\"primaryImageOfPage\":{\"@id\":\"https:\/\/a-desk.org\/magazine\/tener-y-necesitar-desear\/#primaryimage\"},\"image\":{\"@id\":\"https:\/\/a-desk.org\/magazine\/tener-y-necesitar-desear\/#primaryimage\"},\"thumbnailUrl\":\"https:\/\/a-desk.org\/wp-content\/uploads\/2012\/02\/arton1335.jpg\",\"datePublished\":\"2012-02-10T06:01:33+00:00\",\"dateModified\":\"2012-02-10T06:01:33+00:00\",\"author\":{\"@id\":\"https:\/\/a-desk.org\/#\/schema\/person\/9e8ca0c0597ae1fdff9bcd1861b752fb\"},\"breadcrumb\":{\"@id\":\"https:\/\/a-desk.org\/magazine\/tener-y-necesitar-desear\/#breadcrumb\"},\"inLanguage\":\"ca\",\"potentialAction\":[{\"@type\":\"ReadAction\",\"target\":[\"https:\/\/a-desk.org\/magazine\/tener-y-necesitar-desear\/\"]}]},{\"@type\":\"ImageObject\",\"inLanguage\":\"ca\",\"@id\":\"https:\/\/a-desk.org\/magazine\/tener-y-necesitar-desear\/#primaryimage\",\"url\":\"https:\/\/a-desk.org\/wp-content\/uploads\/2012\/02\/arton1335.jpg\",\"contentUrl\":\"https:\/\/a-desk.org\/wp-content\/uploads\/2012\/02\/arton1335.jpg\",\"width\":600,\"height\":399},{\"@type\":\"BreadcrumbList\",\"@id\":\"https:\/\/a-desk.org\/magazine\/tener-y-necesitar-desear\/#breadcrumb\",\"itemListElement\":[{\"@type\":\"ListItem\",\"position\":1,\"name\":\"Portada\",\"item\":\"https:\/\/a-desk.org\/ca\/\"},{\"@type\":\"ListItem\",\"position\":2,\"name\":\"Tenir i Necessitar. Desitjar\"}]},{\"@type\":\"WebSite\",\"@id\":\"https:\/\/a-desk.org\/#website\",\"url\":\"https:\/\/a-desk.org\/\",\"name\":\"A*Desk\",\"description\":\"A*Desk Critical Thinking\",\"potentialAction\":[{\"@type\":\"SearchAction\",\"target\":{\"@type\":\"EntryPoint\",\"urlTemplate\":\"https:\/\/a-desk.org\/?s={search_term_string}\"},\"query-input\":\"required name=search_term_string\"}],\"inLanguage\":\"ca\"},{\"@type\":\"Person\",\"@id\":\"https:\/\/a-desk.org\/#\/schema\/person\/9e8ca0c0597ae1fdff9bcd1861b752fb\",\"name\":\"Clara L\u00f3pez\",\"image\":{\"@type\":\"ImageObject\",\"inLanguage\":\"ca\",\"@id\":\"https:\/\/a-desk.org\/#\/schema\/person\/image\/6bc573f235678ee2adfe09bd7f7dcd84\",\"url\":\"https:\/\/secure.gravatar.com\/avatar\/4c02eef1e9c8f1e00f4ec7cb036afc08?s=96&d=mm&r=g\",\"contentUrl\":\"https:\/\/secure.gravatar.com\/avatar\/4c02eef1e9c8f1e00f4ec7cb036afc08?s=96&d=mm&r=g\",\"caption\":\"Clara L\u00f3pez\"},\"url\":\"https:\/\/a-desk.org\/ca\/autor\/claralopez\/\"}]}<\/script>\n<!-- \/ Yoast SEO plugin. -->","yoast_head_json":{"title":"Tenir i Necessitar. Desitjar &#8211; A*Desk","robots":{"index":"index","follow":"follow","max-snippet":"max-snippet:-1","max-image-preview":"max-image-preview:large","max-video-preview":"max-video-preview:-1"},"canonical":"https:\/\/a-desk.org\/magazine\/tener-y-necesitar-desear\/","og_locale":"ca_ES","og_type":"article","og_title":"Tenir i Necessitar. Desitjar &#8211; A*Desk","og_description":"La proclama des del camp pol\u00edtic dient que a Berl\u00edn s&#8217;organitzaria una gran exposici\u00f3 amb la seva jove i invisible creativitat art\u00edstica, aix\u00ed com que s&#8217;obriria un centre d&#8217;art amb...","og_url":"https:\/\/a-desk.org\/magazine\/tener-y-necesitar-desear\/","og_site_name":"A*Desk","article_published_time":"2012-02-10T06:01:33+00:00","og_image":[{"width":600,"height":399,"url":"https:\/\/a-desk.org\/wp-content\/uploads\/2012\/02\/arton1335.jpg","type":"image\/jpeg"}],"author":"Clara L\u00f3pez","twitter_card":"summary_large_image","twitter_misc":{"Escrit per":"Clara L\u00f3pez","Temps estimat de lectura":"6 minuts","Written by":"Clara L\u00f3pez"},"schema":{"@context":"https:\/\/schema.org","@graph":[{"@type":"WebPage","@id":"https:\/\/a-desk.org\/magazine\/tener-y-necesitar-desear\/","url":"https:\/\/a-desk.org\/magazine\/tener-y-necesitar-desear\/","name":"Tenir i Necessitar. Desitjar &#8211; A*Desk","isPartOf":{"@id":"https:\/\/a-desk.org\/#website"},"primaryImageOfPage":{"@id":"https:\/\/a-desk.org\/magazine\/tener-y-necesitar-desear\/#primaryimage"},"image":{"@id":"https:\/\/a-desk.org\/magazine\/tener-y-necesitar-desear\/#primaryimage"},"thumbnailUrl":"https:\/\/a-desk.org\/wp-content\/uploads\/2012\/02\/arton1335.jpg","datePublished":"2012-02-10T06:01:33+00:00","dateModified":"2012-02-10T06:01:33+00:00","author":{"@id":"https:\/\/a-desk.org\/#\/schema\/person\/9e8ca0c0597ae1fdff9bcd1861b752fb"},"breadcrumb":{"@id":"https:\/\/a-desk.org\/magazine\/tener-y-necesitar-desear\/#breadcrumb"},"inLanguage":"ca","potentialAction":[{"@type":"ReadAction","target":["https:\/\/a-desk.org\/magazine\/tener-y-necesitar-desear\/"]}]},{"@type":"ImageObject","inLanguage":"ca","@id":"https:\/\/a-desk.org\/magazine\/tener-y-necesitar-desear\/#primaryimage","url":"https:\/\/a-desk.org\/wp-content\/uploads\/2012\/02\/arton1335.jpg","contentUrl":"https:\/\/a-desk.org\/wp-content\/uploads\/2012\/02\/arton1335.jpg","width":600,"height":399},{"@type":"BreadcrumbList","@id":"https:\/\/a-desk.org\/magazine\/tener-y-necesitar-desear\/#breadcrumb","itemListElement":[{"@type":"ListItem","position":1,"name":"Portada","item":"https:\/\/a-desk.org\/ca\/"},{"@type":"ListItem","position":2,"name":"Tenir i Necessitar. Desitjar"}]},{"@type":"WebSite","@id":"https:\/\/a-desk.org\/#website","url":"https:\/\/a-desk.org\/","name":"A*Desk","description":"A*Desk Critical Thinking","potentialAction":[{"@type":"SearchAction","target":{"@type":"EntryPoint","urlTemplate":"https:\/\/a-desk.org\/?s={search_term_string}"},"query-input":"required name=search_term_string"}],"inLanguage":"ca"},{"@type":"Person","@id":"https:\/\/a-desk.org\/#\/schema\/person\/9e8ca0c0597ae1fdff9bcd1861b752fb","name":"Clara L\u00f3pez","image":{"@type":"ImageObject","inLanguage":"ca","@id":"https:\/\/a-desk.org\/#\/schema\/person\/image\/6bc573f235678ee2adfe09bd7f7dcd84","url":"https:\/\/secure.gravatar.com\/avatar\/4c02eef1e9c8f1e00f4ec7cb036afc08?s=96&d=mm&r=g","contentUrl":"https:\/\/secure.gravatar.com\/avatar\/4c02eef1e9c8f1e00f4ec7cb036afc08?s=96&d=mm&r=g","caption":"Clara L\u00f3pez"},"url":"https:\/\/a-desk.org\/ca\/autor\/claralopez\/"}]}},"_links":{"self":[{"href":"https:\/\/a-desk.org\/ca\/wp-json\/wp\/v2\/posts\/11030"}],"collection":[{"href":"https:\/\/a-desk.org\/ca\/wp-json\/wp\/v2\/posts"}],"about":[{"href":"https:\/\/a-desk.org\/ca\/wp-json\/wp\/v2\/types\/post"}],"author":[{"embeddable":true,"href":"https:\/\/a-desk.org\/ca\/wp-json\/wp\/v2\/users\/1409"}],"replies":[{"embeddable":true,"href":"https:\/\/a-desk.org\/ca\/wp-json\/wp\/v2\/comments?post=11030"}],"version-history":[{"count":0,"href":"https:\/\/a-desk.org\/ca\/wp-json\/wp\/v2\/posts\/11030\/revisions"}],"wp:featuredmedia":[{"embeddable":true,"href":"https:\/\/a-desk.org\/ca\/wp-json\/wp\/v2\/media\/11029"}],"wp:attachment":[{"href":"https:\/\/a-desk.org\/ca\/wp-json\/wp\/v2\/media?parent=11030"}],"wp:term":[{"taxonomy":"category","embeddable":true,"href":"https:\/\/a-desk.org\/ca\/wp-json\/wp\/v2\/categories?post=11030"},{"taxonomy":"post_tag","embeddable":true,"href":"https:\/\/a-desk.org\/ca\/wp-json\/wp\/v2\/tags?post=11030"},{"taxonomy":"author","embeddable":true,"href":"https:\/\/a-desk.org\/ca\/wp-json\/wp\/v2\/coauthors?post=11030"}],"curies":[{"name":"wp","href":"https:\/\/api.w.org\/{rel}","templated":true}]}}