{"id":11056,"date":"2012-03-06T04:25:20","date_gmt":"2012-03-06T04:25:20","guid":{"rendered":"http:\/\/a-desk.org\/2012\/03\/06\/sobre-fenomens-i-essers\/"},"modified":"2012-03-06T04:25:20","modified_gmt":"2012-03-06T04:25:20","slug":"sobre-fenomens-i-essers","status":"publish","type":"post","link":"https:\/\/a-desk.org\/ca\/magazine\/sobre-fenomens-i-essers\/","title":{"rendered":"Sobre fen\u00f2mens i \u00e9sser(s)"},"content":{"rendered":"<p class=\"post_excerpt\">Entendre l&#8217;art com un lloc per a l&#8217;experimentaci\u00f3 i acostar-se a la ci\u00e8ncia per trencar amb els llocs tancats i els principis assumits. L&#8217;exposici\u00f3 &#8220;Estaci\u00f3n Experimental&#8221; \u00e9s un punt de trobada en el qual destaca una voluntat d&#8217;obrir mentalitats i proposar altres esquemes de treball, tant en art com en altres camps del coneixement.<\/p>\n<p><!--more--><br \/>\nNo \u00e9s nou, la relaci\u00f3 entre art i ci\u00e8ncia ha estat pensada i estudiada, assumida com a metodologia. Sense m\u00e8tode, per creadors, i admirada, sense proves, per cient\u00edfics. trobem certa necessitat de tornar a establir lligams. Prova d&#8217;aix\u00f2 n&#8217;\u00e9s l&#8217;exposici\u00f3 &#8220;Estaci\u00f3n Experimental: Investigaciones y fen\u00f3menos art\u00edsticos&#8221; que acull aquests dies <a href=\"http:\/\/www.laboralcentrodearte.org\/es\/exposiciones\/estacion-experimental\">Laboral Centro de Arte y Creaci\u00f3n Industrial<\/a> de Gij\u00f3n, inaugurada anteriorment al <a href=\"http:\/\/www.ca2m.org\/es\/exposiciones-anteniores\/2011\/estacion-experimental\">CA2M<\/a> de M\u00f3stoles. Sota aquest ep\u00edgraf s\u00f3n m\u00faltiples les imatges que ens v\u00e9nen a la ment per\u00f2 conv\u00e9 pensar en aquesta &#8220;Estaci\u00f3n Experimental&#8221; i pensar, de nou, sobre el que, al seu dia, va dir John Cage: &#8220;L&#8217;art \u00e9s una mena d&#8217;estaci\u00f3 experimental&#8221;. A aix\u00f2 prossegueix el subt\u00edtol que els comissaris, Virginia Torrent i Andr\u00e9s Mengs, afegeixen: Investigaciones y fen\u00f3menos art\u00edsticos.<\/p>\n<p>Assumint que la ci\u00e8ncia s&#8217;ho planteja tot, com entendre la falta de respostes que preval? Entrar aqu\u00ed ens conduiria, sens dubte, a una infinitat d&#8217;interrogants. Aix\u00ed que millor situem-nos en l&#8217;esfera d&#8217;all\u00f3 art\u00edstic i atenguem la proposta. Torrente ens avisa: vivim entre el m\u00f3n inventat i el m\u00f3n natural. La producci\u00f3 d&#8217;art en si es veu afectada per ambd\u00f3s.<\/p>\n<p>Des d&#8217;aqu\u00ed aconsegueixen tra\u00e7ar un recorregut que no nom\u00e9s permet replantejar q\u00fcestions comissarials (especialment en al\u00b7lusi\u00f3 a la vasta col\u00b7lecci\u00f3 de mostres regides per &#8220;all\u00f2 cronol\u00f2gic&#8221; o &#8220;all\u00f2 estil\u00edstic&#8221;): D&#8217;una banda, l&#8217;encertada selecci\u00f3 duta a terme (excepte en algun cas puntual) i de l&#8217;altra, i aqu\u00ed assenyalo al centre, la l\u00ednia que han sabut mantenir, amb criteri i especificitat, en relaci\u00f3 a l&#8217;atenci\u00f3 que exigeix \u200b\u200bart, ci\u00e8ncia i tecnologia (cal recordar algunes de les passades &#8220;feedback&#8221; -comissariada per Christiane Paul i Jemima Rellie o &#8220;Feedforward. El \u00c1ngel de la Historia&#8221; &#8211;  mediada per Paul, de nou, i Steve Dietz).<\/p>\n<p>Els recorreguts, inexistents, permeten passejar per les sales sense establir un ordre, permeten apropar-se, necess\u00e0riament, des de la reflexi\u00f3 a un pensar de l&#8217;experi\u00e8ncia: literal. Aqu\u00ed entrem ja en certa pr\u00e0ctica propera al laboratori. Entrar, parar, experimentar, pensar. En l&#8217;ordre del producte, potser, rau la difer\u00e8ncia entre art i ci\u00e8ncia: pensar i experimentar? \u00bfExperimentar i pensar? (Cert tamb\u00e9 que en ambd\u00f3s la intu\u00efci\u00f3 es resol indispensable, ja ens ho va avisar Bergson). L&#8217;usuari es troba en una mena d&#8217;estructura, desorganitzada, sobre la qual va rebent est\u00edmuls originats en el que es genera en l&#8217;espai: imatges, sons, boires, distorsions cin\u00e8tiques. Conv\u00e9 atendre aquest estar  de l&#8217;individu in situ, conv\u00e9 imaginar a qu\u00e8 ens exposem tamb\u00e9. La comparaci\u00f3 no \u00e9s gratu\u00efta, parar-se avui a qualsevol ciutat ens condueix a una mena de situaci\u00f3 paral\u00b7lela: moviment, imatge, soroll, fum. Existeix en el conjunt un gest de complicitat, una proposta que amaga hipertext i que, com a paradigma, \u00e9s l&#8217;\u00fanic que ens torna al lloc, a aquest situar-nos, sols, davant l&#8217;univers. Aqu\u00ed s&#8217;origina la voluntat cient\u00edfica, aqu\u00ed es dirigeix \u200b\u200bara el viatge infinit del saber cient\u00edfic. La mostra aconsegueix tornar-nos a un temps present des del qual podem pensar-nos. \u00c9s per aix\u00f2 que la relaci\u00f3 del conjunt t\u00e9 a veure amb all\u00f2 pol\u00edtic, \u00faltim fi per assumir. L&#8217;espai expositiu es revela com a par\u00e0bola del nostre clima social, clima que \u00e9s sempre una suma d&#8217;intencions pol\u00edtiques, econ\u00f2miques, cient\u00edfiques i art\u00edstiques, entre tantes altres.<\/p>\n<p>La gran majoria, sempre \u00e9s dif\u00edcil atendre col\u00b7lectives, de les peces es presenten des d&#8217;estadis en qu\u00e8 all\u00f2 fenomenol\u00f2gic estableix l&#8217;ordre del discurs. Una suma de proves i exercicis que donen visibilitat a la relaci\u00f3 existent entre els &#8220;fets&#8221; i aquest \u00e0mbit en el qual la realitat es fa present mitjan\u00e7ant la consci\u00e8ncia. Podr\u00edem pensar, de la mateixa manera en qu\u00e8 s&#8217;acusa a la fenomenologia, de no arribar a l\u00b4objecte en si, que les peces romanen en un grau d&#8217;incomprensi\u00f3 objectual, per\u00f2 atenent al fet art\u00edstic, val la pena matisar com es resolen a partir d\u00b4una indagaci\u00f3 personal amb l&#8217;entorn. Penso, per donar algun exemple: en &#8220;Serie Misfits&#8221; (2011) de Guillem Bayo, per la qual una m\u00e0nega ens percep i, llavors, reacciona, &#8220;Despect\u00e1culo&#8221; (2011) de Luis Bisbe, qui a partir d&#8217;explorar l&#8217;espai, ens el torna; &#8220;Demonstrations&#8221; (2005-2008) de Caleb Charland, fotografies que ens dirigeixen a all\u00f2 inexplicable; &#8220;Tones in the voice of Shadows&#8221; (2011) d&#8217;Esther Ma\u00f1as i Arash Moori, on so, llum i espai enclaven experi\u00e8ncia, o, la instal\u00b7laci\u00f3 &#8220;Physical Geology (New Landmass \/ Fast Time)&#8221; (2009) de Iliana Halperin, per la qual l&#8217;artista combina experi\u00e8ncia personal i teoria cient\u00edfica per tal de donar resposta a la idea del temps geol\u00f2gic. La recerca porta a l&#8217;experi\u00e8ncia, no hi ha altra, aix\u00ed es presenten els grinyols de &#8220;Sound Machines&#8221; (2009) d&#8217;O Grivo a l&#8217;espai, a aquest que ens torna a un aqu\u00ed i ara contemporani a trav\u00e9s de la inquietud ac\u00fastica que despleguen . Tamb\u00e9 all\u00f2 pol\u00edtic apareix com enigma del present mitjan\u00e7ant &#8220;The limitations of Logic and the Absence of Absolute Certainly&#8221; (2010) d\u00b4Alistair McClymont, un tornado que sense deixar de rememorar aquesta p\u00e8rdua de l&#8217;individu en el camp social, aconsegueix q\u00fcestionar tamb\u00e9 la naturalesa del fet expositiu.<\/p>\n<p>Sobre l&#8217;ordre al qu\u00e8 al\u00b7ludia m\u00e9s amunt, dir, que es presenta com caos, equaci\u00f3 resolta. Met\u00e0fora servida d&#8217;un univers amb ordre propi i d&#8217;explicaci\u00f3 an\u00e0rquica. Part\u00edcules (les peces) que des del recon\u00e8ixer-se en canvi constant estableixen un sistema propi basat en aquesta &#8220;experientia&#8221;, d&#8217;her\u00e8ncia llatina, que genera coneixement a partir de viv\u00e8ncies m\u00faltiples.<\/p>\n","protected":false},"excerpt":{"rendered":"<p>Entendre l&#8217;art com un lloc per a l&#8217;experimentaci\u00f3 i acostar-se a la ci\u00e8ncia per trencar amb els llocs tancats i els principis assumits. L&#8217;exposici\u00f3 &#8220;Estaci\u00f3n Experimental&#8221; \u00e9s un punt de&#8230;<\/p>\n","protected":false},"author":1264,"featured_media":11055,"comment_status":"open","ping_status":"open","sticky":false,"template":"","format":"standard","meta":{"_relevanssi_hide_post":"","_relevanssi_hide_content":"","_relevanssi_pin_for_all":"","_relevanssi_pin_keywords":"","_relevanssi_unpin_keywords":"","_relevanssi_related_keywords":"","_relevanssi_related_include_ids":"","_relevanssi_related_exclude_ids":"","_relevanssi_related_no_append":"","_relevanssi_related_not_related":"","_relevanssi_related_posts":"","_relevanssi_noindex_reason":"","footnotes":""},"categories":[6782],"tags":[5730,5543],"coauthors":[],"acf":[],"yoast_head":"<!-- This site is optimized with the Yoast SEO plugin v22.6 - https:\/\/yoast.com\/wordpress\/plugins\/seo\/ -->\n<title>Sobre fen\u00f2mens i \u00e9sser(s) &#8211; A*Desk<\/title>\n<meta name=\"robots\" content=\"index, follow, max-snippet:-1, max-image-preview:large, max-video-preview:-1\" \/>\n<link rel=\"canonical\" href=\"https:\/\/a-desk.org\/magazine\/sobre-fenomenos-y-seres\/\" \/>\n<meta property=\"og:locale\" content=\"ca_ES\" \/>\n<meta property=\"og:type\" content=\"article\" \/>\n<meta property=\"og:title\" content=\"Sobre fen\u00f2mens i \u00e9sser(s) &#8211; A*Desk\" \/>\n<meta property=\"og:description\" content=\"Entendre l&#8217;art com un lloc per a l&#8217;experimentaci\u00f3 i acostar-se a la ci\u00e8ncia per trencar amb els llocs tancats i els principis assumits. L&#8217;exposici\u00f3 &#8220;Estaci\u00f3n Experimental&#8221; \u00e9s un punt de...\" \/>\n<meta property=\"og:url\" content=\"https:\/\/a-desk.org\/magazine\/sobre-fenomenos-y-seres\/\" \/>\n<meta property=\"og:site_name\" content=\"A*Desk\" \/>\n<meta property=\"article:published_time\" content=\"2012-03-06T04:25:20+00:00\" \/>\n<meta property=\"og:image\" content=\"https:\/\/a-desk.org\/wp-content\/uploads\/2012\/03\/arton1354.jpg\" \/>\n\t<meta property=\"og:image:width\" content=\"600\" \/>\n\t<meta property=\"og:image:height\" content=\"378\" \/>\n\t<meta property=\"og:image:type\" content=\"image\/jpeg\" \/>\n<meta name=\"author\" content=\"Imma Prieto\" \/>\n<meta name=\"twitter:card\" content=\"summary_large_image\" \/>\n<meta name=\"twitter:label1\" content=\"Escrit per\" \/>\n\t<meta name=\"twitter:data1\" content=\"Imma Prieto\" \/>\n\t<meta name=\"twitter:label2\" content=\"Temps estimat de lectura\" \/>\n\t<meta name=\"twitter:data2\" content=\"5 minuts\" \/>\n\t<meta name=\"twitter:label3\" content=\"Written by\" \/>\n\t<meta name=\"twitter:data3\" content=\"Imma Prieto\" \/>\n<script type=\"application\/ld+json\" class=\"yoast-schema-graph\">{\"@context\":\"https:\/\/schema.org\",\"@graph\":[{\"@type\":\"WebPage\",\"@id\":\"https:\/\/a-desk.org\/magazine\/sobre-fenomenos-y-seres\/\",\"url\":\"https:\/\/a-desk.org\/magazine\/sobre-fenomenos-y-seres\/\",\"name\":\"Sobre fen\u00f2mens i \u00e9sser(s) &#8211; A*Desk\",\"isPartOf\":{\"@id\":\"https:\/\/a-desk.org\/#website\"},\"primaryImageOfPage\":{\"@id\":\"https:\/\/a-desk.org\/magazine\/sobre-fenomenos-y-seres\/#primaryimage\"},\"image\":{\"@id\":\"https:\/\/a-desk.org\/magazine\/sobre-fenomenos-y-seres\/#primaryimage\"},\"thumbnailUrl\":\"https:\/\/a-desk.org\/wp-content\/uploads\/2012\/03\/arton1354.jpg\",\"datePublished\":\"2012-03-06T04:25:20+00:00\",\"dateModified\":\"2012-03-06T04:25:20+00:00\",\"author\":{\"@id\":\"https:\/\/a-desk.org\/#\/schema\/person\/29634bcffcd4ff26cb38f4b912fa7ac9\"},\"breadcrumb\":{\"@id\":\"https:\/\/a-desk.org\/magazine\/sobre-fenomenos-y-seres\/#breadcrumb\"},\"inLanguage\":\"ca\",\"potentialAction\":[{\"@type\":\"ReadAction\",\"target\":[\"https:\/\/a-desk.org\/magazine\/sobre-fenomenos-y-seres\/\"]}]},{\"@type\":\"ImageObject\",\"inLanguage\":\"ca\",\"@id\":\"https:\/\/a-desk.org\/magazine\/sobre-fenomenos-y-seres\/#primaryimage\",\"url\":\"https:\/\/a-desk.org\/wp-content\/uploads\/2012\/03\/arton1354.jpg\",\"contentUrl\":\"https:\/\/a-desk.org\/wp-content\/uploads\/2012\/03\/arton1354.jpg\",\"width\":600,\"height\":378},{\"@type\":\"BreadcrumbList\",\"@id\":\"https:\/\/a-desk.org\/magazine\/sobre-fenomenos-y-seres\/#breadcrumb\",\"itemListElement\":[{\"@type\":\"ListItem\",\"position\":1,\"name\":\"Portada\",\"item\":\"https:\/\/a-desk.org\/ca\/\"},{\"@type\":\"ListItem\",\"position\":2,\"name\":\"Sobre fen\u00f2mens i \u00e9sser(s)\"}]},{\"@type\":\"WebSite\",\"@id\":\"https:\/\/a-desk.org\/#website\",\"url\":\"https:\/\/a-desk.org\/\",\"name\":\"A*Desk\",\"description\":\"A*Desk Critical Thinking\",\"potentialAction\":[{\"@type\":\"SearchAction\",\"target\":{\"@type\":\"EntryPoint\",\"urlTemplate\":\"https:\/\/a-desk.org\/?s={search_term_string}\"},\"query-input\":\"required name=search_term_string\"}],\"inLanguage\":\"ca\"},{\"@type\":\"Person\",\"@id\":\"https:\/\/a-desk.org\/#\/schema\/person\/29634bcffcd4ff26cb38f4b912fa7ac9\",\"name\":\"Imma Prieto\",\"image\":{\"@type\":\"ImageObject\",\"inLanguage\":\"ca\",\"@id\":\"https:\/\/a-desk.org\/#\/schema\/person\/image\/fa7981506513b496b7813a191aad0133\",\"url\":\"https:\/\/secure.gravatar.com\/avatar\/fffeaae2d9e56f1313bc7624720ff9c7?s=96&d=mm&r=g\",\"contentUrl\":\"https:\/\/secure.gravatar.com\/avatar\/fffeaae2d9e56f1313bc7624720ff9c7?s=96&d=mm&r=g\",\"caption\":\"Imma Prieto\"},\"description\":\"Imma Prieto es cr\u00edtica de arte, comisaria independiente y profesora de Arte Contempor\u00e1neo y Nuevos Medios en ERAM. Lleva a\u00f1os reflexionando sobre los distintos contextos que caracterizan nuestra contemporaneidad. Cr\u00edtica, comisariado y docencia le permiten establecer di\u00e1logos desde diferentes perspectivas y objetivos, buscando puentes entre unos y otros.\",\"url\":\"https:\/\/a-desk.org\/ca\/autor\/inma_prieto\/\"}]}<\/script>\n<!-- \/ Yoast SEO plugin. -->","yoast_head_json":{"title":"Sobre fen\u00f2mens i \u00e9sser(s) &#8211; A*Desk","robots":{"index":"index","follow":"follow","max-snippet":"max-snippet:-1","max-image-preview":"max-image-preview:large","max-video-preview":"max-video-preview:-1"},"canonical":"https:\/\/a-desk.org\/magazine\/sobre-fenomenos-y-seres\/","og_locale":"ca_ES","og_type":"article","og_title":"Sobre fen\u00f2mens i \u00e9sser(s) &#8211; A*Desk","og_description":"Entendre l&#8217;art com un lloc per a l&#8217;experimentaci\u00f3 i acostar-se a la ci\u00e8ncia per trencar amb els llocs tancats i els principis assumits. L&#8217;exposici\u00f3 &#8220;Estaci\u00f3n Experimental&#8221; \u00e9s un punt de...","og_url":"https:\/\/a-desk.org\/magazine\/sobre-fenomenos-y-seres\/","og_site_name":"A*Desk","article_published_time":"2012-03-06T04:25:20+00:00","og_image":[{"width":600,"height":378,"url":"https:\/\/a-desk.org\/wp-content\/uploads\/2012\/03\/arton1354.jpg","type":"image\/jpeg"}],"author":"Imma Prieto","twitter_card":"summary_large_image","twitter_misc":{"Escrit per":"Imma Prieto","Temps estimat de lectura":"5 minuts","Written by":"Imma Prieto"},"schema":{"@context":"https:\/\/schema.org","@graph":[{"@type":"WebPage","@id":"https:\/\/a-desk.org\/magazine\/sobre-fenomenos-y-seres\/","url":"https:\/\/a-desk.org\/magazine\/sobre-fenomenos-y-seres\/","name":"Sobre fen\u00f2mens i \u00e9sser(s) &#8211; A*Desk","isPartOf":{"@id":"https:\/\/a-desk.org\/#website"},"primaryImageOfPage":{"@id":"https:\/\/a-desk.org\/magazine\/sobre-fenomenos-y-seres\/#primaryimage"},"image":{"@id":"https:\/\/a-desk.org\/magazine\/sobre-fenomenos-y-seres\/#primaryimage"},"thumbnailUrl":"https:\/\/a-desk.org\/wp-content\/uploads\/2012\/03\/arton1354.jpg","datePublished":"2012-03-06T04:25:20+00:00","dateModified":"2012-03-06T04:25:20+00:00","author":{"@id":"https:\/\/a-desk.org\/#\/schema\/person\/29634bcffcd4ff26cb38f4b912fa7ac9"},"breadcrumb":{"@id":"https:\/\/a-desk.org\/magazine\/sobre-fenomenos-y-seres\/#breadcrumb"},"inLanguage":"ca","potentialAction":[{"@type":"ReadAction","target":["https:\/\/a-desk.org\/magazine\/sobre-fenomenos-y-seres\/"]}]},{"@type":"ImageObject","inLanguage":"ca","@id":"https:\/\/a-desk.org\/magazine\/sobre-fenomenos-y-seres\/#primaryimage","url":"https:\/\/a-desk.org\/wp-content\/uploads\/2012\/03\/arton1354.jpg","contentUrl":"https:\/\/a-desk.org\/wp-content\/uploads\/2012\/03\/arton1354.jpg","width":600,"height":378},{"@type":"BreadcrumbList","@id":"https:\/\/a-desk.org\/magazine\/sobre-fenomenos-y-seres\/#breadcrumb","itemListElement":[{"@type":"ListItem","position":1,"name":"Portada","item":"https:\/\/a-desk.org\/ca\/"},{"@type":"ListItem","position":2,"name":"Sobre fen\u00f2mens i \u00e9sser(s)"}]},{"@type":"WebSite","@id":"https:\/\/a-desk.org\/#website","url":"https:\/\/a-desk.org\/","name":"A*Desk","description":"A*Desk Critical Thinking","potentialAction":[{"@type":"SearchAction","target":{"@type":"EntryPoint","urlTemplate":"https:\/\/a-desk.org\/?s={search_term_string}"},"query-input":"required name=search_term_string"}],"inLanguage":"ca"},{"@type":"Person","@id":"https:\/\/a-desk.org\/#\/schema\/person\/29634bcffcd4ff26cb38f4b912fa7ac9","name":"Imma Prieto","image":{"@type":"ImageObject","inLanguage":"ca","@id":"https:\/\/a-desk.org\/#\/schema\/person\/image\/fa7981506513b496b7813a191aad0133","url":"https:\/\/secure.gravatar.com\/avatar\/fffeaae2d9e56f1313bc7624720ff9c7?s=96&d=mm&r=g","contentUrl":"https:\/\/secure.gravatar.com\/avatar\/fffeaae2d9e56f1313bc7624720ff9c7?s=96&d=mm&r=g","caption":"Imma Prieto"},"description":"Imma Prieto es cr\u00edtica de arte, comisaria independiente y profesora de Arte Contempor\u00e1neo y Nuevos Medios en ERAM. Lleva a\u00f1os reflexionando sobre los distintos contextos que caracterizan nuestra contemporaneidad. Cr\u00edtica, comisariado y docencia le permiten establecer di\u00e1logos desde diferentes perspectivas y objetivos, buscando puentes entre unos y otros.","url":"https:\/\/a-desk.org\/ca\/autor\/inma_prieto\/"}]}},"_links":{"self":[{"href":"https:\/\/a-desk.org\/ca\/wp-json\/wp\/v2\/posts\/11056"}],"collection":[{"href":"https:\/\/a-desk.org\/ca\/wp-json\/wp\/v2\/posts"}],"about":[{"href":"https:\/\/a-desk.org\/ca\/wp-json\/wp\/v2\/types\/post"}],"author":[{"embeddable":true,"href":"https:\/\/a-desk.org\/ca\/wp-json\/wp\/v2\/users\/1264"}],"replies":[{"embeddable":true,"href":"https:\/\/a-desk.org\/ca\/wp-json\/wp\/v2\/comments?post=11056"}],"version-history":[{"count":0,"href":"https:\/\/a-desk.org\/ca\/wp-json\/wp\/v2\/posts\/11056\/revisions"}],"wp:featuredmedia":[{"embeddable":true,"href":"https:\/\/a-desk.org\/ca\/wp-json\/wp\/v2\/media\/11055"}],"wp:attachment":[{"href":"https:\/\/a-desk.org\/ca\/wp-json\/wp\/v2\/media?parent=11056"}],"wp:term":[{"taxonomy":"category","embeddable":true,"href":"https:\/\/a-desk.org\/ca\/wp-json\/wp\/v2\/categories?post=11056"},{"taxonomy":"post_tag","embeddable":true,"href":"https:\/\/a-desk.org\/ca\/wp-json\/wp\/v2\/tags?post=11056"},{"taxonomy":"author","embeddable":true,"href":"https:\/\/a-desk.org\/ca\/wp-json\/wp\/v2\/coauthors?post=11056"}],"curies":[{"name":"wp","href":"https:\/\/api.w.org\/{rel}","templated":true}]}}