{"id":13839,"date":"2007-03-05T04:05:00","date_gmt":"2007-03-05T04:05:00","guid":{"rendered":"http:\/\/a-desk.org\/2007\/03\/05\/los-18-4-criticos-de-arte-hemos-venido-a-contrastar\/"},"modified":"2017-09-25T23:01:34","modified_gmt":"2017-09-25T23:01:34","slug":"los-18-4-criticos-de-arte-hemos-venido-a-contrastar","status":"publish","type":"post","link":"https:\/\/a-desk.org\/ca\/magazine\/los-18-4-criticos-de-arte-hemos-venido-a-contrastar\/","title":{"rendered":"Los 18 + 4 cr\u00edticos de arte: hemos venido a contrastar."},"content":{"rendered":"<p class=\"post_excerpt\">Coincidiendo \u2013o quiz\u00e1 por este motivo- con el primer aniversario de la publicaci\u00f3n de la revista de cr\u00edtica de arte A-Desk, sus 4 art\u00edfices deciden organizar un workshop de cr\u00edtica de arte tentadoramente abierto. La invitaci\u00f3n a participar en \u00e9l reza un objetivo muy claro: \u201cLa profundizaci\u00f3n de las herramientas en el pensamiento cr\u00edtico en arte\u201d. Bien. Y antes que nada, gracias. No \u2013repito- \u201cNO es nada f\u00e1cil encontrar espacios para el di\u00e1logo y la discusi\u00f3n en \u00e9stos t\u00e9rminos en el contexto barcelon\u00e9s, y mucho menos articulados con una pretensi\u00f3n formativa seria basada en la buena voluntad, que no \u201csin \u00e1nimo de lucro\u201d; pero esto ya es harina de otro costal. Costado. <\/p>\n<p><!--more--><br \/>\nDespu\u00e9s de la rueda de presentaciones de rigor \u2013abstenerse vergonzosos- abordamos el tema espec\u00edfico de la mejor manera posible desde los s\u00f3tanos de La Central de Elisabets: leyendo, valorando y deduciendo. Pero des de aqu\u00ed me gustar\u00eda metaleer, metavalorar y metadeducir. <\/p>\n<p>El proceso de construcci\u00f3n de una actitud cr\u00edtica, frente al arte en este caso, aunque aplicable a cualquier panorama vital, parece poder ser educado y formado hasta el punto de conseguir producir un trabajo v\u00e1lido no s\u00f3lo para uno mismo si no tambi\u00e9n para los dem\u00e1s. O al menos estas son nuestras expectativas. Pero una observaci\u00f3n m\u00e1s detallada de las jornadas m\u00e1s intensas del taller demuestran que un buen producto cr\u00edtico, como un buen producto art\u00edstico, s\u00f3lo puede ser la conclusi\u00f3n estudiada resultante de un conocimiento extremo de varios factores reales e inmediatos m\u00e1s un nivel de inter\u00e9s comprometido. <\/p>\n<p>Es por eso que a) andamos desde la galer\u00eda Estrany-de la Mota hasta la Nogueras-Blanchard, pasando por ProjecteSD y el Espai 292 de la Galer\u00eda Senda, una selecci\u00f3n v\u00e1lida y suficientemente heterog\u00e9nea de las propuestas expositivas actuales de la ciudad. La premisa era un enfoque distinto al del espectador com\u00fan; se trataba de desvirgar nuestra mirada cr\u00edtica, que no acusadora. El \u00fanico problema de la excursi\u00f3n fue precisamente el \u00e9xito del workshop: 18 participantes. Pero dispusimos de directores y comisarios en cada una de las paradas y de sus desinteresadas explicaciones. Un lujo. <\/p>\n<p>Y b) practicamos el comentario de texto cr\u00edtico en comunidad. Otro lujo poder hablar de un texto con el autor presente \u2013los art\u00edculos tratados proced\u00edan todos de la revista-, con un margen de aclaraciones infinito y exacto. No obstante, seguramente, habiendo alternado una dichas lecturas con otras de autores ausentes, no s\u00f3lo se podr\u00eda haber dado a analizar alg\u00fan otro nombre del panorama cr\u00edtico contempor\u00e1neo, sino que tambi\u00e9n se podr\u00eda haber practicado el sano ejercicio del amontonamiento de dudas sobre su preciso significado, una pr\u00e1ctica muy extendida entre el colectivo, y de la que, tambi\u00e9n es cierto, hemos tenido a espuertas. Desde luego esto es algo que podemos hacer en casa, pero hemos venido a contrastar. Evidentemente nadie ha pretendido crear escuela en esta semana, queda claro que \u201chay otros modelos de cr\u00edtica\u201d y que A-Desk \u201cha configurado su propio estilo\u201d pero si reivindicamos el papel de la cr\u00edtica en cu\u00e1nto a an\u00e1lisis de posici\u00f3n, tambi\u00e9n entendemos que la posici\u00f3n no tiene l\u00edmites, o por decirlo claramente, que no acabar\u00edamos nunca.<\/p>\n<p>Ha habido di\u00e1logo, ha habido discusi\u00f3n en un s\u00f3tano en el que podr\u00eda haber entrado un elefante lo bastante interesado en el tema y haber entendido de qu\u00e9 iba todo esto. Se ha hablado de mercado, de display, de arte en may\u00fasculas, min\u00fasculas y cursiva y lo m\u00e1s importante: se ha conseguido activar unos dispositivos que har\u00e1n de los 18 unos estupendos cr\u00edticos de arte.<\/p>\n","protected":false},"excerpt":{"rendered":"<p>Coincidiendo \u2013o quiz\u00e1 por este motivo- con el primer aniversario de la publicaci\u00f3n de la revista de cr\u00edtica de arte A-Desk, sus 4 art\u00edfices deciden organizar un workshop de cr\u00edtica&#8230;<\/p>\n","protected":false},"author":2479,"featured_media":16495,"comment_status":"open","ping_status":"open","sticky":false,"template":"","format":"standard","meta":{"_relevanssi_hide_post":"","_relevanssi_hide_content":"","_relevanssi_pin_for_all":"","_relevanssi_pin_keywords":"","_relevanssi_unpin_keywords":"","_relevanssi_related_keywords":"","_relevanssi_related_include_ids":"","_relevanssi_related_exclude_ids":"","_relevanssi_related_no_append":"","_relevanssi_related_not_related":"","_relevanssi_related_posts":"","_relevanssi_noindex_reason":"","footnotes":""},"categories":[6782],"tags":[5555,5558],"coauthors":[],"acf":[],"yoast_head":"<!-- This site is optimized with the Yoast SEO plugin v22.6 - https:\/\/yoast.com\/wordpress\/plugins\/seo\/ -->\n<title>Los 18 + 4 cr\u00edticos de arte: hemos venido a contrastar. &#8211; A*Desk<\/title>\n<meta name=\"robots\" content=\"index, follow, max-snippet:-1, max-image-preview:large, max-video-preview:-1\" \/>\n<link rel=\"canonical\" href=\"https:\/\/a-desk.org\/magazine\/los-18-4-criticos-de-arte-hemos-venido-a-contrastar\/\" \/>\n<meta property=\"og:locale\" content=\"ca_ES\" \/>\n<meta property=\"og:type\" content=\"article\" \/>\n<meta property=\"og:title\" content=\"Los 18 + 4 cr\u00edticos de arte: hemos venido a contrastar. &#8211; A*Desk\" \/>\n<meta property=\"og:description\" content=\"Coincidiendo \u2013o quiz\u00e1 por este motivo- con el primer aniversario de la publicaci\u00f3n de la revista de cr\u00edtica de arte A-Desk, sus 4 art\u00edfices deciden organizar un workshop de cr\u00edtica...\" \/>\n<meta property=\"og:url\" content=\"https:\/\/a-desk.org\/magazine\/los-18-4-criticos-de-arte-hemos-venido-a-contrastar\/\" \/>\n<meta property=\"og:site_name\" content=\"A*Desk\" \/>\n<meta property=\"article:published_time\" content=\"2007-03-05T04:05:00+00:00\" \/>\n<meta property=\"article:modified_time\" content=\"2017-09-25T23:01:34+00:00\" \/>\n<meta property=\"og:image\" content=\"https:\/\/a-desk.org\/wp-content\/uploads\/2007\/03\/arton673.jpg\" \/>\n\t<meta property=\"og:image:width\" content=\"200\" \/>\n\t<meta property=\"og:image:height\" content=\"149\" \/>\n\t<meta property=\"og:image:type\" content=\"image\/jpeg\" \/>\n<meta name=\"author\" content=\"Irene Minovas\" \/>\n<meta name=\"twitter:card\" content=\"summary_large_image\" \/>\n<meta name=\"twitter:label1\" content=\"Escrit per\" \/>\n\t<meta name=\"twitter:data1\" content=\"Irene Minovas\" \/>\n\t<meta name=\"twitter:label2\" content=\"Temps estimat de lectura\" \/>\n\t<meta name=\"twitter:data2\" content=\"3 minuts\" \/>\n\t<meta name=\"twitter:label3\" content=\"Written by\" \/>\n\t<meta name=\"twitter:data3\" content=\"Irene Minovas\" \/>\n<script type=\"application\/ld+json\" class=\"yoast-schema-graph\">{\"@context\":\"https:\/\/schema.org\",\"@graph\":[{\"@type\":\"WebPage\",\"@id\":\"https:\/\/a-desk.org\/magazine\/los-18-4-criticos-de-arte-hemos-venido-a-contrastar\/\",\"url\":\"https:\/\/a-desk.org\/magazine\/los-18-4-criticos-de-arte-hemos-venido-a-contrastar\/\",\"name\":\"Los 18 + 4 cr\u00edticos de arte: hemos venido a contrastar. &#8211; A*Desk\",\"isPartOf\":{\"@id\":\"https:\/\/a-desk.org\/#website\"},\"primaryImageOfPage\":{\"@id\":\"https:\/\/a-desk.org\/magazine\/los-18-4-criticos-de-arte-hemos-venido-a-contrastar\/#primaryimage\"},\"image\":{\"@id\":\"https:\/\/a-desk.org\/magazine\/los-18-4-criticos-de-arte-hemos-venido-a-contrastar\/#primaryimage\"},\"thumbnailUrl\":\"https:\/\/a-desk.org\/wp-content\/uploads\/2007\/03\/arton673.jpg\",\"datePublished\":\"2007-03-05T04:05:00+00:00\",\"dateModified\":\"2017-09-25T23:01:34+00:00\",\"author\":{\"@id\":\"https:\/\/a-desk.org\/#\/schema\/person\/98a8ffcd072256627204f660db6cd312\"},\"breadcrumb\":{\"@id\":\"https:\/\/a-desk.org\/magazine\/los-18-4-criticos-de-arte-hemos-venido-a-contrastar\/#breadcrumb\"},\"inLanguage\":\"ca\",\"potentialAction\":[{\"@type\":\"ReadAction\",\"target\":[\"https:\/\/a-desk.org\/magazine\/los-18-4-criticos-de-arte-hemos-venido-a-contrastar\/\"]}]},{\"@type\":\"ImageObject\",\"inLanguage\":\"ca\",\"@id\":\"https:\/\/a-desk.org\/magazine\/los-18-4-criticos-de-arte-hemos-venido-a-contrastar\/#primaryimage\",\"url\":\"https:\/\/a-desk.org\/wp-content\/uploads\/2007\/03\/arton673.jpg\",\"contentUrl\":\"https:\/\/a-desk.org\/wp-content\/uploads\/2007\/03\/arton673.jpg\",\"width\":200,\"height\":149},{\"@type\":\"BreadcrumbList\",\"@id\":\"https:\/\/a-desk.org\/magazine\/los-18-4-criticos-de-arte-hemos-venido-a-contrastar\/#breadcrumb\",\"itemListElement\":[{\"@type\":\"ListItem\",\"position\":1,\"name\":\"Portada\",\"item\":\"https:\/\/a-desk.org\/ca\/\"},{\"@type\":\"ListItem\",\"position\":2,\"name\":\"Los 18 + 4 cr\u00edticos de arte: hemos venido a contrastar.\"}]},{\"@type\":\"WebSite\",\"@id\":\"https:\/\/a-desk.org\/#website\",\"url\":\"https:\/\/a-desk.org\/\",\"name\":\"A*Desk\",\"description\":\"A*Desk Critical Thinking\",\"potentialAction\":[{\"@type\":\"SearchAction\",\"target\":{\"@type\":\"EntryPoint\",\"urlTemplate\":\"https:\/\/a-desk.org\/?s={search_term_string}\"},\"query-input\":\"required name=search_term_string\"}],\"inLanguage\":\"ca\"},{\"@type\":\"Person\",\"@id\":\"https:\/\/a-desk.org\/#\/schema\/person\/98a8ffcd072256627204f660db6cd312\",\"name\":\"Irene Minovas\",\"image\":{\"@type\":\"ImageObject\",\"inLanguage\":\"ca\",\"@id\":\"https:\/\/a-desk.org\/#\/schema\/person\/image\/f2db15d9942f499cd61e0e5a730d6ce9\",\"url\":\"https:\/\/secure.gravatar.com\/avatar\/ae8ec2d494abdcef0146cdf4dbac2e56?s=96&d=mm&r=g\",\"contentUrl\":\"https:\/\/secure.gravatar.com\/avatar\/ae8ec2d494abdcef0146cdf4dbac2e56?s=96&d=mm&r=g\",\"caption\":\"Irene Minovas\"},\"url\":\"https:\/\/a-desk.org\/ca\/autor\/minovas\/\"}]}<\/script>\n<!-- \/ Yoast SEO plugin. -->","yoast_head_json":{"title":"Los 18 + 4 cr\u00edticos de arte: hemos venido a contrastar. &#8211; A*Desk","robots":{"index":"index","follow":"follow","max-snippet":"max-snippet:-1","max-image-preview":"max-image-preview:large","max-video-preview":"max-video-preview:-1"},"canonical":"https:\/\/a-desk.org\/magazine\/los-18-4-criticos-de-arte-hemos-venido-a-contrastar\/","og_locale":"ca_ES","og_type":"article","og_title":"Los 18 + 4 cr\u00edticos de arte: hemos venido a contrastar. &#8211; A*Desk","og_description":"Coincidiendo \u2013o quiz\u00e1 por este motivo- con el primer aniversario de la publicaci\u00f3n de la revista de cr\u00edtica de arte A-Desk, sus 4 art\u00edfices deciden organizar un workshop de cr\u00edtica...","og_url":"https:\/\/a-desk.org\/magazine\/los-18-4-criticos-de-arte-hemos-venido-a-contrastar\/","og_site_name":"A*Desk","article_published_time":"2007-03-05T04:05:00+00:00","article_modified_time":"2017-09-25T23:01:34+00:00","og_image":[{"width":200,"height":149,"url":"https:\/\/a-desk.org\/wp-content\/uploads\/2007\/03\/arton673.jpg","type":"image\/jpeg"}],"author":"Irene Minovas","twitter_card":"summary_large_image","twitter_misc":{"Escrit per":"Irene Minovas","Temps estimat de lectura":"3 minuts","Written by":"Irene Minovas"},"schema":{"@context":"https:\/\/schema.org","@graph":[{"@type":"WebPage","@id":"https:\/\/a-desk.org\/magazine\/los-18-4-criticos-de-arte-hemos-venido-a-contrastar\/","url":"https:\/\/a-desk.org\/magazine\/los-18-4-criticos-de-arte-hemos-venido-a-contrastar\/","name":"Los 18 + 4 cr\u00edticos de arte: hemos venido a contrastar. &#8211; A*Desk","isPartOf":{"@id":"https:\/\/a-desk.org\/#website"},"primaryImageOfPage":{"@id":"https:\/\/a-desk.org\/magazine\/los-18-4-criticos-de-arte-hemos-venido-a-contrastar\/#primaryimage"},"image":{"@id":"https:\/\/a-desk.org\/magazine\/los-18-4-criticos-de-arte-hemos-venido-a-contrastar\/#primaryimage"},"thumbnailUrl":"https:\/\/a-desk.org\/wp-content\/uploads\/2007\/03\/arton673.jpg","datePublished":"2007-03-05T04:05:00+00:00","dateModified":"2017-09-25T23:01:34+00:00","author":{"@id":"https:\/\/a-desk.org\/#\/schema\/person\/98a8ffcd072256627204f660db6cd312"},"breadcrumb":{"@id":"https:\/\/a-desk.org\/magazine\/los-18-4-criticos-de-arte-hemos-venido-a-contrastar\/#breadcrumb"},"inLanguage":"ca","potentialAction":[{"@type":"ReadAction","target":["https:\/\/a-desk.org\/magazine\/los-18-4-criticos-de-arte-hemos-venido-a-contrastar\/"]}]},{"@type":"ImageObject","inLanguage":"ca","@id":"https:\/\/a-desk.org\/magazine\/los-18-4-criticos-de-arte-hemos-venido-a-contrastar\/#primaryimage","url":"https:\/\/a-desk.org\/wp-content\/uploads\/2007\/03\/arton673.jpg","contentUrl":"https:\/\/a-desk.org\/wp-content\/uploads\/2007\/03\/arton673.jpg","width":200,"height":149},{"@type":"BreadcrumbList","@id":"https:\/\/a-desk.org\/magazine\/los-18-4-criticos-de-arte-hemos-venido-a-contrastar\/#breadcrumb","itemListElement":[{"@type":"ListItem","position":1,"name":"Portada","item":"https:\/\/a-desk.org\/ca\/"},{"@type":"ListItem","position":2,"name":"Los 18 + 4 cr\u00edticos de arte: hemos venido a contrastar."}]},{"@type":"WebSite","@id":"https:\/\/a-desk.org\/#website","url":"https:\/\/a-desk.org\/","name":"A*Desk","description":"A*Desk Critical Thinking","potentialAction":[{"@type":"SearchAction","target":{"@type":"EntryPoint","urlTemplate":"https:\/\/a-desk.org\/?s={search_term_string}"},"query-input":"required name=search_term_string"}],"inLanguage":"ca"},{"@type":"Person","@id":"https:\/\/a-desk.org\/#\/schema\/person\/98a8ffcd072256627204f660db6cd312","name":"Irene Minovas","image":{"@type":"ImageObject","inLanguage":"ca","@id":"https:\/\/a-desk.org\/#\/schema\/person\/image\/f2db15d9942f499cd61e0e5a730d6ce9","url":"https:\/\/secure.gravatar.com\/avatar\/ae8ec2d494abdcef0146cdf4dbac2e56?s=96&d=mm&r=g","contentUrl":"https:\/\/secure.gravatar.com\/avatar\/ae8ec2d494abdcef0146cdf4dbac2e56?s=96&d=mm&r=g","caption":"Irene Minovas"},"url":"https:\/\/a-desk.org\/ca\/autor\/minovas\/"}]}},"_links":{"self":[{"href":"https:\/\/a-desk.org\/ca\/wp-json\/wp\/v2\/posts\/13839"}],"collection":[{"href":"https:\/\/a-desk.org\/ca\/wp-json\/wp\/v2\/posts"}],"about":[{"href":"https:\/\/a-desk.org\/ca\/wp-json\/wp\/v2\/types\/post"}],"author":[{"embeddable":true,"href":"https:\/\/a-desk.org\/ca\/wp-json\/wp\/v2\/users\/2479"}],"replies":[{"embeddable":true,"href":"https:\/\/a-desk.org\/ca\/wp-json\/wp\/v2\/comments?post=13839"}],"version-history":[{"count":1,"href":"https:\/\/a-desk.org\/ca\/wp-json\/wp\/v2\/posts\/13839\/revisions"}],"predecessor-version":[{"id":18164,"href":"https:\/\/a-desk.org\/ca\/wp-json\/wp\/v2\/posts\/13839\/revisions\/18164"}],"wp:featuredmedia":[{"embeddable":true,"href":"https:\/\/a-desk.org\/ca\/wp-json\/wp\/v2\/media\/16495"}],"wp:attachment":[{"href":"https:\/\/a-desk.org\/ca\/wp-json\/wp\/v2\/media?parent=13839"}],"wp:term":[{"taxonomy":"category","embeddable":true,"href":"https:\/\/a-desk.org\/ca\/wp-json\/wp\/v2\/categories?post=13839"},{"taxonomy":"post_tag","embeddable":true,"href":"https:\/\/a-desk.org\/ca\/wp-json\/wp\/v2\/tags?post=13839"},{"taxonomy":"author","embeddable":true,"href":"https:\/\/a-desk.org\/ca\/wp-json\/wp\/v2\/coauthors?post=13839"}],"curies":[{"name":"wp","href":"https:\/\/api.w.org\/{rel}","templated":true}]}}