{"id":19298,"date":"2007-02-06T03:07:00","date_gmt":"2007-02-06T03:07:00","guid":{"rendered":"http:\/\/a-desk.org\/2007\/02\/06\/1-ano\/"},"modified":"2007-02-06T03:07:00","modified_gmt":"2007-02-06T03:07:00","slug":"1-ano","status":"publish","type":"post","link":"https:\/\/a-desk.org\/ca\/magazine\/1-ano\/","title":{"rendered":"1 a\u00f1o"},"content":{"rendered":"<p class=\"post_excerpt\">A-Desk cumple un a\u00f1o (en su formato actual). Lo que empez\u00f3 como un ensayo, una prueba, sobre la posibilidad de desarrollar una plataforma para el debate y la cr\u00edtica en arte desde Barcelona -pero no s\u00f3lo en Barcelona, sino  trazando lig\u00e1menes con otros contextos, pensando y mirando m\u00e1s all\u00e1-, poco a poco ha ido encontrando un hueco. Un hueco que se sustenta \u00fanicamente por sus lectores, por todos aquellos que cada mes dais un paseo por la revista, le\u00e9is las cr\u00edticas, entrevistas, encuestas o ensayos que hemos ido publicando. Y sobre todo, habl\u00e1is de ello y discut\u00eds y, a veces, nos correg\u00eds o puntualiz\u00e1is. Por todo ello estamos infin\u00edtamente agradecidos. Y especialmente satisfechos de que por ese apoyo (aunque sea desde la confrontaci\u00f3n o precisamente por ello) poco a poco el intento de crear una plataforma para el debate en y sobre arte, sobre las exposiciones, lo que pasa, las din\u00e1micas institucionales, etc., vaya cuajando. Desde aqu\u00ed seguiremos insistiendo en la necesidad del debate y la cr\u00edtica como plataforma de discusi\u00f3n y confrontaci\u00f3n de ideas. S\u00f3lo de esta manera es posible crear un contexto de trabajo rico en arte. Y seguiremos ampliando nuestras \u00e1reas de acci\u00f3n, de momento no s\u00f3lo con la revista, sino subrayando la formaci\u00f3n desde A-DeskFormaci\u00f3n. Simplemente por ese convencimiento en el debate y en la necesidad de crear lazos generacionales, de abrir la puerta a nuevas voces y opiniones (de hecho empezamos esta semana el primer workshop sobre cr\u00edtica de arte en colaboraci\u00f3n con La Central, cuyos resultados formar\u00e1n parte del corpus del pr\u00f3ximo n\u00famero). En todo caso, una vez m\u00e1s, gracias por ese apoyo b\u00e1sico pero fundamental, leer y discutir.<\/p>\n<p>Este nuevo n\u00famero coincide con la celebraci\u00f3n de la edici\u00f3n 26 de ARCO, con algunos cambios, fundamentalmente una nueva direcci\u00f3n y tambi\u00e9n despu\u00e9s de haber sido cuestionado su papel o al menos cuestionar que sea justamente una feria la que haya cumplido un papel fundamental en la construcci\u00f3n del contexto art\u00edstico en Espa\u00f1a. En relaci\u00f3n a esta nueva edici\u00f3n de ARCO publicamos una breve encuesta a algunas de las galer\u00edas de Barcelona que tendr\u00e1n stand en la feria. No siempre es solicitada su opini\u00f3n y sin embargo juegan un papel muy importante en el entramado del arte, que a veces es ninguneado. Por eso quer\u00edamos conocer que tienen que decir sobre la situaci\u00f3n del mercado, el papel de ARCO y c\u00f3mo se ven en medio de ese entramado del arte frente a algunos aspectos como la producci\u00f3n o la relaci\u00f3n con los usuarios. <\/p>\n<p>Adem\u00e1s publicamos textos cr\u00edticos sobre la exposici\u00f3n de Manel Margalef en el Tinglado 2 de Tarragona, el uso de la televisi\u00f3n en arte a trav\u00e9s de las exposiciones \u201cHoritzoTV\u201d en  la Capella y \u201cPrimera generaci\u00f3n. Arte e imagen en movimiento, 1963-1986\u201d en el MCARS, Tricky (Galer\u00eda Estrany-de la Mota, Barcelona) y Joanna Billing en el Espai Montcada de CaixaForum Barcelona.\n<\/p>\n<p><!--more--><\/p>\n","protected":false},"excerpt":{"rendered":"<p>A-Desk cumple un a\u00f1o (en su formato actual). Lo que empez\u00f3 como un ensayo, una prueba, sobre la posibilidad de desarrollar una plataforma para el debate y la cr\u00edtica en&#8230;<\/p>\n","protected":false},"author":1241,"featured_media":0,"comment_status":"open","ping_status":"open","sticky":false,"template":"","format":"standard","meta":{"_relevanssi_hide_post":"","_relevanssi_hide_content":"","_relevanssi_pin_for_all":"","_relevanssi_pin_keywords":"","_relevanssi_unpin_keywords":"","_relevanssi_related_keywords":"","_relevanssi_related_include_ids":"","_relevanssi_related_exclude_ids":"","_relevanssi_related_no_append":"","_relevanssi_related_not_related":"","_relevanssi_related_posts":"","_relevanssi_noindex_reason":"","footnotes":""},"categories":[6782],"tags":[],"coauthors":[],"acf":[],"yoast_head":"<!-- This site is optimized with the Yoast SEO plugin v22.6 - https:\/\/yoast.com\/wordpress\/plugins\/seo\/ -->\n<title>1 a\u00f1o &#8211; A*Desk<\/title>\n<meta name=\"robots\" content=\"index, follow, max-snippet:-1, max-image-preview:large, max-video-preview:-1\" \/>\n<link rel=\"canonical\" href=\"https:\/\/a-desk.org\/magazine\/1-ano\/\" \/>\n<meta property=\"og:locale\" content=\"ca_ES\" \/>\n<meta property=\"og:type\" content=\"article\" \/>\n<meta property=\"og:title\" content=\"1 a\u00f1o &#8211; A*Desk\" \/>\n<meta property=\"og:description\" content=\"A-Desk cumple un a\u00f1o (en su formato actual). Lo que empez\u00f3 como un ensayo, una prueba, sobre la posibilidad de desarrollar una plataforma para el debate y la cr\u00edtica en...\" \/>\n<meta property=\"og:url\" content=\"https:\/\/a-desk.org\/magazine\/1-ano\/\" \/>\n<meta property=\"og:site_name\" content=\"A*Desk\" \/>\n<meta property=\"article:published_time\" content=\"2007-02-06T03:07:00+00:00\" \/>\n<meta property=\"og:image\" content=\"https:\/\/a-desk.org\/wp-content\/uploads\/2025\/09\/a-desk-critical-thinking.jpg\" \/>\n\t<meta property=\"og:image:width\" content=\"1200\" \/>\n\t<meta property=\"og:image:height\" content=\"675\" \/>\n\t<meta property=\"og:image:type\" content=\"image\/jpeg\" \/>\n<meta name=\"author\" content=\"A*DESK\" \/>\n<meta name=\"twitter:card\" content=\"summary_large_image\" \/>\n<meta name=\"twitter:label1\" content=\"Escrit per\" \/>\n\t<meta name=\"twitter:data1\" content=\"A*DESK\" \/>\n\t<meta name=\"twitter:label2\" content=\"Temps estimat de lectura\" \/>\n\t<meta name=\"twitter:data2\" content=\"3 minuts\" \/>\n\t<meta name=\"twitter:label3\" content=\"Written by\" \/>\n\t<meta name=\"twitter:data3\" content=\"A*DESK\" \/>\n<script type=\"application\/ld+json\" class=\"yoast-schema-graph\">{\"@context\":\"https:\/\/schema.org\",\"@graph\":[{\"@type\":\"WebPage\",\"@id\":\"https:\/\/a-desk.org\/magazine\/1-ano\/\",\"url\":\"https:\/\/a-desk.org\/magazine\/1-ano\/\",\"name\":\"1 a\u00f1o &#8211; A*Desk\",\"isPartOf\":{\"@id\":\"https:\/\/a-desk.org\/#website\"},\"datePublished\":\"2007-02-06T03:07:00+00:00\",\"dateModified\":\"2007-02-06T03:07:00+00:00\",\"author\":{\"@id\":\"https:\/\/a-desk.org\/#\/schema\/person\/e32f2cc33a81d4e3e29207cb91b1c058\"},\"breadcrumb\":{\"@id\":\"https:\/\/a-desk.org\/magazine\/1-ano\/#breadcrumb\"},\"inLanguage\":\"ca\",\"potentialAction\":[{\"@type\":\"ReadAction\",\"target\":[\"https:\/\/a-desk.org\/magazine\/1-ano\/\"]}]},{\"@type\":\"BreadcrumbList\",\"@id\":\"https:\/\/a-desk.org\/magazine\/1-ano\/#breadcrumb\",\"itemListElement\":[{\"@type\":\"ListItem\",\"position\":1,\"name\":\"Portada\",\"item\":\"https:\/\/a-desk.org\/ca\/\"},{\"@type\":\"ListItem\",\"position\":2,\"name\":\"1 a\u00f1o\"}]},{\"@type\":\"WebSite\",\"@id\":\"https:\/\/a-desk.org\/#website\",\"url\":\"https:\/\/a-desk.org\/\",\"name\":\"A*Desk\",\"description\":\"A*Desk Critical Thinking\",\"potentialAction\":[{\"@type\":\"SearchAction\",\"target\":{\"@type\":\"EntryPoint\",\"urlTemplate\":\"https:\/\/a-desk.org\/?s={search_term_string}\"},\"query-input\":\"required name=search_term_string\"}],\"inLanguage\":\"ca\"},{\"@type\":\"Person\",\"@id\":\"https:\/\/a-desk.org\/#\/schema\/person\/e32f2cc33a81d4e3e29207cb91b1c058\",\"name\":\"A*DESK\",\"image\":{\"@type\":\"ImageObject\",\"inLanguage\":\"ca\",\"@id\":\"https:\/\/a-desk.org\/#\/schema\/person\/image\/10ff463f7c1b7bf67a9b0c7cb7d009a0\",\"url\":\"https:\/\/secure.gravatar.com\/avatar\/512021342347efd46b63b4246a323676?s=96&d=mm&r=g\",\"contentUrl\":\"https:\/\/secure.gravatar.com\/avatar\/512021342347efd46b63b4246a323676?s=96&d=mm&r=g\",\"caption\":\"A*DESK\"},\"url\":\"https:\/\/a-desk.org\/ca\/autor\/audeske\/\"}]}<\/script>\n<!-- \/ Yoast SEO plugin. -->","yoast_head_json":{"title":"1 a\u00f1o &#8211; A*Desk","robots":{"index":"index","follow":"follow","max-snippet":"max-snippet:-1","max-image-preview":"max-image-preview:large","max-video-preview":"max-video-preview:-1"},"canonical":"https:\/\/a-desk.org\/magazine\/1-ano\/","og_locale":"ca_ES","og_type":"article","og_title":"1 a\u00f1o &#8211; A*Desk","og_description":"A-Desk cumple un a\u00f1o (en su formato actual). Lo que empez\u00f3 como un ensayo, una prueba, sobre la posibilidad de desarrollar una plataforma para el debate y la cr\u00edtica en...","og_url":"https:\/\/a-desk.org\/magazine\/1-ano\/","og_site_name":"A*Desk","article_published_time":"2007-02-06T03:07:00+00:00","og_image":[{"width":1200,"height":675,"url":"https:\/\/a-desk.org\/wp-content\/uploads\/2025\/09\/a-desk-critical-thinking.jpg","type":"image\/jpeg"}],"author":"A*DESK","twitter_card":"summary_large_image","twitter_misc":{"Escrit per":"A*DESK","Temps estimat de lectura":"3 minuts","Written by":"A*DESK"},"schema":{"@context":"https:\/\/schema.org","@graph":[{"@type":"WebPage","@id":"https:\/\/a-desk.org\/magazine\/1-ano\/","url":"https:\/\/a-desk.org\/magazine\/1-ano\/","name":"1 a\u00f1o &#8211; A*Desk","isPartOf":{"@id":"https:\/\/a-desk.org\/#website"},"datePublished":"2007-02-06T03:07:00+00:00","dateModified":"2007-02-06T03:07:00+00:00","author":{"@id":"https:\/\/a-desk.org\/#\/schema\/person\/e32f2cc33a81d4e3e29207cb91b1c058"},"breadcrumb":{"@id":"https:\/\/a-desk.org\/magazine\/1-ano\/#breadcrumb"},"inLanguage":"ca","potentialAction":[{"@type":"ReadAction","target":["https:\/\/a-desk.org\/magazine\/1-ano\/"]}]},{"@type":"BreadcrumbList","@id":"https:\/\/a-desk.org\/magazine\/1-ano\/#breadcrumb","itemListElement":[{"@type":"ListItem","position":1,"name":"Portada","item":"https:\/\/a-desk.org\/ca\/"},{"@type":"ListItem","position":2,"name":"1 a\u00f1o"}]},{"@type":"WebSite","@id":"https:\/\/a-desk.org\/#website","url":"https:\/\/a-desk.org\/","name":"A*Desk","description":"A*Desk Critical Thinking","potentialAction":[{"@type":"SearchAction","target":{"@type":"EntryPoint","urlTemplate":"https:\/\/a-desk.org\/?s={search_term_string}"},"query-input":"required name=search_term_string"}],"inLanguage":"ca"},{"@type":"Person","@id":"https:\/\/a-desk.org\/#\/schema\/person\/e32f2cc33a81d4e3e29207cb91b1c058","name":"A*DESK","image":{"@type":"ImageObject","inLanguage":"ca","@id":"https:\/\/a-desk.org\/#\/schema\/person\/image\/10ff463f7c1b7bf67a9b0c7cb7d009a0","url":"https:\/\/secure.gravatar.com\/avatar\/512021342347efd46b63b4246a323676?s=96&d=mm&r=g","contentUrl":"https:\/\/secure.gravatar.com\/avatar\/512021342347efd46b63b4246a323676?s=96&d=mm&r=g","caption":"A*DESK"},"url":"https:\/\/a-desk.org\/ca\/autor\/audeske\/"}]}},"_links":{"self":[{"href":"https:\/\/a-desk.org\/ca\/wp-json\/wp\/v2\/posts\/19298"}],"collection":[{"href":"https:\/\/a-desk.org\/ca\/wp-json\/wp\/v2\/posts"}],"about":[{"href":"https:\/\/a-desk.org\/ca\/wp-json\/wp\/v2\/types\/post"}],"author":[{"embeddable":true,"href":"https:\/\/a-desk.org\/ca\/wp-json\/wp\/v2\/users\/1241"}],"replies":[{"embeddable":true,"href":"https:\/\/a-desk.org\/ca\/wp-json\/wp\/v2\/comments?post=19298"}],"version-history":[{"count":0,"href":"https:\/\/a-desk.org\/ca\/wp-json\/wp\/v2\/posts\/19298\/revisions"}],"wp:attachment":[{"href":"https:\/\/a-desk.org\/ca\/wp-json\/wp\/v2\/media?parent=19298"}],"wp:term":[{"taxonomy":"category","embeddable":true,"href":"https:\/\/a-desk.org\/ca\/wp-json\/wp\/v2\/categories?post=19298"},{"taxonomy":"post_tag","embeddable":true,"href":"https:\/\/a-desk.org\/ca\/wp-json\/wp\/v2\/tags?post=19298"},{"taxonomy":"author","embeddable":true,"href":"https:\/\/a-desk.org\/ca\/wp-json\/wp\/v2\/coauthors?post=19298"}],"curies":[{"name":"wp","href":"https:\/\/api.w.org\/{rel}","templated":true}]}}