{"id":22989,"date":"2017-12-11T05:30:56","date_gmt":"2017-12-11T05:30:56","guid":{"rendered":"http:\/\/a-desk.org\/?p=22989"},"modified":"2017-12-12T18:48:54","modified_gmt":"2017-12-12T18:48:54","slug":"avui-venen-per-ja-massa-tard","status":"publish","type":"post","link":"https:\/\/a-desk.org\/ca\/magazine\/avui-venen-per-ja-massa-tard\/","title":{"rendered":"&#8230;&#8221;avui v\u00e9nen a buscar-me a mi, per\u00f2 ja \u00e9s massa tard&#8221;"},"content":{"rendered":"<p>No hi ha lectura, no hi ha prou dist\u00e0ncia. Com parlar d&#8217;estats d&#8217;excepci\u00f3 des d&#8217;aqu\u00ed i ara? Seria molt b\u00e8stia pretendre que la meva manera de veure ha de ser la d&#8217;altres, no? Aix\u00ed ja acabem amb tot&#8230;<\/p>\n<p>Ostres. Acabar amb tot, aquesta \u00e9s la idea.<\/p>\n<p>Ah, doncs potser s\u00ed que seria un titular. Creu i ratlla. Per b\u00e9 o per mal.<\/p>\n<p>&nbsp;<\/p>\n<p>&#8220;Atzucac&#8221; \u00e9s una paraula que sona rara fins i tot per als catalanoparlants (<em>ells<\/em>, o <em>nosaltres<\/em>, dep\u00e8n del lloc mental des d&#8217;on llegeixis). Significa &#8220;carrer\u00f3 sense sortida&#8221;, encara que tamb\u00e9 es pot fer servir per parlar d&#8217;aquesta situaci\u00f3 a la qual arribes quan una discussi\u00f3 s&#8217;encalla i no trobes opcions de fugida. Acorralament f\u00edsic i mental.<\/p>\n<p>A Catalunya s\u2019hi viu diferent des de fa un temps. Hi queda res, darrere l\u2019atzucac? D&#8217;una banda hi ha el respecte -p\u00e0nic en alguns- que provoca una eventual &#8220;sortida&#8221;. Sortida d&#8217;Espanya, sortida d\u2019all\u00f2 conegut, de la Uni\u00f3 Europea (\u00bfsortida de les pensions per als nostres pares, de l&#8217;atur per als nostres joves?). De l&#8217;altra, la perman\u00e8ncia en l&#8217;estat que ha mostrat un cop m\u00e9s la seva gen\u00e8tica autorit\u00e0ria.<\/p>\n<p>En aquest segon escenari, compensa a tots els partits mentir a tort i a dret perqu\u00e8 l&#8217;independentisme catal\u00e0 (\u201cl&#8217;amena\u00e7a\u201d) espanti qualsevol reclam d&#8217;autocr\u00edtica cap el m\u00e9s corrupte, tribal i fosc govern que hagi conegut aquesta fragil\u00edssima etapa democr\u00e0tica espanyola. En un escenari sense sortida, s\u00f3n d&#8217;esperar una repressi\u00f3 i una humiliaci\u00f3 notables. Atzucac.<\/p>\n<p>Actualment, i conscient que les coses canvien al mateix temps que escric, el president electe de l&#8217;autonomia sediciosa est\u00e0 a B\u00e8lgica, &#8220;exiliat&#8221; per no ser portat a la pres\u00f3; dos membres del govern s&#8217;hi han tirat un mes i dos m\u00e9s segueixen dins -entre ells el vicepresident. Tamb\u00e9 es troben entre reixes dos representants d&#8217;associacions civils, Jordi Cuixart i Jordi S\u00e1nchez, que porten tancats gaireb\u00e9 dos mesos. A veure. Aix\u00f2 es diu o s&#8217;escriu r\u00e0pid per\u00f2 cal pensar-molt a poc a poc: persones a la pres\u00f3 pel seu ideari pol\u00edtic. Un ideari que era p\u00fablic des del 2015. Persones a la pres\u00f3 que no han com\u00e8s cap crim. Presos pol\u00edtics.<\/p>\n<p>Passen les setmanes i l&#8217;estadi d&#8217;adrenalina-euf\u00f2ria-hist\u00e8ria afluixa, per\u00f2 hi ha un parell de q\u00fcestions que podr\u00edem considerar axials en tot aix\u00f2. D&#8217;una banda, massa poc despr\u00e9s de la gran flipada (helic\u00f2pters sobrevolant l&#8217;espai aeri 24\/7, m\u00e9s de 15.000 policies despla\u00e7ats, dormint en vaixells amb en Piol\u00edn dibuixat -algun dia es parlar\u00e0 de la humiliaci\u00f3 que van viure aquests; cops de porra contra gent gran que pretenia realitzar un vot simb\u00f2lic&#8230;) entristeix pensar que el que passa en realitat \u00e9s que molts de la meva generaci\u00f3 no sab\u00edem el que era la viol\u00e8ncia d&#8217;estat. Ara si.<\/p>\n<p>L&#8217;altra q\u00fcesti\u00f3 a destacar que permet el poc marge temporal \u00e9s que aquesta viol\u00e8ncia no es va retransmetre igual a tot arreu, i aquest punt \u00e9s b\u00e0sic. Les imatges de la desproporci\u00f3 van arribar en directe a Berl\u00edn per\u00f2 no a Calatayud, perqu\u00e8 cap televisi\u00f3 p\u00fablica espanyola va retransmetre el que passava; com tampoc es va dir en cap titular que eme-punt-rajoy \u00e9s indici\u00e0riament corrupte.<\/p>\n<p>Actualment governa a Catalunya el partit amb menys vots (l&#8217;esmentat PP), per imposici\u00f3 de l&#8217;article 155 (fins quan, fins on?) I la Junta electoral no permet el color groc (perqu\u00e8 els llacets demanant llibertat s\u00f3n perillosos), aix\u00ed com dir &#8220;exili&#8221; o &#8220;presos pol\u00edtics&#8221;. No est\u00e0 de m\u00e9s recalcar que la Constituci\u00f3 defineix Espanya com un Estat Democr\u00e0tic aconfessional i de Dret, i entre aquests drets, hi ha el de la llibertat d&#8217;expressi\u00f3.<\/p>\n<p>Aquesta mateixa llibertat va ser exercida pels integrants del grup de hip hop <em>La insurgencia<\/em>, que han estat condemnats per l&#8217;Audi\u00e8ncia Nacional a 2 anys i un dia de pres\u00f3 per un &#8220;risc abstracte&#8221; de les seves lletres, sense explicar ni tant sols quin \u00e9s aquest risc (nota: el del dia \u00e9s perqu\u00e8 el m\u00ednim per poder demanar no ingressar a pres\u00f3 s\u00f3n dos anys, d\u2019aquesta manera garanteixen que si que hi hagin d\u2019entrar). Aquesta mateixa Audi\u00e8ncia mant\u00e9 a la pres\u00f3 preventiva a 8 joves d&#8217;Altsasu un any despr\u00e9s de la seva detenci\u00f3. Cassandra \u00e9s jutjada per un tuit que fa broma amb Carrero Blanco, els directors del Jueves (revista sat\u00edrica) s\u00f3n portats a judici per la seva s\u00e0tira i &#8220;l&#8217;odi&#8221; que cont\u00e9, i en canvi els policies de Madrid s\u00f3n absolts -ells, que no fan s\u00e0tira amb Carmena-. On s\u00f3n les actes per delicte d&#8217;odi de Jim\u00e9nez Losantos, Marhuenda, Inda Arriaga, Urdaci, Antonio Jim\u00e9nez, Garc\u00eda Serrano, Alfonso Merlos&#8230;?<\/p>\n<p>Estem en un temps enrarit, en qu\u00e8 un partit que es diu estadista i constitucional condemna all\u00f2 diferent i molest. Amb judicis per corrupci\u00f3 enfosquits, amb tractes de favor, mentides, alimentaci\u00f3 de l&#8217;odi i dial\u00e8ctica hostil. Estem davant d&#8217;un <em>atzucac<\/em> en qu\u00e8 el to i les garanties poden canviar per sempre. On \u00e9s la &#8220;classe cultural&#8221; quan \u00e9s m\u00e9s necess\u00e0ria l&#8217;aparici\u00f3 de veus sensates, reflexives i erudites? \u00bfTanta abs\u00e8ncia de llibertat circula per Espanya? Quant marge m\u00e9s cal atorgar a l&#8217;autoritarisme aut\u00f2mat? Quantes parcel\u00b7les m\u00e9s de llibertat volem lliurar a aquesta tribu clientelar?<\/p>\n<p>&nbsp;<\/p>\n<p>Nota de l&#8217;autora: el t\u00edtol d&#8217;aquest text fa refer\u00e8ncia al poema amb el mateix nom de Martin Niem\u00f6ller, falsament atribuit a Bertolt Brecht.<\/p>\n","protected":false},"excerpt":{"rendered":"<p>No hi ha lectura, no hi ha prou dist\u00e0ncia. Com parlar d&#8217;estats d&#8217;excepci\u00f3 des d&#8217;aqu\u00ed i ara? Seria molt b\u00e8stia pretendre que la meva manera de veure ha de ser&#8230;<\/p>\n","protected":false},"author":1269,"featured_media":22992,"comment_status":"open","ping_status":"open","sticky":false,"template":"","format":"standard","meta":{"_relevanssi_hide_post":"","_relevanssi_hide_content":"","_relevanssi_pin_for_all":"","_relevanssi_pin_keywords":"","_relevanssi_unpin_keywords":"","_relevanssi_related_keywords":"","_relevanssi_related_include_ids":"","_relevanssi_related_exclude_ids":"","_relevanssi_related_no_append":"","_relevanssi_related_not_related":"","_relevanssi_related_posts":"","_relevanssi_noindex_reason":"","footnotes":""},"categories":[5922],"tags":[],"coauthors":[],"acf":[],"yoast_head":"<!-- This site is optimized with the Yoast SEO plugin v22.6 - https:\/\/yoast.com\/wordpress\/plugins\/seo\/ -->\n<title>...&quot;avui v\u00e9nen a buscar-me a mi, per\u00f2 ja \u00e9s massa tard&quot; &#8211; A*Desk<\/title>\n<meta name=\"robots\" content=\"index, follow, max-snippet:-1, max-image-preview:large, max-video-preview:-1\" \/>\n<link rel=\"canonical\" href=\"https:\/\/a-desk.org\/ca\/magazine\/avui-venen-per-ja-massa-tard\/\" \/>\n<meta property=\"og:locale\" content=\"ca_ES\" \/>\n<meta property=\"og:type\" content=\"article\" \/>\n<meta property=\"og:title\" content=\"...&quot;avui v\u00e9nen a buscar-me a mi, per\u00f2 ja \u00e9s massa tard&quot; &#8211; A*Desk\" \/>\n<meta property=\"og:description\" content=\"No hi ha lectura, no hi ha prou dist\u00e0ncia. Com parlar d&#8217;estats d&#8217;excepci\u00f3 des d&#8217;aqu\u00ed i ara? Seria molt b\u00e8stia pretendre que la meva manera de veure ha de ser...\" \/>\n<meta property=\"og:url\" content=\"https:\/\/a-desk.org\/ca\/magazine\/avui-venen-per-ja-massa-tard\/\" \/>\n<meta property=\"og:site_name\" content=\"A*Desk\" \/>\n<meta property=\"article:published_time\" content=\"2017-12-11T05:30:56+00:00\" \/>\n<meta property=\"article:modified_time\" content=\"2017-12-12T18:48:54+00:00\" \/>\n<meta property=\"og:image\" content=\"https:\/\/a-desk.org\/wp-content\/uploads\/2017\/12\/U62021.jpg\" \/>\n\t<meta property=\"og:image:width\" content=\"1000\" \/>\n\t<meta property=\"og:image:height\" content=\"1000\" \/>\n\t<meta property=\"og:image:type\" content=\"image\/jpeg\" \/>\n<meta name=\"author\" content=\"Marina Vives\" \/>\n<meta name=\"twitter:card\" content=\"summary_large_image\" \/>\n<meta name=\"twitter:label1\" content=\"Escrit per\" \/>\n\t<meta name=\"twitter:data1\" content=\"Marina Vives\" \/>\n\t<meta name=\"twitter:label2\" content=\"Temps estimat de lectura\" \/>\n\t<meta name=\"twitter:data2\" content=\"5 minuts\" \/>\n\t<meta name=\"twitter:label3\" content=\"Written by\" \/>\n\t<meta name=\"twitter:data3\" content=\"Marina Vives\" \/>\n<script type=\"application\/ld+json\" class=\"yoast-schema-graph\">{\"@context\":\"https:\/\/schema.org\",\"@graph\":[{\"@type\":\"WebPage\",\"@id\":\"https:\/\/a-desk.org\/ca\/magazine\/avui-venen-per-ja-massa-tard\/\",\"url\":\"https:\/\/a-desk.org\/ca\/magazine\/avui-venen-per-ja-massa-tard\/\",\"name\":\"...\\\"avui v\u00e9nen a buscar-me a mi, per\u00f2 ja \u00e9s massa tard\\\" &#8211; A*Desk\",\"isPartOf\":{\"@id\":\"https:\/\/a-desk.org\/#website\"},\"primaryImageOfPage\":{\"@id\":\"https:\/\/a-desk.org\/ca\/magazine\/avui-venen-per-ja-massa-tard\/#primaryimage\"},\"image\":{\"@id\":\"https:\/\/a-desk.org\/ca\/magazine\/avui-venen-per-ja-massa-tard\/#primaryimage\"},\"thumbnailUrl\":\"https:\/\/a-desk.org\/wp-content\/uploads\/2017\/12\/U62021.jpg\",\"datePublished\":\"2017-12-11T05:30:56+00:00\",\"dateModified\":\"2017-12-12T18:48:54+00:00\",\"author\":{\"@id\":\"https:\/\/a-desk.org\/#\/schema\/person\/ed5f8269b18478544df538bf3aea03e6\"},\"breadcrumb\":{\"@id\":\"https:\/\/a-desk.org\/ca\/magazine\/avui-venen-per-ja-massa-tard\/#breadcrumb\"},\"inLanguage\":\"ca\",\"potentialAction\":[{\"@type\":\"ReadAction\",\"target\":[\"https:\/\/a-desk.org\/ca\/magazine\/avui-venen-per-ja-massa-tard\/\"]}]},{\"@type\":\"ImageObject\",\"inLanguage\":\"ca\",\"@id\":\"https:\/\/a-desk.org\/ca\/magazine\/avui-venen-per-ja-massa-tard\/#primaryimage\",\"url\":\"https:\/\/a-desk.org\/wp-content\/uploads\/2017\/12\/U62021.jpg\",\"contentUrl\":\"https:\/\/a-desk.org\/wp-content\/uploads\/2017\/12\/U62021.jpg\",\"width\":1000,\"height\":1000},{\"@type\":\"BreadcrumbList\",\"@id\":\"https:\/\/a-desk.org\/ca\/magazine\/avui-venen-per-ja-massa-tard\/#breadcrumb\",\"itemListElement\":[{\"@type\":\"ListItem\",\"position\":1,\"name\":\"Portada\",\"item\":\"https:\/\/a-desk.org\/ca\/\"},{\"@type\":\"ListItem\",\"position\":2,\"name\":\"&#8230;&#8221;avui v\u00e9nen a buscar-me a mi, per\u00f2 ja \u00e9s massa tard&#8221;\"}]},{\"@type\":\"WebSite\",\"@id\":\"https:\/\/a-desk.org\/#website\",\"url\":\"https:\/\/a-desk.org\/\",\"name\":\"A*Desk\",\"description\":\"A*Desk Critical Thinking\",\"potentialAction\":[{\"@type\":\"SearchAction\",\"target\":{\"@type\":\"EntryPoint\",\"urlTemplate\":\"https:\/\/a-desk.org\/?s={search_term_string}\"},\"query-input\":\"required name=search_term_string\"}],\"inLanguage\":\"ca\"},{\"@type\":\"Person\",\"@id\":\"https:\/\/a-desk.org\/#\/schema\/person\/ed5f8269b18478544df538bf3aea03e6\",\"name\":\"Marina Vives\",\"image\":{\"@type\":\"ImageObject\",\"inLanguage\":\"ca\",\"@id\":\"https:\/\/a-desk.org\/#\/schema\/person\/image\/8bab32d3d3bdc196694d4c2db6a43dcd\",\"url\":\"https:\/\/secure.gravatar.com\/avatar\/10712deef76591cf14666cd282c328bd?s=96&d=mm&r=g\",\"contentUrl\":\"https:\/\/secure.gravatar.com\/avatar\/10712deef76591cf14666cd282c328bd?s=96&d=mm&r=g\",\"caption\":\"Marina Vives\"},\"url\":\"https:\/\/a-desk.org\/ca\/autor\/marina\/\"}]}<\/script>\n<!-- \/ Yoast SEO plugin. -->","yoast_head_json":{"title":"...\"avui v\u00e9nen a buscar-me a mi, per\u00f2 ja \u00e9s massa tard\" &#8211; A*Desk","robots":{"index":"index","follow":"follow","max-snippet":"max-snippet:-1","max-image-preview":"max-image-preview:large","max-video-preview":"max-video-preview:-1"},"canonical":"https:\/\/a-desk.org\/ca\/magazine\/avui-venen-per-ja-massa-tard\/","og_locale":"ca_ES","og_type":"article","og_title":"...\"avui v\u00e9nen a buscar-me a mi, per\u00f2 ja \u00e9s massa tard\" &#8211; A*Desk","og_description":"No hi ha lectura, no hi ha prou dist\u00e0ncia. Com parlar d&#8217;estats d&#8217;excepci\u00f3 des d&#8217;aqu\u00ed i ara? Seria molt b\u00e8stia pretendre que la meva manera de veure ha de ser...","og_url":"https:\/\/a-desk.org\/ca\/magazine\/avui-venen-per-ja-massa-tard\/","og_site_name":"A*Desk","article_published_time":"2017-12-11T05:30:56+00:00","article_modified_time":"2017-12-12T18:48:54+00:00","og_image":[{"width":1000,"height":1000,"url":"https:\/\/a-desk.org\/wp-content\/uploads\/2017\/12\/U62021.jpg","type":"image\/jpeg"}],"author":"Marina Vives","twitter_card":"summary_large_image","twitter_misc":{"Escrit per":"Marina Vives","Temps estimat de lectura":"5 minuts","Written by":"Marina Vives"},"schema":{"@context":"https:\/\/schema.org","@graph":[{"@type":"WebPage","@id":"https:\/\/a-desk.org\/ca\/magazine\/avui-venen-per-ja-massa-tard\/","url":"https:\/\/a-desk.org\/ca\/magazine\/avui-venen-per-ja-massa-tard\/","name":"...\"avui v\u00e9nen a buscar-me a mi, per\u00f2 ja \u00e9s massa tard\" &#8211; A*Desk","isPartOf":{"@id":"https:\/\/a-desk.org\/#website"},"primaryImageOfPage":{"@id":"https:\/\/a-desk.org\/ca\/magazine\/avui-venen-per-ja-massa-tard\/#primaryimage"},"image":{"@id":"https:\/\/a-desk.org\/ca\/magazine\/avui-venen-per-ja-massa-tard\/#primaryimage"},"thumbnailUrl":"https:\/\/a-desk.org\/wp-content\/uploads\/2017\/12\/U62021.jpg","datePublished":"2017-12-11T05:30:56+00:00","dateModified":"2017-12-12T18:48:54+00:00","author":{"@id":"https:\/\/a-desk.org\/#\/schema\/person\/ed5f8269b18478544df538bf3aea03e6"},"breadcrumb":{"@id":"https:\/\/a-desk.org\/ca\/magazine\/avui-venen-per-ja-massa-tard\/#breadcrumb"},"inLanguage":"ca","potentialAction":[{"@type":"ReadAction","target":["https:\/\/a-desk.org\/ca\/magazine\/avui-venen-per-ja-massa-tard\/"]}]},{"@type":"ImageObject","inLanguage":"ca","@id":"https:\/\/a-desk.org\/ca\/magazine\/avui-venen-per-ja-massa-tard\/#primaryimage","url":"https:\/\/a-desk.org\/wp-content\/uploads\/2017\/12\/U62021.jpg","contentUrl":"https:\/\/a-desk.org\/wp-content\/uploads\/2017\/12\/U62021.jpg","width":1000,"height":1000},{"@type":"BreadcrumbList","@id":"https:\/\/a-desk.org\/ca\/magazine\/avui-venen-per-ja-massa-tard\/#breadcrumb","itemListElement":[{"@type":"ListItem","position":1,"name":"Portada","item":"https:\/\/a-desk.org\/ca\/"},{"@type":"ListItem","position":2,"name":"&#8230;&#8221;avui v\u00e9nen a buscar-me a mi, per\u00f2 ja \u00e9s massa tard&#8221;"}]},{"@type":"WebSite","@id":"https:\/\/a-desk.org\/#website","url":"https:\/\/a-desk.org\/","name":"A*Desk","description":"A*Desk Critical Thinking","potentialAction":[{"@type":"SearchAction","target":{"@type":"EntryPoint","urlTemplate":"https:\/\/a-desk.org\/?s={search_term_string}"},"query-input":"required name=search_term_string"}],"inLanguage":"ca"},{"@type":"Person","@id":"https:\/\/a-desk.org\/#\/schema\/person\/ed5f8269b18478544df538bf3aea03e6","name":"Marina Vives","image":{"@type":"ImageObject","inLanguage":"ca","@id":"https:\/\/a-desk.org\/#\/schema\/person\/image\/8bab32d3d3bdc196694d4c2db6a43dcd","url":"https:\/\/secure.gravatar.com\/avatar\/10712deef76591cf14666cd282c328bd?s=96&d=mm&r=g","contentUrl":"https:\/\/secure.gravatar.com\/avatar\/10712deef76591cf14666cd282c328bd?s=96&d=mm&r=g","caption":"Marina Vives"},"url":"https:\/\/a-desk.org\/ca\/autor\/marina\/"}]}},"_links":{"self":[{"href":"https:\/\/a-desk.org\/ca\/wp-json\/wp\/v2\/posts\/22989"}],"collection":[{"href":"https:\/\/a-desk.org\/ca\/wp-json\/wp\/v2\/posts"}],"about":[{"href":"https:\/\/a-desk.org\/ca\/wp-json\/wp\/v2\/types\/post"}],"author":[{"embeddable":true,"href":"https:\/\/a-desk.org\/ca\/wp-json\/wp\/v2\/users\/1269"}],"replies":[{"embeddable":true,"href":"https:\/\/a-desk.org\/ca\/wp-json\/wp\/v2\/comments?post=22989"}],"version-history":[{"count":4,"href":"https:\/\/a-desk.org\/ca\/wp-json\/wp\/v2\/posts\/22989\/revisions"}],"predecessor-version":[{"id":22999,"href":"https:\/\/a-desk.org\/ca\/wp-json\/wp\/v2\/posts\/22989\/revisions\/22999"}],"wp:featuredmedia":[{"embeddable":true,"href":"https:\/\/a-desk.org\/ca\/wp-json\/wp\/v2\/media\/22992"}],"wp:attachment":[{"href":"https:\/\/a-desk.org\/ca\/wp-json\/wp\/v2\/media?parent=22989"}],"wp:term":[{"taxonomy":"category","embeddable":true,"href":"https:\/\/a-desk.org\/ca\/wp-json\/wp\/v2\/categories?post=22989"},{"taxonomy":"post_tag","embeddable":true,"href":"https:\/\/a-desk.org\/ca\/wp-json\/wp\/v2\/tags?post=22989"},{"taxonomy":"author","embeddable":true,"href":"https:\/\/a-desk.org\/ca\/wp-json\/wp\/v2\/coauthors?post=22989"}],"curies":[{"name":"wp","href":"https:\/\/api.w.org\/{rel}","templated":true}]}}