{"id":24335,"date":"2018-08-06T08:34:36","date_gmt":"2018-08-06T07:34:36","guid":{"rendered":"http:\/\/a-desk.org\/magazine\/archivo-adesk-segun-marta-gili\/"},"modified":"2018-08-07T15:30:45","modified_gmt":"2018-08-07T14:30:45","slug":"archivo-adesk-segun-marta-gili","status":"publish","type":"post","link":"https:\/\/a-desk.org\/ca\/magazine\/archivo-adesk-segun-marta-gili\/","title":{"rendered":"L&#8217;arxiu A*DESK segons&#8230; Marta Gili"},"content":{"rendered":"<p>A*DESK em convida, aquest mes d&#8217;agost, a triar un text dels seus arxius i comentar-lo breument. Entre els molts textos que m&#8217;han semblat pertinents, he triat el de Mart\u00ed Manen \u00ab<a href=\"http:\/\/a-desk.org\/ca\/magazine\/tiempo-real-y-tiempo-institucional\/\">Temps Real i Temps Institucional<\/a>\u00bb. En aquest text, Manen evoca el divorci o el desf\u00e0s de temps entre all\u00f2 que succeeix fora i all\u00f2 que succeeix dintre del Museu o instituci\u00f3 cultural, \u00e9s a dir, entre la &#8220;realitat del carrer&#8221; i la &#8220;realitat del White Cube o la Black box&#8221;. Em sembla interessant constatar, a m\u00e9s, que el que planteja aquest text, que va ser escrit al febrer de l&#8217;any 2009, \u00e9s encara avui, gaireb\u00e9 deu anys m\u00e9s tard, completament vigent.<\/p>\n<p>Em deia un company que treballa en una instituci\u00f3 americana que els conservadors i els comissaris de les exposicions d&#8217;aquest Museu ja estan obligats a incloure en les seves propostes escenogr\u00e0fiques i de recorregut de cada mostra, un espai en el qual el p\u00fablic pugui &#8220;connectar&#8221; lliurement amb l&#8217;exterior, via les xarxes socials, per tal de donar compte de la seva experi\u00e8ncia en el Museu. Seria aquesta estrat\u00e8gia un intent de fer coincidir els temps de &#8220;fora&#8221; i de &#8220;dintre&#8221;?<\/p>\n<p>Si aquesta \u00e9s la proposta m\u00e9s &#8220;inteligent&#8221; i &#8220;novedosa&#8221; per a la dissoluci\u00f3 de les barreres temporals entre el Museu i el carrer, prefereixo quedar-me amb la idea de que, efectivament, anem a un Museu o instituci\u00f3 cultural per a tot el contrari. \u00c9s a dir, per a experimentar en un temps diferent, lluny de la urg\u00e8ncia i de la instantane\u00eftat de les nostres vides viscudes q\u00fcotidianament. Tal com suggereix\u00a0Jacques Ranci\u00e8re, potser en aquest altre temps, el del Museu, puguem arribar a afirmar la nostra capacitat de veure all\u00f2 que veiem, de saber qu\u00e8 pensar i qu\u00e9 fer amb tot aix\u00f2. Em sembla un repte, encara que dificil, molt m\u00e9s suggerent.<\/p>\n<p><a href=\"http:\/\/a-desk.org\/ca\/magazine\/tiempo-real-y-tiempo-institucional\/\">&#8220;Temp Real i Temps Institucional&#8221; (09\/02\/2009 \u00a0) Mart\u00ed Manen<\/a><\/p>\n","protected":false},"excerpt":{"rendered":"<p>A*DESK em convida, aquest mes d&#8217;agost, a triar un text dels seus arxius i comentar-lo breument. Entre els molts textos que m&#8217;han semblat pertinents, he triat el de Mart\u00ed Manen&#8230;<\/p>\n","protected":false},"author":2593,"featured_media":24330,"comment_status":"open","ping_status":"open","sticky":false,"template":"","format":"standard","meta":{"_relevanssi_hide_post":"","_relevanssi_hide_content":"","_relevanssi_pin_for_all":"","_relevanssi_pin_keywords":"","_relevanssi_unpin_keywords":"","_relevanssi_related_keywords":"","_relevanssi_related_include_ids":"","_relevanssi_related_exclude_ids":"","_relevanssi_related_no_append":"","_relevanssi_related_not_related":"","_relevanssi_related_posts":"","_relevanssi_noindex_reason":"","footnotes":""},"categories":[5960],"tags":[],"coauthors":[6551],"acf":[],"yoast_head":"<!-- This site is optimized with the Yoast SEO plugin v22.6 - https:\/\/yoast.com\/wordpress\/plugins\/seo\/ -->\n<title>L&#039;arxiu A*DESK segons... Marta Gili &#8211; A*Desk<\/title>\n<meta name=\"robots\" content=\"index, follow, max-snippet:-1, max-image-preview:large, max-video-preview:-1\" \/>\n<link rel=\"canonical\" href=\"https:\/\/a-desk.org\/ca\/magazine\/archivo-adesk-segun-marta-gili\/\" \/>\n<meta property=\"og:locale\" content=\"ca_ES\" \/>\n<meta property=\"og:type\" content=\"article\" \/>\n<meta property=\"og:title\" content=\"L&#039;arxiu A*DESK segons... Marta Gili &#8211; A*Desk\" \/>\n<meta property=\"og:description\" content=\"A*DESK em convida, aquest mes d&#8217;agost, a triar un text dels seus arxius i comentar-lo breument. Entre els molts textos que m&#8217;han semblat pertinents, he triat el de Mart\u00ed Manen...\" \/>\n<meta property=\"og:url\" content=\"https:\/\/a-desk.org\/ca\/magazine\/archivo-adesk-segun-marta-gili\/\" \/>\n<meta property=\"og:site_name\" content=\"A*Desk\" \/>\n<meta property=\"article:published_time\" content=\"2018-08-06T07:34:36+00:00\" \/>\n<meta property=\"article:modified_time\" content=\"2018-08-07T14:30:45+00:00\" \/>\n<meta property=\"og:image\" content=\"https:\/\/a-desk.org\/wp-content\/uploads\/2018\/08\/arton139-999ac-595x400.jpg\" \/>\n\t<meta property=\"og:image:width\" content=\"595\" \/>\n\t<meta property=\"og:image:height\" content=\"400\" \/>\n\t<meta property=\"og:image:type\" content=\"image\/jpeg\" \/>\n<meta name=\"author\" content=\"Marta Gili\" \/>\n<meta name=\"twitter:card\" content=\"summary_large_image\" \/>\n<meta name=\"twitter:label1\" content=\"Escrit per\" \/>\n\t<meta name=\"twitter:data1\" content=\"Marta Gili\" \/>\n\t<meta name=\"twitter:label2\" content=\"Temps estimat de lectura\" \/>\n\t<meta name=\"twitter:data2\" content=\"2 minuts\" \/>\n\t<meta name=\"twitter:label3\" content=\"Written by\" \/>\n\t<meta name=\"twitter:data3\" content=\"Marta Gili\" \/>\n<script type=\"application\/ld+json\" class=\"yoast-schema-graph\">{\"@context\":\"https:\/\/schema.org\",\"@graph\":[{\"@type\":\"WebPage\",\"@id\":\"https:\/\/a-desk.org\/ca\/magazine\/archivo-adesk-segun-marta-gili\/\",\"url\":\"https:\/\/a-desk.org\/ca\/magazine\/archivo-adesk-segun-marta-gili\/\",\"name\":\"L'arxiu A*DESK segons... Marta Gili &#8211; A*Desk\",\"isPartOf\":{\"@id\":\"https:\/\/a-desk.org\/#website\"},\"primaryImageOfPage\":{\"@id\":\"https:\/\/a-desk.org\/ca\/magazine\/archivo-adesk-segun-marta-gili\/#primaryimage\"},\"image\":{\"@id\":\"https:\/\/a-desk.org\/ca\/magazine\/archivo-adesk-segun-marta-gili\/#primaryimage\"},\"thumbnailUrl\":\"https:\/\/a-desk.org\/wp-content\/uploads\/2018\/08\/arton139-999ac-595x400.jpg\",\"datePublished\":\"2018-08-06T07:34:36+00:00\",\"dateModified\":\"2018-08-07T14:30:45+00:00\",\"author\":{\"@id\":\"https:\/\/a-desk.org\/#\/schema\/person\/eea2872527fbb7e0c9909c1b63225ef0\"},\"breadcrumb\":{\"@id\":\"https:\/\/a-desk.org\/ca\/magazine\/archivo-adesk-segun-marta-gili\/#breadcrumb\"},\"inLanguage\":\"ca\",\"potentialAction\":[{\"@type\":\"ReadAction\",\"target\":[\"https:\/\/a-desk.org\/ca\/magazine\/archivo-adesk-segun-marta-gili\/\"]}]},{\"@type\":\"ImageObject\",\"inLanguage\":\"ca\",\"@id\":\"https:\/\/a-desk.org\/ca\/magazine\/archivo-adesk-segun-marta-gili\/#primaryimage\",\"url\":\"https:\/\/a-desk.org\/wp-content\/uploads\/2018\/08\/arton139-999ac-595x400.jpg\",\"contentUrl\":\"https:\/\/a-desk.org\/wp-content\/uploads\/2018\/08\/arton139-999ac-595x400.jpg\",\"width\":595,\"height\":400},{\"@type\":\"BreadcrumbList\",\"@id\":\"https:\/\/a-desk.org\/ca\/magazine\/archivo-adesk-segun-marta-gili\/#breadcrumb\",\"itemListElement\":[{\"@type\":\"ListItem\",\"position\":1,\"name\":\"Portada\",\"item\":\"https:\/\/a-desk.org\/ca\/\"},{\"@type\":\"ListItem\",\"position\":2,\"name\":\"L&#8217;arxiu A*DESK segons&#8230; Marta Gili\"}]},{\"@type\":\"WebSite\",\"@id\":\"https:\/\/a-desk.org\/#website\",\"url\":\"https:\/\/a-desk.org\/\",\"name\":\"A*Desk\",\"description\":\"A*Desk Critical Thinking\",\"potentialAction\":[{\"@type\":\"SearchAction\",\"target\":{\"@type\":\"EntryPoint\",\"urlTemplate\":\"https:\/\/a-desk.org\/?s={search_term_string}\"},\"query-input\":\"required name=search_term_string\"}],\"inLanguage\":\"ca\"},{\"@type\":\"Person\",\"@id\":\"https:\/\/a-desk.org\/#\/schema\/person\/eea2872527fbb7e0c9909c1b63225ef0\",\"name\":\"Marta Gili\",\"image\":{\"@type\":\"ImageObject\",\"inLanguage\":\"ca\",\"@id\":\"https:\/\/a-desk.org\/#\/schema\/person\/image\/533e75ce7747e1d5091a793ff05fbcc7\",\"url\":\"https:\/\/secure.gravatar.com\/avatar\/92ea5bdda8781f39534e220d7e67cf92?s=96&d=mm&r=g\",\"contentUrl\":\"https:\/\/secure.gravatar.com\/avatar\/92ea5bdda8781f39534e220d7e67cf92?s=96&d=mm&r=g\",\"caption\":\"Marta Gili\"},\"description\":\"A Marta Gili le gusta andar por la ciudad, descubrir lugares invisibles de lo cercano, organizar cenas con un grupo reducido de amigos, charlar de eso y de lo otro... Necesita siempre tener un lugar a donde ir, aunque se pare por el camino y decida cambiar de rumbo. Trabajar con los artistas, imaginar proyectos, desplegar recursos, crear posibilidades de acci\u00f3n, desactivar inercias\u2026.en fin, mover las cosas para que avancen, en uno o en varios sentidos.\",\"url\":\"https:\/\/a-desk.org\/ca\/autor\/marta-gili\/\"}]}<\/script>\n<!-- \/ Yoast SEO plugin. -->","yoast_head_json":{"title":"L'arxiu A*DESK segons... Marta Gili &#8211; A*Desk","robots":{"index":"index","follow":"follow","max-snippet":"max-snippet:-1","max-image-preview":"max-image-preview:large","max-video-preview":"max-video-preview:-1"},"canonical":"https:\/\/a-desk.org\/ca\/magazine\/archivo-adesk-segun-marta-gili\/","og_locale":"ca_ES","og_type":"article","og_title":"L'arxiu A*DESK segons... Marta Gili &#8211; A*Desk","og_description":"A*DESK em convida, aquest mes d&#8217;agost, a triar un text dels seus arxius i comentar-lo breument. Entre els molts textos que m&#8217;han semblat pertinents, he triat el de Mart\u00ed Manen...","og_url":"https:\/\/a-desk.org\/ca\/magazine\/archivo-adesk-segun-marta-gili\/","og_site_name":"A*Desk","article_published_time":"2018-08-06T07:34:36+00:00","article_modified_time":"2018-08-07T14:30:45+00:00","og_image":[{"width":595,"height":400,"url":"https:\/\/a-desk.org\/wp-content\/uploads\/2018\/08\/arton139-999ac-595x400.jpg","type":"image\/jpeg"}],"author":"Marta Gili","twitter_card":"summary_large_image","twitter_misc":{"Escrit per":"Marta Gili","Temps estimat de lectura":"2 minuts","Written by":"Marta Gili"},"schema":{"@context":"https:\/\/schema.org","@graph":[{"@type":"WebPage","@id":"https:\/\/a-desk.org\/ca\/magazine\/archivo-adesk-segun-marta-gili\/","url":"https:\/\/a-desk.org\/ca\/magazine\/archivo-adesk-segun-marta-gili\/","name":"L'arxiu A*DESK segons... Marta Gili &#8211; A*Desk","isPartOf":{"@id":"https:\/\/a-desk.org\/#website"},"primaryImageOfPage":{"@id":"https:\/\/a-desk.org\/ca\/magazine\/archivo-adesk-segun-marta-gili\/#primaryimage"},"image":{"@id":"https:\/\/a-desk.org\/ca\/magazine\/archivo-adesk-segun-marta-gili\/#primaryimage"},"thumbnailUrl":"https:\/\/a-desk.org\/wp-content\/uploads\/2018\/08\/arton139-999ac-595x400.jpg","datePublished":"2018-08-06T07:34:36+00:00","dateModified":"2018-08-07T14:30:45+00:00","author":{"@id":"https:\/\/a-desk.org\/#\/schema\/person\/eea2872527fbb7e0c9909c1b63225ef0"},"breadcrumb":{"@id":"https:\/\/a-desk.org\/ca\/magazine\/archivo-adesk-segun-marta-gili\/#breadcrumb"},"inLanguage":"ca","potentialAction":[{"@type":"ReadAction","target":["https:\/\/a-desk.org\/ca\/magazine\/archivo-adesk-segun-marta-gili\/"]}]},{"@type":"ImageObject","inLanguage":"ca","@id":"https:\/\/a-desk.org\/ca\/magazine\/archivo-adesk-segun-marta-gili\/#primaryimage","url":"https:\/\/a-desk.org\/wp-content\/uploads\/2018\/08\/arton139-999ac-595x400.jpg","contentUrl":"https:\/\/a-desk.org\/wp-content\/uploads\/2018\/08\/arton139-999ac-595x400.jpg","width":595,"height":400},{"@type":"BreadcrumbList","@id":"https:\/\/a-desk.org\/ca\/magazine\/archivo-adesk-segun-marta-gili\/#breadcrumb","itemListElement":[{"@type":"ListItem","position":1,"name":"Portada","item":"https:\/\/a-desk.org\/ca\/"},{"@type":"ListItem","position":2,"name":"L&#8217;arxiu A*DESK segons&#8230; Marta Gili"}]},{"@type":"WebSite","@id":"https:\/\/a-desk.org\/#website","url":"https:\/\/a-desk.org\/","name":"A*Desk","description":"A*Desk Critical Thinking","potentialAction":[{"@type":"SearchAction","target":{"@type":"EntryPoint","urlTemplate":"https:\/\/a-desk.org\/?s={search_term_string}"},"query-input":"required name=search_term_string"}],"inLanguage":"ca"},{"@type":"Person","@id":"https:\/\/a-desk.org\/#\/schema\/person\/eea2872527fbb7e0c9909c1b63225ef0","name":"Marta Gili","image":{"@type":"ImageObject","inLanguage":"ca","@id":"https:\/\/a-desk.org\/#\/schema\/person\/image\/533e75ce7747e1d5091a793ff05fbcc7","url":"https:\/\/secure.gravatar.com\/avatar\/92ea5bdda8781f39534e220d7e67cf92?s=96&d=mm&r=g","contentUrl":"https:\/\/secure.gravatar.com\/avatar\/92ea5bdda8781f39534e220d7e67cf92?s=96&d=mm&r=g","caption":"Marta Gili"},"description":"A Marta Gili le gusta andar por la ciudad, descubrir lugares invisibles de lo cercano, organizar cenas con un grupo reducido de amigos, charlar de eso y de lo otro... Necesita siempre tener un lugar a donde ir, aunque se pare por el camino y decida cambiar de rumbo. Trabajar con los artistas, imaginar proyectos, desplegar recursos, crear posibilidades de acci\u00f3n, desactivar inercias\u2026.en fin, mover las cosas para que avancen, en uno o en varios sentidos.","url":"https:\/\/a-desk.org\/ca\/autor\/marta-gili\/"}]}},"_links":{"self":[{"href":"https:\/\/a-desk.org\/ca\/wp-json\/wp\/v2\/posts\/24335"}],"collection":[{"href":"https:\/\/a-desk.org\/ca\/wp-json\/wp\/v2\/posts"}],"about":[{"href":"https:\/\/a-desk.org\/ca\/wp-json\/wp\/v2\/types\/post"}],"author":[{"embeddable":true,"href":"https:\/\/a-desk.org\/ca\/wp-json\/wp\/v2\/users\/2593"}],"replies":[{"embeddable":true,"href":"https:\/\/a-desk.org\/ca\/wp-json\/wp\/v2\/comments?post=24335"}],"version-history":[{"count":2,"href":"https:\/\/a-desk.org\/ca\/wp-json\/wp\/v2\/posts\/24335\/revisions"}],"predecessor-version":[{"id":24337,"href":"https:\/\/a-desk.org\/ca\/wp-json\/wp\/v2\/posts\/24335\/revisions\/24337"}],"wp:featuredmedia":[{"embeddable":true,"href":"https:\/\/a-desk.org\/ca\/wp-json\/wp\/v2\/media\/24330"}],"wp:attachment":[{"href":"https:\/\/a-desk.org\/ca\/wp-json\/wp\/v2\/media?parent=24335"}],"wp:term":[{"taxonomy":"category","embeddable":true,"href":"https:\/\/a-desk.org\/ca\/wp-json\/wp\/v2\/categories?post=24335"},{"taxonomy":"post_tag","embeddable":true,"href":"https:\/\/a-desk.org\/ca\/wp-json\/wp\/v2\/tags?post=24335"},{"taxonomy":"author","embeddable":true,"href":"https:\/\/a-desk.org\/ca\/wp-json\/wp\/v2\/coauthors?post=24335"}],"curies":[{"name":"wp","href":"https:\/\/api.w.org\/{rel}","templated":true}]}}