{"id":24403,"date":"2018-07-31T16:38:00","date_gmt":"2018-07-31T15:38:00","guid":{"rendered":"http:\/\/a-desk.org\/magazine\/globalidad-critica\/"},"modified":"2018-08-16T09:36:22","modified_gmt":"2018-08-16T08:36:22","slug":"globalidad-critica","status":"publish","type":"post","link":"https:\/\/a-desk.org\/ca\/magazine\/globalidad-critica\/","title":{"rendered":"GLOBALITAT CR\u00cdTICA"},"content":{"rendered":"<p>Un any m\u00e9s, els mesos d&#8217;estiu van plens d&#8217;esdeveniments art\u00edstics repartits per la geografia europea i, a A*Desk, hem decidit dedicar el mes de juliol a repasar-ne els m\u00e9s significatius. El 2018 coincideixen les biennals de Berlin, la itinerant Manifesta (aquest cop a Palerm) i la d&#8217;arquitectura a Ven\u00e8cia amb altres esdeveniments de car\u00e0cter peri\u00f2dic com la Triennal B\u00e0ltica, amb una tretzena edici\u00f3 que es reparteix, per primer cop, entre les tres capitals de la regi\u00f3. Cr\u00edtics d&#8217;art, comissaris d&#8217;exposici\u00f3, galeristes i artistes dediquen les seves vacances a visitar aquests esdeveniments, diluint, encara m\u00e9s si es pot, la frontera entre temps lliure i treball que caracteritza la feina en l&#8217;art.<\/p>\n<p>Maria Mu\u00f1oz s&#8217;ha despla\u00e7at a Palerm per oferir-nos una panor\u00e0mica de la dotzena edici\u00f3 de la biennal europea itinerant, aquest any girant al voltant del paisatge, de la natura i de la idea del jard\u00ed. Tamb\u00e9 tracten assumptes mediambientals, des de l&#8217;angle del canvi i de la relaci\u00f3 entre els humans i la Terra, la biennal de Riga RIBOCA i la Baltic Triennial, esdeveniments dels quals ens fa un informe \u00c0ngels Miralda. Sonia Fern\u00e1ndez Pan i Carolina Jim\u00e9nez passegen juntes per una desena Biennal de Berlin pensada des del rebuig d&#8217;all\u00f2 heroic i de l&#8217;academicisme paternalista d&#8217;aquest tipus d&#8217;esdeveniments quan aquests pretenen tractar temes de postcolonialisme i subalternitat. Finalment, la biennal d&#8217;arquitectura de Ven\u00e8cia, dins de la seva organitzaci\u00f3 en pavellons nacionals, aborda aquestes q\u00fcestions des de la idea de &#8220;desig&#8221; i cada pa\u00eds, com presenta Alberto Ortega, decomissa i reacciona a la seva manera.<\/p>\n<p>D&#8217;alguna manera, i seguint la t\u00f2nica de l&#8217;\u00faltima Documenta, s&#8217;albira un gir dins el m\u00f3n de l&#8217;art, per\u00f2 un gir cap a on? Sembla que allunyant-se de la idea de la fama i de glamour, de l&#8217;art per l&#8217;art, atenent a q\u00fcestions pol\u00edtiques i mediambientals urgents, proposant altres ritmes i altres maneres de fer i de veure, fins i tot posant en q\u00fcesti\u00f3 la idea de &#8220;centre&#8221;. El m\u00f3n internacional de l&#8217;art, a trav\u00e9s de mega-esdeveniments, apareix com un espai sense fronteres en el qual tothom pot tenir cabuda. Un m\u00f3n globalitzat que, sobre el paper, \u00e9s obert i inclusiu -almenys des del punt de vista geogr\u00e0fic. Per\u00f2 sabem tamb\u00e9, com comentaven Juanjo Santos, Maria Virginia Jaua i Gerardo Mosquera, que la nacionalitat segueix comptant i que molts d&#8217;aquests esdeveniments persegueixen all\u00f2 local, el site-specific i l&#8217;aut\u00f2cton com a reacci\u00f3 a l&#8217;homogene\u00eftzaci\u00f3 produ\u00efda per la globalitzaci\u00f3 o com a recerca , justament, de distinci\u00f3. Valgui aquest panorama com a notes per a una reflexi\u00f3 estiuenca.<\/p>\n","protected":false},"excerpt":{"rendered":"<p>Un any m\u00e9s, els mesos d&#8217;estiu van plens d&#8217;esdeveniments art\u00edstics repartits per la geografia europea i, a A*Desk, hem decidit dedicar el mes de juliol a repasar-ne els m\u00e9s significatius&#8230;.<\/p>\n","protected":false},"author":1241,"featured_media":24321,"comment_status":"open","ping_status":"open","sticky":false,"template":"","format":"standard","meta":{"_relevanssi_hide_post":"","_relevanssi_hide_content":"","_relevanssi_pin_for_all":"","_relevanssi_pin_keywords":"","_relevanssi_unpin_keywords":"","_relevanssi_related_keywords":"","_relevanssi_related_include_ids":"","_relevanssi_related_exclude_ids":"","_relevanssi_related_no_append":"","_relevanssi_related_not_related":"","_relevanssi_related_posts":"","_relevanssi_noindex_reason":"","footnotes":""},"categories":[5958],"tags":[],"coauthors":[],"acf":[],"yoast_head":"<!-- This site is optimized with the Yoast SEO plugin v22.6 - https:\/\/yoast.com\/wordpress\/plugins\/seo\/ -->\n<title>GLOBALITAT CR\u00cdTICA &#8211; A*Desk<\/title>\n<meta name=\"robots\" content=\"index, follow, max-snippet:-1, max-image-preview:large, max-video-preview:-1\" \/>\n<link rel=\"canonical\" href=\"https:\/\/a-desk.org\/ca\/magazine\/globalidad-critica\/\" \/>\n<meta property=\"og:locale\" content=\"ca_ES\" \/>\n<meta property=\"og:type\" content=\"article\" \/>\n<meta property=\"og:title\" content=\"GLOBALITAT CR\u00cdTICA &#8211; A*Desk\" \/>\n<meta property=\"og:description\" content=\"Un any m\u00e9s, els mesos d&#8217;estiu van plens d&#8217;esdeveniments art\u00edstics repartits per la geografia europea i, a A*Desk, hem decidit dedicar el mes de juliol a repasar-ne els m\u00e9s significatius....\" \/>\n<meta property=\"og:url\" content=\"https:\/\/a-desk.org\/ca\/magazine\/globalidad-critica\/\" \/>\n<meta property=\"og:site_name\" content=\"A*Desk\" \/>\n<meta property=\"article:published_time\" content=\"2018-07-31T15:38:00+00:00\" \/>\n<meta property=\"article:modified_time\" content=\"2018-08-16T08:36:22+00:00\" \/>\n<meta property=\"og:image\" content=\"https:\/\/a-desk.org\/wp-content\/uploads\/2018\/07\/worldcup2018.png\" \/>\n\t<meta property=\"og:image:width\" content=\"840\" \/>\n\t<meta property=\"og:image:height\" content=\"352\" \/>\n\t<meta property=\"og:image:type\" content=\"image\/png\" \/>\n<meta name=\"author\" content=\"A*DESK\" \/>\n<meta name=\"twitter:card\" content=\"summary_large_image\" \/>\n<meta name=\"twitter:label1\" content=\"Escrit per\" \/>\n\t<meta name=\"twitter:data1\" content=\"A*DESK\" \/>\n\t<meta name=\"twitter:label2\" content=\"Temps estimat de lectura\" \/>\n\t<meta name=\"twitter:data2\" content=\"2 minuts\" \/>\n\t<meta name=\"twitter:label3\" content=\"Written by\" \/>\n\t<meta name=\"twitter:data3\" content=\"A*DESK\" \/>\n<script type=\"application\/ld+json\" class=\"yoast-schema-graph\">{\"@context\":\"https:\/\/schema.org\",\"@graph\":[{\"@type\":\"WebPage\",\"@id\":\"https:\/\/a-desk.org\/ca\/magazine\/globalidad-critica\/\",\"url\":\"https:\/\/a-desk.org\/ca\/magazine\/globalidad-critica\/\",\"name\":\"GLOBALITAT CR\u00cdTICA &#8211; A*Desk\",\"isPartOf\":{\"@id\":\"https:\/\/a-desk.org\/#website\"},\"primaryImageOfPage\":{\"@id\":\"https:\/\/a-desk.org\/ca\/magazine\/globalidad-critica\/#primaryimage\"},\"image\":{\"@id\":\"https:\/\/a-desk.org\/ca\/magazine\/globalidad-critica\/#primaryimage\"},\"thumbnailUrl\":\"https:\/\/a-desk.org\/wp-content\/uploads\/2018\/07\/worldcup2018.png\",\"datePublished\":\"2018-07-31T15:38:00+00:00\",\"dateModified\":\"2018-08-16T08:36:22+00:00\",\"author\":{\"@id\":\"https:\/\/a-desk.org\/#\/schema\/person\/e32f2cc33a81d4e3e29207cb91b1c058\"},\"breadcrumb\":{\"@id\":\"https:\/\/a-desk.org\/ca\/magazine\/globalidad-critica\/#breadcrumb\"},\"inLanguage\":\"ca\",\"potentialAction\":[{\"@type\":\"ReadAction\",\"target\":[\"https:\/\/a-desk.org\/ca\/magazine\/globalidad-critica\/\"]}]},{\"@type\":\"ImageObject\",\"inLanguage\":\"ca\",\"@id\":\"https:\/\/a-desk.org\/ca\/magazine\/globalidad-critica\/#primaryimage\",\"url\":\"https:\/\/a-desk.org\/wp-content\/uploads\/2018\/07\/worldcup2018.png\",\"contentUrl\":\"https:\/\/a-desk.org\/wp-content\/uploads\/2018\/07\/worldcup2018.png\",\"width\":840,\"height\":352},{\"@type\":\"BreadcrumbList\",\"@id\":\"https:\/\/a-desk.org\/ca\/magazine\/globalidad-critica\/#breadcrumb\",\"itemListElement\":[{\"@type\":\"ListItem\",\"position\":1,\"name\":\"Portada\",\"item\":\"https:\/\/a-desk.org\/ca\/\"},{\"@type\":\"ListItem\",\"position\":2,\"name\":\"GLOBALITAT CR\u00cdTICA\"}]},{\"@type\":\"WebSite\",\"@id\":\"https:\/\/a-desk.org\/#website\",\"url\":\"https:\/\/a-desk.org\/\",\"name\":\"A*Desk\",\"description\":\"A*Desk Critical Thinking\",\"potentialAction\":[{\"@type\":\"SearchAction\",\"target\":{\"@type\":\"EntryPoint\",\"urlTemplate\":\"https:\/\/a-desk.org\/?s={search_term_string}\"},\"query-input\":\"required name=search_term_string\"}],\"inLanguage\":\"ca\"},{\"@type\":\"Person\",\"@id\":\"https:\/\/a-desk.org\/#\/schema\/person\/e32f2cc33a81d4e3e29207cb91b1c058\",\"name\":\"A*DESK\",\"image\":{\"@type\":\"ImageObject\",\"inLanguage\":\"ca\",\"@id\":\"https:\/\/a-desk.org\/#\/schema\/person\/image\/10ff463f7c1b7bf67a9b0c7cb7d009a0\",\"url\":\"https:\/\/secure.gravatar.com\/avatar\/512021342347efd46b63b4246a323676?s=96&d=mm&r=g\",\"contentUrl\":\"https:\/\/secure.gravatar.com\/avatar\/512021342347efd46b63b4246a323676?s=96&d=mm&r=g\",\"caption\":\"A*DESK\"},\"url\":\"https:\/\/a-desk.org\/ca\/autor\/audeske\/\"}]}<\/script>\n<!-- \/ Yoast SEO plugin. -->","yoast_head_json":{"title":"GLOBALITAT CR\u00cdTICA &#8211; A*Desk","robots":{"index":"index","follow":"follow","max-snippet":"max-snippet:-1","max-image-preview":"max-image-preview:large","max-video-preview":"max-video-preview:-1"},"canonical":"https:\/\/a-desk.org\/ca\/magazine\/globalidad-critica\/","og_locale":"ca_ES","og_type":"article","og_title":"GLOBALITAT CR\u00cdTICA &#8211; A*Desk","og_description":"Un any m\u00e9s, els mesos d&#8217;estiu van plens d&#8217;esdeveniments art\u00edstics repartits per la geografia europea i, a A*Desk, hem decidit dedicar el mes de juliol a repasar-ne els m\u00e9s significatius....","og_url":"https:\/\/a-desk.org\/ca\/magazine\/globalidad-critica\/","og_site_name":"A*Desk","article_published_time":"2018-07-31T15:38:00+00:00","article_modified_time":"2018-08-16T08:36:22+00:00","og_image":[{"width":840,"height":352,"url":"https:\/\/a-desk.org\/wp-content\/uploads\/2018\/07\/worldcup2018.png","type":"image\/png"}],"author":"A*DESK","twitter_card":"summary_large_image","twitter_misc":{"Escrit per":"A*DESK","Temps estimat de lectura":"2 minuts","Written by":"A*DESK"},"schema":{"@context":"https:\/\/schema.org","@graph":[{"@type":"WebPage","@id":"https:\/\/a-desk.org\/ca\/magazine\/globalidad-critica\/","url":"https:\/\/a-desk.org\/ca\/magazine\/globalidad-critica\/","name":"GLOBALITAT CR\u00cdTICA &#8211; A*Desk","isPartOf":{"@id":"https:\/\/a-desk.org\/#website"},"primaryImageOfPage":{"@id":"https:\/\/a-desk.org\/ca\/magazine\/globalidad-critica\/#primaryimage"},"image":{"@id":"https:\/\/a-desk.org\/ca\/magazine\/globalidad-critica\/#primaryimage"},"thumbnailUrl":"https:\/\/a-desk.org\/wp-content\/uploads\/2018\/07\/worldcup2018.png","datePublished":"2018-07-31T15:38:00+00:00","dateModified":"2018-08-16T08:36:22+00:00","author":{"@id":"https:\/\/a-desk.org\/#\/schema\/person\/e32f2cc33a81d4e3e29207cb91b1c058"},"breadcrumb":{"@id":"https:\/\/a-desk.org\/ca\/magazine\/globalidad-critica\/#breadcrumb"},"inLanguage":"ca","potentialAction":[{"@type":"ReadAction","target":["https:\/\/a-desk.org\/ca\/magazine\/globalidad-critica\/"]}]},{"@type":"ImageObject","inLanguage":"ca","@id":"https:\/\/a-desk.org\/ca\/magazine\/globalidad-critica\/#primaryimage","url":"https:\/\/a-desk.org\/wp-content\/uploads\/2018\/07\/worldcup2018.png","contentUrl":"https:\/\/a-desk.org\/wp-content\/uploads\/2018\/07\/worldcup2018.png","width":840,"height":352},{"@type":"BreadcrumbList","@id":"https:\/\/a-desk.org\/ca\/magazine\/globalidad-critica\/#breadcrumb","itemListElement":[{"@type":"ListItem","position":1,"name":"Portada","item":"https:\/\/a-desk.org\/ca\/"},{"@type":"ListItem","position":2,"name":"GLOBALITAT CR\u00cdTICA"}]},{"@type":"WebSite","@id":"https:\/\/a-desk.org\/#website","url":"https:\/\/a-desk.org\/","name":"A*Desk","description":"A*Desk Critical Thinking","potentialAction":[{"@type":"SearchAction","target":{"@type":"EntryPoint","urlTemplate":"https:\/\/a-desk.org\/?s={search_term_string}"},"query-input":"required name=search_term_string"}],"inLanguage":"ca"},{"@type":"Person","@id":"https:\/\/a-desk.org\/#\/schema\/person\/e32f2cc33a81d4e3e29207cb91b1c058","name":"A*DESK","image":{"@type":"ImageObject","inLanguage":"ca","@id":"https:\/\/a-desk.org\/#\/schema\/person\/image\/10ff463f7c1b7bf67a9b0c7cb7d009a0","url":"https:\/\/secure.gravatar.com\/avatar\/512021342347efd46b63b4246a323676?s=96&d=mm&r=g","contentUrl":"https:\/\/secure.gravatar.com\/avatar\/512021342347efd46b63b4246a323676?s=96&d=mm&r=g","caption":"A*DESK"},"url":"https:\/\/a-desk.org\/ca\/autor\/audeske\/"}]}},"_links":{"self":[{"href":"https:\/\/a-desk.org\/ca\/wp-json\/wp\/v2\/posts\/24403"}],"collection":[{"href":"https:\/\/a-desk.org\/ca\/wp-json\/wp\/v2\/posts"}],"about":[{"href":"https:\/\/a-desk.org\/ca\/wp-json\/wp\/v2\/types\/post"}],"author":[{"embeddable":true,"href":"https:\/\/a-desk.org\/ca\/wp-json\/wp\/v2\/users\/1241"}],"replies":[{"embeddable":true,"href":"https:\/\/a-desk.org\/ca\/wp-json\/wp\/v2\/comments?post=24403"}],"version-history":[{"count":2,"href":"https:\/\/a-desk.org\/ca\/wp-json\/wp\/v2\/posts\/24403\/revisions"}],"predecessor-version":[{"id":24405,"href":"https:\/\/a-desk.org\/ca\/wp-json\/wp\/v2\/posts\/24403\/revisions\/24405"}],"wp:featuredmedia":[{"embeddable":true,"href":"https:\/\/a-desk.org\/ca\/wp-json\/wp\/v2\/media\/24321"}],"wp:attachment":[{"href":"https:\/\/a-desk.org\/ca\/wp-json\/wp\/v2\/media?parent=24403"}],"wp:term":[{"taxonomy":"category","embeddable":true,"href":"https:\/\/a-desk.org\/ca\/wp-json\/wp\/v2\/categories?post=24403"},{"taxonomy":"post_tag","embeddable":true,"href":"https:\/\/a-desk.org\/ca\/wp-json\/wp\/v2\/tags?post=24403"},{"taxonomy":"author","embeddable":true,"href":"https:\/\/a-desk.org\/ca\/wp-json\/wp\/v2\/coauthors?post=24403"}],"curies":[{"name":"wp","href":"https:\/\/api.w.org\/{rel}","templated":true}]}}