{"id":24626,"date":"2018-09-24T06:00:42","date_gmt":"2018-09-24T05:00:42","guid":{"rendered":"http:\/\/a-desk.org\/magazine\/recuerdos-del-internacional-ritual-la-comida-segun-miralda\/"},"modified":"2018-11-09T15:59:20","modified_gmt":"2018-11-09T14:59:20","slug":"recuerdos-del-internacional-ritual-la-comida-segun-miralda","status":"publish","type":"post","link":"https:\/\/a-desk.org\/ca\/magazine\/recuerdos-del-internacional-ritual-la-comida-segun-miralda\/","title":{"rendered":"Records de L&#8217;Internacional. El ritual del menjar segons Miralda"},"content":{"rendered":"<p>En la vor\u00e0gine art\u00edstica i mundana que es cuinava a mitjan anys vuitanta al barri novaiorqu\u00e8s de Tribeca, el restaurant i bar de tapes L&#8217;Internacional es va convertir en una plataforma de celebraci\u00f3 del eat art. Es tractava d&#8217;un pas m\u00e9s en la proposta art\u00edstica que el seu fundador, el catal\u00e0 Antoni Miralda (Terrassa, 1942), venia formulant des de finals de la d\u00e8cada dels seixanta entorn del ritual i la cerim\u00f2nia del menjar, a m\u00e9s d&#8217;una evoluci\u00f3 en el proc\u00e9s de desacralizaci\u00f3n, democratitzaci\u00f3 i, fins i tot, banalitzaci\u00f3 de l&#8217;art. Era com dir: \u201cels artistes tamb\u00e9 mengem, com vosaltres, aix\u00ed que per qu\u00e8 no anem a poder obrir un restaurant?\u201d<\/p>\n<p>Creat al costat de la xef Montse Guill\u00e9n en un edifici amb solera (l&#8217;antic restaurant Teddy\u00b4s, que des de 1920 va canviar de propietari i estil successives vegades, abans de convertir-se en l&#8217;emblem\u00e0tic itali\u00e0 que va alimentar a nombroses estrelles de cinema durant els anys cinquanta i seixanta), comptava amb un servei de cuina internacional (d&#8217;aqu\u00ed el nom! Ni continental ni nouvelle cuisine) que va donar de menjar, des de 1984 fins a 1986, els set dies de la setmana, a una mitjana de 800 clients diaris. Entre ells, artistes i celebrities (Andy Warhol, Jean-Michel Basquiat o Bob Wilson), que es barrejaven amb el gran p\u00fablic en un ambient d&#8217;est\u00e8tica colorida i excessiva, ir\u00f2nica i certament kitsch, reflex de la iconografia de Miralda. No obstant aix\u00f2, es tractava de molt m\u00e9s que d&#8217;un simple restaurant. Era, abans de res, un s\u00edmbol cultural i un centre de creaci\u00f3 art\u00edstica, on la gastronomia donava motiu a una infinitat d&#8217;accions i instal\u00b7lacions, a mig cam\u00ed entre la celebraci\u00f3 del menjar i la performance. Per citar nom\u00e9s uns pocs: la Terrassa Sol i Ombra, que incorporava llaunes aixafades de Coca-cola en l&#8217;entrada del restaurant; el Videomen\u00fa, un monitor que descrivia els plats i begudes disponibles, a manera de carta animada; el Marina Room, sal\u00f3 tem\u00e0tic presidit per quatre bacallans i un sostre decorat amb merenges que imitaven estalactites; o el Face to Face, festa que en la nit de Sant Valent\u00edn va reunir a setanta parells de bessons davant plats id\u00e8ntics de sabors diferents. Comptat i debatut, un \u201csandwich d&#8217;experi\u00e8ncies\u201d, com li agrada recordar al propi Miralda.<\/p>\n<div id=\"attachment_24578\" style=\"width: 329px\" class=\"wp-caption aligncenter\"><img aria-describedby=\"caption-attachment-24578\" decoding=\"async\" class=\"wp-image-24578 size-large\" src=\"http:\/\/a-desk.org\/wp-content\/uploads\/2018\/09\/ElInternacional-1100-319x400.jpg\" alt=\"\" width=\"319\" height=\"400\" srcset=\"https:\/\/a-desk.org\/wp-content\/uploads\/2018\/09\/ElInternacional-1100-319x400.jpg 319w, https:\/\/a-desk.org\/wp-content\/uploads\/2018\/09\/ElInternacional-1100-768x964.jpg 768w, https:\/\/a-desk.org\/wp-content\/uploads\/2018\/09\/ElInternacional-1100.jpg 876w\" sizes=\"(max-width: 319px) 100vw, 319px\" \/><p id=\"caption-attachment-24578\" class=\"wp-caption-text\">Fa\u00e7ada de <em>El Internacional<\/em>. Fa\u00e7ada del restaurant El Internacional, Nueva York. Foto: Peter Aaron<\/p><\/div>\n<p>La nit del passat 18 de setembre, el Jeu de Paume de Par\u00eds va reviure l&#8217;experi\u00e8ncia, amb un esdeveniment organitzat amb motiu de l&#8217;exposici\u00f3 que el centre d&#8217;art ha dedicat aquests \u00faltims mesos a Gordon Matta-Clark-qui, deu anys abans que Miralda, el 1974, va obrir en el Soho de Nova York el seu restaurant FOOD. Despr\u00e9s d&#8217;una presentaci\u00f3 audiovisual de l&#8217;Internacional, molt entusiasta i extrovertida (com el seu propi creador), els assistents a aquesta \u201cacci\u00f3 art\u00edstica i culin\u00e0ria\u201d (tal com va ser anunciada per la instituci\u00f3 parisenca), van poder degustar una s\u00e8rie de tapes i, sobretot, el fam\u00f3s Blue Margarita, el cocktail creat per Miralda i Guill\u00e9n en 1984 i que des de llavors ha donat la volta al m\u00f3n.<\/p>\n<p>Per\u00f2 siguem honests. Una vegada feta la digesti\u00f3 i passada l&#8217;euf\u00f2ria del moment, la realitat es revela: l&#8217;acte va tenir m\u00e9s de record de temps passats i de memorabilia que d&#8217;acci\u00f3 performativa. En realitat, segueix la l\u00ednia de les exposicions retrospectives que se li han dedicat en els \u00faltims anys: la del Museu Regna Sofia en 2010 (De gustibussenar disputandum) o la del MACBA en 2016 (MIRALDA MADEINUSA), en les quals abundava la documentaci\u00f3 i el material d&#8217;arxiu. I \u00e9s que, en recrear-se d\u00e8cades despr\u00e9s, i sobretot en el context de l&#8217;art, a les sales d&#8217;exposici\u00f3, tan lluny de l&#8217;espai p\u00fablic que li era destinat al principi, l&#8217;obra perd part de l&#8217;encant i de l&#8217;objectiu original, que era el de crear situacions i viv\u00e8ncies en les quals explotar la participaci\u00f3 espont\u00e0nia i la interacci\u00f3 amb el p\u00fablic. Inevitable? \u201cQue quedi clar que aix\u00f2 \u00e9s factible dins del context muse\u00edstic, que els museus han d&#8217;obrir les seves portes a aquestes propostes\u201d, deia en una entrevista amb motiu de la seva exposici\u00f3 en el MACBA[1]. Aquesta contradicci\u00f3 en la relaci\u00f3 amb la instituci\u00f3, que Miralda assumeix com a part del treball de l&#8217;artista, com un dilema que sempre est\u00e0 present en la generaci\u00f3 d&#8217;una exposici\u00f3 i en \u201cla manera de presentaci\u00f3 i d&#8217;expressi\u00f3 d&#8217;una obra que \u00e9s pura energia, pura viv\u00e8ncia, en un espai tancat\u201d, la justifica per \u201cl&#8217;obligaci\u00f3 de transmissi\u00f3 dels ingredients que han format part d&#8217;aquests processos\u201d. I va m\u00e9s enll\u00e0: \u201cCal establir un di\u00e0leg, un business, i arribar a un acord, negociar una situaci\u00f3 amb les institucions quan es treballa amb situacions que s\u00f3n r\u00edgides per naturalesa. Cal negociar, i trobar la manera perqu\u00e8 puguis intervenir el m\u00e0xim\u201d[2].<\/p>\n<p>El di\u00e0leg i la comunicaci\u00f3 s\u00f3n dues idees fonamentals en la proposta art\u00edstica de Miralda. En aix\u00f2 consisteix, per a ell, el menjar, que li interessa en el que t\u00e9 de ritual i de pr\u00e0ctica social. Es tracta de compartir, d&#8217;establir lla\u00e7os, de transmetre (i subvertir) les tradicions comunes i alienes i els codis de comportament d&#8217;all\u00f2 m\u00e9s b\u00e0sic de la cultura -la popular. D&#8217;altra banda, en aquesta obra d&#8217;art col\u00b7lectiva, d&#8217;equip, que va anar L&#8217;Internacional, on el paper de l&#8217;artista era el de desencadenant, per\u00f2 on la participaci\u00f3 activa dels clients era fonamental per a l&#8217;activaci\u00f3 del projecte, la proposta es va convertir en una manifestaci\u00f3 d&#8217;aquella societat de masses que Miralda combatia alhora que festejava. L&#8217;inter\u00e8s per les \u201creunions\u201d humanes, que ja havia demostrat des dels seus primers projectes -les acumulacions de soldaditos de pl\u00e0stic que enva\u00efen mobles, est\u00e0tues i mobiliari p\u00fablic-, va ser aplicat m\u00e9s tard a la societat civil, a les desfilades i processons de menjar acolorit que va llan\u00e7ar com traiteur coloriste, amb els seus companys de treball Doroth\u00e9e Selz, Joan Rabascall, Jaume Xifra i Benet Rossell.<\/p>\n<p>V\u00e0ries s\u00f3n les etapes en la cronologia d&#8217;aquest corrent del eat art, des que els futuristes revolucionessin les convencions culin\u00e0ries amb els seus banquets teatrals, i certs artistes dels seixanta i setanta obrissin el seu restaurant-galeria (el m\u00e9s fam\u00f3s, el que Daniel Spoerri, impulsor d&#8217;aquest corrent, va crear a D\u00fcsseldorf el 1968), fins a les pr\u00e0ctiques sorgides sota l&#8217;etiqueta de l&#8217;est\u00e8tica relacional, com els menjars preparats i servides per Rirkrit Tiravanija en galeries d&#8217;art contemporani. Per\u00f2, a difer\u00e8ncia d&#8217;aquestes aventures, m\u00e9s o menys ef\u00edmeres i emmarcades en el circuit art\u00edstic, L&#8217;Internacional, com a veritable restaurant que oferia aquesta experi\u00e8ncia d&#8217;una manera \u201cordin\u00e0ria\u201d, dia a dia, integrada en la vida quotidiana, aconseguia conquistar la famosa utopia avantguardista de conjuminar art i vida, esborrant les fronteres entre categories. Per fi un fenomen que confirmava que l&#8217;art podia existir fora del seu context espec\u00edfic, superat per una estetizaci\u00f3n de l&#8217;exist\u00e8ncia \u2013entenent aquesta exist\u00e8ncia en els termes m\u00e9s universals. Perqu\u00e8, qu\u00e8 hi ha m\u00e9s b\u00e0sic i elemental en aquesta vida que el menjar?<\/p>\n<p>*Imatge de portada:\u00a0Miralda i la xef Montse Guill\u00e9n<\/p>\n<p><a href=\"#_ftnref1\" name=\"_ftn1\">[1]<\/a> <a href=\"https:\/\/www.macba.cat\/es\/video-miralda-madeinusa\">https:\/\/www.macba.cat\/es\/video-miralda-madeinusa<\/a><\/p>\n<p><a href=\"#_ftnref2\" name=\"_ftn2\">[2]<\/a>\u00a0Aquestes cites estan tretes d&#8217;una <a href=\"https:\/\/exit-express.com\/antoni-miralda-por-mi-manera-de-deambular-y-de-sobrevivir-me-interesa-mucho-la-comida-en-la-calle\/\">entrevista amb Antoni Miralda publicada a <\/a><em>exit-express.<\/em><\/p>\n","protected":false},"excerpt":{"rendered":"<p>En la vor\u00e0gine art\u00edstica i mundana que es cuinava a mitjan anys vuitanta al barri novaiorqu\u00e8s de Tribeca, el restaurant i bar de tapes L&#8217;Internacional es va convertir en una&#8230;<\/p>\n","protected":false},"author":2580,"featured_media":24576,"comment_status":"open","ping_status":"open","sticky":false,"template":"","format":"standard","meta":{"_relevanssi_hide_post":"","_relevanssi_hide_content":"","_relevanssi_pin_for_all":"","_relevanssi_pin_keywords":"","_relevanssi_unpin_keywords":"","_relevanssi_related_keywords":"","_relevanssi_related_include_ids":"","_relevanssi_related_exclude_ids":"","_relevanssi_related_no_append":"","_relevanssi_related_not_related":"","_relevanssi_related_posts":"","_relevanssi_noindex_reason":"","footnotes":""},"categories":[5963],"tags":[],"coauthors":[6546],"acf":[],"yoast_head":"<!-- This site is optimized with the Yoast SEO plugin v22.6 - https:\/\/yoast.com\/wordpress\/plugins\/seo\/ -->\n<title>Records de L&#039;Internacional. El ritual del menjar segons Miralda &#8211; A*Desk<\/title>\n<meta name=\"robots\" content=\"index, follow, max-snippet:-1, max-image-preview:large, max-video-preview:-1\" \/>\n<link rel=\"canonical\" href=\"https:\/\/a-desk.org\/ca\/magazine\/recuerdos-del-internacional-ritual-la-comida-segun-miralda\/\" \/>\n<meta property=\"og:locale\" content=\"ca_ES\" \/>\n<meta property=\"og:type\" content=\"article\" \/>\n<meta property=\"og:title\" content=\"Records de L&#039;Internacional. El ritual del menjar segons Miralda &#8211; A*Desk\" \/>\n<meta property=\"og:description\" content=\"En la vor\u00e0gine art\u00edstica i mundana que es cuinava a mitjan anys vuitanta al barri novaiorqu\u00e8s de Tribeca, el restaurant i bar de tapes L&#8217;Internacional es va convertir en una...\" \/>\n<meta property=\"og:url\" content=\"https:\/\/a-desk.org\/ca\/magazine\/recuerdos-del-internacional-ritual-la-comida-segun-miralda\/\" \/>\n<meta property=\"og:site_name\" content=\"A*Desk\" \/>\n<meta property=\"article:published_time\" content=\"2018-09-24T05:00:42+00:00\" \/>\n<meta property=\"article:modified_time\" content=\"2018-11-09T14:59:20+00:00\" \/>\n<meta property=\"og:image\" content=\"https:\/\/a-desk.org\/wp-content\/uploads\/2018\/09\/Miralda-1100.jpg\" \/>\n\t<meta property=\"og:image:width\" content=\"778\" \/>\n\t<meta property=\"og:image:height\" content=\"1100\" \/>\n\t<meta property=\"og:image:type\" content=\"image\/jpeg\" \/>\n<meta name=\"author\" content=\"Beatriz S\u00e1nchez Santidrian\" \/>\n<meta name=\"twitter:card\" content=\"summary_large_image\" \/>\n<meta name=\"twitter:label1\" content=\"Escrit per\" \/>\n\t<meta name=\"twitter:data1\" content=\"Beatriz S\u00e1nchez Santidrian\" \/>\n\t<meta name=\"twitter:label2\" content=\"Temps estimat de lectura\" \/>\n\t<meta name=\"twitter:data2\" content=\"6 minuts\" \/>\n\t<meta name=\"twitter:label3\" content=\"Written by\" \/>\n\t<meta name=\"twitter:data3\" content=\"Beatriz S\u00e1nchez Santidrian\" \/>\n<script type=\"application\/ld+json\" class=\"yoast-schema-graph\">{\"@context\":\"https:\/\/schema.org\",\"@graph\":[{\"@type\":\"WebPage\",\"@id\":\"https:\/\/a-desk.org\/ca\/magazine\/recuerdos-del-internacional-ritual-la-comida-segun-miralda\/\",\"url\":\"https:\/\/a-desk.org\/ca\/magazine\/recuerdos-del-internacional-ritual-la-comida-segun-miralda\/\",\"name\":\"Records de L'Internacional. El ritual del menjar segons Miralda &#8211; A*Desk\",\"isPartOf\":{\"@id\":\"https:\/\/a-desk.org\/#website\"},\"primaryImageOfPage\":{\"@id\":\"https:\/\/a-desk.org\/ca\/magazine\/recuerdos-del-internacional-ritual-la-comida-segun-miralda\/#primaryimage\"},\"image\":{\"@id\":\"https:\/\/a-desk.org\/ca\/magazine\/recuerdos-del-internacional-ritual-la-comida-segun-miralda\/#primaryimage\"},\"thumbnailUrl\":\"https:\/\/a-desk.org\/wp-content\/uploads\/2018\/09\/Miralda-1100.jpg\",\"datePublished\":\"2018-09-24T05:00:42+00:00\",\"dateModified\":\"2018-11-09T14:59:20+00:00\",\"author\":{\"@id\":\"https:\/\/a-desk.org\/#\/schema\/person\/c5a7dd69b48ba5b1abd82109774b4852\"},\"breadcrumb\":{\"@id\":\"https:\/\/a-desk.org\/ca\/magazine\/recuerdos-del-internacional-ritual-la-comida-segun-miralda\/#breadcrumb\"},\"inLanguage\":\"ca\",\"potentialAction\":[{\"@type\":\"ReadAction\",\"target\":[\"https:\/\/a-desk.org\/ca\/magazine\/recuerdos-del-internacional-ritual-la-comida-segun-miralda\/\"]}]},{\"@type\":\"ImageObject\",\"inLanguage\":\"ca\",\"@id\":\"https:\/\/a-desk.org\/ca\/magazine\/recuerdos-del-internacional-ritual-la-comida-segun-miralda\/#primaryimage\",\"url\":\"https:\/\/a-desk.org\/wp-content\/uploads\/2018\/09\/Miralda-1100.jpg\",\"contentUrl\":\"https:\/\/a-desk.org\/wp-content\/uploads\/2018\/09\/Miralda-1100.jpg\",\"width\":778,\"height\":1100},{\"@type\":\"BreadcrumbList\",\"@id\":\"https:\/\/a-desk.org\/ca\/magazine\/recuerdos-del-internacional-ritual-la-comida-segun-miralda\/#breadcrumb\",\"itemListElement\":[{\"@type\":\"ListItem\",\"position\":1,\"name\":\"Portada\",\"item\":\"https:\/\/a-desk.org\/ca\/\"},{\"@type\":\"ListItem\",\"position\":2,\"name\":\"Records de L&#8217;Internacional. El ritual del menjar segons Miralda\"}]},{\"@type\":\"WebSite\",\"@id\":\"https:\/\/a-desk.org\/#website\",\"url\":\"https:\/\/a-desk.org\/\",\"name\":\"A*Desk\",\"description\":\"A*Desk Critical Thinking\",\"potentialAction\":[{\"@type\":\"SearchAction\",\"target\":{\"@type\":\"EntryPoint\",\"urlTemplate\":\"https:\/\/a-desk.org\/?s={search_term_string}\"},\"query-input\":\"required name=search_term_string\"}],\"inLanguage\":\"ca\"},{\"@type\":\"Person\",\"@id\":\"https:\/\/a-desk.org\/#\/schema\/person\/c5a7dd69b48ba5b1abd82109774b4852\",\"name\":\"Beatriz S\u00e1nchez Santidrian\",\"image\":{\"@type\":\"ImageObject\",\"inLanguage\":\"ca\",\"@id\":\"https:\/\/a-desk.org\/#\/schema\/person\/image\/f93323f9b633f11ea2ddd95ef81d1715\",\"url\":\"https:\/\/secure.gravatar.com\/avatar\/8b653d7e608061091ffb25f25d2cd41c?s=96&d=mm&r=g\",\"contentUrl\":\"https:\/\/secure.gravatar.com\/avatar\/8b653d7e608061091ffb25f25d2cd41c?s=96&d=mm&r=g\",\"caption\":\"Beatriz S\u00e1nchez Santidrian\"},\"url\":\"https:\/\/a-desk.org\/ca\/autor\/beatrizs\/\"}]}<\/script>\n<!-- \/ Yoast SEO plugin. -->","yoast_head_json":{"title":"Records de L'Internacional. El ritual del menjar segons Miralda &#8211; A*Desk","robots":{"index":"index","follow":"follow","max-snippet":"max-snippet:-1","max-image-preview":"max-image-preview:large","max-video-preview":"max-video-preview:-1"},"canonical":"https:\/\/a-desk.org\/ca\/magazine\/recuerdos-del-internacional-ritual-la-comida-segun-miralda\/","og_locale":"ca_ES","og_type":"article","og_title":"Records de L'Internacional. El ritual del menjar segons Miralda &#8211; A*Desk","og_description":"En la vor\u00e0gine art\u00edstica i mundana que es cuinava a mitjan anys vuitanta al barri novaiorqu\u00e8s de Tribeca, el restaurant i bar de tapes L&#8217;Internacional es va convertir en una...","og_url":"https:\/\/a-desk.org\/ca\/magazine\/recuerdos-del-internacional-ritual-la-comida-segun-miralda\/","og_site_name":"A*Desk","article_published_time":"2018-09-24T05:00:42+00:00","article_modified_time":"2018-11-09T14:59:20+00:00","og_image":[{"width":778,"height":1100,"url":"https:\/\/a-desk.org\/wp-content\/uploads\/2018\/09\/Miralda-1100.jpg","type":"image\/jpeg"}],"author":"Beatriz S\u00e1nchez Santidrian","twitter_card":"summary_large_image","twitter_misc":{"Escrit per":"Beatriz S\u00e1nchez Santidrian","Temps estimat de lectura":"6 minuts","Written by":"Beatriz S\u00e1nchez Santidrian"},"schema":{"@context":"https:\/\/schema.org","@graph":[{"@type":"WebPage","@id":"https:\/\/a-desk.org\/ca\/magazine\/recuerdos-del-internacional-ritual-la-comida-segun-miralda\/","url":"https:\/\/a-desk.org\/ca\/magazine\/recuerdos-del-internacional-ritual-la-comida-segun-miralda\/","name":"Records de L'Internacional. El ritual del menjar segons Miralda &#8211; A*Desk","isPartOf":{"@id":"https:\/\/a-desk.org\/#website"},"primaryImageOfPage":{"@id":"https:\/\/a-desk.org\/ca\/magazine\/recuerdos-del-internacional-ritual-la-comida-segun-miralda\/#primaryimage"},"image":{"@id":"https:\/\/a-desk.org\/ca\/magazine\/recuerdos-del-internacional-ritual-la-comida-segun-miralda\/#primaryimage"},"thumbnailUrl":"https:\/\/a-desk.org\/wp-content\/uploads\/2018\/09\/Miralda-1100.jpg","datePublished":"2018-09-24T05:00:42+00:00","dateModified":"2018-11-09T14:59:20+00:00","author":{"@id":"https:\/\/a-desk.org\/#\/schema\/person\/c5a7dd69b48ba5b1abd82109774b4852"},"breadcrumb":{"@id":"https:\/\/a-desk.org\/ca\/magazine\/recuerdos-del-internacional-ritual-la-comida-segun-miralda\/#breadcrumb"},"inLanguage":"ca","potentialAction":[{"@type":"ReadAction","target":["https:\/\/a-desk.org\/ca\/magazine\/recuerdos-del-internacional-ritual-la-comida-segun-miralda\/"]}]},{"@type":"ImageObject","inLanguage":"ca","@id":"https:\/\/a-desk.org\/ca\/magazine\/recuerdos-del-internacional-ritual-la-comida-segun-miralda\/#primaryimage","url":"https:\/\/a-desk.org\/wp-content\/uploads\/2018\/09\/Miralda-1100.jpg","contentUrl":"https:\/\/a-desk.org\/wp-content\/uploads\/2018\/09\/Miralda-1100.jpg","width":778,"height":1100},{"@type":"BreadcrumbList","@id":"https:\/\/a-desk.org\/ca\/magazine\/recuerdos-del-internacional-ritual-la-comida-segun-miralda\/#breadcrumb","itemListElement":[{"@type":"ListItem","position":1,"name":"Portada","item":"https:\/\/a-desk.org\/ca\/"},{"@type":"ListItem","position":2,"name":"Records de L&#8217;Internacional. El ritual del menjar segons Miralda"}]},{"@type":"WebSite","@id":"https:\/\/a-desk.org\/#website","url":"https:\/\/a-desk.org\/","name":"A*Desk","description":"A*Desk Critical Thinking","potentialAction":[{"@type":"SearchAction","target":{"@type":"EntryPoint","urlTemplate":"https:\/\/a-desk.org\/?s={search_term_string}"},"query-input":"required name=search_term_string"}],"inLanguage":"ca"},{"@type":"Person","@id":"https:\/\/a-desk.org\/#\/schema\/person\/c5a7dd69b48ba5b1abd82109774b4852","name":"Beatriz S\u00e1nchez Santidrian","image":{"@type":"ImageObject","inLanguage":"ca","@id":"https:\/\/a-desk.org\/#\/schema\/person\/image\/f93323f9b633f11ea2ddd95ef81d1715","url":"https:\/\/secure.gravatar.com\/avatar\/8b653d7e608061091ffb25f25d2cd41c?s=96&d=mm&r=g","contentUrl":"https:\/\/secure.gravatar.com\/avatar\/8b653d7e608061091ffb25f25d2cd41c?s=96&d=mm&r=g","caption":"Beatriz S\u00e1nchez Santidrian"},"url":"https:\/\/a-desk.org\/ca\/autor\/beatrizs\/"}]}},"_links":{"self":[{"href":"https:\/\/a-desk.org\/ca\/wp-json\/wp\/v2\/posts\/24626"}],"collection":[{"href":"https:\/\/a-desk.org\/ca\/wp-json\/wp\/v2\/posts"}],"about":[{"href":"https:\/\/a-desk.org\/ca\/wp-json\/wp\/v2\/types\/post"}],"author":[{"embeddable":true,"href":"https:\/\/a-desk.org\/ca\/wp-json\/wp\/v2\/users\/2580"}],"replies":[{"embeddable":true,"href":"https:\/\/a-desk.org\/ca\/wp-json\/wp\/v2\/comments?post=24626"}],"version-history":[{"count":4,"href":"https:\/\/a-desk.org\/ca\/wp-json\/wp\/v2\/posts\/24626\/revisions"}],"predecessor-version":[{"id":24823,"href":"https:\/\/a-desk.org\/ca\/wp-json\/wp\/v2\/posts\/24626\/revisions\/24823"}],"wp:featuredmedia":[{"embeddable":true,"href":"https:\/\/a-desk.org\/ca\/wp-json\/wp\/v2\/media\/24576"}],"wp:attachment":[{"href":"https:\/\/a-desk.org\/ca\/wp-json\/wp\/v2\/media?parent=24626"}],"wp:term":[{"taxonomy":"category","embeddable":true,"href":"https:\/\/a-desk.org\/ca\/wp-json\/wp\/v2\/categories?post=24626"},{"taxonomy":"post_tag","embeddable":true,"href":"https:\/\/a-desk.org\/ca\/wp-json\/wp\/v2\/tags?post=24626"},{"taxonomy":"author","embeddable":true,"href":"https:\/\/a-desk.org\/ca\/wp-json\/wp\/v2\/coauthors?post=24626"}],"curies":[{"name":"wp","href":"https:\/\/api.w.org\/{rel}","templated":true}]}}