{"id":26136,"date":"2019-05-13T06:00:09","date_gmt":"2019-05-13T05:00:09","guid":{"rendered":"http:\/\/a-desk.org\/magazine\/fracaso-de-texto-ricardo-duque-vista-oral\/"},"modified":"2019-05-17T15:31:06","modified_gmt":"2019-05-17T14:31:06","slug":"fracaso-de-texto-ricardo-duque-vista-oral","status":"publish","type":"post","link":"https:\/\/a-desk.org\/ca\/magazine\/fracaso-de-texto-ricardo-duque-vista-oral\/","title":{"rendered":"Frac\u00e0s de text"},"content":{"rendered":"<p><strong>VISTA ORAL:<\/strong>Seguint la nostra traject\u00f2ria de projectes in\u00fatils, ens han encarregat una l\u00ednia editorial per a A*DESK i hem triat com a tema el FRAC\u00c0S. Potser per pura cl\u00ednica, potser per aquesta resist\u00e8ncia a acceptar determinades l\u00f2giques que semblen imposar-se des del context en el qual ens movem.<\/p>\n<p>Paradoxalment hem pensat en tu, igual que ho vam fer amb l&#8217;enc\u00e0rrec per a la publicaci\u00f3 CAGADAS<sup><a href=\"applewebdata:\/\/68D3C17A-74E7-4424-A903-A4761E4E8CF7#_edn1\" name=\"_ednref1\">[i]<\/a><\/sup>, per aquest posicionament que suposen els projectes autogestionats a no rendir-se, aquesta perseveran\u00e7a que no respon a l\u00f2giques neoliberals, que s\u00f3n les que sostenen les dicotomies \u00e8xit\/frac\u00e0s. Per\u00f2 vaja, que tu pots plantejar-ho com et vingui en gana.<\/p>\n<p><strong>RICARDO DUQUE:<\/strong><em>Estimades, la veritat \u00e9s que molaria que pogu\u00e9ssim fer d&#8217;aix\u00f2 una entrevista, buscar temes m\u00e9s espec\u00edfics i a mode de preguntes, perqu\u00e8 d&#8217;aqu\u00ed puguem filar juntes una entrevista\/text interessant. El tema del frac\u00e0s es pot tractar des de moltes perspectives. En el frac\u00e0s sempre est\u00e0 impl\u00edcit l&#8217;intent, i aix\u00f2 \u00e9s el proc\u00e9s, a vegades els processos s\u00f3n tot, i els resultats al final s\u00f3n tancaments de cicles. Jo en la majoria de projectes d&#8217;aquest tipus en els quals m&#8217;he ficat\u00a0 \u2014hi segueixo ficat!\u2014, crec que es tracta m\u00e9s aviat de resili\u00e8ncia.<\/em><\/p>\n<p><em>D&#8217;altra banda est\u00e0 l&#8217;espectacle del frac\u00e0s. Jo soc un fan d&#8217;aquesta branca dels mems que giren al voltant del frac\u00e0s, el cl\u00e0ssic <\/em>epicfail<em>.<\/em><\/p>\n<p><em>Tamb\u00e9 m&#8217;interessa pensar si s&#8217;ha de considerar o no frac\u00e0s alguna cosa que simplement no es dirigeix en el seu cam\u00ed a l&#8217;\u00e8xit, \u00e9s a dir, que la fi no \u00e9s el que convencionalment es coneix com triomfar, i tal vegada \u00e9s nom\u00e9s aix\u00ed com es poden obrir nous camins, formes de fer i noves preguntes.<\/em><\/p>\n<p><em>No s\u00e9 molt b\u00e9 per on voleu prendre aix\u00f2, per\u00f2 a veure si alguna d&#8217;aquestes vies us obre idees per on tirar. No s\u00e9 si voleu que parlem de projectes espec\u00edfics i maneres de fer en les que estic involucrat o voleu que parlem sobre aquestes coses m\u00e9s en general, com si estigu\u00e9ssim de canyes en un bar.<\/em><\/p>\n<p><strong>VO<\/strong>: Ric, qu\u00e8 et sembla que aix\u00f2 sigui m\u00e9s una conversa que una entrevista? El format entrevista no el manegem res b\u00e9, creiem que filant les idees que a tu et vagin sorgint amb el que nosaltres pensem pot funcionar, qu\u00e8 opines?<\/p>\n<p><strong>RD<\/strong>: <em>S\u00ed, em sembla perfecte. Com comencem? Us agrada alguna de les idees de dalt per a comen\u00e7ar?<\/em><\/p>\n<p><strong>VO<\/strong>: Quan nosaltres pensem en el frac\u00e0s, o en l&#8217;in\u00fatil, ens interessa el malguany en si, la disfunci\u00f3 i el desastre, no com a ensopecs en un proc\u00e9s d&#8217;aprenentatge, sin\u00f3 com un fi en si mateix, com una postura pol\u00edtica que defensa l&#8217;abs\u00e8ncia d&#8217;\u00e8xit, com a espai de resist\u00e8ncia en el qual succeeixen altres coses. Creiem que ets alg\u00fa que no nom\u00e9s transita aquests espais de resist\u00e8ncia sin\u00f3 que \u00e9s capa\u00e7 de generar-los i continuar-los amb inusitada resili\u00e8ncia, amb un entusiasme que a trav\u00e9s de l&#8217;autogesti\u00f3, la reivindica com un espai real d&#8217;autonomia i que va molt m\u00e9s all\u00e0 dels l\u00edmits del pragmatisme de les l\u00f2giques capitalistes.<\/p>\n<p>No hav\u00edem pensat en aix\u00f2 de l&#8217;espectacle del frac\u00e0s, per\u00f2 \u00e9s cert que hi ha certa est\u00e8tica del loser, compartici\u00f3 telem\u00e0tica d&#8217;aquests <em>epic<\/em><em>fails<\/em>. Si vols estirar d&#8217;aquest fil, per nosaltres fant\u00e0stic. En realitat ens ve de gust que parlis del que vulguis, no hi ha una fi concreta.<\/p>\n<p><a href=\"applewebdata:\/\/68D3C17A-74E7-4424-A903-A4761E4E8CF7#_ednref1\" name=\"_edn1\"><\/a><\/p>\n<p><strong>RD<\/strong>: <em>La veritat \u00e9s que aquest text, en part, cont\u00e9 una de les m\u00e9s efectives receptes per al frac\u00e0s: mostrar els processos i els budells de la deriva, intentar fer-ho de manera col\u00b7lectiva i diluir la responsabilitat, aquest virus de tot el col\u00b7lectiu. En part, en llegir el que hem escrit abans a manera de cerca i la vostra decisi\u00f3 de fer p\u00fablic i transparent el proc\u00e9s, tinc la sensaci\u00f3 de que aix\u00f2 \u00e9s ja en s\u00ed un text interessant sobre el frac\u00e0s. Qu\u00e8 s\u00f3n aquests <\/em>epicfails<em>si no draps bruts que algun \u00abcol\u00b7lega\u00bb decideix fer p\u00fablics? Mostrar els budells de la creaci\u00f3 d&#8217;aix\u00f2 que estem fent a dist\u00e0ncia, sense rumb fix, com una conversa de borratxos en un bar en <\/em>streaming<em>.<\/em><\/p>\n<p><em>Per\u00f2 l&#8217;\u00e8xit aquest, que s&#8217;aixeca orgull\u00f3s a l&#8217;altre costat de la dicotomia enfrontat al frac\u00e0s, qu\u00e8 \u00e9s? Perqu\u00e8 les xarxes socials, la publicitat, les pel\u00b7l\u00edcules i tot el soroll visual al qual estem sotmesos estan plens d&#8217;emulacions i pantomimes d&#8217;alguna cosa que sembla estar considerat com a \u00e8xit, per\u00f2 a mi sincerament ni em sedueix, ni m&#8217;atreu, m\u00e9s aviat el contrari. Des de la meva experi\u00e8ncia personal, crec que si el m\u00f3n est\u00e0 desbocat en un corrent regit per les normes neoliberals, el millor i m\u00e9s satisfactori \u00e9s fer-se a un costat, i quedar-se en un d&#8217;aquests recessos que es fan entre les roques a la riba del riu. Aix\u00f2 s\u00ed, aquestes roques cal construir-les, i des d&#8217;all\u00ed es pot veure l&#8217;espectacle fren\u00e8tic des d&#8217;una altra perspectiva. Des del frac\u00e0s? Pot ser, per\u00f2 si el premi \u00e9s entrar en el corrent i guanyar aquesta carrera, prefereixo quedar-me en aquests microh\u00e0bitats que hem constru\u00eft (al costat de molta gent, sempre) i gaudir del que realment em mou a dedicar la meva \u00abamplada de banda mental\u00bb. <\/em><\/p>\n<p><img decoding=\"async\" width=\"800\" height=\"533\" class=\"alignnone size-full wp-image-26098\" src=\"http:\/\/a-desk.org\/wp-content\/uploads\/2019\/05\/19j_barcelona_dinou1-6841.jpg\" alt=\"\" srcset=\"https:\/\/a-desk.org\/wp-content\/uploads\/2019\/05\/19j_barcelona_dinou1-6841.jpg 800w, https:\/\/a-desk.org\/wp-content\/uploads\/2019\/05\/19j_barcelona_dinou1-6841-768x512.jpg 768w, https:\/\/a-desk.org\/wp-content\/uploads\/2019\/05\/19j_barcelona_dinou1-6841-595x396.jpg 595w\" sizes=\"(max-width: 800px) 100vw, 800px\" \/><\/p>\n<p>Dinou, publicaci\u00f3 distribu\u00efda durant la manifestaci\u00f3 del 19 de juny de 2011 a Barcelona. Una publicaci\u00f3 espont\u00e0nia que recollia frases, idees i converses recollides durant els primers mesos dels moviments de la pla\u00e7a Catalunya (15M).<\/p>\n<p>&nbsp;<\/p>\n<p><strong>VO<\/strong>: D&#8217;alguna manera, generar aquestes dicotomies \u00e9s parlar des d&#8217;una bipolaritat que dissol les multiplicitats i, que com tu b\u00e9 comentes, ho a\u00eflla del col\u00b7lectiu. I sembla que en aquesta individualitat no hi ha un context o unes condicions que afavoreixin o dificultin l&#8217;\u00e8xit o el frac\u00e0s, com si tot esdevingu\u00e9s des de les nostres decisions individuals i aquestes no estiguessin travessades per la classe social, el g\u00e8nere, la ra\u00e7a&#8230; i una multitud de variants que, en combinaci\u00f3, afegeixen m\u00e9s o menys viol\u00e8ncies.<\/p>\n<p>Parlar del frac\u00e0s \u00e9s tamb\u00e9 posar en q\u00fcesti\u00f3 qui dona el valor i des de quin lloc. Tot i aix\u00ed, a vegades \u00e9s complicat tenir la capacitat d\u2019apartar-se per a no sentir-se atropellades per un sistema de compensacions als \u201cbons fers\u201d, i m\u00e9s quan aquestes compensacions s\u00f3n, en molts casos, econ\u00f2miques i determinen les nostres maneres de vida en un sistema capitalista. Per\u00f2 \u00e9s clar que la manera en la qual ens sostenim en contradiccions que ens resulten inevitables \u00e9s a trav\u00e9s d&#8217;aquests microh\u00e0bitats o micromons des dels quals sembla possible generar, o almenys interrompre, certes temporalitats.<\/p>\n<p><strong>RD<\/strong>: <em>En efecte, la vida de nosaltres els fracassats, exigeix una bona dosi d&#8217;enginy. Si les nostres conviccions i interessos m\u00e9s \u00edntims (jo els dic \u00abmotors\u00bb) s\u00f3n irrenunciables, i hem de conviure en la carrera liberal del sistema, estem constantment fent modificacions, creant n\u00ednxols que ens permetin entrar i sortir de la pista.<\/em><\/p>\n<p><img decoding=\"async\" width=\"1024\" height=\"683\" class=\"alignnone size-full wp-image-26105\" src=\"http:\/\/a-desk.org\/wp-content\/uploads\/2019\/05\/IMG_8697-diegobus.jpg\" alt=\"\" srcset=\"https:\/\/a-desk.org\/wp-content\/uploads\/2019\/05\/IMG_8697-diegobus.jpg 1024w, https:\/\/a-desk.org\/wp-content\/uploads\/2019\/05\/IMG_8697-diegobus-768x512.jpg 768w, https:\/\/a-desk.org\/wp-content\/uploads\/2019\/05\/IMG_8697-diegobus-595x397.jpg 595w\" sizes=\"(max-width: 1024px) 100vw, 1024px\" \/><\/p>\n<p>Pe\u00e7a impresa \u2014a manera de \u00abmanifest <em>express<\/em>\u00bb\u2014 amb tipografies de plom a L\u2019Autom\u00e0tica el 2012.<\/p>\n<p><em>\u00a0<\/em><\/p>\n<p><em>L&#8217;\u00e8xit i el frac\u00e0s s\u00f3n finalment fruit d&#8217;un judici, com dieu, i \u00e9s dif\u00edcil que el ser jutjats no ens afecti d&#8217;alguna manera, per\u00f2 jo ho veig com una oportunitat de mirar des d&#8217;una altra perspectiva de forma conscient: sembla que ens veiem obligats a entrar en una carrera en la qual no volem competir per a poder llen\u00e7ar el que hem recollit en aquests \u00abmotors\u00bb del frac\u00e0s, per\u00f2 jo crec que si aquests n\u00ednxols o microh\u00e0bitats es construeixen i es reforcen a trav\u00e9s de la reflexi\u00f3, s\u00f3n justament espais de distensi\u00f3 i llibertat, que permeten entrar en la carrera amb for\u00e7a, treure el necessari i tornar. \u00c9s a dir, m&#8217;agrada la idea de mirar la infame carrera des de la mirada del hacker. El frac\u00e0s ben portat no \u00e9s una altra cosa que un bon hack del sistema.<\/em><\/p>\n<p><strong>VO<\/strong>: Ens agrada aix\u00f2 del hack del sistema, que \u00e9s al mateix temps un hack del nostre propi judici, com si el frac\u00e0s fos una elecci\u00f3, com si no actu\u00e9s a manera d&#8217;una esp\u00e8cie d&#8217;imperatiu categ\u00f2ric, una esp\u00e8cie de disciplina autoimposada volunt\u00e0riament contra la qual hem d&#8217;aprendre a laurear els nostres fracassos, a cantar vict\u00f2ria a la decepci\u00f3, a conquerir la frustraci\u00f3, a, en definitiva, habitar la contradicci\u00f3 sense por, ni esperan\u00e7a.<\/p>\n<p>&nbsp;<\/p>\n<p><a href=\"applewebdata:\/\/68D3C17A-74E7-4424-A903-A4761E4E8CF7#_ednref1\" name=\"_edn1\">[i]<\/a>\u00a0Cagadas \u00e9s una publicaci\u00f3 de Vista Oral editada per Los cinco delfines que es publicar\u00e0 durant el 2019.<\/p>\n<p>&nbsp;<\/p>\n","protected":false},"excerpt":{"rendered":"<p>VISTA ORAL:Seguint la nostra traject\u00f2ria de projectes in\u00fatils, ens han encarregat una l\u00ednia editorial per a A*DESK i hem triat com a tema el FRAC\u00c0S. Potser per pura cl\u00ednica, potser&#8230;<\/p>\n","protected":false},"author":2625,"featured_media":26103,"comment_status":"open","ping_status":"open","sticky":false,"template":"","format":"standard","meta":{"_relevanssi_hide_post":"","_relevanssi_hide_content":"","_relevanssi_pin_for_all":"","_relevanssi_pin_keywords":"","_relevanssi_unpin_keywords":"","_relevanssi_related_keywords":"","_relevanssi_related_include_ids":"","_relevanssi_related_exclude_ids":"","_relevanssi_related_no_append":"","_relevanssi_related_not_related":"","_relevanssi_related_posts":"","_relevanssi_noindex_reason":"","footnotes":""},"categories":[5998],"tags":[],"coauthors":[6574],"acf":[],"yoast_head":"<!-- This site is optimized with the Yoast SEO plugin v22.6 - https:\/\/yoast.com\/wordpress\/plugins\/seo\/ -->\n<title>Frac\u00e0s de text &#8211; A*Desk<\/title>\n<meta name=\"robots\" content=\"index, follow, max-snippet:-1, max-image-preview:large, max-video-preview:-1\" \/>\n<link rel=\"canonical\" href=\"https:\/\/a-desk.org\/ca\/magazine\/fracaso-de-texto-ricardo-duque-vista-oral\/\" \/>\n<meta property=\"og:locale\" content=\"ca_ES\" \/>\n<meta property=\"og:type\" content=\"article\" \/>\n<meta property=\"og:title\" content=\"Frac\u00e0s de text &#8211; A*Desk\" \/>\n<meta property=\"og:description\" content=\"VISTA ORAL:Seguint la nostra traject\u00f2ria de projectes in\u00fatils, ens han encarregat una l\u00ednia editorial per a A*DESK i hem triat com a tema el FRAC\u00c0S. Potser per pura cl\u00ednica, potser...\" \/>\n<meta property=\"og:url\" content=\"https:\/\/a-desk.org\/ca\/magazine\/fracaso-de-texto-ricardo-duque-vista-oral\/\" \/>\n<meta property=\"og:site_name\" content=\"A*Desk\" \/>\n<meta property=\"article:published_time\" content=\"2019-05-13T05:00:09+00:00\" \/>\n<meta property=\"article:modified_time\" content=\"2019-05-17T14:31:06+00:00\" \/>\n<meta property=\"og:image\" content=\"https:\/\/a-desk.org\/wp-content\/uploads\/2019\/05\/EPIC.jpg\" \/>\n\t<meta property=\"og:image:width\" content=\"1200\" \/>\n\t<meta property=\"og:image:height\" content=\"1075\" \/>\n\t<meta property=\"og:image:type\" content=\"image\/jpeg\" \/>\n<meta name=\"author\" content=\"Ricardo Duque\" \/>\n<meta name=\"twitter:card\" content=\"summary_large_image\" \/>\n<meta name=\"twitter:label1\" content=\"Escrit per\" \/>\n\t<meta name=\"twitter:data1\" content=\"Ricardo Duque\" \/>\n\t<meta name=\"twitter:label2\" content=\"Temps estimat de lectura\" \/>\n\t<meta name=\"twitter:data2\" content=\"7 minuts\" \/>\n\t<meta name=\"twitter:label3\" content=\"Written by\" \/>\n\t<meta name=\"twitter:data3\" content=\"Ricardo Duque\" \/>\n<script type=\"application\/ld+json\" class=\"yoast-schema-graph\">{\"@context\":\"https:\/\/schema.org\",\"@graph\":[{\"@type\":\"WebPage\",\"@id\":\"https:\/\/a-desk.org\/ca\/magazine\/fracaso-de-texto-ricardo-duque-vista-oral\/\",\"url\":\"https:\/\/a-desk.org\/ca\/magazine\/fracaso-de-texto-ricardo-duque-vista-oral\/\",\"name\":\"Frac\u00e0s de text &#8211; A*Desk\",\"isPartOf\":{\"@id\":\"https:\/\/a-desk.org\/#website\"},\"primaryImageOfPage\":{\"@id\":\"https:\/\/a-desk.org\/ca\/magazine\/fracaso-de-texto-ricardo-duque-vista-oral\/#primaryimage\"},\"image\":{\"@id\":\"https:\/\/a-desk.org\/ca\/magazine\/fracaso-de-texto-ricardo-duque-vista-oral\/#primaryimage\"},\"thumbnailUrl\":\"https:\/\/a-desk.org\/wp-content\/uploads\/2019\/05\/EPIC.jpg\",\"datePublished\":\"2019-05-13T05:00:09+00:00\",\"dateModified\":\"2019-05-17T14:31:06+00:00\",\"author\":{\"@id\":\"https:\/\/a-desk.org\/#\/schema\/person\/43b82465413ec8184d3c9edb3257f92c\"},\"breadcrumb\":{\"@id\":\"https:\/\/a-desk.org\/ca\/magazine\/fracaso-de-texto-ricardo-duque-vista-oral\/#breadcrumb\"},\"inLanguage\":\"ca\",\"potentialAction\":[{\"@type\":\"ReadAction\",\"target\":[\"https:\/\/a-desk.org\/ca\/magazine\/fracaso-de-texto-ricardo-duque-vista-oral\/\"]}]},{\"@type\":\"ImageObject\",\"inLanguage\":\"ca\",\"@id\":\"https:\/\/a-desk.org\/ca\/magazine\/fracaso-de-texto-ricardo-duque-vista-oral\/#primaryimage\",\"url\":\"https:\/\/a-desk.org\/wp-content\/uploads\/2019\/05\/EPIC.jpg\",\"contentUrl\":\"https:\/\/a-desk.org\/wp-content\/uploads\/2019\/05\/EPIC.jpg\",\"width\":1200,\"height\":1075},{\"@type\":\"BreadcrumbList\",\"@id\":\"https:\/\/a-desk.org\/ca\/magazine\/fracaso-de-texto-ricardo-duque-vista-oral\/#breadcrumb\",\"itemListElement\":[{\"@type\":\"ListItem\",\"position\":1,\"name\":\"Portada\",\"item\":\"https:\/\/a-desk.org\/ca\/\"},{\"@type\":\"ListItem\",\"position\":2,\"name\":\"Frac\u00e0s de text\"}]},{\"@type\":\"WebSite\",\"@id\":\"https:\/\/a-desk.org\/#website\",\"url\":\"https:\/\/a-desk.org\/\",\"name\":\"A*Desk\",\"description\":\"A*Desk Critical Thinking\",\"potentialAction\":[{\"@type\":\"SearchAction\",\"target\":{\"@type\":\"EntryPoint\",\"urlTemplate\":\"https:\/\/a-desk.org\/?s={search_term_string}\"},\"query-input\":\"required name=search_term_string\"}],\"inLanguage\":\"ca\"},{\"@type\":\"Person\",\"@id\":\"https:\/\/a-desk.org\/#\/schema\/person\/43b82465413ec8184d3c9edb3257f92c\",\"name\":\"Ricardo Duque\",\"image\":{\"@type\":\"ImageObject\",\"inLanguage\":\"ca\",\"@id\":\"https:\/\/a-desk.org\/#\/schema\/person\/image\/de7b4bdb6cb6549f4f732fd3c5c258a0\",\"url\":\"https:\/\/secure.gravatar.com\/avatar\/0491d68829c9f8777a682a2fea1fed54?s=96&d=mm&r=g\",\"contentUrl\":\"https:\/\/secure.gravatar.com\/avatar\/0491d68829c9f8777a682a2fea1fed54?s=96&d=mm&r=g\",\"caption\":\"Ricardo Duque\"},\"url\":\"https:\/\/a-desk.org\/ca\/autor\/ricardo-duque\/\"}]}<\/script>\n<!-- \/ Yoast SEO plugin. -->","yoast_head_json":{"title":"Frac\u00e0s de text &#8211; A*Desk","robots":{"index":"index","follow":"follow","max-snippet":"max-snippet:-1","max-image-preview":"max-image-preview:large","max-video-preview":"max-video-preview:-1"},"canonical":"https:\/\/a-desk.org\/ca\/magazine\/fracaso-de-texto-ricardo-duque-vista-oral\/","og_locale":"ca_ES","og_type":"article","og_title":"Frac\u00e0s de text &#8211; A*Desk","og_description":"VISTA ORAL:Seguint la nostra traject\u00f2ria de projectes in\u00fatils, ens han encarregat una l\u00ednia editorial per a A*DESK i hem triat com a tema el FRAC\u00c0S. Potser per pura cl\u00ednica, potser...","og_url":"https:\/\/a-desk.org\/ca\/magazine\/fracaso-de-texto-ricardo-duque-vista-oral\/","og_site_name":"A*Desk","article_published_time":"2019-05-13T05:00:09+00:00","article_modified_time":"2019-05-17T14:31:06+00:00","og_image":[{"width":1200,"height":1075,"url":"https:\/\/a-desk.org\/wp-content\/uploads\/2019\/05\/EPIC.jpg","type":"image\/jpeg"}],"author":"Ricardo Duque","twitter_card":"summary_large_image","twitter_misc":{"Escrit per":"Ricardo Duque","Temps estimat de lectura":"7 minuts","Written by":"Ricardo Duque"},"schema":{"@context":"https:\/\/schema.org","@graph":[{"@type":"WebPage","@id":"https:\/\/a-desk.org\/ca\/magazine\/fracaso-de-texto-ricardo-duque-vista-oral\/","url":"https:\/\/a-desk.org\/ca\/magazine\/fracaso-de-texto-ricardo-duque-vista-oral\/","name":"Frac\u00e0s de text &#8211; A*Desk","isPartOf":{"@id":"https:\/\/a-desk.org\/#website"},"primaryImageOfPage":{"@id":"https:\/\/a-desk.org\/ca\/magazine\/fracaso-de-texto-ricardo-duque-vista-oral\/#primaryimage"},"image":{"@id":"https:\/\/a-desk.org\/ca\/magazine\/fracaso-de-texto-ricardo-duque-vista-oral\/#primaryimage"},"thumbnailUrl":"https:\/\/a-desk.org\/wp-content\/uploads\/2019\/05\/EPIC.jpg","datePublished":"2019-05-13T05:00:09+00:00","dateModified":"2019-05-17T14:31:06+00:00","author":{"@id":"https:\/\/a-desk.org\/#\/schema\/person\/43b82465413ec8184d3c9edb3257f92c"},"breadcrumb":{"@id":"https:\/\/a-desk.org\/ca\/magazine\/fracaso-de-texto-ricardo-duque-vista-oral\/#breadcrumb"},"inLanguage":"ca","potentialAction":[{"@type":"ReadAction","target":["https:\/\/a-desk.org\/ca\/magazine\/fracaso-de-texto-ricardo-duque-vista-oral\/"]}]},{"@type":"ImageObject","inLanguage":"ca","@id":"https:\/\/a-desk.org\/ca\/magazine\/fracaso-de-texto-ricardo-duque-vista-oral\/#primaryimage","url":"https:\/\/a-desk.org\/wp-content\/uploads\/2019\/05\/EPIC.jpg","contentUrl":"https:\/\/a-desk.org\/wp-content\/uploads\/2019\/05\/EPIC.jpg","width":1200,"height":1075},{"@type":"BreadcrumbList","@id":"https:\/\/a-desk.org\/ca\/magazine\/fracaso-de-texto-ricardo-duque-vista-oral\/#breadcrumb","itemListElement":[{"@type":"ListItem","position":1,"name":"Portada","item":"https:\/\/a-desk.org\/ca\/"},{"@type":"ListItem","position":2,"name":"Frac\u00e0s de text"}]},{"@type":"WebSite","@id":"https:\/\/a-desk.org\/#website","url":"https:\/\/a-desk.org\/","name":"A*Desk","description":"A*Desk Critical Thinking","potentialAction":[{"@type":"SearchAction","target":{"@type":"EntryPoint","urlTemplate":"https:\/\/a-desk.org\/?s={search_term_string}"},"query-input":"required name=search_term_string"}],"inLanguage":"ca"},{"@type":"Person","@id":"https:\/\/a-desk.org\/#\/schema\/person\/43b82465413ec8184d3c9edb3257f92c","name":"Ricardo Duque","image":{"@type":"ImageObject","inLanguage":"ca","@id":"https:\/\/a-desk.org\/#\/schema\/person\/image\/de7b4bdb6cb6549f4f732fd3c5c258a0","url":"https:\/\/secure.gravatar.com\/avatar\/0491d68829c9f8777a682a2fea1fed54?s=96&d=mm&r=g","contentUrl":"https:\/\/secure.gravatar.com\/avatar\/0491d68829c9f8777a682a2fea1fed54?s=96&d=mm&r=g","caption":"Ricardo Duque"},"url":"https:\/\/a-desk.org\/ca\/autor\/ricardo-duque\/"}]}},"_links":{"self":[{"href":"https:\/\/a-desk.org\/ca\/wp-json\/wp\/v2\/posts\/26136"}],"collection":[{"href":"https:\/\/a-desk.org\/ca\/wp-json\/wp\/v2\/posts"}],"about":[{"href":"https:\/\/a-desk.org\/ca\/wp-json\/wp\/v2\/types\/post"}],"author":[{"embeddable":true,"href":"https:\/\/a-desk.org\/ca\/wp-json\/wp\/v2\/users\/2625"}],"replies":[{"embeddable":true,"href":"https:\/\/a-desk.org\/ca\/wp-json\/wp\/v2\/comments?post=26136"}],"version-history":[{"count":3,"href":"https:\/\/a-desk.org\/ca\/wp-json\/wp\/v2\/posts\/26136\/revisions"}],"predecessor-version":[{"id":26147,"href":"https:\/\/a-desk.org\/ca\/wp-json\/wp\/v2\/posts\/26136\/revisions\/26147"}],"wp:featuredmedia":[{"embeddable":true,"href":"https:\/\/a-desk.org\/ca\/wp-json\/wp\/v2\/media\/26103"}],"wp:attachment":[{"href":"https:\/\/a-desk.org\/ca\/wp-json\/wp\/v2\/media?parent=26136"}],"wp:term":[{"taxonomy":"category","embeddable":true,"href":"https:\/\/a-desk.org\/ca\/wp-json\/wp\/v2\/categories?post=26136"},{"taxonomy":"post_tag","embeddable":true,"href":"https:\/\/a-desk.org\/ca\/wp-json\/wp\/v2\/tags?post=26136"},{"taxonomy":"author","embeddable":true,"href":"https:\/\/a-desk.org\/ca\/wp-json\/wp\/v2\/coauthors?post=26136"}],"curies":[{"name":"wp","href":"https:\/\/api.w.org\/{rel}","templated":true}]}}