{"id":27094,"date":"2019-10-28T06:00:17","date_gmt":"2019-10-28T05:00:17","guid":{"rendered":"http:\/\/a-desk.org\/magazine\/donde-esta-la-musica\/"},"modified":"2023-07-09T14:35:02","modified_gmt":"2023-07-09T12:35:02","slug":"donde-esta-la-musica","status":"publish","type":"post","link":"https:\/\/a-desk.org\/ca\/magazine\/donde-esta-la-musica\/","title":{"rendered":"On \u00e9s la m\u00fasica?"},"content":{"rendered":"<p>De qu\u00e8 va aix\u00f2 de la m\u00fasica? Qu\u00e8 \u00e9s i com es produeix? I on es troba?<\/p>\n<p>Apareix com per art de m\u00e0gia en cantar o tocar un instrument musical? Emana doncs de l&#8217;acte d&#8217;interpretar-la? Ha de necess\u00e0riament tocar-la un hum\u00e0? O el cant d&#8217;un ocell tamb\u00e9 podem considerar-lo m\u00fasica? Fan m\u00fasica els animals? El sotragueig del tren o el grinyol d&#8217;una m\u00e0quina en una f\u00e0brica tamb\u00e9 valen? O reservem la facultat de fer m\u00fasica nom\u00e9s per als \u00e9ssers vius? Potser s\u00f3n gestos o accions els que produeixen la m\u00fasica? Aquests gestos han d\u2019haver-se executat conscientment per a considerar que all\u00f2 que produeixen \u00e9s m\u00fasica i no una altra cosa? S\u00f3n aquestes accions o gestos en si mateixos la m\u00fasica? \u00c9s una actuaci\u00f3 la m\u00fasica? Pot existir la m\u00fasica sense interpretaci\u00f3? En cas afirmatiu, on?<\/p>\n<p>O potser sorgeix la m\u00fasica a partir del moment en qu\u00e8 sona? Requereix la m\u00fasica necess\u00e0riament que un grup de mol\u00e8cules balli una coreografia en l&#8217;aire? Si no hi ha so no hi ha m\u00fasica llavors? Qu\u00e8 passa amb el silenci? No forma part de la m\u00fasica? Va per lliure? Com distingir el silenci de la m\u00fasica? Quant silenci \u00e9s necessari per a determinar amb certesa que la m\u00fasica ha finalitzat?<\/p>\n<p>O es materialitza la m\u00fasica quan se l\u2019escolta? Emergeix del no-res tan aviat un li para esment a un so qualsevol? Tots els sons valen? O dep\u00e8n del so que s&#8217;estigui escoltant? Com saber si efectivament la m\u00fasica \u00e9s aqu\u00ed, si el que escoltem \u00e9s m\u00fasica o no? Com determinar si estem escoltant un so qualsevol \u2015diguem-li amusical\u2015 o si estem escoltant m\u00fasica? Esdev\u00e9 un so m\u00e9s musical si s&#8217;exercita l&#8217;escolta profunda en lloc d&#8217;escoltar superficialment? S\u00ed? No? Per qu\u00e8? Com parar-li esment a alguna cosa que encara no \u00e9s m\u00fasica per\u00f2 que ho ser\u00e0 una vegada sigui escoltada detingudament? En altres paraules, com s&#8217;endevina la m\u00fasica? I si ning\u00fa est\u00e0 escoltant? Potser escoltar \u00e9s requisit sine qua non per a la m\u00fasica? Estar escoltant \u00e9s la m\u00fasica? Es pot concebre una m\u00fasica que mai sigui escoltada? Si fos aix\u00ed, on residiria aquesta m\u00fasica? Quin seria el seu suport?<\/p>\n<p><img decoding=\"async\" width=\"760\" height=\"514\" class=\"alignnone size-full wp-image-27018\" src=\"http:\/\/a-desk.org\/wp-content\/uploads\/2019\/10\/dj_screw-e1571677088375.jpg\" alt=\"\" \/><\/p>\n<p style=\"text-align: center;\">Dj Screw<\/p>\n<p>Es pot capturar la m\u00fasica? Qu\u00e8 \u00e9s el que registra un enregistrament? \u00c9s un enregistrament la m\u00fasica? Va sobre magnetitzar part\u00edcules en una cinta magn\u00e8tica, tallar solcs en un tros de vinil o disposar bits seq\u00fcencialment en un arxiu digital? Cont\u00e9 un mp3 la m\u00fasica o una esp\u00e8cie de resum? Qu\u00e8 significa aturar la m\u00fasica? Parar la m\u00fasica implica detenir-la? Significa aix\u00f2 que la m\u00fasica s&#8217;est\u00e0 movent? Si s&#8217;est\u00e0 movent, d&#8217;on ve i a on va? La m\u00fasica viatja llavors? Cap a on? Et transporta? On? Et commou?<\/p>\n<p>Potser est\u00e0 la m\u00fasica en la partitura? Es tracta nom\u00e9s d&#8217;una seq\u00fc\u00e8ncia de notes escrites sobre un pentagrama? O d&#8217;una s\u00e8rie de s\u00edmbols i instruccions a manera de notaci\u00f3 gr\u00e0fica? \u00c9s la m\u00fasica all\u00f2 que descriu una partitura? Qu\u00e8 especifica una partitura? Qu\u00e8 \u00e9s el que anota? Si reprodueixes una partitura, el resultat \u00e9s sempre la m\u00fasica? I si ning\u00fa llegeix aquesta partitura? O qu\u00e8 passa si destrueixes la partitura despr\u00e9s de llegir-la? Desapareix la m\u00fasica instant\u00e0niament? Si la m\u00fasica roman, on es troba? \u00c9s la partitura la m\u00fasica?<\/p>\n<p><img decoding=\"async\" width=\"760\" height=\"751\" class=\"alignnone size-full wp-image-27012\" src=\"http:\/\/a-desk.org\/wp-content\/uploads\/2019\/10\/arvo_part-mixing_desk-e1571677143803.jpg\" alt=\"\" \/><\/p>\n<p style=\"text-align: center;\">Arvo P\u00e4rt fent mescles<\/p>\n<p>Es produeix la m\u00fasica seguint les regles d&#8217;una gram\u00e0tica? Si \u00e9s aix\u00ed, \u00e9s la m\u00fasica un idioma llavors? T\u00e9 sintaxi? Seria possible calcular per endavant tota la m\u00fasica que es podria arribar a expressar? \u00c9s possible endevinar-la llavors? Quina difer\u00e8ncia hi ha entre pensar-la, escoltar-la i recordar-la? On succeeix tot aix\u00f2 de la m\u00fasica? No ser\u00e0 que la teva ment \u00e9s la m\u00fasica?<\/p>\n<p>&nbsp;<\/p>\n<p>(Imatge destacada: John Cage i Karlheinz Stockhausen en un avi\u00f3)<\/p>\n","protected":false},"excerpt":{"rendered":"<p>De qu\u00e8 va aix\u00f2 de la m\u00fasica? Qu\u00e8 \u00e9s i com es produeix? I on es troba? Apareix com per art de m\u00e0gia en cantar o tocar un instrument musical?&#8230;<\/p>\n","protected":false},"author":2646,"featured_media":27016,"comment_status":"open","ping_status":"open","sticky":false,"template":"","format":"standard","meta":{"_relevanssi_hide_post":"","_relevanssi_hide_content":"","_relevanssi_pin_for_all":"","_relevanssi_pin_keywords":"","_relevanssi_unpin_keywords":"","_relevanssi_related_keywords":"","_relevanssi_related_include_ids":"","_relevanssi_related_exclude_ids":"","_relevanssi_related_no_append":"","_relevanssi_related_not_related":"","_relevanssi_related_posts":"","_relevanssi_noindex_reason":"","footnotes":""},"categories":[6016],"tags":[],"coauthors":[6593],"acf":[],"yoast_head":"<!-- This site is optimized with the Yoast SEO plugin v22.6 - https:\/\/yoast.com\/wordpress\/plugins\/seo\/ -->\n<title>On \u00e9s la m\u00fasica? &#8211; A*Desk<\/title>\n<meta name=\"robots\" content=\"index, follow, max-snippet:-1, max-image-preview:large, max-video-preview:-1\" \/>\n<link rel=\"canonical\" href=\"https:\/\/a-desk.org\/ca\/magazine\/donde-esta-la-musica\/\" \/>\n<meta property=\"og:locale\" content=\"ca_ES\" \/>\n<meta property=\"og:type\" content=\"article\" \/>\n<meta property=\"og:title\" content=\"On \u00e9s la m\u00fasica? &#8211; A*Desk\" \/>\n<meta property=\"og:description\" content=\"De qu\u00e8 va aix\u00f2 de la m\u00fasica? Qu\u00e8 \u00e9s i com es produeix? I on es troba? Apareix com per art de m\u00e0gia en cantar o tocar un instrument musical?...\" \/>\n<meta property=\"og:url\" content=\"https:\/\/a-desk.org\/ca\/magazine\/donde-esta-la-musica\/\" \/>\n<meta property=\"og:site_name\" content=\"A*Desk\" \/>\n<meta property=\"article:published_time\" content=\"2019-10-28T05:00:17+00:00\" \/>\n<meta property=\"article:modified_time\" content=\"2023-07-09T12:35:02+00:00\" \/>\n<meta property=\"og:image\" content=\"http:\/\/a-desk.org\/wp-content\/uploads\/2019\/10\/cage_and_stockhausen_on_a_plane.jpg\" \/>\n\t<meta property=\"og:image:width\" content=\"3200\" \/>\n\t<meta property=\"og:image:height\" content=\"2424\" \/>\n\t<meta property=\"og:image:type\" content=\"image\/jpeg\" \/>\n<meta name=\"author\" content=\"Sam Roig\" \/>\n<meta name=\"twitter:card\" content=\"summary_large_image\" \/>\n<meta name=\"twitter:label1\" content=\"Escrit per\" \/>\n\t<meta name=\"twitter:data1\" content=\"Sam Roig\" \/>\n\t<meta name=\"twitter:label2\" content=\"Temps estimat de lectura\" \/>\n\t<meta name=\"twitter:data2\" content=\"3 minuts\" \/>\n\t<meta name=\"twitter:label3\" content=\"Written by\" \/>\n\t<meta name=\"twitter:data3\" content=\"Sam Roig\" \/>\n<script type=\"application\/ld+json\" class=\"yoast-schema-graph\">{\"@context\":\"https:\/\/schema.org\",\"@graph\":[{\"@type\":\"WebPage\",\"@id\":\"https:\/\/a-desk.org\/ca\/magazine\/donde-esta-la-musica\/\",\"url\":\"https:\/\/a-desk.org\/ca\/magazine\/donde-esta-la-musica\/\",\"name\":\"On \u00e9s la m\u00fasica? &#8211; A*Desk\",\"isPartOf\":{\"@id\":\"https:\/\/a-desk.org\/#website\"},\"primaryImageOfPage\":{\"@id\":\"https:\/\/a-desk.org\/ca\/magazine\/donde-esta-la-musica\/#primaryimage\"},\"image\":{\"@id\":\"https:\/\/a-desk.org\/ca\/magazine\/donde-esta-la-musica\/#primaryimage\"},\"thumbnailUrl\":\"https:\/\/a-desk.org\/wp-content\/uploads\/2019\/10\/cage_and_stockhausen_on_a_plane.jpg\",\"datePublished\":\"2019-10-28T05:00:17+00:00\",\"dateModified\":\"2023-07-09T12:35:02+00:00\",\"author\":{\"@id\":\"https:\/\/a-desk.org\/#\/schema\/person\/e15cc8ce6fe45012a1902d23cbeda27a\"},\"breadcrumb\":{\"@id\":\"https:\/\/a-desk.org\/ca\/magazine\/donde-esta-la-musica\/#breadcrumb\"},\"inLanguage\":\"ca\",\"potentialAction\":[{\"@type\":\"ReadAction\",\"target\":[\"https:\/\/a-desk.org\/ca\/magazine\/donde-esta-la-musica\/\"]}]},{\"@type\":\"ImageObject\",\"inLanguage\":\"ca\",\"@id\":\"https:\/\/a-desk.org\/ca\/magazine\/donde-esta-la-musica\/#primaryimage\",\"url\":\"https:\/\/a-desk.org\/wp-content\/uploads\/2019\/10\/cage_and_stockhausen_on_a_plane.jpg\",\"contentUrl\":\"https:\/\/a-desk.org\/wp-content\/uploads\/2019\/10\/cage_and_stockhausen_on_a_plane.jpg\",\"width\":3200,\"height\":2424},{\"@type\":\"BreadcrumbList\",\"@id\":\"https:\/\/a-desk.org\/ca\/magazine\/donde-esta-la-musica\/#breadcrumb\",\"itemListElement\":[{\"@type\":\"ListItem\",\"position\":1,\"name\":\"Portada\",\"item\":\"https:\/\/a-desk.org\/ca\/\"},{\"@type\":\"ListItem\",\"position\":2,\"name\":\"On \u00e9s la m\u00fasica?\"}]},{\"@type\":\"WebSite\",\"@id\":\"https:\/\/a-desk.org\/#website\",\"url\":\"https:\/\/a-desk.org\/\",\"name\":\"A*Desk\",\"description\":\"A*Desk Critical Thinking\",\"potentialAction\":[{\"@type\":\"SearchAction\",\"target\":{\"@type\":\"EntryPoint\",\"urlTemplate\":\"https:\/\/a-desk.org\/?s={search_term_string}\"},\"query-input\":\"required name=search_term_string\"}],\"inLanguage\":\"ca\"},{\"@type\":\"Person\",\"@id\":\"https:\/\/a-desk.org\/#\/schema\/person\/e15cc8ce6fe45012a1902d23cbeda27a\",\"name\":\"Sam Roig\",\"image\":{\"@type\":\"ImageObject\",\"inLanguage\":\"ca\",\"@id\":\"https:\/\/a-desk.org\/#\/schema\/person\/image\/330355ab3b4691dc56ddda6b718c3325\",\"url\":\"https:\/\/secure.gravatar.com\/avatar\/c1ba0a8ed8ca238a4a5c332cce61d32c?s=96&d=mm&r=g\",\"contentUrl\":\"https:\/\/secure.gravatar.com\/avatar\/c1ba0a8ed8ca238a4a5c332cce61d32c?s=96&d=mm&r=g\",\"caption\":\"Sam Roig\"},\"url\":\"https:\/\/a-desk.org\/ca\/autor\/samroig\/\"}]}<\/script>\n<!-- \/ Yoast SEO plugin. -->","yoast_head_json":{"title":"On \u00e9s la m\u00fasica? &#8211; A*Desk","robots":{"index":"index","follow":"follow","max-snippet":"max-snippet:-1","max-image-preview":"max-image-preview:large","max-video-preview":"max-video-preview:-1"},"canonical":"https:\/\/a-desk.org\/ca\/magazine\/donde-esta-la-musica\/","og_locale":"ca_ES","og_type":"article","og_title":"On \u00e9s la m\u00fasica? &#8211; A*Desk","og_description":"De qu\u00e8 va aix\u00f2 de la m\u00fasica? Qu\u00e8 \u00e9s i com es produeix? I on es troba? Apareix com per art de m\u00e0gia en cantar o tocar un instrument musical?...","og_url":"https:\/\/a-desk.org\/ca\/magazine\/donde-esta-la-musica\/","og_site_name":"A*Desk","article_published_time":"2019-10-28T05:00:17+00:00","article_modified_time":"2023-07-09T12:35:02+00:00","og_image":[{"width":3200,"height":2424,"url":"http:\/\/a-desk.org\/wp-content\/uploads\/2019\/10\/cage_and_stockhausen_on_a_plane.jpg","type":"image\/jpeg"}],"author":"Sam Roig","twitter_card":"summary_large_image","twitter_misc":{"Escrit per":"Sam Roig","Temps estimat de lectura":"3 minuts","Written by":"Sam Roig"},"schema":{"@context":"https:\/\/schema.org","@graph":[{"@type":"WebPage","@id":"https:\/\/a-desk.org\/ca\/magazine\/donde-esta-la-musica\/","url":"https:\/\/a-desk.org\/ca\/magazine\/donde-esta-la-musica\/","name":"On \u00e9s la m\u00fasica? &#8211; A*Desk","isPartOf":{"@id":"https:\/\/a-desk.org\/#website"},"primaryImageOfPage":{"@id":"https:\/\/a-desk.org\/ca\/magazine\/donde-esta-la-musica\/#primaryimage"},"image":{"@id":"https:\/\/a-desk.org\/ca\/magazine\/donde-esta-la-musica\/#primaryimage"},"thumbnailUrl":"https:\/\/a-desk.org\/wp-content\/uploads\/2019\/10\/cage_and_stockhausen_on_a_plane.jpg","datePublished":"2019-10-28T05:00:17+00:00","dateModified":"2023-07-09T12:35:02+00:00","author":{"@id":"https:\/\/a-desk.org\/#\/schema\/person\/e15cc8ce6fe45012a1902d23cbeda27a"},"breadcrumb":{"@id":"https:\/\/a-desk.org\/ca\/magazine\/donde-esta-la-musica\/#breadcrumb"},"inLanguage":"ca","potentialAction":[{"@type":"ReadAction","target":["https:\/\/a-desk.org\/ca\/magazine\/donde-esta-la-musica\/"]}]},{"@type":"ImageObject","inLanguage":"ca","@id":"https:\/\/a-desk.org\/ca\/magazine\/donde-esta-la-musica\/#primaryimage","url":"https:\/\/a-desk.org\/wp-content\/uploads\/2019\/10\/cage_and_stockhausen_on_a_plane.jpg","contentUrl":"https:\/\/a-desk.org\/wp-content\/uploads\/2019\/10\/cage_and_stockhausen_on_a_plane.jpg","width":3200,"height":2424},{"@type":"BreadcrumbList","@id":"https:\/\/a-desk.org\/ca\/magazine\/donde-esta-la-musica\/#breadcrumb","itemListElement":[{"@type":"ListItem","position":1,"name":"Portada","item":"https:\/\/a-desk.org\/ca\/"},{"@type":"ListItem","position":2,"name":"On \u00e9s la m\u00fasica?"}]},{"@type":"WebSite","@id":"https:\/\/a-desk.org\/#website","url":"https:\/\/a-desk.org\/","name":"A*Desk","description":"A*Desk Critical Thinking","potentialAction":[{"@type":"SearchAction","target":{"@type":"EntryPoint","urlTemplate":"https:\/\/a-desk.org\/?s={search_term_string}"},"query-input":"required name=search_term_string"}],"inLanguage":"ca"},{"@type":"Person","@id":"https:\/\/a-desk.org\/#\/schema\/person\/e15cc8ce6fe45012a1902d23cbeda27a","name":"Sam Roig","image":{"@type":"ImageObject","inLanguage":"ca","@id":"https:\/\/a-desk.org\/#\/schema\/person\/image\/330355ab3b4691dc56ddda6b718c3325","url":"https:\/\/secure.gravatar.com\/avatar\/c1ba0a8ed8ca238a4a5c332cce61d32c?s=96&d=mm&r=g","contentUrl":"https:\/\/secure.gravatar.com\/avatar\/c1ba0a8ed8ca238a4a5c332cce61d32c?s=96&d=mm&r=g","caption":"Sam Roig"},"url":"https:\/\/a-desk.org\/ca\/autor\/samroig\/"}]}},"_links":{"self":[{"href":"https:\/\/a-desk.org\/ca\/wp-json\/wp\/v2\/posts\/27094"}],"collection":[{"href":"https:\/\/a-desk.org\/ca\/wp-json\/wp\/v2\/posts"}],"about":[{"href":"https:\/\/a-desk.org\/ca\/wp-json\/wp\/v2\/types\/post"}],"author":[{"embeddable":true,"href":"https:\/\/a-desk.org\/ca\/wp-json\/wp\/v2\/users\/2646"}],"replies":[{"embeddable":true,"href":"https:\/\/a-desk.org\/ca\/wp-json\/wp\/v2\/comments?post=27094"}],"version-history":[{"count":2,"href":"https:\/\/a-desk.org\/ca\/wp-json\/wp\/v2\/posts\/27094\/revisions"}],"predecessor-version":[{"id":27096,"href":"https:\/\/a-desk.org\/ca\/wp-json\/wp\/v2\/posts\/27094\/revisions\/27096"}],"wp:featuredmedia":[{"embeddable":true,"href":"https:\/\/a-desk.org\/ca\/wp-json\/wp\/v2\/media\/27016"}],"wp:attachment":[{"href":"https:\/\/a-desk.org\/ca\/wp-json\/wp\/v2\/media?parent=27094"}],"wp:term":[{"taxonomy":"category","embeddable":true,"href":"https:\/\/a-desk.org\/ca\/wp-json\/wp\/v2\/categories?post=27094"},{"taxonomy":"post_tag","embeddable":true,"href":"https:\/\/a-desk.org\/ca\/wp-json\/wp\/v2\/tags?post=27094"},{"taxonomy":"author","embeddable":true,"href":"https:\/\/a-desk.org\/ca\/wp-json\/wp\/v2\/coauthors?post=27094"}],"curies":[{"name":"wp","href":"https:\/\/api.w.org\/{rel}","templated":true}]}}