{"id":27985,"date":"2020-04-20T06:00:50","date_gmt":"2020-04-20T05:00:50","guid":{"rendered":"http:\/\/a-desk.org\/?p=27985"},"modified":"2023-07-09T14:34:45","modified_gmt":"2023-07-09T12:34:45","slug":"el-cuerpo-de-la-institucion-es-un-cuerpo-con-voz-coral-entrevista-manuel-segade","status":"publish","type":"post","link":"https:\/\/a-desk.org\/ca\/magazine\/el-cuerpo-de-la-institucion-es-un-cuerpo-con-voz-coral-entrevista-manuel-segade\/","title":{"rendered":"\u201cEl cos de la instituci\u00f3 \u00e9s un cos amb veu coral\u201d. Entrevista Manuel Segade"},"content":{"rendered":"<p>Manuel\u00a0Segade\u00a0\u00e9s el director del CA2M (Centro de Arte Dos de Mayo) a M\u00f3stoles, Madrid. Anteriorment va ser comissari cap del\u00a0CGAC(Centre\u00a0Galego\u00a0d&#8217;Art Contempor\u00e0nia) aix\u00ed com coordinador de\u00a0Metr\u00f2nom\u00a0\u2013\u00a0Fundaci\u00f3\u00a0Rafael Tous a Barcelona. El seu treball\u00a0curatorial combina l&#8217;acostament hist\u00f2ric amb el pensament al voltant de la construcci\u00f3 del cos i la redefinici\u00f3 social.\u00a0Segade\u00a0va ser el comissari del pavell\u00f3 d&#8217;Espanya a la biennal de Ven\u00e8cia (2017).<\/p>\n<p><strong>MM: Aviat hauran passat 5 anys des que vas ser nomenat director del CA2M, el temps passa molt r\u00e0pid. S\u00f3n ja diverses temporades en les quals des de la instituci\u00f3 has anat definint maneres de treball barrejant recerca\u00a0curatorial\u00a0i formats que connecten amb diverses generacions, el context local i la informaci\u00f3 internacional. Segurament en la cru\u00eflla de maneres de fer es troba la definici\u00f3 del que \u00e9s una instituci\u00f3 art\u00edstica amb una funci\u00f3 p\u00fablica.<\/strong><\/p>\n<p>MS: Exacte. L&#8217;inter\u00e8s p\u00fablic \u00e9s part del significat de diccionari de la paraula \u201cinstituci\u00f3\u201d. Si pensem en com promoure l&#8217;inter\u00e8s p\u00fablic de l&#8217;art contemporani, tamb\u00e9 haur\u00edem de partir de la seva definici\u00f3: \u00e9s un terme que aglutina produccions art\u00edstiques que pertanyen al r\u00e8gim del contemporani, que va fer eclosi\u00f3 en els anys 60 com una manifestaci\u00f3 cultural d&#8217;arrel conceptual, institucionalment cr\u00edtica, amb llenguatge\u00a0autoconscient\u00a0i que promovia nocions d&#8217;identitat fluides o m\u00faltiples \u2013\u00e9s a dir, una arrel\u00a0interseccional\u00a0que inclou al feminisme i al pensament\u00a0decolonial, amb una voluntat de transversalitat social que travessava les classes socials. Amb aix\u00f2 vull dir que la cru\u00eflla en la qual avui es troba l&#8217;institucional en el nostre camp \u00e9s la d&#8217;atendre els seus principis fundacionals: en la promoci\u00f3 de l&#8217;inter\u00e8s p\u00fablic de l&#8217;art contemporani est\u00e0 la seva legitimitat col\u00b7lectiva i la prova de la seva rellev\u00e0ncia.<\/p>\n<p>Respecte a les maneres de treball en el CA2M Centro de Art Dos de Mayo, la recerca i els cossos ho travessen tot. Ja abans de la irrupci\u00f3 de la\u00a0COVID-19\u00a0\u2013em fascina l&#8217;\u00fas quotidi\u00e0 d&#8217;un nom cient\u00edfic com una fantasia de poder col\u00b7lectiu, com una projecci\u00f3 del futur control que el saber t\u00e8cnic exercir\u00e0 sobre el virus, quan en realitat \u00e9s un resultat m\u00e9s o menys atzar\u00f3s de l&#8217;efecte\u00a0antropoc\u00e8nic\u2013\u00a0el neoliberalisme obligava al fet que qualsevol integrant de la ciutadania necessitaria utilitzar eines de recerca simplement per a poder sobreviure. Un exemple b\u00e0sic \u00e9s pensar en com la presa de decisions ja no pot deslligar-se de l&#8217;acc\u00e9s a informaci\u00f3 a trav\u00e9s de dispositius m\u00f2bils. Avui, l&#8217;exig\u00e8ncia\u00a0investigativa\u00a0travessa totes les capes socials, \u00e9s alguna cosa que ens situa a totes a un mateix nivell, perqu\u00e8 tant el meu pare, com les meves ve\u00efnes, com l&#8217;amo de l&#8217;estanc enfront de la meva casa han d&#8217;aplicar diferents processos de recerca intensiva per a poder sobreviure. Per aix\u00f2 totes les formes de vida en la nostra societat i els processos de treball en els museus necessiten entendre&#8217;s com a cadenes narratives en una successi\u00f3 de\u00a0papers pr\u00e0ctics, superposats i contigus alhora. Els cossos s\u00f3n on tot ocorre. La\u00a0performativitat\u00a0\u00e9s la qualitat del llenguatge que permet que aquest sancioni el real, que tingui efectes sobre les coses. Aplicada als cossos, la\u00a0performativitat\u00a0\u00e9s necess\u00e0riament el que lliga qualsevol cos possible \u2013interseccional\u00a0per naturalesa institucional\u2013 a la cultura material que els museus acullen, per\u00f2 que tamb\u00e9 representen en si mateixos.All\u00f2 local no \u00e9s un lloc donat, sin\u00f3 el context que es produeix a partir del frec d&#8217;aquests cossos que s\u00f3n, al mateix temps, subjectes i objectes de recerca. I, amb aix\u00f2, de gaudi i de formes de vida x.<\/p>\n<p><strong>MM: Els cossos i la institucionalitat. Fent un recorregut r\u00e0pid per la cr\u00edtica institucional veiem posicions antag\u00f2niques primer (que permeten una definici\u00f3 \u201cdes de fora\u201d de la part relacionada amb el poder de la instituci\u00f3)\u00a0per a\u00a0saltar despr\u00e9s a un treball cr\u00edtic des de dins. Per\u00f2 el \u201cdins\u201d \u00e9s una cosa gaireb\u00e9 arquitect\u00f2nica i aglutinadora, crec que t&#8217;acostes m\u00e9s a un posicionament de multiplicitat de cossos que porten cap a una altra mena de definici\u00f3 de l&#8217;institucional com alguna cosa que \u00e9s conscient de la seva exist\u00e8ncia mitjan\u00e7ant la\u00a0performativitat\u00a0d&#8217;una variabilitat de cossos.<\/strong><\/p>\n<p>MS: El cos de la instituci\u00f3 \u00e9s un cos amb veu coral o \u201cLegi\u00f3\u201d, com el posse\u00eft b\u00edblic. Si assumim l&#8217;art contemporani com aquest exercici de llenguatge que\u00a0performa\u00a0el real i els efectes representacionals del qual produeixen subjectivitats\u2026 La instituci\u00f3 ha de ser aquest espai per a identitats en tr\u00e0nsit. Al CA2M hem intentat pensar-ho no de manera metaf\u00f2rica sin\u00f3 com un repertori gestual: hem pensat molt com el terme \u201ccoreografies socials\u201d resumeix millor no tant el que \u00e9s aquest museu sin\u00f3 el que en ell ens ocorre. Les coreografies socials s\u00f3n moviments col\u00b7lectius, comuns, inventats amb una intenci\u00f3 est\u00e8tica o gestual per\u00f2 que s\u00f3n capaces de generar noves formes socials. Un museu ent\u00e8s com l&#8217;espai d&#8217;assaig o tr\u00e0nsit cultural d&#8217;aquestes coreografies \u00e9s aquell que at\u00e9n a tots els gestos que arriben com a potencials frases coreogr\u00e0fiques, potencials comuns per construir, \u00e9s a dir: aquell on tot cos cap. I s\u00f3n aquests cossos els que pensen, es parlen i signifiquen.<\/p>\n<p>El dif\u00edcil per a una instituci\u00f3 \u00e9s assumir aquest grau de\u00a0in-definici\u00f3: passar de construir-se a partir de la identitat d&#8217;un edifici, d&#8217;un programa, d&#8217;una tend\u00e8ncia o d&#8217;un tema, a aixecar-se a partir d&#8217;un marc, d&#8217;unes formes de cura, d&#8217;unes metodologies de recerca i d&#8217;unes maneres de moure&#8217;s. \u00c9s molt emblem\u00e0tic en el que preguntes el treball d&#8217;Acupuntura, de llevar el dolor a l&#8217;edifici, que realitzem amb Andr\u00e9s\u00a0Jaque i el seu Office\u00a0for\u00a0Political\u00a0Innovation: a cada fase, aquesta exposici\u00f3 d&#8217;arquitectura \u00e9s la\u00a0performance\u00a0del propi edifici fent-se, per\u00f2 tamb\u00e9 \u00e9s un posar a ballar l&#8217;edifici. Darrerament, recordo molt el mite de l&#8217;Auriga\u00a0de Plat\u00f3: en la seva intel\u00b7lig\u00e8ncia racional, l&#8217;\u00e0uriga\u00a0guia d&#8217;una banda a un cavall \u00e8tic i perfecte, imm\u00f2bil, bell i que no est\u00e0 sotm\u00e8s a l&#8217;emoci\u00f3 que es condueix en l\u00ednia recta amb una efectivitat sorprenent; i tamb\u00e9 condueix a aquell altre ser pat\u00e8tic, dif\u00edcil, canviant, que est\u00e0 sotm\u00e8s a qualsevol mena d&#8217;afecte, que s&#8217;encabrita, que \u00e9s inesperat, probablement abocat al frac\u00e0s. Un edifici com el que Andr\u00e9s est\u00e0 concebent, la naturalesa arquitect\u00f2nica del qual s\u00f3n les seves possibilitats per a l&#8217;\u00fas col\u00b7lectiu i, per tant, les seves capacitats institucionals de transformaci\u00f3 social, t\u00e9 m\u00e9s a veure amb aquest segon cavall. No sorpr\u00e8n que en el relat plat\u00f2nic, al segon cavall se&#8217;l descrigui com a negre.<\/p>\n<p><strong>MM: En diverses ocasions t&#8217;he escoltat parlant del CA2M com a \u201cmuseu\u201d. Em pregunto si es tracta d&#8217;un sistema per a enfortir la instituci\u00f3 ja que a un museu se li pressuposa una longevitat hist\u00f2rica i una funci\u00f3 que el separa dels vaivens pol\u00edtics de cada moment. \u00c9s interessant pensar tamb\u00e9 que la instituci\u00f3 m\u00e0xima a Espanya \u2013 El Reina Sofia \u2013 t\u00e9 tots dos conceptes (Museu i Centre d&#8217;Art) en el seu nom oficial. A qu\u00e8 creus que es deu aquesta dualitat de funcions?<\/strong><\/p>\n<p>MS: Fundacionalment, el CA2M comparteix aquesta dualitat: es va batejar com a Museo Centro de Arte Dos de Mayo. En algun moment, va perdre el Museo en el seu web, en el seu nom quotidi\u00e0, en el seu logo\u2026 La seva funci\u00f3 com a museu \u00e9s evident: cont\u00e9 no sols una, sin\u00f3 dos col\u00b7leccionis \u2013Colecci\u00f3n CA2M i Colecci\u00f3n Fundaci\u00f3n ARCO\u2013 que sumen m\u00e9s de tres mil peces entre totes dues i que cuidem per a poder fer-les p\u00fabliques en exposicions pr\u00f2pies o alienes o en recerques i textos tamb\u00e9 dins o fora del CA2M. Al mateix temps, sempre va respondre a les funcions d&#8217;un centre d&#8217;art, amb exposicions temporals i una gran quantitat d&#8217;activitats i programes educatius experimentals. Aquest debat m&#8217;interessa per una ra\u00f3 que ja vaig exposar anteriorment: si el museu \u00e9s d&#8217;art contemporani, aquesta superposici\u00f3 d&#8217;activitats diverses \u2013fins i tot contradict\u00f2ries\u2013, aquest contrast entre el relat del museu com a instituci\u00f3 forta i les febleses canviants dels seus programes ef\u00edmers, \u00e9s a dir, la\u00a0coralitat\u00a0o forma coreogr\u00e0fica del seu relat i la seva capacitat de transformaci\u00f3 cont\u00ednua, no haurien d&#8217;estranyar-nos, sin\u00f3 formar part de la seva definici\u00f3.<\/p>\n<p><strong>MM: D&#8217;alguna manera, estem parlant de construcci\u00f3 d&#8217;hist\u00f2ria des de dos angles.<\/strong><\/p>\n<p>MS: Un museu d&#8217;art t\u00e9 com a objecte la cultura art\u00edstica material i la disciplina que neix per a ordenar el seu relat \u00e9s la hist\u00f2ria de l&#8217;art. Per\u00f2, qu\u00e8 ocorre amb el museu d&#8217;art contemporani? El seu objecte \u00e9s a vegades contra-material, se centra en processos m\u00e9s que en resultats, es planteja com una posici\u00f3 de parla m\u00e9s que d&#8217;una forma de comunicaci\u00f3 directa i efectiva\u2026 Doncs que necess\u00e0riament ha de donar lloc a moltes altres hist\u00f2ries de l&#8217;art, cr\u00edtiques, obertes, canviants. Aprofitant els adjectius despectius de les persones que critiquen o detesten l&#8217;art contemporani, podr\u00edem definir aquestes hist\u00f2ries de l&#8217;art com a fosques, rupturistes, t\u00f2xiques, opaques, mestisses, infundades\u2026 M&#8217;imagino una legi\u00f3 de cossos historiogr\u00e0fics per venir, gaireb\u00e9 com a races de nit, h\u00edbrides,\u00a0texturitzades, viscoses i canviants\u2026 Noves Carns!<\/p>\n<p><img decoding=\"async\" width=\"800\" height=\"533\" class=\"alignnone size-full wp-image-27977\" src=\"http:\/\/a-desk.org\/wp-content\/uploads\/2020\/04\/CA2M_2018_VOGUE_14_Foto_Sue_Ponce-e1586956987528.jpg\" alt=\"\" \/><\/p>\n<p>Manuel Segade en el transcurs del projecte VOGUE (2018), comissariat conjuntament amb Sabel Gavald\u00f3n. Fotografia: Sue Ponce<\/p>\n<p><strong>MM: Parlem d&#8217;institucionalitat i responsabilitat. Tamb\u00e9 tu has treballat molt com a comissari i escriptor art\u00edstic des d&#8217;una posici\u00f3 freelance abans de passar a dirigir una instituci\u00f3. Externament la instituci\u00f3 es veu com un lloc segur, per\u00f2 des de dins \u00e9s evident que la fragilitat est\u00e0 en tots els llocs. Quin va ser el teu motor per a decidir-te a dirigir des d&#8217;una posici\u00f3 institucional?<\/strong><\/p>\n<p>MS: Malgrat que un comissari mai treballa sol \u2013i que fins i tot en l&#8217;aspecte m\u00e9s solitari de l&#8217;escriptura d&#8217;un text sempre negocia amb veus d&#8217;uns altres, amb cites, amb refer\u00e8ncies\u2026\u2013, la idea d&#8217;equip, de recursos humans i, sobretot, de desenvolupar un programa a llarg termini era molt temptadora. Els independents anem acumulant una quantitat d&#8217;experi\u00e8ncia \u2013i una fragilitat\u2013 enorme, treballem amb moltes institucions diferents, a vegades tenim la sort que en molts contextos socials i geogr\u00e0fics diferents\u2026 Sempre he treballat molt m\u00e9s amb el sector p\u00fablic, a nivell internacional i arriba un moment en el qual la vocaci\u00f3 p\u00fablica suposo que es converteix en una exig\u00e8ncia professional i un desig de retorn d&#8217;all\u00f2 apr\u00e8s, o almenys de compartir-ho.<\/p>\n<p>Despr\u00e9s est\u00e0 el tema del context: francament, m&#8217;agradava molt la idea de tornar a Espanya i d&#8217;aportar el que pogu\u00e9s des de la meva experi\u00e8ncia al context en el qual vaig cr\u00e9ixer. Mai abans havia viscut a Madrid. A nivell personal, no tinc dubte que va ser un encert.<\/p>\n<p><strong>MM: M&#8217;interessa aquest salt des de la vocaci\u00f3 p\u00fablica cap a l&#8217;exig\u00e8ncia professional. Crec que la possibilitat d&#8217;una altra nova institucionalitat segurament est\u00e0 en aquests\u00a0llocs: en el replantejament del que \u00e9s el p\u00fablic, per\u00f2 des d&#8217;una mena de pr\u00e0ctica que sap des d&#8217;on parteix i que assumeix una hist\u00f2ria pr\u00e8via. I, de nou per\u00f2 des d&#8217;aquesta posici\u00f3, replantejar l&#8217;institucional: Un replantejament que ja comen\u00e7ava abans del virus, per\u00f2 que necessitar\u00e0 tornar al frec despr\u00e9s de la dist\u00e0ncia.<\/strong><\/p>\n<p>MS: Aquest moment \u00e9s terrible. Cada vegada que envio un email, utilitzo el whatsapp de refor\u00e7 o busco la manera de generar una reuni\u00f3 telem\u00e0tica a la m\u00ednima necessitat d&#8217;intercanvi\u2026 mai saps en quin estat de salut f\u00edsica i mental es troba alg\u00fa \u2013ja sigui un membre de l&#8217;equip o un agent cultural extern\u2013 quan li d\u00f3nes al bot\u00f3 d&#8217;enviar. Existeixen noves formes de cures que estem desenvolupant, noves maneres de fer-nos entendre. L&#8217;a\u00efllament ens allunya del duel col\u00b7lectiu: el que vetllem \u00e9s un temps mort i \u00e9s aquest el que la cultura s&#8217;esfor\u00e7a per omplir.<\/p>\n<p>Sens dubte hi ha lli\u00e7ons apreses: la comunicaci\u00f3 s&#8217;ha convertit en programaci\u00f3 i, per tant, la programaci\u00f3 es retribueix. Les bones pr\u00e0ctiques a l&#8217;hora d&#8217;ajornar una activitat o exposici\u00f3, a l&#8217;hora de negociar un nou calendari incert, tamb\u00e9 han tornat com a codis de conducta fonamentals. Espero tamb\u00e9 que com a formes irrenunciables de llenguatge institucional. A les institucions p\u00fabliques ens ha perm\u00e8s una relaci\u00f3 pol\u00edtica amb els poders p\u00fablics i amb les associacions del sector sense precedents: al di\u00e0leg habitual s&#8217;ha sumat una for\u00e7a de treball col\u00b7lectiva, un bra\u00e7 a bra\u00e7 i un acostar l&#8217;espatlla que han sorgit de la pressi\u00f3 del moment. Una emerg\u00e8ncia per fi reconeguda per totes i que est\u00e0 encara buscant la seva forma de traducci\u00f3 administrativa.<\/p>\n<p>Crec que abans de pensar en quin ser\u00e0 el frec, hem de pensar en quin \u00e9s la modalitat de contaminaci\u00f3 que hem sofert i com ens ha transformat. Com posar els nostres cossos en l&#8217;espai del com\u00fa quan encara no tenim perm\u00eds de tenir els nostres cossos junts? Un cos immunitzat \u00e9s un cos constru\u00eft com a nou. Estructuralment nou. Penso en aquest somni de la crisi de la sida, el de l&#8217;amor entre cossos immunes que encara no ha arribat. I penso en totes les cadenes de solidaritat que encara s\u00f3n necess\u00e0ries per a no perdre l&#8217;esperan\u00e7a que aix\u00f2 ha d&#8217;<em>oc\u00f3rrer<\/em>.<\/p>\n<p>&nbsp;<\/p>\n","protected":false},"excerpt":{"rendered":"<p>Manuel\u00a0Segade\u00a0\u00e9s el director del CA2M (Centro de Arte Dos de Mayo) a M\u00f3stoles, Madrid. Anteriorment va ser comissari cap del\u00a0CGAC(Centre\u00a0Galego\u00a0d&#8217;Art Contempor\u00e0nia) aix\u00ed com coordinador de\u00a0Metr\u00f2nom\u00a0\u2013\u00a0Fundaci\u00f3\u00a0Rafael Tous a Barcelona. El seu&#8230;<\/p>\n","protected":false},"author":1238,"featured_media":27981,"comment_status":"open","ping_status":"open","sticky":false,"template":"","format":"standard","meta":{"_relevanssi_hide_post":"","_relevanssi_hide_content":"","_relevanssi_pin_for_all":"","_relevanssi_pin_keywords":"","_relevanssi_unpin_keywords":"","_relevanssi_related_keywords":"","_relevanssi_related_include_ids":"","_relevanssi_related_exclude_ids":"","_relevanssi_related_no_append":"","_relevanssi_related_not_related":"","_relevanssi_related_posts":"","_relevanssi_noindex_reason":"","footnotes":""},"categories":[6032],"tags":[],"coauthors":[6375],"acf":[],"yoast_head":"<!-- This site is optimized with the Yoast SEO plugin v22.6 - https:\/\/yoast.com\/wordpress\/plugins\/seo\/ -->\n<title>\u201cEl cos de la instituci\u00f3 \u00e9s un cos amb veu coral\u201d. Entrevista Manuel Segade &#8211; A*Desk<\/title>\n<meta name=\"robots\" content=\"index, follow, max-snippet:-1, max-image-preview:large, max-video-preview:-1\" \/>\n<link rel=\"canonical\" href=\"https:\/\/a-desk.org\/ca\/magazine\/el-cuerpo-de-la-institucion-es-un-cuerpo-con-voz-coral-entrevista-manuel-segade\/\" \/>\n<meta property=\"og:locale\" content=\"ca_ES\" \/>\n<meta property=\"og:type\" content=\"article\" \/>\n<meta property=\"og:title\" content=\"\u201cEl cos de la instituci\u00f3 \u00e9s un cos amb veu coral\u201d. Entrevista Manuel Segade &#8211; A*Desk\" \/>\n<meta property=\"og:description\" content=\"Manuel\u00a0Segade\u00a0\u00e9s el director del CA2M (Centro de Arte Dos de Mayo) a M\u00f3stoles, Madrid. Anteriorment va ser comissari cap del\u00a0CGAC(Centre\u00a0Galego\u00a0d&#8217;Art Contempor\u00e0nia) aix\u00ed com coordinador de\u00a0Metr\u00f2nom\u00a0\u2013\u00a0Fundaci\u00f3\u00a0Rafael Tous a Barcelona. El seu...\" \/>\n<meta property=\"og:url\" content=\"https:\/\/a-desk.org\/ca\/magazine\/el-cuerpo-de-la-institucion-es-un-cuerpo-con-voz-coral-entrevista-manuel-segade\/\" \/>\n<meta property=\"og:site_name\" content=\"A*Desk\" \/>\n<meta property=\"article:published_time\" content=\"2020-04-20T05:00:50+00:00\" \/>\n<meta property=\"article:modified_time\" content=\"2023-07-09T12:34:45+00:00\" \/>\n<meta property=\"og:image\" content=\"http:\/\/a-desk.org\/wp-content\/uploads\/2020\/04\/Fachada-museo-CA2M-595x381.jpg\" \/>\n\t<meta property=\"og:image:width\" content=\"595\" \/>\n\t<meta property=\"og:image:height\" content=\"381\" \/>\n\t<meta property=\"og:image:type\" content=\"image\/jpeg\" \/>\n<meta name=\"author\" content=\"Mart\u00ed Manen\" \/>\n<meta name=\"twitter:card\" content=\"summary_large_image\" \/>\n<meta name=\"twitter:label1\" content=\"Escrit per\" \/>\n\t<meta name=\"twitter:data1\" content=\"Mart\u00ed Manen\" \/>\n\t<meta name=\"twitter:label2\" content=\"Temps estimat de lectura\" \/>\n\t<meta name=\"twitter:data2\" content=\"11 minuts\" \/>\n\t<meta name=\"twitter:label3\" content=\"Written by\" \/>\n\t<meta name=\"twitter:data3\" content=\"Mart\u00ed Manen\" \/>\n<script type=\"application\/ld+json\" class=\"yoast-schema-graph\">{\"@context\":\"https:\/\/schema.org\",\"@graph\":[{\"@type\":\"WebPage\",\"@id\":\"https:\/\/a-desk.org\/ca\/magazine\/el-cuerpo-de-la-institucion-es-un-cuerpo-con-voz-coral-entrevista-manuel-segade\/\",\"url\":\"https:\/\/a-desk.org\/ca\/magazine\/el-cuerpo-de-la-institucion-es-un-cuerpo-con-voz-coral-entrevista-manuel-segade\/\",\"name\":\"\u201cEl cos de la instituci\u00f3 \u00e9s un cos amb veu coral\u201d. Entrevista Manuel Segade &#8211; A*Desk\",\"isPartOf\":{\"@id\":\"https:\/\/a-desk.org\/#website\"},\"primaryImageOfPage\":{\"@id\":\"https:\/\/a-desk.org\/ca\/magazine\/el-cuerpo-de-la-institucion-es-un-cuerpo-con-voz-coral-entrevista-manuel-segade\/#primaryimage\"},\"image\":{\"@id\":\"https:\/\/a-desk.org\/ca\/magazine\/el-cuerpo-de-la-institucion-es-un-cuerpo-con-voz-coral-entrevista-manuel-segade\/#primaryimage\"},\"thumbnailUrl\":\"https:\/\/a-desk.org\/wp-content\/uploads\/2020\/04\/Fachada-museo-CA2M.jpg\",\"datePublished\":\"2020-04-20T05:00:50+00:00\",\"dateModified\":\"2023-07-09T12:34:45+00:00\",\"author\":{\"@id\":\"https:\/\/a-desk.org\/#\/schema\/person\/572e522e080e302cba7af814557e40ee\"},\"breadcrumb\":{\"@id\":\"https:\/\/a-desk.org\/ca\/magazine\/el-cuerpo-de-la-institucion-es-un-cuerpo-con-voz-coral-entrevista-manuel-segade\/#breadcrumb\"},\"inLanguage\":\"ca\",\"potentialAction\":[{\"@type\":\"ReadAction\",\"target\":[\"https:\/\/a-desk.org\/ca\/magazine\/el-cuerpo-de-la-institucion-es-un-cuerpo-con-voz-coral-entrevista-manuel-segade\/\"]}]},{\"@type\":\"ImageObject\",\"inLanguage\":\"ca\",\"@id\":\"https:\/\/a-desk.org\/ca\/magazine\/el-cuerpo-de-la-institucion-es-un-cuerpo-con-voz-coral-entrevista-manuel-segade\/#primaryimage\",\"url\":\"https:\/\/a-desk.org\/wp-content\/uploads\/2020\/04\/Fachada-museo-CA2M.jpg\",\"contentUrl\":\"https:\/\/a-desk.org\/wp-content\/uploads\/2020\/04\/Fachada-museo-CA2M.jpg\",\"width\":2287,\"height\":1464},{\"@type\":\"BreadcrumbList\",\"@id\":\"https:\/\/a-desk.org\/ca\/magazine\/el-cuerpo-de-la-institucion-es-un-cuerpo-con-voz-coral-entrevista-manuel-segade\/#breadcrumb\",\"itemListElement\":[{\"@type\":\"ListItem\",\"position\":1,\"name\":\"Portada\",\"item\":\"https:\/\/a-desk.org\/ca\/\"},{\"@type\":\"ListItem\",\"position\":2,\"name\":\"\u201cEl cos de la instituci\u00f3 \u00e9s un cos amb veu coral\u201d. Entrevista Manuel Segade\"}]},{\"@type\":\"WebSite\",\"@id\":\"https:\/\/a-desk.org\/#website\",\"url\":\"https:\/\/a-desk.org\/\",\"name\":\"A*Desk\",\"description\":\"A*Desk Critical Thinking\",\"potentialAction\":[{\"@type\":\"SearchAction\",\"target\":{\"@type\":\"EntryPoint\",\"urlTemplate\":\"https:\/\/a-desk.org\/?s={search_term_string}\"},\"query-input\":\"required name=search_term_string\"}],\"inLanguage\":\"ca\"},{\"@type\":\"Person\",\"@id\":\"https:\/\/a-desk.org\/#\/schema\/person\/572e522e080e302cba7af814557e40ee\",\"name\":\"Mart\u00ed Manen\",\"image\":{\"@type\":\"ImageObject\",\"inLanguage\":\"ca\",\"@id\":\"https:\/\/a-desk.org\/#\/schema\/person\/image\/3f3cefc1056925818fb38665f46de048\",\"url\":\"https:\/\/secure.gravatar.com\/avatar\/c96560f5fa367284e815fbe10f66d320?s=96&d=mm&r=g\",\"contentUrl\":\"https:\/\/secure.gravatar.com\/avatar\/c96560f5fa367284e815fbe10f66d320?s=96&d=mm&r=g\",\"caption\":\"Mart\u00ed Manen\"},\"url\":\"https:\/\/a-desk.org\/ca\/autor\/marti\/\"}]}<\/script>\n<!-- \/ Yoast SEO plugin. -->","yoast_head_json":{"title":"\u201cEl cos de la instituci\u00f3 \u00e9s un cos amb veu coral\u201d. Entrevista Manuel Segade &#8211; A*Desk","robots":{"index":"index","follow":"follow","max-snippet":"max-snippet:-1","max-image-preview":"max-image-preview:large","max-video-preview":"max-video-preview:-1"},"canonical":"https:\/\/a-desk.org\/ca\/magazine\/el-cuerpo-de-la-institucion-es-un-cuerpo-con-voz-coral-entrevista-manuel-segade\/","og_locale":"ca_ES","og_type":"article","og_title":"\u201cEl cos de la instituci\u00f3 \u00e9s un cos amb veu coral\u201d. Entrevista Manuel Segade &#8211; A*Desk","og_description":"Manuel\u00a0Segade\u00a0\u00e9s el director del CA2M (Centro de Arte Dos de Mayo) a M\u00f3stoles, Madrid. Anteriorment va ser comissari cap del\u00a0CGAC(Centre\u00a0Galego\u00a0d&#8217;Art Contempor\u00e0nia) aix\u00ed com coordinador de\u00a0Metr\u00f2nom\u00a0\u2013\u00a0Fundaci\u00f3\u00a0Rafael Tous a Barcelona. El seu...","og_url":"https:\/\/a-desk.org\/ca\/magazine\/el-cuerpo-de-la-institucion-es-un-cuerpo-con-voz-coral-entrevista-manuel-segade\/","og_site_name":"A*Desk","article_published_time":"2020-04-20T05:00:50+00:00","article_modified_time":"2023-07-09T12:34:45+00:00","og_image":[{"width":595,"height":381,"url":"http:\/\/a-desk.org\/wp-content\/uploads\/2020\/04\/Fachada-museo-CA2M-595x381.jpg","type":"image\/jpeg"}],"author":"Mart\u00ed Manen","twitter_card":"summary_large_image","twitter_misc":{"Escrit per":"Mart\u00ed Manen","Temps estimat de lectura":"11 minuts","Written by":"Mart\u00ed Manen"},"schema":{"@context":"https:\/\/schema.org","@graph":[{"@type":"WebPage","@id":"https:\/\/a-desk.org\/ca\/magazine\/el-cuerpo-de-la-institucion-es-un-cuerpo-con-voz-coral-entrevista-manuel-segade\/","url":"https:\/\/a-desk.org\/ca\/magazine\/el-cuerpo-de-la-institucion-es-un-cuerpo-con-voz-coral-entrevista-manuel-segade\/","name":"\u201cEl cos de la instituci\u00f3 \u00e9s un cos amb veu coral\u201d. Entrevista Manuel Segade &#8211; A*Desk","isPartOf":{"@id":"https:\/\/a-desk.org\/#website"},"primaryImageOfPage":{"@id":"https:\/\/a-desk.org\/ca\/magazine\/el-cuerpo-de-la-institucion-es-un-cuerpo-con-voz-coral-entrevista-manuel-segade\/#primaryimage"},"image":{"@id":"https:\/\/a-desk.org\/ca\/magazine\/el-cuerpo-de-la-institucion-es-un-cuerpo-con-voz-coral-entrevista-manuel-segade\/#primaryimage"},"thumbnailUrl":"https:\/\/a-desk.org\/wp-content\/uploads\/2020\/04\/Fachada-museo-CA2M.jpg","datePublished":"2020-04-20T05:00:50+00:00","dateModified":"2023-07-09T12:34:45+00:00","author":{"@id":"https:\/\/a-desk.org\/#\/schema\/person\/572e522e080e302cba7af814557e40ee"},"breadcrumb":{"@id":"https:\/\/a-desk.org\/ca\/magazine\/el-cuerpo-de-la-institucion-es-un-cuerpo-con-voz-coral-entrevista-manuel-segade\/#breadcrumb"},"inLanguage":"ca","potentialAction":[{"@type":"ReadAction","target":["https:\/\/a-desk.org\/ca\/magazine\/el-cuerpo-de-la-institucion-es-un-cuerpo-con-voz-coral-entrevista-manuel-segade\/"]}]},{"@type":"ImageObject","inLanguage":"ca","@id":"https:\/\/a-desk.org\/ca\/magazine\/el-cuerpo-de-la-institucion-es-un-cuerpo-con-voz-coral-entrevista-manuel-segade\/#primaryimage","url":"https:\/\/a-desk.org\/wp-content\/uploads\/2020\/04\/Fachada-museo-CA2M.jpg","contentUrl":"https:\/\/a-desk.org\/wp-content\/uploads\/2020\/04\/Fachada-museo-CA2M.jpg","width":2287,"height":1464},{"@type":"BreadcrumbList","@id":"https:\/\/a-desk.org\/ca\/magazine\/el-cuerpo-de-la-institucion-es-un-cuerpo-con-voz-coral-entrevista-manuel-segade\/#breadcrumb","itemListElement":[{"@type":"ListItem","position":1,"name":"Portada","item":"https:\/\/a-desk.org\/ca\/"},{"@type":"ListItem","position":2,"name":"\u201cEl cos de la instituci\u00f3 \u00e9s un cos amb veu coral\u201d. Entrevista Manuel Segade"}]},{"@type":"WebSite","@id":"https:\/\/a-desk.org\/#website","url":"https:\/\/a-desk.org\/","name":"A*Desk","description":"A*Desk Critical Thinking","potentialAction":[{"@type":"SearchAction","target":{"@type":"EntryPoint","urlTemplate":"https:\/\/a-desk.org\/?s={search_term_string}"},"query-input":"required name=search_term_string"}],"inLanguage":"ca"},{"@type":"Person","@id":"https:\/\/a-desk.org\/#\/schema\/person\/572e522e080e302cba7af814557e40ee","name":"Mart\u00ed Manen","image":{"@type":"ImageObject","inLanguage":"ca","@id":"https:\/\/a-desk.org\/#\/schema\/person\/image\/3f3cefc1056925818fb38665f46de048","url":"https:\/\/secure.gravatar.com\/avatar\/c96560f5fa367284e815fbe10f66d320?s=96&d=mm&r=g","contentUrl":"https:\/\/secure.gravatar.com\/avatar\/c96560f5fa367284e815fbe10f66d320?s=96&d=mm&r=g","caption":"Mart\u00ed Manen"},"url":"https:\/\/a-desk.org\/ca\/autor\/marti\/"}]}},"_links":{"self":[{"href":"https:\/\/a-desk.org\/ca\/wp-json\/wp\/v2\/posts\/27985"}],"collection":[{"href":"https:\/\/a-desk.org\/ca\/wp-json\/wp\/v2\/posts"}],"about":[{"href":"https:\/\/a-desk.org\/ca\/wp-json\/wp\/v2\/types\/post"}],"author":[{"embeddable":true,"href":"https:\/\/a-desk.org\/ca\/wp-json\/wp\/v2\/users\/1238"}],"replies":[{"embeddable":true,"href":"https:\/\/a-desk.org\/ca\/wp-json\/wp\/v2\/comments?post=27985"}],"version-history":[{"count":4,"href":"https:\/\/a-desk.org\/ca\/wp-json\/wp\/v2\/posts\/27985\/revisions"}],"predecessor-version":[{"id":27997,"href":"https:\/\/a-desk.org\/ca\/wp-json\/wp\/v2\/posts\/27985\/revisions\/27997"}],"wp:featuredmedia":[{"embeddable":true,"href":"https:\/\/a-desk.org\/ca\/wp-json\/wp\/v2\/media\/27981"}],"wp:attachment":[{"href":"https:\/\/a-desk.org\/ca\/wp-json\/wp\/v2\/media?parent=27985"}],"wp:term":[{"taxonomy":"category","embeddable":true,"href":"https:\/\/a-desk.org\/ca\/wp-json\/wp\/v2\/categories?post=27985"},{"taxonomy":"post_tag","embeddable":true,"href":"https:\/\/a-desk.org\/ca\/wp-json\/wp\/v2\/tags?post=27985"},{"taxonomy":"author","embeddable":true,"href":"https:\/\/a-desk.org\/ca\/wp-json\/wp\/v2\/coauthors?post=27985"}],"curies":[{"name":"wp","href":"https:\/\/api.w.org\/{rel}","templated":true}]}}