{"id":29377,"date":"2020-10-19T06:00:18","date_gmt":"2020-10-19T05:00:18","guid":{"rendered":"http:\/\/a-desk.org\/?p=29377"},"modified":"2023-07-09T14:34:28","modified_gmt":"2023-07-09T12:34:28","slug":"ni-cru-ni-cuit","status":"publish","type":"post","link":"https:\/\/a-desk.org\/ca\/magazine\/ni-cru-ni-cuit\/","title":{"rendered":"Ni cru ni cuit"},"content":{"rendered":"<p>Iniciar una conversa sobre el consum \u00e9s aventurar-se en un pendent rellisc\u00f3s. El terme &#8220;consum&#8221; \u00e9s objecte d&#8217;innombrables debats, i constitueix en si mateix una caixa de Pandora sem\u00e0ntica en la qual ens proposem lliscar per un moment.<\/p>\n<p>La noci\u00f3 de consum tendeix a transmetre significats ambigus que es reflecteixen, per exemple, en expressions com a &#8220;societat consumista&#8221;, que implica balafiament, acumulaci\u00f3 i passivitat; o en frases fetes com &#8220;consumit per la solitud&#8221; o &#8220;consumit pel desig&#8221;, que reforcen les normes socials,\u00a0normes de conducta, i suggereixen una possible p\u00e8rdua de control. Consumir habita l&#8217;espai llindar entre la restricci\u00f3 i l&#8217;abra\u00e7ada, el desig desballestat i la disciplina, la gola i la dieta: podria un ser &#8220;consumit per la vida&#8221;?<\/p>\n<p>La perspectiva de ser consumit, dissolt, es troba amb un cert f\u00e0stic que tal vegada pot relacionar-se amb la por de perdre&#8217;s, a ser contaminat o absorbit per una altra cosa. Com si l&#8217;acte de consumir fos una amena\u00e7a contra un jo suposadament finit. I no obstant aix\u00f2, consumir \u00e9s completar una transacci\u00f3, un intercanvi: canviar i ser canviat. L&#8217;acte de consumir mai \u00e9s neutral i mossega la seva pr\u00f2pia cua: consumir tamb\u00e9 \u00e9s ser consumit. Al final, sempre consumim m\u00e9s del que literalment ingeririm, ja sigui idees o prote\u00efnes, energia o kilobytes. Perqu\u00e8 perqu\u00e8 alguna cosa es consumeixi en algun lloc, alguna cosa ha de ser assegurada i transformada en un altre lloc. En altres paraules: no hi ha res desencarnat o ideal en all\u00f2 que ingerim.<\/p>\n<p>Produir o consumir un element cultural com un poema, per exemple, requereix una gran quantitat d&#8217;energia, incloent el menjar per al poeta i el p\u00fablic, o la capacitat d&#8217;emmagatzemar &#8211; ja sigui en la mem\u00f2ria o en mitjans anal\u00f2gics o digitals &#8211; notes i versos als quals tornar. Tals recursos s\u00f3n tangibles i impliquen\u00a0m\u00e0 d&#8217;obra, xarxes de transport, una varietat de t\u00e8cniques com l&#8217;agricultura o la comptabilitat, aix\u00ed com una pr\u00f2spera ment. La inspiraci\u00f3 no \u00e9s nom\u00e9s una espurna brillant, sin\u00f3 tamb\u00e9 la collita i els vents, els mercats i les l\u00ednies el\u00e8ctriques. \u00c9s l&#8217;expressi\u00f3 mateixa de milions de bacteris que col\u00b7laboren per a sostenir la vida.<\/p>\n<p>Prenguem aquests versos:<\/p>\n<blockquote><p><em>\u201c Como las brasas que arden<\/em><\/p>\n<p><em>mientras Ariel y Calib\u00e1n<\/em><\/p>\n<p><em>sostienen la soledad del muro oeste.<\/em><\/p>\n<p><em>Acuclillados uno frente al otro.<\/em><\/p>\n<p><em>Como quien busca su rostro en el coraz\u00f3n<\/em><\/p>\n<p><em>de la cebolla.<\/em><\/p>\n<p><em>Hurgando, hurgando<\/em><\/p>\n<p><em>pese al fr\u00edo y los gases:<\/em><\/p>\n<p><em>Un abrigo de fantas\u00eda.\u201d<\/em><\/p><\/blockquote>\n<p>Aquests versos provenen d&#8217;un poema titulat &#8220;Ni Crudo ni Cocido&#8221;, escrit per Roberto Bola\u00f1o en els anys 80. Inspirat en <em>La Tempestat<\/em>\u00a0&#8211; tal vegada l&#8217;\u00faltima obra escrita per Shakespeare de manera individual-, \u00e9s usat per Bola\u00f1o per a convocar el seu etern desencantament per una Llatinoam\u00e8rica consumida per les seves pr\u00f2pies paradoxes. Va haver-hi almenys dos esdeveniments aparentment no relacionats que van fer possible aquestes l\u00ednies. D&#8217;una banda, Salvador Allende accedint al poder nom\u00e9s per a ser enderrocat per un cop militar el 1973: un esdeveniment que donaria forma a l&#8217;univers en el qual el poeta va alimentar la seva imaginaci\u00f3. D&#8217;altra banda, la figura del can\u00edbal va haver-se d&#8217;establir en la imaginaci\u00f3 col\u00b7lectiva. Una figura ambigua oscil\u00b7lant entre un esclau emancipat i un golut incivilitzat: Calib\u00e1n el can\u00edbal &#8220;sostenint\u00a0la solitud del mur occidental&#8221;.<\/p>\n<p>El can\u00edbal &#8211; i tot el seu paladar metaf\u00f2ric &#8211; \u00e9s potser un company inevitable quan ens aventurem en una discussi\u00f3 sobre el consum. Ni fixes ni sols, existeixen alegrement en els marges entre cultura i naturalesa &#8211; devorant, revocant divisions arbitr\u00e0ries, un mos alhora. Tal car\u00e0cter ens ajuda a recon\u00e8ixer que la vida s&#8217;enfronta sobretot a una esp\u00e8cie de canibalisme implacable en el qual els humans i els no humans estan inextricablement involucrats.<\/p>\n<p>El t\u00edtol triat pel poeta, &#8220;Mig cuinat&#8221; &#8211; ni cru ni cuit -, suggereix un estat liminal: romanem mig cuinats, sempre en tr\u00e0nsit, insaciables. Com si el projecte avortat d&#8217;Allende i el de la revoluci\u00f3 haitiana s&#8217;haguessin convertit en ingredients fermentats pel temps, portats a trav\u00e9s dels oceans, assaonats en la ment d&#8217;alg\u00fa, preservada en servidors de dades: que consumim avui per casualitat.<\/p>\n<p>&nbsp;<\/p>\n<p>&nbsp;<\/p>\n<p>(Imatge destacada: Empremtes visibles dels vaixells al Pac\u00edfic nort, 4 de mar\u00e7 de 2009)<\/p>\n<p>&nbsp;<\/p>\n<p>Nota<br \/>\n1. Roberto Bola\u00f1o,\u00a0<i>Los perros rom\u00e1nticos<\/i> , &#8216;Ni Crudo, Ni Cocido&#8217; (Kutxa Fundazioa, 1994).<\/p>\n<p>&nbsp;<\/p>\n<p>&nbsp;<\/p>\n<p>&nbsp;<\/p>\n","protected":false},"excerpt":{"rendered":"<p>Iniciar una conversa sobre el consum \u00e9s aventurar-se en un pendent rellisc\u00f3s. El terme &#8220;consum&#8221; \u00e9s objecte d&#8217;innombrables debats, i constitueix en si mateix una caixa de Pandora sem\u00e0ntica en&#8230;<\/p>\n","protected":false},"author":2685,"featured_media":29448,"comment_status":"open","ping_status":"open","sticky":false,"template":"","format":"standard","meta":{"_relevanssi_hide_post":"","_relevanssi_hide_content":"","_relevanssi_pin_for_all":"","_relevanssi_pin_keywords":"","_relevanssi_unpin_keywords":"","_relevanssi_related_keywords":"","_relevanssi_related_include_ids":"","_relevanssi_related_exclude_ids":"","_relevanssi_related_no_append":"","_relevanssi_related_not_related":"","_relevanssi_related_posts":"","_relevanssi_noindex_reason":"","footnotes":""},"categories":[6058],"tags":[],"coauthors":[6626],"acf":[],"yoast_head":"<!-- This site is optimized with the Yoast SEO plugin v22.6 - https:\/\/yoast.com\/wordpress\/plugins\/seo\/ -->\n<title>Ni cru ni cuit &#8211; A*Desk<\/title>\n<meta name=\"robots\" content=\"index, follow, max-snippet:-1, max-image-preview:large, max-video-preview:-1\" \/>\n<link rel=\"canonical\" href=\"https:\/\/a-desk.org\/ca\/magazine\/ni-cru-ni-cuit\/\" \/>\n<meta property=\"og:locale\" content=\"ca_ES\" \/>\n<meta property=\"og:type\" content=\"article\" \/>\n<meta property=\"og:title\" content=\"Ni cru ni cuit &#8211; A*Desk\" \/>\n<meta property=\"og:description\" content=\"Iniciar una conversa sobre el consum \u00e9s aventurar-se en un pendent rellisc\u00f3s. El terme &#8220;consum&#8221; \u00e9s objecte d&#8217;innombrables debats, i constitueix en si mateix una caixa de Pandora sem\u00e0ntica en...\" \/>\n<meta property=\"og:url\" content=\"https:\/\/a-desk.org\/ca\/magazine\/ni-cru-ni-cuit\/\" \/>\n<meta property=\"og:site_name\" content=\"A*Desk\" \/>\n<meta property=\"article:published_time\" content=\"2020-10-19T05:00:18+00:00\" \/>\n<meta property=\"article:modified_time\" content=\"2023-07-09T12:34:28+00:00\" \/>\n<meta property=\"og:image\" content=\"http:\/\/a-desk.org\/wp-content\/uploads\/2020\/09\/ShipTracks_A-DESK-595x335.jpg\" \/>\n\t<meta property=\"og:image:width\" content=\"595\" \/>\n\t<meta property=\"og:image:height\" content=\"335\" \/>\n\t<meta property=\"og:image:type\" content=\"image\/jpeg\" \/>\n<meta name=\"author\" content=\"La Cocina [Lore Gablier - Alejandro Ram\u00edrez]\" \/>\n<meta name=\"twitter:card\" content=\"summary_large_image\" \/>\n<meta name=\"twitter:label1\" content=\"Escrit per\" \/>\n\t<meta name=\"twitter:data1\" content=\"La Cocina [Lore Gablier - Alejandro Ram\u00edrez]\" \/>\n\t<meta name=\"twitter:label2\" content=\"Temps estimat de lectura\" \/>\n\t<meta name=\"twitter:data2\" content=\"4 minuts\" \/>\n\t<meta name=\"twitter:label3\" content=\"Written by\" \/>\n\t<meta name=\"twitter:data3\" content=\"La Cocina [Lore Gablier - Alejandro Ram\u00edrez]\" \/>\n<script type=\"application\/ld+json\" class=\"yoast-schema-graph\">{\"@context\":\"https:\/\/schema.org\",\"@graph\":[{\"@type\":\"WebPage\",\"@id\":\"https:\/\/a-desk.org\/ca\/magazine\/ni-cru-ni-cuit\/\",\"url\":\"https:\/\/a-desk.org\/ca\/magazine\/ni-cru-ni-cuit\/\",\"name\":\"Ni cru ni cuit &#8211; A*Desk\",\"isPartOf\":{\"@id\":\"https:\/\/a-desk.org\/#website\"},\"primaryImageOfPage\":{\"@id\":\"https:\/\/a-desk.org\/ca\/magazine\/ni-cru-ni-cuit\/#primaryimage\"},\"image\":{\"@id\":\"https:\/\/a-desk.org\/ca\/magazine\/ni-cru-ni-cuit\/#primaryimage\"},\"thumbnailUrl\":\"https:\/\/a-desk.org\/wp-content\/uploads\/2020\/09\/ShipTracks_A-DESK.jpg\",\"datePublished\":\"2020-10-19T05:00:18+00:00\",\"dateModified\":\"2023-07-09T12:34:28+00:00\",\"author\":{\"@id\":\"https:\/\/a-desk.org\/#\/schema\/person\/bdcc8ced1500f394cf08b7455eebbdab\"},\"breadcrumb\":{\"@id\":\"https:\/\/a-desk.org\/ca\/magazine\/ni-cru-ni-cuit\/#breadcrumb\"},\"inLanguage\":\"ca\",\"potentialAction\":[{\"@type\":\"ReadAction\",\"target\":[\"https:\/\/a-desk.org\/ca\/magazine\/ni-cru-ni-cuit\/\"]}]},{\"@type\":\"ImageObject\",\"inLanguage\":\"ca\",\"@id\":\"https:\/\/a-desk.org\/ca\/magazine\/ni-cru-ni-cuit\/#primaryimage\",\"url\":\"https:\/\/a-desk.org\/wp-content\/uploads\/2020\/09\/ShipTracks_A-DESK.jpg\",\"contentUrl\":\"https:\/\/a-desk.org\/wp-content\/uploads\/2020\/09\/ShipTracks_A-DESK.jpg\",\"width\":4535,\"height\":2551},{\"@type\":\"BreadcrumbList\",\"@id\":\"https:\/\/a-desk.org\/ca\/magazine\/ni-cru-ni-cuit\/#breadcrumb\",\"itemListElement\":[{\"@type\":\"ListItem\",\"position\":1,\"name\":\"Portada\",\"item\":\"https:\/\/a-desk.org\/ca\/\"},{\"@type\":\"ListItem\",\"position\":2,\"name\":\"Ni cru ni cuit\"}]},{\"@type\":\"WebSite\",\"@id\":\"https:\/\/a-desk.org\/#website\",\"url\":\"https:\/\/a-desk.org\/\",\"name\":\"A*Desk\",\"description\":\"A*Desk Critical Thinking\",\"potentialAction\":[{\"@type\":\"SearchAction\",\"target\":{\"@type\":\"EntryPoint\",\"urlTemplate\":\"https:\/\/a-desk.org\/?s={search_term_string}\"},\"query-input\":\"required name=search_term_string\"}],\"inLanguage\":\"ca\"},{\"@type\":\"Person\",\"@id\":\"https:\/\/a-desk.org\/#\/schema\/person\/bdcc8ced1500f394cf08b7455eebbdab\",\"name\":\"La Cocina [Lore Gablier - Alejandro Ram\u00edrez]\",\"image\":{\"@type\":\"ImageObject\",\"inLanguage\":\"ca\",\"@id\":\"https:\/\/a-desk.org\/#\/schema\/person\/image\/52ee19f8b7b6a28f083e5712fae70f61\",\"url\":\"https:\/\/secure.gravatar.com\/avatar\/b957756db8976558eb977b50ec8b7c95?s=96&d=mm&r=g\",\"contentUrl\":\"https:\/\/secure.gravatar.com\/avatar\/b957756db8976558eb977b50ec8b7c95?s=96&d=mm&r=g\",\"caption\":\"La Cocina [Lore Gablier - Alejandro Ram\u00edrez]\"},\"url\":\"https:\/\/a-desk.org\/ca\/autor\/lacocina\/\"}]}<\/script>\n<!-- \/ Yoast SEO plugin. -->","yoast_head_json":{"title":"Ni cru ni cuit &#8211; A*Desk","robots":{"index":"index","follow":"follow","max-snippet":"max-snippet:-1","max-image-preview":"max-image-preview:large","max-video-preview":"max-video-preview:-1"},"canonical":"https:\/\/a-desk.org\/ca\/magazine\/ni-cru-ni-cuit\/","og_locale":"ca_ES","og_type":"article","og_title":"Ni cru ni cuit &#8211; A*Desk","og_description":"Iniciar una conversa sobre el consum \u00e9s aventurar-se en un pendent rellisc\u00f3s. El terme &#8220;consum&#8221; \u00e9s objecte d&#8217;innombrables debats, i constitueix en si mateix una caixa de Pandora sem\u00e0ntica en...","og_url":"https:\/\/a-desk.org\/ca\/magazine\/ni-cru-ni-cuit\/","og_site_name":"A*Desk","article_published_time":"2020-10-19T05:00:18+00:00","article_modified_time":"2023-07-09T12:34:28+00:00","og_image":[{"width":595,"height":335,"url":"http:\/\/a-desk.org\/wp-content\/uploads\/2020\/09\/ShipTracks_A-DESK-595x335.jpg","type":"image\/jpeg"}],"author":"La Cocina [Lore Gablier - Alejandro Ram\u00edrez]","twitter_card":"summary_large_image","twitter_misc":{"Escrit per":"La Cocina [Lore Gablier - Alejandro Ram\u00edrez]","Temps estimat de lectura":"4 minuts","Written by":"La Cocina [Lore Gablier - Alejandro Ram\u00edrez]"},"schema":{"@context":"https:\/\/schema.org","@graph":[{"@type":"WebPage","@id":"https:\/\/a-desk.org\/ca\/magazine\/ni-cru-ni-cuit\/","url":"https:\/\/a-desk.org\/ca\/magazine\/ni-cru-ni-cuit\/","name":"Ni cru ni cuit &#8211; A*Desk","isPartOf":{"@id":"https:\/\/a-desk.org\/#website"},"primaryImageOfPage":{"@id":"https:\/\/a-desk.org\/ca\/magazine\/ni-cru-ni-cuit\/#primaryimage"},"image":{"@id":"https:\/\/a-desk.org\/ca\/magazine\/ni-cru-ni-cuit\/#primaryimage"},"thumbnailUrl":"https:\/\/a-desk.org\/wp-content\/uploads\/2020\/09\/ShipTracks_A-DESK.jpg","datePublished":"2020-10-19T05:00:18+00:00","dateModified":"2023-07-09T12:34:28+00:00","author":{"@id":"https:\/\/a-desk.org\/#\/schema\/person\/bdcc8ced1500f394cf08b7455eebbdab"},"breadcrumb":{"@id":"https:\/\/a-desk.org\/ca\/magazine\/ni-cru-ni-cuit\/#breadcrumb"},"inLanguage":"ca","potentialAction":[{"@type":"ReadAction","target":["https:\/\/a-desk.org\/ca\/magazine\/ni-cru-ni-cuit\/"]}]},{"@type":"ImageObject","inLanguage":"ca","@id":"https:\/\/a-desk.org\/ca\/magazine\/ni-cru-ni-cuit\/#primaryimage","url":"https:\/\/a-desk.org\/wp-content\/uploads\/2020\/09\/ShipTracks_A-DESK.jpg","contentUrl":"https:\/\/a-desk.org\/wp-content\/uploads\/2020\/09\/ShipTracks_A-DESK.jpg","width":4535,"height":2551},{"@type":"BreadcrumbList","@id":"https:\/\/a-desk.org\/ca\/magazine\/ni-cru-ni-cuit\/#breadcrumb","itemListElement":[{"@type":"ListItem","position":1,"name":"Portada","item":"https:\/\/a-desk.org\/ca\/"},{"@type":"ListItem","position":2,"name":"Ni cru ni cuit"}]},{"@type":"WebSite","@id":"https:\/\/a-desk.org\/#website","url":"https:\/\/a-desk.org\/","name":"A*Desk","description":"A*Desk Critical Thinking","potentialAction":[{"@type":"SearchAction","target":{"@type":"EntryPoint","urlTemplate":"https:\/\/a-desk.org\/?s={search_term_string}"},"query-input":"required name=search_term_string"}],"inLanguage":"ca"},{"@type":"Person","@id":"https:\/\/a-desk.org\/#\/schema\/person\/bdcc8ced1500f394cf08b7455eebbdab","name":"La Cocina [Lore Gablier - Alejandro Ram\u00edrez]","image":{"@type":"ImageObject","inLanguage":"ca","@id":"https:\/\/a-desk.org\/#\/schema\/person\/image\/52ee19f8b7b6a28f083e5712fae70f61","url":"https:\/\/secure.gravatar.com\/avatar\/b957756db8976558eb977b50ec8b7c95?s=96&d=mm&r=g","contentUrl":"https:\/\/secure.gravatar.com\/avatar\/b957756db8976558eb977b50ec8b7c95?s=96&d=mm&r=g","caption":"La Cocina [Lore Gablier - Alejandro Ram\u00edrez]"},"url":"https:\/\/a-desk.org\/ca\/autor\/lacocina\/"}]}},"_links":{"self":[{"href":"https:\/\/a-desk.org\/ca\/wp-json\/wp\/v2\/posts\/29377"}],"collection":[{"href":"https:\/\/a-desk.org\/ca\/wp-json\/wp\/v2\/posts"}],"about":[{"href":"https:\/\/a-desk.org\/ca\/wp-json\/wp\/v2\/types\/post"}],"author":[{"embeddable":true,"href":"https:\/\/a-desk.org\/ca\/wp-json\/wp\/v2\/users\/2685"}],"replies":[{"embeddable":true,"href":"https:\/\/a-desk.org\/ca\/wp-json\/wp\/v2\/comments?post=29377"}],"version-history":[{"count":11,"href":"https:\/\/a-desk.org\/ca\/wp-json\/wp\/v2\/posts\/29377\/revisions"}],"predecessor-version":[{"id":30211,"href":"https:\/\/a-desk.org\/ca\/wp-json\/wp\/v2\/posts\/29377\/revisions\/30211"}],"wp:featuredmedia":[{"embeddable":true,"href":"https:\/\/a-desk.org\/ca\/wp-json\/wp\/v2\/media\/29448"}],"wp:attachment":[{"href":"https:\/\/a-desk.org\/ca\/wp-json\/wp\/v2\/media?parent=29377"}],"wp:term":[{"taxonomy":"category","embeddable":true,"href":"https:\/\/a-desk.org\/ca\/wp-json\/wp\/v2\/categories?post=29377"},{"taxonomy":"post_tag","embeddable":true,"href":"https:\/\/a-desk.org\/ca\/wp-json\/wp\/v2\/tags?post=29377"},{"taxonomy":"author","embeddable":true,"href":"https:\/\/a-desk.org\/ca\/wp-json\/wp\/v2\/coauthors?post=29377"}],"curies":[{"name":"wp","href":"https:\/\/api.w.org\/{rel}","templated":true}]}}