{"id":38663,"date":"2022-10-10T10:15:59","date_gmt":"2022-10-10T08:15:59","guid":{"rendered":"http:\/\/a-desk.org\/?p=38663"},"modified":"2023-07-16T13:33:58","modified_gmt":"2023-07-16T11:33:58","slug":"frotar-silex-con-pirita","status":"publish","type":"post","link":"https:\/\/a-desk.org\/ca\/magazine\/frotar-silex-con-pirita\/","title":{"rendered":"Fregar s\u00edlex amb pirita"},"content":{"rendered":"<p><i>Dear Mrs. Ram\u00f3n Cruz,<\/i><\/p>\n<p><i>I work for the publisher of Arvo P\u00e4rt, Universal Edition Vienna and on behalf of Arvo P\u00e4rt I would like to answer your inquiry which reached us from several sides.<\/i><\/p>\n<p><i>\u00a0I<\/i><i>&#8216;m afraid I can&#8217;t offer you a personal meeting between Fito Conesa and Arvo P\u00e4rt. Arvo P\u00e4rt is not the artist who likes to talk about the way he works and its background. How the creative doubt leads to the discovery of each artist&#8217;s own path remains an individual experience.<\/i><\/p>\n<p><i>\u00a0<\/i><i>I&#8217;m sorry I can&#8217;t give you better news.<\/i><\/p>\n<p>L&#8217;any 2017 vaig rebre una trucada que si b\u00e9 venia d&#8217;alg\u00fa molt proper, sens dubte portava aires nous.<\/p>\n<p>La comiss\u00e0ria Pilar Cruz em va proposar ser part del cicle que per a l&#8217;Espai 13 de la Fundaci\u00f3 Mir\u00f3 estava barruntant, dic barruntant perqu\u00e8 aleshores era un codi morse que comen\u00e7ava a mutar en paraules, desitjos i possibilitats. <strong>Un monstre que diu la veritat<\/strong> era m\u00e9s que un cicle, era un recomen\u00e7ament, deixar enrere algunes inseguretats i agafar-se al nil\u00f3 d&#8217;un teixit de perpunt ben tra\u00e7at, del dret i del rev\u00e9s.<\/p>\n<p>Vaig decidir (com acostumo a fer sempre) protegir-me en el proc\u00e9s i intentar obrir portes que dibuixaran nous camins. La Pilar i jo vam decidir posar-nos en crisi.<\/p>\n<p><a href=\"http:\/\/a-desk.org\/ca\/?attachment_id=38653\" rel=\"attachment wp-att-38652\"><img decoding=\"async\" class=\"wp-image-38652 aligncenter\" src=\"http:\/\/a-desk.org\/wp-content\/uploads\/2022\/10\/Our-path-remains-Fundacio-Miro_0002.jpeg\" alt=\"\" width=\"900\" height=\"563\" srcset=\"https:\/\/a-desk.org\/wp-content\/uploads\/2022\/10\/Our-path-remains-Fundacio-Miro_0002.jpeg 2560w, https:\/\/a-desk.org\/wp-content\/uploads\/2022\/10\/Our-path-remains-Fundacio-Miro_0002-595x372.jpeg 595w, https:\/\/a-desk.org\/wp-content\/uploads\/2022\/10\/Our-path-remains-Fundacio-Miro_0002-768x480.jpeg 768w, https:\/\/a-desk.org\/wp-content\/uploads\/2022\/10\/Our-path-remains-Fundacio-Miro_0002-1536x960.jpeg 1536w, https:\/\/a-desk.org\/wp-content\/uploads\/2022\/10\/Our-path-remains-Fundacio-Miro_0002-2048x1280.jpeg 2048w\" sizes=\"(max-width: 900px) 100vw, 900px\" \/><\/a><\/p>\n<p><i>&#8212;&#8212;&#8212;&#8212;&#8212;&#8212;&#8212;&#8212;&#8212;&#8212;<wbr \/>&#8212;&#8212;&#8212;&#8212;&#8212;&#8212;&#8212;&#8212;&#8212;&#8212;<wbr \/>&#8212;&#8212;&#8212;&#8212;&#8212;&#8212;&#8212;&#8212;&#8212;&#8212;<wbr \/>&#8212;&#8212;&#8212;&#8212;&#8212;<\/i><\/p>\n<p><em>(Sona un piano, parell de notes, una darrere l&#8217;altra, fins que el seu so s&#8217;evapora, sense interrompre&#8217;s, com un ritme estirat en el temps. Un gran punt ia part en aquest text)<\/em><\/p>\n<p><i>&#8212;&#8212;&#8212;&#8212;&#8212;&#8212;&#8212;&#8212;&#8212;&#8212;<wbr \/>&#8212;&#8212;&#8212;&#8212;&#8212;&#8212;&#8212;&#8212;&#8212;&#8212;<wbr \/>&#8212;&#8212;&#8212;&#8212;&#8212;&#8212;&#8212;&#8212;&#8212;&#8212;<wbr \/>&#8212;&#8212;&#8212;&#8212;&#8212;<\/i><\/p>\n<p>Arvo P\u00e4rt com a obsessi\u00f3 i excusa per comen\u00e7ar \/ obrir una nova via on ser i esdevenir m\u00fasic. Al cap i a la fi en aquesta cosa del nominal i les etiquetes, el meu treball sol col\u00b7locar-se en el musical, com un altre que queda en un lloc concret per\u00f2 proper i distant alhora.<\/p>\n<p>Seria m\u00fasic, compondria.<\/p>\n<p>Les paraules i els desitjos del 2017 van comen\u00e7ar a aterrar en un par\u00e0metre assilvestrat. Vaig decidir protegir-me.<\/p>\n<p>En converses amb la pr\u00f2pia Pilar, anava comen\u00e7ant a dubtar com portar tot aix\u00f2 del so i la composici\u00f3 a sala. Com crear un mecanisme que em permet\u00e9s equilibrar la (suposadament) solemnitat de la pista sonora i l&#8217;espai? Com \u200b\u200bfugir d&#8217;una altra etiqueta i no esdevenir art sonor?<\/p>\n<p>L&#8217;arquitecta Olga Subir\u00f3s va apar\u00e8ixer com el personatge d&#8217;una d&#8217;aquelles pel\u00b7l\u00edcules que es mou a la mateixa velocitat que el protagonista, mentre la resta habiten inevitablement una quotidianitat consensuada, Olga i jo parl\u00e0vem reverberant, en slow mo i com descobrint o entreveient algun tipus de llum al final del t\u00fanel.<\/p>\n<p><iframe loading=\"lazy\" title=\"YouTube video player\" src=\"https:\/\/www.youtube.com\/embed\/o05QkEUmsEQ\" width=\"560\" height=\"315\" frameborder=\"0\" allowfullscreen=\"allowfullscreen\"><\/iframe><\/p>\n<p><a href=\"http:\/\/a-desk.org\/ca\/?attachment_id=38656\" rel=\"attachment wp-att-38655\"><img decoding=\"async\" class=\"wp-image-38655 aligncenter\" src=\"http:\/\/a-desk.org\/wp-content\/uploads\/2022\/10\/Our-path-remains-Fundacio-Miro_0001.jpeg\" alt=\"\" width=\"900\" height=\"563\" srcset=\"https:\/\/a-desk.org\/wp-content\/uploads\/2022\/10\/Our-path-remains-Fundacio-Miro_0001.jpeg 2560w, https:\/\/a-desk.org\/wp-content\/uploads\/2022\/10\/Our-path-remains-Fundacio-Miro_0001-595x372.jpeg 595w, https:\/\/a-desk.org\/wp-content\/uploads\/2022\/10\/Our-path-remains-Fundacio-Miro_0001-768x480.jpeg 768w, https:\/\/a-desk.org\/wp-content\/uploads\/2022\/10\/Our-path-remains-Fundacio-Miro_0001-1536x960.jpeg 1536w, https:\/\/a-desk.org\/wp-content\/uploads\/2022\/10\/Our-path-remains-Fundacio-Miro_0001-2048x1280.jpeg 2048w\" sizes=\"(max-width: 900px) 100vw, 900px\" \/><\/a><\/p>\n<p>Com crear una porta\/entrada a una escolta amplificada\/encarnada? Tenia sentit acotar un nou espai dins l&#8217;espai? L&#8217;arquitectura ef\u00edmera \u00e9s una mena de dispositiu potencialment expansiu capa\u00e7 de crear punts d&#8217;escolta transcendent?<\/p>\n<p><iframe loading=\"lazy\" title=\"YouTube video player\" src=\"https:\/\/www.youtube.com\/embed\/b7BbPnsO7lg\" width=\"560\" height=\"315\" frameborder=\"0\" allowfullscreen=\"allowfullscreen\"><\/iframe><\/p>\n","protected":false},"excerpt":{"rendered":"<p>Dear Mrs. Ram\u00f3n Cruz, I work for the publisher of Arvo P\u00e4rt, Universal Edition Vienna and on behalf of Arvo P\u00e4rt I would like to answer your inquiry which reached&#8230;<\/p>\n","protected":false},"author":2788,"featured_media":38650,"comment_status":"open","ping_status":"open","sticky":false,"template":"","format":"standard","meta":{"_relevanssi_hide_post":"","_relevanssi_hide_content":"","_relevanssi_pin_for_all":"","_relevanssi_pin_keywords":"","_relevanssi_unpin_keywords":"","_relevanssi_related_keywords":"","_relevanssi_related_include_ids":"","_relevanssi_related_exclude_ids":"","_relevanssi_related_no_append":"","_relevanssi_related_not_related":"","_relevanssi_related_posts":"","_relevanssi_noindex_reason":"","footnotes":""},"categories":[6178],"tags":[],"coauthors":[6692,6786],"acf":[],"yoast_head":"<!-- This site is optimized with the Yoast SEO plugin v22.6 - https:\/\/yoast.com\/wordpress\/plugins\/seo\/ -->\n<title>Fregar s\u00edlex amb pirita &#8211; A*Desk<\/title>\n<meta name=\"robots\" content=\"index, follow, max-snippet:-1, max-image-preview:large, max-video-preview:-1\" \/>\n<link rel=\"canonical\" href=\"https:\/\/a-desk.org\/ca\/magazine\/frotar-silex-con-pirita\/\" \/>\n<meta property=\"og:locale\" content=\"ca_ES\" \/>\n<meta property=\"og:type\" content=\"article\" \/>\n<meta property=\"og:title\" content=\"Fregar s\u00edlex amb pirita &#8211; A*Desk\" \/>\n<meta property=\"og:description\" content=\"Dear Mrs. Ram\u00f3n Cruz, I work for the publisher of Arvo P\u00e4rt, Universal Edition Vienna and on behalf of Arvo P\u00e4rt I would like to answer your inquiry which reached...\" \/>\n<meta property=\"og:url\" content=\"https:\/\/a-desk.org\/ca\/magazine\/frotar-silex-con-pirita\/\" \/>\n<meta property=\"og:site_name\" content=\"A*Desk\" \/>\n<meta property=\"article:published_time\" content=\"2022-10-10T08:15:59+00:00\" \/>\n<meta property=\"article:modified_time\" content=\"2023-07-16T11:33:58+00:00\" \/>\n<meta property=\"og:image\" content=\"http:\/\/a-desk.org\/wp-content\/uploads\/2022\/10\/Our-path-remains-Fundacio-Miro_0003.jpeg\" \/>\n\t<meta property=\"og:image:width\" content=\"2560\" \/>\n\t<meta property=\"og:image:height\" content=\"1600\" \/>\n\t<meta property=\"og:image:type\" content=\"image\/jpeg\" \/>\n<meta name=\"author\" content=\"Fito Conesa, Olga Subir\u00f3s\" \/>\n<meta name=\"twitter:card\" content=\"summary_large_image\" \/>\n<meta name=\"twitter:label1\" content=\"Escrit per\" \/>\n\t<meta name=\"twitter:data1\" content=\"Fito Conesa\" \/>\n\t<meta name=\"twitter:label2\" content=\"Temps estimat de lectura\" \/>\n\t<meta name=\"twitter:data2\" content=\"3 minuts\" \/>\n\t<meta name=\"twitter:label3\" content=\"Written by\" \/>\n\t<meta name=\"twitter:data3\" content=\"Fito Conesa, Olga Subir\u00f3s\" \/>\n<script type=\"application\/ld+json\" class=\"yoast-schema-graph\">{\"@context\":\"https:\/\/schema.org\",\"@graph\":[{\"@type\":\"WebPage\",\"@id\":\"https:\/\/a-desk.org\/ca\/magazine\/frotar-silex-con-pirita\/\",\"url\":\"https:\/\/a-desk.org\/ca\/magazine\/frotar-silex-con-pirita\/\",\"name\":\"Fregar s\u00edlex amb pirita &#8211; A*Desk\",\"isPartOf\":{\"@id\":\"https:\/\/a-desk.org\/#website\"},\"primaryImageOfPage\":{\"@id\":\"https:\/\/a-desk.org\/ca\/magazine\/frotar-silex-con-pirita\/#primaryimage\"},\"image\":{\"@id\":\"https:\/\/a-desk.org\/ca\/magazine\/frotar-silex-con-pirita\/#primaryimage\"},\"thumbnailUrl\":\"https:\/\/a-desk.org\/wp-content\/uploads\/2022\/10\/Our-path-remains-Fundacio-Miro_0003.jpeg\",\"datePublished\":\"2022-10-10T08:15:59+00:00\",\"dateModified\":\"2023-07-16T11:33:58+00:00\",\"author\":{\"@id\":\"https:\/\/a-desk.org\/#\/schema\/person\/3e53e6f57427eeeac4099226d10f2330\"},\"breadcrumb\":{\"@id\":\"https:\/\/a-desk.org\/ca\/magazine\/frotar-silex-con-pirita\/#breadcrumb\"},\"inLanguage\":\"ca\",\"potentialAction\":[{\"@type\":\"ReadAction\",\"target\":[\"https:\/\/a-desk.org\/ca\/magazine\/frotar-silex-con-pirita\/\"]}]},{\"@type\":\"ImageObject\",\"inLanguage\":\"ca\",\"@id\":\"https:\/\/a-desk.org\/ca\/magazine\/frotar-silex-con-pirita\/#primaryimage\",\"url\":\"https:\/\/a-desk.org\/wp-content\/uploads\/2022\/10\/Our-path-remains-Fundacio-Miro_0003.jpeg\",\"contentUrl\":\"https:\/\/a-desk.org\/wp-content\/uploads\/2022\/10\/Our-path-remains-Fundacio-Miro_0003.jpeg\",\"width\":2560,\"height\":1600},{\"@type\":\"BreadcrumbList\",\"@id\":\"https:\/\/a-desk.org\/ca\/magazine\/frotar-silex-con-pirita\/#breadcrumb\",\"itemListElement\":[{\"@type\":\"ListItem\",\"position\":1,\"name\":\"Portada\",\"item\":\"https:\/\/a-desk.org\/ca\/\"},{\"@type\":\"ListItem\",\"position\":2,\"name\":\"Fregar s\u00edlex amb pirita\"}]},{\"@type\":\"WebSite\",\"@id\":\"https:\/\/a-desk.org\/#website\",\"url\":\"https:\/\/a-desk.org\/\",\"name\":\"A*Desk\",\"description\":\"A*Desk Critical Thinking\",\"potentialAction\":[{\"@type\":\"SearchAction\",\"target\":{\"@type\":\"EntryPoint\",\"urlTemplate\":\"https:\/\/a-desk.org\/?s={search_term_string}\"},\"query-input\":\"required name=search_term_string\"}],\"inLanguage\":\"ca\"},{\"@type\":\"Person\",\"@id\":\"https:\/\/a-desk.org\/#\/schema\/person\/3e53e6f57427eeeac4099226d10f2330\",\"name\":\"Fito Conesa\",\"image\":{\"@type\":\"ImageObject\",\"inLanguage\":\"ca\",\"@id\":\"https:\/\/a-desk.org\/#\/schema\/person\/image\/1c8ee2550bd7d09f12c926f1340ceaa3\",\"url\":\"https:\/\/secure.gravatar.com\/avatar\/330121338bf2d869c9f77a340aeb8e7e?s=96&d=mm&r=g\",\"contentUrl\":\"https:\/\/secure.gravatar.com\/avatar\/330121338bf2d869c9f77a340aeb8e7e?s=96&d=mm&r=g\",\"caption\":\"Fito Conesa\"},\"url\":\"https:\/\/a-desk.org\/ca\/autor\/fitoconesa\/\"}]}<\/script>\n<!-- \/ Yoast SEO plugin. -->","yoast_head_json":{"title":"Fregar s\u00edlex amb pirita &#8211; A*Desk","robots":{"index":"index","follow":"follow","max-snippet":"max-snippet:-1","max-image-preview":"max-image-preview:large","max-video-preview":"max-video-preview:-1"},"canonical":"https:\/\/a-desk.org\/ca\/magazine\/frotar-silex-con-pirita\/","og_locale":"ca_ES","og_type":"article","og_title":"Fregar s\u00edlex amb pirita &#8211; A*Desk","og_description":"Dear Mrs. Ram\u00f3n Cruz, I work for the publisher of Arvo P\u00e4rt, Universal Edition Vienna and on behalf of Arvo P\u00e4rt I would like to answer your inquiry which reached...","og_url":"https:\/\/a-desk.org\/ca\/magazine\/frotar-silex-con-pirita\/","og_site_name":"A*Desk","article_published_time":"2022-10-10T08:15:59+00:00","article_modified_time":"2023-07-16T11:33:58+00:00","og_image":[{"width":2560,"height":1600,"url":"http:\/\/a-desk.org\/wp-content\/uploads\/2022\/10\/Our-path-remains-Fundacio-Miro_0003.jpeg","type":"image\/jpeg"}],"author":"Fito Conesa, Olga Subir\u00f3s","twitter_card":"summary_large_image","twitter_misc":{"Escrit per":"Fito Conesa","Temps estimat de lectura":"3 minuts","Written by":"Fito Conesa, Olga Subir\u00f3s"},"schema":{"@context":"https:\/\/schema.org","@graph":[{"@type":"WebPage","@id":"https:\/\/a-desk.org\/ca\/magazine\/frotar-silex-con-pirita\/","url":"https:\/\/a-desk.org\/ca\/magazine\/frotar-silex-con-pirita\/","name":"Fregar s\u00edlex amb pirita &#8211; A*Desk","isPartOf":{"@id":"https:\/\/a-desk.org\/#website"},"primaryImageOfPage":{"@id":"https:\/\/a-desk.org\/ca\/magazine\/frotar-silex-con-pirita\/#primaryimage"},"image":{"@id":"https:\/\/a-desk.org\/ca\/magazine\/frotar-silex-con-pirita\/#primaryimage"},"thumbnailUrl":"https:\/\/a-desk.org\/wp-content\/uploads\/2022\/10\/Our-path-remains-Fundacio-Miro_0003.jpeg","datePublished":"2022-10-10T08:15:59+00:00","dateModified":"2023-07-16T11:33:58+00:00","author":{"@id":"https:\/\/a-desk.org\/#\/schema\/person\/3e53e6f57427eeeac4099226d10f2330"},"breadcrumb":{"@id":"https:\/\/a-desk.org\/ca\/magazine\/frotar-silex-con-pirita\/#breadcrumb"},"inLanguage":"ca","potentialAction":[{"@type":"ReadAction","target":["https:\/\/a-desk.org\/ca\/magazine\/frotar-silex-con-pirita\/"]}]},{"@type":"ImageObject","inLanguage":"ca","@id":"https:\/\/a-desk.org\/ca\/magazine\/frotar-silex-con-pirita\/#primaryimage","url":"https:\/\/a-desk.org\/wp-content\/uploads\/2022\/10\/Our-path-remains-Fundacio-Miro_0003.jpeg","contentUrl":"https:\/\/a-desk.org\/wp-content\/uploads\/2022\/10\/Our-path-remains-Fundacio-Miro_0003.jpeg","width":2560,"height":1600},{"@type":"BreadcrumbList","@id":"https:\/\/a-desk.org\/ca\/magazine\/frotar-silex-con-pirita\/#breadcrumb","itemListElement":[{"@type":"ListItem","position":1,"name":"Portada","item":"https:\/\/a-desk.org\/ca\/"},{"@type":"ListItem","position":2,"name":"Fregar s\u00edlex amb pirita"}]},{"@type":"WebSite","@id":"https:\/\/a-desk.org\/#website","url":"https:\/\/a-desk.org\/","name":"A*Desk","description":"A*Desk Critical Thinking","potentialAction":[{"@type":"SearchAction","target":{"@type":"EntryPoint","urlTemplate":"https:\/\/a-desk.org\/?s={search_term_string}"},"query-input":"required name=search_term_string"}],"inLanguage":"ca"},{"@type":"Person","@id":"https:\/\/a-desk.org\/#\/schema\/person\/3e53e6f57427eeeac4099226d10f2330","name":"Fito Conesa","image":{"@type":"ImageObject","inLanguage":"ca","@id":"https:\/\/a-desk.org\/#\/schema\/person\/image\/1c8ee2550bd7d09f12c926f1340ceaa3","url":"https:\/\/secure.gravatar.com\/avatar\/330121338bf2d869c9f77a340aeb8e7e?s=96&d=mm&r=g","contentUrl":"https:\/\/secure.gravatar.com\/avatar\/330121338bf2d869c9f77a340aeb8e7e?s=96&d=mm&r=g","caption":"Fito Conesa"},"url":"https:\/\/a-desk.org\/ca\/autor\/fitoconesa\/"}]}},"_links":{"self":[{"href":"https:\/\/a-desk.org\/ca\/wp-json\/wp\/v2\/posts\/38663"}],"collection":[{"href":"https:\/\/a-desk.org\/ca\/wp-json\/wp\/v2\/posts"}],"about":[{"href":"https:\/\/a-desk.org\/ca\/wp-json\/wp\/v2\/types\/post"}],"author":[{"embeddable":true,"href":"https:\/\/a-desk.org\/ca\/wp-json\/wp\/v2\/users\/2788"}],"replies":[{"embeddable":true,"href":"https:\/\/a-desk.org\/ca\/wp-json\/wp\/v2\/comments?post=38663"}],"version-history":[{"count":7,"href":"https:\/\/a-desk.org\/ca\/wp-json\/wp\/v2\/posts\/38663\/revisions"}],"predecessor-version":[{"id":47438,"href":"https:\/\/a-desk.org\/ca\/wp-json\/wp\/v2\/posts\/38663\/revisions\/47438"}],"wp:featuredmedia":[{"embeddable":true,"href":"https:\/\/a-desk.org\/ca\/wp-json\/wp\/v2\/media\/38650"}],"wp:attachment":[{"href":"https:\/\/a-desk.org\/ca\/wp-json\/wp\/v2\/media?parent=38663"}],"wp:term":[{"taxonomy":"category","embeddable":true,"href":"https:\/\/a-desk.org\/ca\/wp-json\/wp\/v2\/categories?post=38663"},{"taxonomy":"post_tag","embeddable":true,"href":"https:\/\/a-desk.org\/ca\/wp-json\/wp\/v2\/tags?post=38663"},{"taxonomy":"author","embeddable":true,"href":"https:\/\/a-desk.org\/ca\/wp-json\/wp\/v2\/coauthors?post=38663"}],"curies":[{"name":"wp","href":"https:\/\/api.w.org\/{rel}","templated":true}]}}