{"id":39686,"date":"2022-12-12T07:30:10","date_gmt":"2022-12-12T05:30:10","guid":{"rendered":"https:\/\/a-desk.org\/?p=39686"},"modified":"2023-07-10T11:37:51","modified_gmt":"2023-07-10T09:37:51","slug":"dibuix-de-maquina-de-temps-agitat-ii","status":"publish","type":"post","link":"https:\/\/a-desk.org\/ca\/magazine\/dibuix-de-maquina-de-temps-agitat-ii\/","title":{"rendered":"Dibuix de m\u00e0quina de temps agitat (II)"},"content":{"rendered":"<!--[if lt IE 9]><script>document.createElement('audio');<\/script><![endif]-->\n<audio class=\"wp-audio-shortcode\" id=\"audio-39686-1\" preload=\"none\" style=\"width: 100%;\" controls=\"controls\"><source type=\"audio\/mpeg\" src=\"http:\/\/a-desk.org\/wp-content\/uploads\/2022\/11\/EUBANDERAirkus01.mp3?_=1\" \/><a href=\"http:\/\/a-desk.org\/wp-content\/uploads\/2022\/11\/EUBANDERAirkus01.mp3\">http:\/\/a-desk.org\/wp-content\/uploads\/2022\/11\/EUBANDERAirkus01.mp3<\/a><\/audio>\n<p>&nbsp;<\/p>\n<p>Francesc Ruiz &#8211; <strong>En alguns dels teus fanzins els imaginaris de la ci\u00e8ncia-ficci\u00f3 s\u00f3n el vehicle per a acostar-se a conflictes internacionals contemporanis d\u2019una manera delirada, ampliant en certa manera, el marc per a la seva interpretaci\u00f3 m\u00e9s enll\u00e0 de la lectura narcotitzant dels m\u00e8dia.<\/strong><\/p>\n<p><strong>Quan vas compartir amb mi algunes de les teves lectures vas mencionar <em>Introducci\u00f3 a la Ci\u00e8ncia-ficci\u00f3<\/em> del cub\u00e0 \u00d3scar Hurtado. Aquesta refer\u00e8ncia em va fer pensar en el desenvolupament del g\u00e8nere sota ideologies concretes. M\u2019agradaria que ens expliquessis com explores en la teva producci\u00f3 els vincles entre ci\u00e8ncia-ficci\u00f3 i ideologia.<\/strong><\/p>\n<p><strong>Irkus M. Zeberio &#8211;<\/strong> En la seva veu de filosofia i no en el propagand\u00edstic, la ideologia m\u2019interessa per la seva funci\u00f3 creadora. Creadora en el sentit art\u00edstic, que no crea des del no-res, sin\u00f3 que ordena el caos a la seva manera. Des d\u2019aquest punt de vista, les filosofies s\u2019han obstinat en la definici\u00f3 del que \u00e9s hum\u00e0, i en les successives bolcades hist\u00f2riques han mutat subjectes a aquests canvis. Despr\u00e9s de les revolucions industrials i la introducci\u00f3 a escala universal de la m\u00e0quina, aquesta pulsi\u00f3 per definir el fet hum\u00e0 es va veure tremendament determinada per l\u2019exist\u00e8ncia de les m\u00e0quines. Tant la ci\u00e8ncia-ficci\u00f3 sovi\u00e8tica com l\u2019americana deuen les seves posicions predominants en la cultura de masses a les seves pr\u00f2pies revolucions industrials. Avui, m\u00e9s de cent anys despr\u00e9s, encara \u00e9s m\u00e9s intensa aquesta relaci\u00f3 entre l\u2019hum\u00e0 i la m\u00e0quina, i \u00e9s per aix\u00f2 pel que les arts, la filosofia, etc., en major o menor mesura, des de la tend\u00e8ncia predominant a la marginal, tenen relaci\u00f3 amb la ci\u00e8ncia-ficci\u00f3. La ci\u00e8ncia-ficci\u00f3 seria una cosa aix\u00ed com la literatura que gira entorn de la noci\u00f3 de l\u2019hum\u00e0 en relaci\u00f3 amb la maquin\u00e0ria. Aquesta \u00e9s la ra\u00f3 per la qual jo tamb\u00e9 camino per aqu\u00ed.<\/p>\n<p><a href=\"https:\/\/a-desk.org\/ca\/?attachment_id=39570\" rel=\"attachment wp-att-39570\"><img decoding=\"async\" width=\"800\" height=\"600\" class=\"size-full wp-image-39570 aligncenter\" src=\"http:\/\/a-desk.org\/wp-content\/uploads\/2022\/11\/irkus021.gif\" alt=\"\" \/><\/a><\/p>\n<p>L&#8217;\u00d3scar Hurtado, en la seva <em>Introducci\u00f3 a la Ci\u00e8ncia-ficci\u00f3<\/em>, fa una genealogia breu d\u2019aquesta literatura. Des del cristianisme agustini\u00e0 que amagat en la literatura ens va arribar amb <em>Utopia<\/em> de Tomas Moro; a la revoluci\u00f3 industrial i el tecno-optimisme d\u2019enginys que va modelar la ci\u00e8ncia-ficci\u00f3 com a g\u00e8nere. Tamb\u00e9 fa una magn\u00edfica exposici\u00f3 de les bases de la ficci\u00f3 l\u2019ess\u00e8ncia de la qual, el phantasmata aristot\u00e8lic, va donar nom a la revista que vam voler fer amb l&#8217;Ignacio Garc\u00eda S\u00e1nchez.<\/p>\n<p>Vaig descobrir l&#8217;\u00d3scar Hurtado a trav\u00e9s d\u2019aquell extraordinari fanz\u00edn cub\u00e0 de nom KORAD i gr\u00e0cies als blogs que li fan ress\u00f2. El millor \u00e9s que us ho descarregueu i ho llegiu. Hi ha molta &#8220;xitxa&#8221; a KORAD i m\u2019ha donat moltes hores d\u2019entreteniment. \u00c9s de qualitat desigual \u2014com les millors coses de la vida, les reals\u2014, ja que es tracta d\u2019un fanz\u00edn col\u00b7lectiu i dona cabuda a gent que comen\u00e7a o que t\u00e9 un treball que li impedeix dedicar-se plenament a l&#8217;escriptura. Per\u00f2 la ra\u00f3 per la qual m\u2019atrau tant, i em sembla important que s\u2019entengui aquesta adoraci\u00f3 meva si es vol estranya, \u00e9s pel lloc que ocupa en el m\u00f3n. Aix\u00f2 m\u2019ha donat una visi\u00f3 m\u00e9s precisa del que som i tant ens costa recon\u00e8ixer, xops com estem de milions de models de conducte de classe mitjana impotent. Amb els KORAD, vaig fer un viratge en la mirada cap al &#8220;tercer m\u00f3n&#8221; que crec haurien de fer totes les esquerres.<\/p>\n<p><a href=\"https:\/\/a-desk.org\/ca\/?attachment_id=39573\" rel=\"attachment wp-att-39573\"><img decoding=\"async\" width=\"800\" height=\"597\" class=\"size-full wp-image-39573 aligncenter\" src=\"http:\/\/a-desk.org\/wp-content\/uploads\/2022\/11\/irkus03.gif\" alt=\"\" \/><\/a><\/p>\n<p>La manera delirada a la qual fas refer\u00e8ncia amb qu\u00e8 en els meus fanzins m\u2019acosto al fet actual, es tracta m\u00e9s aviat d\u2019un posicionament, encara en construcci\u00f3, un punt de vista; no un estil, ni un manierisme. I al contrari del que sol dir-se, enfront de la resta de tradicions art\u00edstiques, \u00e9s un mirall recte que reflecteix els miralls deformats. Inevitablement, l\u2019est\u00e8tica que surti d\u2019aqu\u00ed ser\u00e0 percebuda com a delirant i monstruosa. Estem en un moment de canvis i com vaig llegir per Twitter, no s\u2019ha de tenir por de donar <em>cringe<\/em>.<\/p>\n<p><a href=\"https:\/\/a-desk.org\/ca\/?attachment_id=39576\" rel=\"attachment wp-att-39576\"><img decoding=\"async\" width=\"500\" height=\"599\" class=\"size-full wp-image-39576 aligncenter\" src=\"http:\/\/a-desk.org\/wp-content\/uploads\/2022\/11\/irkus04.gif\" alt=\"\" \/><\/a><\/p>\n<p>FR &#8211; <strong>Presentes per primera vegada en A-desk una petita constel\u00b7laci\u00f3 de <em>gifs<\/em>, en els que fas refer\u00e8ncies, d\u2019una banda, al poema simf\u00f2nic <em>Una nit a la Muntanya Pelada<\/em>\u00a0de Musorgsky, inspirat en el conte de Gogol que relata un <em>akelarre<\/em> prop de K\u00edev i, d\u2019altra banda, l\u2019adaptaci\u00f3 de Disney del poema de Goethe <em>L\u2019Aprenent de Bruixot<\/em>\u00a0encarnat per Mickey Mouse. Crec veure en la teva intervenci\u00f3 com ressona tamb\u00e9 l\u2019actual conflicte rus-ucra\u00efn\u00e8s. Explica&#8217;ns una mica d\u2019aquest nou treball.<\/strong><\/p>\n<p><strong>IMZ &#8211;<\/strong> B\u00e9, aquest treball del qual us ensenyo aproximacions, bruscament si es vol, se&#8217;m va oc\u00f3rrer a partir d\u2019una mena de dislocament psicosocial, precisament a conseq\u00fc\u00e8ncia de la guerra i el menjaclosques diari. La propaganda d\u2019avui es veu tan multiplicada i reverberada directament a la nostra ment i a profunditats tan \u00edntimes \u2014gaireb\u00e9 de relaci\u00f3 fisiol\u00f2gica, tele-carnal, com el porno en l\u00ednia\u2014 que ens anul\u00b7la completament. Amenaces nuclears, escassetat, fam, mort\u2026 estem obligats a generar idees que superin l\u2019estat actual de les coses, la hist\u00f2ria no para.<\/p>\n<p>Un dia mentre mirava <em>Fantasia<\/em>, la pel\u00b7l\u00edcula d\u2019animaci\u00f3 de Disney, amb els meus nebots, vaig comen\u00e7ar a relacionar els elements sem\u00e0ntics de la pel\u00b7l\u00edcula amb l\u2019actualitat. M\u00e9s tard, amb una an\u00e0lisi en profunditat, vaig poder entreveure mitjan\u00e7ant m\u00e0gia inversa el significat d\u2019aquestes imatges antiqu\u00edssimes que tant es repeteixen al llarg de la hist\u00f2ria de l\u2019art: la met\u00e0fora del barret com a ment, les estrelles com a met\u00e0fora de les idees, el mag com a creador&#8230;<\/p>\n<p>En el meu projecte, Mickey \u00e9s l\u2019hum\u00e0 infantilitzat que vesteix el seu cap amb un barret d\u2019estrelles carregat de refer\u00e8ncies que tant representen al m\u00f3n de les idees, com a la bandera de la Uni\u00f3 Europea o a la iconografia cat\u00f2lica del nimbe estrellat que envolta el cap de verges i sants.<\/p>\n<p>En la pel\u00b7l\u00edcula, Mickey es posa a ballar i el veiem llan\u00e7ant estrelles fugaces; o es tracta, m\u00e9s aviat, de f\u00f2sfor blanc, que en el seu deliri no veu? Em va semblar una bona analogia per a aquesta nova \u00e8poca de trinxeres i propaganda-guerra en el Donbass.<\/p>\n<p><a href=\"https:\/\/a-desk.org\/ca\/?attachment_id=39579\" rel=\"attachment wp-att-39579\"><img decoding=\"async\" width=\"800\" height=\"449\" class=\"size-full wp-image-39579 aligncenter\" src=\"http:\/\/a-desk.org\/wp-content\/uploads\/2022\/11\/irkus05.gif\" alt=\"\" \/><\/a><\/p>\n<p>FR &#8211; <strong><em>M\u00e0quina Total<\/em>, el taller d\u2019impressi\u00f3 que dirigeixes amb Pablo Taladro i Naida Mazzenga junt amb la llibreria especialitzada en c\u00f2mic i fanz\u00edn Fatbottom a la rebotiga en la qual us trobeu, \u00e9s en el seu conjunt un dels principals nodes de l&#8217;autoedici\u00f3 del pa\u00eds. Despr\u00e9s de diversos anys en funcionament, quin balan\u00e7 fas de la proposta? Com ha afectat en la teva pr\u00e0ctica personal i des d\u2019un pla gaireb\u00e9 pol\u00edtic, des de la milit\u00e0ncia en l\u2019autoedici\u00f3, quines reflexions han sorgit despr\u00e9s de tot aquest temps?<\/strong><\/p>\n<p><strong>IMZ &#8211;<\/strong> Aqu\u00ed no dirigim a ning\u00fa, en el nostre taller regna l\u2019anarquia de la producci\u00f3. En relaci\u00f3 amb la nostra producci\u00f3 gr\u00e0fica, la impremta ens ofereix l&#8217;oportunitat de reproduir-la a preu de cost, cosa gens menyspreable, i a sobre tenim a Fatbottom que ens distribueix i ens ajuda.<\/p>\n<p>Ha estat una proposta vital per a guanyar-nos pels fets el dret a la vida. Aquesta estrat\u00e8gia de construir un taller se&#8217;m confirmava des de jove per la influ\u00e8ncia d&#8217;Oteiza, Walter Benjamin, Gabriel Celaya, Armando Buscarini, William Blake, Pakito Bolino, Abraham D\u00edaz\u2026 Tots ells eren mestres de taller o s\u2019autoeditaven. Com b\u00e9 dius \u00e9s una estrat\u00e8gia &#8220;pol\u00edtica&#8221; en el sentit de poder. Amb <em>M\u00e0quina Total<\/em> hi ha la possibilitat de mantenir la capacitat de continuar dibuixant. Sense pretensions d\u2019ultratomba, molt humilment. \u00c9s un bon lloc, amb un ambient de riure i gresca. Tenim a l\u2019abast el m\u00e9s nou en l\u2019\u00e0mbit de l\u2019art gr\u00e0fic radical i\/o sofisticat i estem aguantant el x\u00e0fec des d\u2019un lloc privilegiat. Em considero satisfet per aix\u00f2.<\/p>\n<p>Tanmateix, fent un altre tipus de balan\u00e7, el taller encara no ha assolit els seus objectius primigenis. Em treu molt de temps i acaba per fagocitar a vegades a la meva pr\u00f2pia producci\u00f3. <em>M\u00e0quina Total<\/em> \u00e9s el meu g\u00f2lem. Tothom ha creat el seu propi d\u2019alguna manera. Una altra de les intencions inicials que encara no hem aconseguit desenvolupar com vol\u00edem ha estat la faceta editorial, l\u2019edici\u00f3 \u00e9s un m\u00f3n molt dif\u00edcil. Per sort, i aix\u00f2 m\u2019agrada, encara arriben enc\u00e0rrecs per a imprimir de gent que ve carregada amb alegria fanzinera. Tamb\u00e9 sento que el m\u00f3n est\u00e0 canviant i percebo que tan funcional s\u00f3n al capitalisme les idees que voletegen per l\u2019autoedici\u00f3 com en les institucions art\u00edstiques en l\u2019\u00e0mbit d\u2019alta cultura o en les d\u2019una ag\u00e8ncia o productora de publicitat. B\u00e9, en la hist\u00f2ria hi ha alts i baixos, per\u00f2 cal estar en la lluita i aqu\u00ed estem.<\/p>\n<p><a href=\"https:\/\/www.irkus.net\">Irkus M. Zeberio<\/a><\/p>\n<p><a href=\"https:\/\/a-desk.org\/ca\/?attachment_id=39582\" rel=\"attachment wp-att-39582\"><img decoding=\"async\" width=\"800\" height=\"800\" class=\"size-full wp-image-39582 aligncenter\" src=\"http:\/\/a-desk.org\/wp-content\/uploads\/2022\/11\/irkus06.gif\" alt=\"\" \/><\/a><\/p>\n","protected":false},"excerpt":{"rendered":"<p>&nbsp; Francesc Ruiz &#8211; En alguns dels teus fanzins els imaginaris de la ci\u00e8ncia-ficci\u00f3 s\u00f3n el vehicle per a acostar-se a conflictes internacionals contemporanis d\u2019una manera delirada, ampliant en certa&#8230;<\/p>\n","protected":false},"author":1834,"featured_media":39800,"comment_status":"open","ping_status":"open","sticky":false,"template":"","format":"standard","meta":{"_relevanssi_hide_post":"","_relevanssi_hide_content":"","_relevanssi_pin_for_all":"","_relevanssi_pin_keywords":"","_relevanssi_unpin_keywords":"","_relevanssi_related_keywords":"","_relevanssi_related_include_ids":"","_relevanssi_related_exclude_ids":"","_relevanssi_related_no_append":"","_relevanssi_related_not_related":"","_relevanssi_related_posts":"","_relevanssi_noindex_reason":"","footnotes":""},"categories":[6221],"tags":[],"coauthors":[6689],"acf":[],"yoast_head":"<!-- This site is optimized with the Yoast SEO plugin v22.6 - https:\/\/yoast.com\/wordpress\/plugins\/seo\/ -->\n<title>Dibuix de m\u00e0quina de temps agitat (II) &#8211; A*Desk<\/title>\n<meta name=\"robots\" content=\"index, follow, max-snippet:-1, max-image-preview:large, max-video-preview:-1\" \/>\n<link rel=\"canonical\" href=\"https:\/\/a-desk.org\/ca\/magazine\/dibuix-de-maquina-de-temps-agitat-ii\/\" \/>\n<meta property=\"og:locale\" content=\"ca_ES\" \/>\n<meta property=\"og:type\" content=\"article\" \/>\n<meta property=\"og:title\" content=\"Dibuix de m\u00e0quina de temps agitat (II) &#8211; A*Desk\" \/>\n<meta property=\"og:description\" content=\"&nbsp; Francesc Ruiz &#8211; En alguns dels teus fanzins els imaginaris de la ci\u00e8ncia-ficci\u00f3 s\u00f3n el vehicle per a acostar-se a conflictes internacionals contemporanis d\u2019una manera delirada, ampliant en certa...\" \/>\n<meta property=\"og:url\" content=\"https:\/\/a-desk.org\/ca\/magazine\/dibuix-de-maquina-de-temps-agitat-ii\/\" \/>\n<meta property=\"og:site_name\" content=\"A*Desk\" \/>\n<meta property=\"article:published_time\" content=\"2022-12-12T05:30:10+00:00\" \/>\n<meta property=\"article:modified_time\" content=\"2023-07-10T09:37:51+00:00\" \/>\n<meta property=\"og:image\" content=\"http:\/\/a-desk.org\/wp-content\/uploads\/2022\/12\/imatge-destacada-irkus.gif\" \/>\n\t<meta property=\"og:image:width\" content=\"800\" \/>\n\t<meta property=\"og:image:height\" content=\"449\" \/>\n\t<meta property=\"og:image:type\" content=\"image\/gif\" \/>\n<meta name=\"author\" content=\"Francesc Ruiz\" \/>\n<meta name=\"twitter:card\" content=\"summary_large_image\" \/>\n<meta name=\"twitter:label1\" content=\"Escrit per\" \/>\n\t<meta name=\"twitter:data1\" content=\"Francesc Ruiz\" \/>\n\t<meta name=\"twitter:label2\" content=\"Temps estimat de lectura\" \/>\n\t<meta name=\"twitter:data2\" content=\"8 minuts\" \/>\n\t<meta name=\"twitter:label3\" content=\"Written by\" \/>\n\t<meta name=\"twitter:data3\" content=\"Francesc Ruiz\" \/>\n<script type=\"application\/ld+json\" class=\"yoast-schema-graph\">{\"@context\":\"https:\/\/schema.org\",\"@graph\":[{\"@type\":\"WebPage\",\"@id\":\"https:\/\/a-desk.org\/ca\/magazine\/dibuix-de-maquina-de-temps-agitat-ii\/\",\"url\":\"https:\/\/a-desk.org\/ca\/magazine\/dibuix-de-maquina-de-temps-agitat-ii\/\",\"name\":\"Dibuix de m\u00e0quina de temps agitat (II) &#8211; A*Desk\",\"isPartOf\":{\"@id\":\"https:\/\/a-desk.org\/#website\"},\"primaryImageOfPage\":{\"@id\":\"https:\/\/a-desk.org\/ca\/magazine\/dibuix-de-maquina-de-temps-agitat-ii\/#primaryimage\"},\"image\":{\"@id\":\"https:\/\/a-desk.org\/ca\/magazine\/dibuix-de-maquina-de-temps-agitat-ii\/#primaryimage\"},\"thumbnailUrl\":\"https:\/\/a-desk.org\/wp-content\/uploads\/2022\/12\/imatge-destacada-irkus.gif\",\"datePublished\":\"2022-12-12T05:30:10+00:00\",\"dateModified\":\"2023-07-10T09:37:51+00:00\",\"author\":{\"@id\":\"https:\/\/a-desk.org\/#\/schema\/person\/2295da6a33d8061439b05b63e3da56d2\"},\"breadcrumb\":{\"@id\":\"https:\/\/a-desk.org\/ca\/magazine\/dibuix-de-maquina-de-temps-agitat-ii\/#breadcrumb\"},\"inLanguage\":\"ca\",\"potentialAction\":[{\"@type\":\"ReadAction\",\"target\":[\"https:\/\/a-desk.org\/ca\/magazine\/dibuix-de-maquina-de-temps-agitat-ii\/\"]}]},{\"@type\":\"ImageObject\",\"inLanguage\":\"ca\",\"@id\":\"https:\/\/a-desk.org\/ca\/magazine\/dibuix-de-maquina-de-temps-agitat-ii\/#primaryimage\",\"url\":\"https:\/\/a-desk.org\/wp-content\/uploads\/2022\/12\/imatge-destacada-irkus.gif\",\"contentUrl\":\"https:\/\/a-desk.org\/wp-content\/uploads\/2022\/12\/imatge-destacada-irkus.gif\",\"width\":800,\"height\":449},{\"@type\":\"BreadcrumbList\",\"@id\":\"https:\/\/a-desk.org\/ca\/magazine\/dibuix-de-maquina-de-temps-agitat-ii\/#breadcrumb\",\"itemListElement\":[{\"@type\":\"ListItem\",\"position\":1,\"name\":\"Portada\",\"item\":\"https:\/\/a-desk.org\/ca\/\"},{\"@type\":\"ListItem\",\"position\":2,\"name\":\"Dibuix de m\u00e0quina de temps agitat (II)\"}]},{\"@type\":\"WebSite\",\"@id\":\"https:\/\/a-desk.org\/#website\",\"url\":\"https:\/\/a-desk.org\/\",\"name\":\"A*Desk\",\"description\":\"A*Desk Critical Thinking\",\"potentialAction\":[{\"@type\":\"SearchAction\",\"target\":{\"@type\":\"EntryPoint\",\"urlTemplate\":\"https:\/\/a-desk.org\/?s={search_term_string}\"},\"query-input\":\"required name=search_term_string\"}],\"inLanguage\":\"ca\"},{\"@type\":\"Person\",\"@id\":\"https:\/\/a-desk.org\/#\/schema\/person\/2295da6a33d8061439b05b63e3da56d2\",\"name\":\"Francesc Ruiz\",\"image\":{\"@type\":\"ImageObject\",\"inLanguage\":\"ca\",\"@id\":\"https:\/\/a-desk.org\/#\/schema\/person\/image\/90997f1f924b363c0106190c8bc67e58\",\"url\":\"https:\/\/secure.gravatar.com\/avatar\/7ccc099ad79f91de84e83ec88bf7c7ff?s=96&d=mm&r=g\",\"contentUrl\":\"https:\/\/secure.gravatar.com\/avatar\/7ccc099ad79f91de84e83ec88bf7c7ff?s=96&d=mm&r=g\",\"caption\":\"Francesc Ruiz\"},\"url\":\"https:\/\/a-desk.org\/ca\/autor\/francescruiz\/\"}]}<\/script>\n<!-- \/ Yoast SEO plugin. -->","yoast_head_json":{"title":"Dibuix de m\u00e0quina de temps agitat (II) &#8211; A*Desk","robots":{"index":"index","follow":"follow","max-snippet":"max-snippet:-1","max-image-preview":"max-image-preview:large","max-video-preview":"max-video-preview:-1"},"canonical":"https:\/\/a-desk.org\/ca\/magazine\/dibuix-de-maquina-de-temps-agitat-ii\/","og_locale":"ca_ES","og_type":"article","og_title":"Dibuix de m\u00e0quina de temps agitat (II) &#8211; A*Desk","og_description":"&nbsp; Francesc Ruiz &#8211; En alguns dels teus fanzins els imaginaris de la ci\u00e8ncia-ficci\u00f3 s\u00f3n el vehicle per a acostar-se a conflictes internacionals contemporanis d\u2019una manera delirada, ampliant en certa...","og_url":"https:\/\/a-desk.org\/ca\/magazine\/dibuix-de-maquina-de-temps-agitat-ii\/","og_site_name":"A*Desk","article_published_time":"2022-12-12T05:30:10+00:00","article_modified_time":"2023-07-10T09:37:51+00:00","og_image":[{"width":800,"height":449,"url":"http:\/\/a-desk.org\/wp-content\/uploads\/2022\/12\/imatge-destacada-irkus.gif","type":"image\/gif"}],"author":"Francesc Ruiz","twitter_card":"summary_large_image","twitter_misc":{"Escrit per":"Francesc Ruiz","Temps estimat de lectura":"8 minuts","Written by":"Francesc Ruiz"},"schema":{"@context":"https:\/\/schema.org","@graph":[{"@type":"WebPage","@id":"https:\/\/a-desk.org\/ca\/magazine\/dibuix-de-maquina-de-temps-agitat-ii\/","url":"https:\/\/a-desk.org\/ca\/magazine\/dibuix-de-maquina-de-temps-agitat-ii\/","name":"Dibuix de m\u00e0quina de temps agitat (II) &#8211; A*Desk","isPartOf":{"@id":"https:\/\/a-desk.org\/#website"},"primaryImageOfPage":{"@id":"https:\/\/a-desk.org\/ca\/magazine\/dibuix-de-maquina-de-temps-agitat-ii\/#primaryimage"},"image":{"@id":"https:\/\/a-desk.org\/ca\/magazine\/dibuix-de-maquina-de-temps-agitat-ii\/#primaryimage"},"thumbnailUrl":"https:\/\/a-desk.org\/wp-content\/uploads\/2022\/12\/imatge-destacada-irkus.gif","datePublished":"2022-12-12T05:30:10+00:00","dateModified":"2023-07-10T09:37:51+00:00","author":{"@id":"https:\/\/a-desk.org\/#\/schema\/person\/2295da6a33d8061439b05b63e3da56d2"},"breadcrumb":{"@id":"https:\/\/a-desk.org\/ca\/magazine\/dibuix-de-maquina-de-temps-agitat-ii\/#breadcrumb"},"inLanguage":"ca","potentialAction":[{"@type":"ReadAction","target":["https:\/\/a-desk.org\/ca\/magazine\/dibuix-de-maquina-de-temps-agitat-ii\/"]}]},{"@type":"ImageObject","inLanguage":"ca","@id":"https:\/\/a-desk.org\/ca\/magazine\/dibuix-de-maquina-de-temps-agitat-ii\/#primaryimage","url":"https:\/\/a-desk.org\/wp-content\/uploads\/2022\/12\/imatge-destacada-irkus.gif","contentUrl":"https:\/\/a-desk.org\/wp-content\/uploads\/2022\/12\/imatge-destacada-irkus.gif","width":800,"height":449},{"@type":"BreadcrumbList","@id":"https:\/\/a-desk.org\/ca\/magazine\/dibuix-de-maquina-de-temps-agitat-ii\/#breadcrumb","itemListElement":[{"@type":"ListItem","position":1,"name":"Portada","item":"https:\/\/a-desk.org\/ca\/"},{"@type":"ListItem","position":2,"name":"Dibuix de m\u00e0quina de temps agitat (II)"}]},{"@type":"WebSite","@id":"https:\/\/a-desk.org\/#website","url":"https:\/\/a-desk.org\/","name":"A*Desk","description":"A*Desk Critical Thinking","potentialAction":[{"@type":"SearchAction","target":{"@type":"EntryPoint","urlTemplate":"https:\/\/a-desk.org\/?s={search_term_string}"},"query-input":"required name=search_term_string"}],"inLanguage":"ca"},{"@type":"Person","@id":"https:\/\/a-desk.org\/#\/schema\/person\/2295da6a33d8061439b05b63e3da56d2","name":"Francesc Ruiz","image":{"@type":"ImageObject","inLanguage":"ca","@id":"https:\/\/a-desk.org\/#\/schema\/person\/image\/90997f1f924b363c0106190c8bc67e58","url":"https:\/\/secure.gravatar.com\/avatar\/7ccc099ad79f91de84e83ec88bf7c7ff?s=96&d=mm&r=g","contentUrl":"https:\/\/secure.gravatar.com\/avatar\/7ccc099ad79f91de84e83ec88bf7c7ff?s=96&d=mm&r=g","caption":"Francesc Ruiz"},"url":"https:\/\/a-desk.org\/ca\/autor\/francescruiz\/"}]}},"_links":{"self":[{"href":"https:\/\/a-desk.org\/ca\/wp-json\/wp\/v2\/posts\/39686"}],"collection":[{"href":"https:\/\/a-desk.org\/ca\/wp-json\/wp\/v2\/posts"}],"about":[{"href":"https:\/\/a-desk.org\/ca\/wp-json\/wp\/v2\/types\/post"}],"author":[{"embeddable":true,"href":"https:\/\/a-desk.org\/ca\/wp-json\/wp\/v2\/users\/1834"}],"replies":[{"embeddable":true,"href":"https:\/\/a-desk.org\/ca\/wp-json\/wp\/v2\/comments?post=39686"}],"version-history":[{"count":7,"href":"https:\/\/a-desk.org\/ca\/wp-json\/wp\/v2\/posts\/39686\/revisions"}],"predecessor-version":[{"id":39782,"href":"https:\/\/a-desk.org\/ca\/wp-json\/wp\/v2\/posts\/39686\/revisions\/39782"}],"wp:featuredmedia":[{"embeddable":true,"href":"https:\/\/a-desk.org\/ca\/wp-json\/wp\/v2\/media\/39800"}],"wp:attachment":[{"href":"https:\/\/a-desk.org\/ca\/wp-json\/wp\/v2\/media?parent=39686"}],"wp:term":[{"taxonomy":"category","embeddable":true,"href":"https:\/\/a-desk.org\/ca\/wp-json\/wp\/v2\/categories?post=39686"},{"taxonomy":"post_tag","embeddable":true,"href":"https:\/\/a-desk.org\/ca\/wp-json\/wp\/v2\/tags?post=39686"},{"taxonomy":"author","embeddable":true,"href":"https:\/\/a-desk.org\/ca\/wp-json\/wp\/v2\/coauthors?post=39686"}],"curies":[{"name":"wp","href":"https:\/\/api.w.org\/{rel}","templated":true}]}}