{"id":43235,"date":"2023-04-28T07:30:17","date_gmt":"2023-04-28T05:30:17","guid":{"rendered":"https:\/\/a-desk.org\/?p=43235"},"modified":"2023-07-10T10:30:36","modified_gmt":"2023-07-10T08:30:36","slug":"energia","status":"publish","type":"post","link":"https:\/\/a-desk.org\/ca\/magazine\/energia\/","title":{"rendered":"Energia"},"content":{"rendered":"<p>La definici\u00f3 f\u00edsica d&#8217;energia \u00e9s <em>la capacitat de realitzar un treball, que \u00e9s la capacitat d&#8217;exercir una for\u00e7a que provoca el despla\u00e7ament d&#8217;un objecte.<\/em> Mentre que la definici\u00f3 de treball \u00e9s <em>l&#8217;energia transferida cap a o des d&#8217;un objecte mitjan\u00e7ant l&#8217;aplicaci\u00f3 de for\u00e7a al llarg d&#8217;un despla\u00e7ament.<\/em><\/p>\n<p>En el context de l&#8217;actual crisi energ\u00e8tica europea, estem acostumats a escoltar la paraula a les not\u00edcies i a les nostres factures, per\u00f2 l&#8217;energia est\u00e0 necess\u00e0riament lligada als conceptes de treball, producci\u00f3 i economia, incl\u00f2s el treball art\u00edstic. A la tardor del 2022, Yannis Varoufakis va explicar el mercat energ\u00e8tic europeu com una estafa basada en una simulaci\u00f3 i controlada per oligarques de l&#8217;energia que competeixen entre si per augmentar els preus que creen \u00edndexs de pobresa energ\u00e8tica sense precedents. A Espanya, l&#8217;11% de les llars pateixen pobresa energ\u00e8tica, cosa que significa que la despesa en energia \u00e9s desproporcionada en relaci\u00f3 amb els ingressos totals. Al nostre sobreescalfat planeta, aix\u00f2 significa no nom\u00e9s que les cases no es poden escalfar a l&#8217;hivern, sin\u00f3 que tampoc es poden encendre els ventiladors als estius calorosos. Aix\u00f2 ha portat activistes de l&#8217;energia com M\u00f3nica Guiteras Blaya a dir que \u201cl&#8217;energia \u00e9s un dret hum\u00e0\u201d.<\/p>\n<p>Des dels augments hist\u00f2rics en els preus de l&#8217;energia, la manca de gas natural a Alemanya, fins al sabotatge rus de la infraestructura energ\u00e8tica d&#8217;Ucra\u00efna, la seguretat energ\u00e8tica que se sentia a Occident ha estat destru\u00efda. A Espanya, les preses hidroel\u00e8ctriques continuen enfrontant l&#8217;amena\u00e7a de la sequera i la implementaci\u00f3 d&#8217;energies verdes est\u00e0 endarrerida a causa d&#8217;una inversi\u00f3 tardana i insuficient.<\/p>\n<p>En aquesta edici\u00f3 hem convidat artistes i curadors a comentar les diferents formes d&#8217;energia que travessen la nostra experi\u00e8ncia humana a petita i gran escala. La primera contribuci\u00f3 \u00e9s una entrevista a <a href=\"https:\/\/a-desk.org\/ca\/magazine\/cuanta-energia-se-necesita-para-llevar-a-cabo-un-espacio-de-arte\/\">Alma Saladin i Marco Rountree Cruz<\/a> sobre l&#8217;espai art\u00edstic guadalajara90210 on l&#8217;energia es relaciona de diverses maneres amb la producci\u00f3 de la cultura contempor\u00e0nia. A partir d&#8217;aqu\u00ed, les col\u00b7laboracions continuen abastant una diversitat de maneres en qu\u00e8 interactuem amb la producci\u00f3 d&#8217;energia. <a href=\"https:\/\/a-desk.org\/ca\/magazine\/que-pensen-els-cargols-de-les-centrals-nuclears\/\">Daniela Medina Poch<\/a> va fer recentment una pe\u00e7a sonora amb els habitants dels pobles propers a la central nuclear catalana d&#8217;Asc\u00f3. <a href=\"https:\/\/a-desk.org\/ca\/magazine\/energy-and-growth-a-budding-tree-and-the-sprout-of-a-young-grass\/\">Dharmendra Prasad<\/a> \u00e9s un artista i agricultor d&#8217;Assam, al nord-est de l&#8217;\u00cdndia, la poesia del qual sobre la collita mostra les formes m\u00e9s nobles de captura d&#8217;energia a trav\u00e9s de la simbiosi humana amb les pastures fotosint\u00e8tiques. La investigaci\u00f3 en curs d&#8217;<a href=\"https:\/\/a-desk.org\/ca\/magazine\/entrevista-amb-inga-lace-energia-en-el-paisatge-artistic-postsovietic\/\">Inga Lace<\/a> a la intersecci\u00f3 entre les protestes clim\u00e0tiques i l&#8217;art a Europa Central i de l&#8217;Est rastreja una hist\u00f2ria que va de les protestes clim\u00e0tiques fins a les reconfiguracions geopol\u00edtiques i la situaci\u00f3 actual d&#8217;apagada a K\u00edev a causa de la guerra de R\u00fassia contra Ucra\u00efna. L&#8217;energia ens envolta: es barreja, flueix, produeix i creix, crea possibilitats i l\u00edmits i defineix la nostra realitat geopol\u00edtica. Per pensar en futurs rics en energia no extractius, aquestes entrevistes i projectes complexitzen i analitzen la paraula en diverses formes possibles.<\/p>\n<p>[Imatge destacada creada amb Midjourney by Collecteurs. Claus: &#8220;escultures de plantes i cargols dins d&#8217;un riu sec amb plantes nuclears de fons i llampecs en el cel nocturn&#8221;. 24 d&#8217;abril de 2023].<\/p>\n","protected":false},"excerpt":{"rendered":"<p>La definici\u00f3 f\u00edsica d&#8217;energia \u00e9s la capacitat de realitzar un treball, que \u00e9s la capacitat d&#8217;exercir una for\u00e7a que provoca el despla\u00e7ament d&#8217;un objecte. Mentre que la definici\u00f3 de treball&#8230;<\/p>\n","protected":false},"author":2591,"featured_media":43590,"comment_status":"open","ping_status":"open","sticky":false,"template":"","format":"standard","meta":{"_relevanssi_hide_post":"","_relevanssi_hide_content":"","_relevanssi_pin_for_all":"","_relevanssi_pin_keywords":"","_relevanssi_unpin_keywords":"","_relevanssi_related_keywords":"","_relevanssi_related_include_ids":"","_relevanssi_related_exclude_ids":"","_relevanssi_related_no_append":"","_relevanssi_related_not_related":"","_relevanssi_related_posts":"","_relevanssi_noindex_reason":"","footnotes":""},"categories":[6302],"tags":[],"coauthors":[6549],"acf":[],"yoast_head":"<!-- This site is optimized with the Yoast SEO plugin v22.6 - https:\/\/yoast.com\/wordpress\/plugins\/seo\/ -->\n<title>Energia &#8211; A*Desk<\/title>\n<meta name=\"robots\" content=\"index, follow, max-snippet:-1, max-image-preview:large, max-video-preview:-1\" \/>\n<link rel=\"canonical\" href=\"https:\/\/a-desk.org\/ca\/magazine\/energia\/\" \/>\n<meta property=\"og:locale\" content=\"ca_ES\" \/>\n<meta property=\"og:type\" content=\"article\" \/>\n<meta property=\"og:title\" content=\"Energia &#8211; A*Desk\" \/>\n<meta property=\"og:description\" content=\"La definici\u00f3 f\u00edsica d&#8217;energia \u00e9s la capacitat de realitzar un treball, que \u00e9s la capacitat d&#8217;exercir una for\u00e7a que provoca el despla\u00e7ament d&#8217;un objecte. Mentre que la definici\u00f3 de treball...\" \/>\n<meta property=\"og:url\" content=\"https:\/\/a-desk.org\/ca\/magazine\/energia\/\" \/>\n<meta property=\"og:site_name\" content=\"A*Desk\" \/>\n<meta property=\"article:published_time\" content=\"2023-04-28T05:30:17+00:00\" \/>\n<meta property=\"article:modified_time\" content=\"2023-07-10T08:30:36+00:00\" \/>\n<meta property=\"og:image\" content=\"http:\/\/a-desk.org\/wp-content\/uploads\/2023\/04\/grid_0.jpg\" \/>\n\t<meta property=\"og:image:width\" content=\"1024\" \/>\n\t<meta property=\"og:image:height\" content=\"1024\" \/>\n\t<meta property=\"og:image:type\" content=\"image\/jpeg\" \/>\n<meta name=\"author\" content=\"\u00c0ngels Miralda\" \/>\n<meta name=\"twitter:card\" content=\"summary_large_image\" \/>\n<meta name=\"twitter:label1\" content=\"Escrit per\" \/>\n\t<meta name=\"twitter:data1\" content=\"\u00c0ngels Miralda\" \/>\n\t<meta name=\"twitter:label2\" content=\"Temps estimat de lectura\" \/>\n\t<meta name=\"twitter:data2\" content=\"3 minuts\" \/>\n\t<meta name=\"twitter:label3\" content=\"Written by\" \/>\n\t<meta name=\"twitter:data3\" content=\"\u00c0ngels Miralda\" \/>\n<script type=\"application\/ld+json\" class=\"yoast-schema-graph\">{\"@context\":\"https:\/\/schema.org\",\"@graph\":[{\"@type\":\"WebPage\",\"@id\":\"https:\/\/a-desk.org\/ca\/magazine\/energia\/\",\"url\":\"https:\/\/a-desk.org\/ca\/magazine\/energia\/\",\"name\":\"Energia &#8211; A*Desk\",\"isPartOf\":{\"@id\":\"https:\/\/a-desk.org\/#website\"},\"primaryImageOfPage\":{\"@id\":\"https:\/\/a-desk.org\/ca\/magazine\/energia\/#primaryimage\"},\"image\":{\"@id\":\"https:\/\/a-desk.org\/ca\/magazine\/energia\/#primaryimage\"},\"thumbnailUrl\":\"https:\/\/a-desk.org\/wp-content\/uploads\/2023\/04\/grid_0.jpg\",\"datePublished\":\"2023-04-28T05:30:17+00:00\",\"dateModified\":\"2023-07-10T08:30:36+00:00\",\"author\":{\"@id\":\"https:\/\/a-desk.org\/#\/schema\/person\/0cd3fca3a4bcb18e9cdd04aa6904192e\"},\"breadcrumb\":{\"@id\":\"https:\/\/a-desk.org\/ca\/magazine\/energia\/#breadcrumb\"},\"inLanguage\":\"ca\",\"potentialAction\":[{\"@type\":\"ReadAction\",\"target\":[\"https:\/\/a-desk.org\/ca\/magazine\/energia\/\"]}]},{\"@type\":\"ImageObject\",\"inLanguage\":\"ca\",\"@id\":\"https:\/\/a-desk.org\/ca\/magazine\/energia\/#primaryimage\",\"url\":\"https:\/\/a-desk.org\/wp-content\/uploads\/2023\/04\/grid_0.jpg\",\"contentUrl\":\"https:\/\/a-desk.org\/wp-content\/uploads\/2023\/04\/grid_0.jpg\",\"width\":1024,\"height\":1024},{\"@type\":\"BreadcrumbList\",\"@id\":\"https:\/\/a-desk.org\/ca\/magazine\/energia\/#breadcrumb\",\"itemListElement\":[{\"@type\":\"ListItem\",\"position\":1,\"name\":\"Portada\",\"item\":\"https:\/\/a-desk.org\/ca\/\"},{\"@type\":\"ListItem\",\"position\":2,\"name\":\"Energia\"}]},{\"@type\":\"WebSite\",\"@id\":\"https:\/\/a-desk.org\/#website\",\"url\":\"https:\/\/a-desk.org\/\",\"name\":\"A*Desk\",\"description\":\"A*Desk Critical Thinking\",\"potentialAction\":[{\"@type\":\"SearchAction\",\"target\":{\"@type\":\"EntryPoint\",\"urlTemplate\":\"https:\/\/a-desk.org\/?s={search_term_string}\"},\"query-input\":\"required name=search_term_string\"}],\"inLanguage\":\"ca\"},{\"@type\":\"Person\",\"@id\":\"https:\/\/a-desk.org\/#\/schema\/person\/0cd3fca3a4bcb18e9cdd04aa6904192e\",\"name\":\"\u00c0ngels Miralda\",\"image\":{\"@type\":\"ImageObject\",\"inLanguage\":\"ca\",\"@id\":\"https:\/\/a-desk.org\/#\/schema\/person\/image\/9cf2f9f2778773092454e730a654cc05\",\"url\":\"https:\/\/secure.gravatar.com\/avatar\/c55565eba1b0d6f718fb3cb03bd24db1?s=96&d=mm&r=g\",\"contentUrl\":\"https:\/\/secure.gravatar.com\/avatar\/c55565eba1b0d6f718fb3cb03bd24db1?s=96&d=mm&r=g\",\"caption\":\"\u00c0ngels Miralda\"},\"url\":\"https:\/\/a-desk.org\/ca\/autor\/angelsmiralda\/\"}]}<\/script>\n<!-- \/ Yoast SEO plugin. -->","yoast_head_json":{"title":"Energia &#8211; A*Desk","robots":{"index":"index","follow":"follow","max-snippet":"max-snippet:-1","max-image-preview":"max-image-preview:large","max-video-preview":"max-video-preview:-1"},"canonical":"https:\/\/a-desk.org\/ca\/magazine\/energia\/","og_locale":"ca_ES","og_type":"article","og_title":"Energia &#8211; A*Desk","og_description":"La definici\u00f3 f\u00edsica d&#8217;energia \u00e9s la capacitat de realitzar un treball, que \u00e9s la capacitat d&#8217;exercir una for\u00e7a que provoca el despla\u00e7ament d&#8217;un objecte. Mentre que la definici\u00f3 de treball...","og_url":"https:\/\/a-desk.org\/ca\/magazine\/energia\/","og_site_name":"A*Desk","article_published_time":"2023-04-28T05:30:17+00:00","article_modified_time":"2023-07-10T08:30:36+00:00","og_image":[{"width":1024,"height":1024,"url":"http:\/\/a-desk.org\/wp-content\/uploads\/2023\/04\/grid_0.jpg","type":"image\/jpeg"}],"author":"\u00c0ngels Miralda","twitter_card":"summary_large_image","twitter_misc":{"Escrit per":"\u00c0ngels Miralda","Temps estimat de lectura":"3 minuts","Written by":"\u00c0ngels Miralda"},"schema":{"@context":"https:\/\/schema.org","@graph":[{"@type":"WebPage","@id":"https:\/\/a-desk.org\/ca\/magazine\/energia\/","url":"https:\/\/a-desk.org\/ca\/magazine\/energia\/","name":"Energia &#8211; A*Desk","isPartOf":{"@id":"https:\/\/a-desk.org\/#website"},"primaryImageOfPage":{"@id":"https:\/\/a-desk.org\/ca\/magazine\/energia\/#primaryimage"},"image":{"@id":"https:\/\/a-desk.org\/ca\/magazine\/energia\/#primaryimage"},"thumbnailUrl":"https:\/\/a-desk.org\/wp-content\/uploads\/2023\/04\/grid_0.jpg","datePublished":"2023-04-28T05:30:17+00:00","dateModified":"2023-07-10T08:30:36+00:00","author":{"@id":"https:\/\/a-desk.org\/#\/schema\/person\/0cd3fca3a4bcb18e9cdd04aa6904192e"},"breadcrumb":{"@id":"https:\/\/a-desk.org\/ca\/magazine\/energia\/#breadcrumb"},"inLanguage":"ca","potentialAction":[{"@type":"ReadAction","target":["https:\/\/a-desk.org\/ca\/magazine\/energia\/"]}]},{"@type":"ImageObject","inLanguage":"ca","@id":"https:\/\/a-desk.org\/ca\/magazine\/energia\/#primaryimage","url":"https:\/\/a-desk.org\/wp-content\/uploads\/2023\/04\/grid_0.jpg","contentUrl":"https:\/\/a-desk.org\/wp-content\/uploads\/2023\/04\/grid_0.jpg","width":1024,"height":1024},{"@type":"BreadcrumbList","@id":"https:\/\/a-desk.org\/ca\/magazine\/energia\/#breadcrumb","itemListElement":[{"@type":"ListItem","position":1,"name":"Portada","item":"https:\/\/a-desk.org\/ca\/"},{"@type":"ListItem","position":2,"name":"Energia"}]},{"@type":"WebSite","@id":"https:\/\/a-desk.org\/#website","url":"https:\/\/a-desk.org\/","name":"A*Desk","description":"A*Desk Critical Thinking","potentialAction":[{"@type":"SearchAction","target":{"@type":"EntryPoint","urlTemplate":"https:\/\/a-desk.org\/?s={search_term_string}"},"query-input":"required name=search_term_string"}],"inLanguage":"ca"},{"@type":"Person","@id":"https:\/\/a-desk.org\/#\/schema\/person\/0cd3fca3a4bcb18e9cdd04aa6904192e","name":"\u00c0ngels Miralda","image":{"@type":"ImageObject","inLanguage":"ca","@id":"https:\/\/a-desk.org\/#\/schema\/person\/image\/9cf2f9f2778773092454e730a654cc05","url":"https:\/\/secure.gravatar.com\/avatar\/c55565eba1b0d6f718fb3cb03bd24db1?s=96&d=mm&r=g","contentUrl":"https:\/\/secure.gravatar.com\/avatar\/c55565eba1b0d6f718fb3cb03bd24db1?s=96&d=mm&r=g","caption":"\u00c0ngels Miralda"},"url":"https:\/\/a-desk.org\/ca\/autor\/angelsmiralda\/"}]}},"_links":{"self":[{"href":"https:\/\/a-desk.org\/ca\/wp-json\/wp\/v2\/posts\/43235"}],"collection":[{"href":"https:\/\/a-desk.org\/ca\/wp-json\/wp\/v2\/posts"}],"about":[{"href":"https:\/\/a-desk.org\/ca\/wp-json\/wp\/v2\/types\/post"}],"author":[{"embeddable":true,"href":"https:\/\/a-desk.org\/ca\/wp-json\/wp\/v2\/users\/2591"}],"replies":[{"embeddable":true,"href":"https:\/\/a-desk.org\/ca\/wp-json\/wp\/v2\/comments?post=43235"}],"version-history":[{"count":5,"href":"https:\/\/a-desk.org\/ca\/wp-json\/wp\/v2\/posts\/43235\/revisions"}],"predecessor-version":[{"id":43594,"href":"https:\/\/a-desk.org\/ca\/wp-json\/wp\/v2\/posts\/43235\/revisions\/43594"}],"wp:featuredmedia":[{"embeddable":true,"href":"https:\/\/a-desk.org\/ca\/wp-json\/wp\/v2\/media\/43590"}],"wp:attachment":[{"href":"https:\/\/a-desk.org\/ca\/wp-json\/wp\/v2\/media?parent=43235"}],"wp:term":[{"taxonomy":"category","embeddable":true,"href":"https:\/\/a-desk.org\/ca\/wp-json\/wp\/v2\/categories?post=43235"},{"taxonomy":"post_tag","embeddable":true,"href":"https:\/\/a-desk.org\/ca\/wp-json\/wp\/v2\/tags?post=43235"},{"taxonomy":"author","embeddable":true,"href":"https:\/\/a-desk.org\/ca\/wp-json\/wp\/v2\/coauthors?post=43235"}],"curies":[{"name":"wp","href":"https:\/\/api.w.org\/{rel}","templated":true}]}}