{"id":56126,"date":"2024-05-13T07:24:39","date_gmt":"2024-05-13T05:24:39","guid":{"rendered":"https:\/\/a-desk.org\/?p=56126"},"modified":"2024-05-12T11:08:15","modified_gmt":"2024-05-12T09:08:15","slug":"descolonizar-el-museo-y-otras-fabulas-terribles-es-posible","status":"publish","type":"post","link":"https:\/\/a-desk.org\/ca\/magazine\/descolonizar-el-museo-y-otras-fabulas-terribles-es-posible\/","title":{"rendered":"Descolonitzar el museu i altres faules terribles. \u00c9s possible?"},"content":{"rendered":"<p style=\"text-align: left;\"><span style=\"color: #000000;\"><strong>\u201cLa descolonitzaci\u00f3 ser\u00e0 un proc\u00e9s violent\u201d, deia Fanon, i li sobraven raons per a estar-ne conven\u00e7ut.<\/strong><\/span><\/p>\n<p>A Bol\u00edvia, a principis del mil\u00b7lenni entre 2000 i 2003, es van viure fortes revoltes anticolonials: La Guerra del Gas i la Guerra de l&#8217;Aigua. Aquestes mobilitzacions representen per a molts bolivians un punt de ruptura radical respecte a l&#8217;ordre colonial i totes les seves relacions vigents a trav\u00e9s de les multinacionals i de la ra\u00e7a\/classe opressora local fins llavors governant, els blancs\/mestissos, cooptats tamb\u00e9 pels mandats de la globalitzaci\u00f3 i els seus processos de saquejos a trav\u00e9s de les armes i tot tipus de viol\u00e8ncia sobre els cossos i territoris bolivians. Encara que despr\u00e9s d&#8217;aquest proc\u00e9s de resist\u00e8ncia i l&#8217;expulsi\u00f3 tant de les empreses espoliadores com dels servils pol\u00edtics, Bol\u00edvia no ha deixat de ser un territori ind\u00edgena en disputa amb profundes ferides colonials. Aquestes revoltes van suposar retrobar-nos de nou amb la capacitat de resist\u00e8ncia des de l&#8217;organitzaci\u00f3 popular, el teixit comunitari, la persistent for\u00e7a ancestral anticolonial que va esdevenir en l&#8217;Estat Plurinacional, que va ser i \u00e9s un proc\u00e9s de reparaci\u00f3 fruit del poder popular, arrabassant de mans de lladres colons el que \u00e9s nostre.<\/p>\n<p>Inicio aquest escrit des del meu arxiu personal, d&#8217;haver estat aqu\u00ed, i tamb\u00e9 amb la necessitat permanent de trobar refer\u00e8ncies geneal\u00f2giques que des del passat puguin motivar-nos a continuar lluitant malgrat el refredament i de la suposada impossibilitat de canviar-lo tot en aquest m\u00f3n anti-nosaltres. Treure al colon dels nostres territoris va ser possible, ho ser\u00e0, tamb\u00e9, treure\u2019l dels museus? Com opera la restituci\u00f3 o reparaci\u00f3, proposta des de les c\u00faspides dels privilegis colonials i les avantguardes aliades? \u00c9s possible descolonitzar els museus?<\/p>\n<div id=\"attachment_56116\" style=\"width: 1010px\" class=\"wp-caption alignnone\"><img aria-describedby=\"caption-attachment-56116\" decoding=\"async\" class=\"wp-image-56116 size-full\" src=\"http:\/\/a-desk.org\/wp-content\/uploads\/2024\/05\/Descolonizar-el-museo-Dibujo-Hache-Mau1.jpeg\" alt=\"Descolonizar el museo, dibujo de Hache Mau\" width=\"1000\" height=\"1355\" srcset=\"https:\/\/a-desk.org\/wp-content\/uploads\/2024\/05\/Descolonizar-el-museo-Dibujo-Hache-Mau1.jpeg 1000w, https:\/\/a-desk.org\/wp-content\/uploads\/2024\/05\/Descolonizar-el-museo-Dibujo-Hache-Mau1-295x400.jpeg 295w, https:\/\/a-desk.org\/wp-content\/uploads\/2024\/05\/Descolonizar-el-museo-Dibujo-Hache-Mau1-768x1041.jpeg 768w\" sizes=\"(max-width: 1000px) 100vw, 1000px\" \/><p id=\"caption-attachment-56116\" class=\"wp-caption-text\">Dibuixos Hache Mau. Bol\u00edgraf i paper (2000)<\/p><\/div>\n<p>Des de fa anys, a Espanya, alguns museus inicien un proc\u00e9s de &#8220;debat i accions&#8221; sobre una proposta de suposada descolonitzaci\u00f3 a partir de la restituci\u00f3, reparaci\u00f3 i devoluci\u00f3, encara que no s&#8217;esmenta gaireb\u00e9, tamb\u00e9 la garantia de no repetici\u00f3. Alhora es generen socialment narratives i viralitzaci\u00f3 de posicions negacionistes\/nacionalistes de la viol\u00e8ncia colonial cap als nostres territoris del sud global, negant els genocidis dels nostres pobles. El que de manera racista anomenen &#8220;La hist\u00f2ria negra&#8221; o imperiofobia.<\/p>\n<p>&#8220;El robatori colonial que activa una ferida hist\u00f2rica&#8221;, partint d&#8217;aquesta reflexi\u00f3 de <a href=\"https:\/\/felipamanuela.org\/portfolio-item\/iki-yos-pina-2\/\" target=\"_blank\" rel=\"noopener\">Yki Yos Pi\u00f1a<\/a>, activista travest\u00ed cimarrona, podem reflexionar sobre l&#8217;acarnissament permanent del proc\u00e9s transtemporal amb el qual la viol\u00e8ncia colonial ha marcat els nostres cossos, a prop\u00f2sit del debat negacionista i banalitzant de la blanquitud estesa no sols en cercles acad\u00e8mics i pol\u00edtics, sin\u00f3 tamb\u00e9 profundament i ve\u00efnalment socials. El supremacisme est\u00e0 instaurat en la ciutadania plena que atorga els privilegis de l&#8217;ordre colonial heretat. El debat insistent i burlesc que es genera tamb\u00e9 entorn de la devoluci\u00f3 s\u00ed o no, \u00e9s bastant violent i posa en evid\u00e8ncia el lloc de poder respecte a la ferida espiritual, hist\u00f2rica que ens travessa. Els activistes en el nostre ampli espectre estem permanentment violentats pels bons alumnes de tota la pedagogia colonial, no hi ha excepci\u00f3, hi ha amos pertot arreu, fins i tot benvolents.<\/p>\n<p>La colonialitat i el seu racisme, la colonialitat i el seu saqueig, la colonialitat i el seu patriarcat, la colonialitat i els seus genocidis s\u00f3n vigents, nom\u00e9s fa falta veure tota la viol\u00e8ncia desplegada sobre el poble i els cossos palestins i el seu extermini transm\u00e8s en l\u00ednia. Cossos racialitzats no blancs, situadament els migrants podem parlar des de la ferida, la ferida pr\u00f2pia i la ferida col\u00b7lectiva, que mai estan separades.<\/p>\n<p>Habitem un m\u00f3n que per fronteres est\u00e0 configurat amb cicatrius, ferides a la terra i als nostres cossos que s\u00f3n marca just all\u00e0 on comen\u00e7a el saqueig, cicatrius a les nostres creences, a les nostres identitats, a les nostres cosmovisions. Els museus occidentals ens deuen a totes molt m\u00e9s els respectius interessos. Hi ha una ferida, hi ha un deute.<\/p>\n<p>Les pol\u00edtiques del perd\u00f3 tenen una hist\u00f2ria tan sinistra perqu\u00e8 s\u00f3n la pr\u00f2pia hist\u00f2ria del colonialisme i des d\u2019all\u00e0 han constitu\u00eft el supremacisme, tamb\u00e9 moral, dels colons blancs, els seus descendents, les seves empreses i els seus governs, \u00e9s una cosa en la qual haur\u00edem d&#8217;estar molt atentes i desconfiar radicalment de tota estructura que representi legitimaci\u00f3 tant simb\u00f2lica com material de la jerarquia racial hist\u00f2rica i totes les seves equacions econ\u00f2miques. Desconfiar de tots els blancs en situacions de poder, desconfiar de tots.<\/p>\n<p>Respecte a l&#8217;ordre colonial, \u00e9s ineludible pensar en la distribuci\u00f3 de &#8220;l&#8217;hum\u00e0&#8221; i &#8220;el no hum\u00e0&#8221; des de tota organitzaci\u00f3 articulada des del privilegi de destruir o salvar &#8220;a l&#8217;altre&#8221; per a autoreferenciar-se en la c\u00faspide de l&#8217;ordre. En aquest sentit, el muse\u00edstic hist\u00f2ricament tamb\u00e9 s&#8217;ha al\u00e7at com a f\u00e0brica i reproducci\u00f3 de l&#8217;humanisme blanc euroc\u00e8ntric, sublim que alhora i c\u00ednicament es funda en el saqueig d&#8217;altres pobles.<\/p>\n<p>La desconfian\u00e7a a la narrativa de descolonitzaci\u00f3, parteix de la idea que tota reparaci\u00f3 ha d&#8217;anar molt m\u00e9s enll\u00e0 d\u2019all\u00f2 simb\u00f2lic o dial\u00e8ctic, tenint en compte la capacitat que t\u00e9 el capitalisme d&#8217;apropiar-se i rendibilitzar al seu favor tantes demandes pol\u00edtiques per a sostenir la seva narrativa de modernitat, inclusi\u00f3, diversitat i universalisme, processos assimilacionistes com el del feminisme liberal, o els \u00a0<a href=\"https:\/\/a-desk.org\/ca\/magazine\/demasiado-frivolo-demasiado-politico\/\" target=\"_blank\" rel=\"noopener\">LGTBIQ<\/a> i els seus discursos nacionalistes (feminacionacionalisme, homonacionalismes) que s\u00f3n eines de propaganda &#8220;salvacionista&#8221; utilitzada per colons genocides en territoris on la geopol\u00edtica extermina a la poblaci\u00f3 ind\u00edgena per un territori d&#8217;estrat\u00e8gica localitzaci\u00f3 i espoli que garanteixi la seva zona de privilegis.<\/p>\n<p>Necessitem una mirada d&#8217;enfocament radical i transformador que entengui que les estructures que van espoliar objectes de representaci\u00f3 culturals de territoris dominats pel colonialisme han estat utilitzats en una sort d&#8217;exercici econ\u00f2mic empresarial que ha servit i serveix per a configurar el sistema mundial i totes les seves pr\u00e0ctiques supremacistes, utilitzats com a eines\/trofeus\/fetitxes per a crear pedagogies i dist\u00e0ncies entre el civilitzat i el salvatge, entre l&#8217;hum\u00e0 sublim europeu i el protohum\u00e0 no europeu.<\/p>\n<p>Entenem la restituci\u00f3 com un acte important, per\u00f2 no suficientment important com per a interpel\u00b7lar el sistema m\u00f3n que continua operant en l\u00f2giques extractivistes, genocides i deshumanitzants. Diu Susy Shock, activista travest\u00ed marrona argentina, &#8220;No volem ser m\u00e9s aquesta humanitat&#8221;. La devoluci\u00f3 tampoc \u00e9s suficient com per a parlar en termes reals del robatori, saqueig i totes les viol\u00e8ncies que van suposar tant objectes com subjectes utilitzats en els seus museus per a determinar el seu poder supremacista absolut.<\/p>\n<p>Reconeixem que aquestes accions actuals, fins i tot les de reparaci\u00f3 hist\u00f2rica, estan dissenyades per a sostenir el sistema; el museu per a descolonitzar-se hauria de desapar\u00e8ixer. Diu Mikaela Drullar, activista trans dominicana (parafrasejo), &#8220;No es pot descolonitzar el museu, perqu\u00e8 el museu \u00e9s la pr\u00f2pia estructura colonial, igual que no es pot descolonitzar els Estats&#8221;.<\/p>\n<div id=\"attachment_56110\" style=\"width: 1010px\" class=\"wp-caption alignnone\"><img aria-describedby=\"caption-attachment-56110\" decoding=\"async\" class=\"wp-image-56110 size-full\" src=\"http:\/\/a-desk.org\/wp-content\/uploads\/2024\/05\/Descolonizar-el-museo-Dibujo-2-Hache-Mau.jpeg\" alt=\"Descolonizar el museo, dibujo de Hache Mau\" width=\"1000\" height=\"1355\" srcset=\"https:\/\/a-desk.org\/wp-content\/uploads\/2024\/05\/Descolonizar-el-museo-Dibujo-2-Hache-Mau.jpeg 1000w, https:\/\/a-desk.org\/wp-content\/uploads\/2024\/05\/Descolonizar-el-museo-Dibujo-2-Hache-Mau-295x400.jpeg 295w, https:\/\/a-desk.org\/wp-content\/uploads\/2024\/05\/Descolonizar-el-museo-Dibujo-2-Hache-Mau-768x1041.jpeg 768w\" sizes=\"(max-width: 1000px) 100vw, 1000px\" \/><p id=\"caption-attachment-56110\" class=\"wp-caption-text\">Dibuixos Hache Mau. Bol\u00edgraf i paper (2000)<\/p><\/div>\n<p>Convinguem que abracem les devolucions, les restitucions, les quotes racials (sarcasme), abracem la possibilitat que les comunitats que han sobreviscut a totes aquestes viol\u00e8ncies durant m\u00e9s de 500 anys puguin retrobar-se amb els seus incommensurables objectes\/subjectes, pensant en altres ontologies negades que encara resisteixen. Sabem que des de l\u00f2giques occidentals la impossibilitat de tractar aquests \u201cobjectes\u201d com a entitats, subjectes vius sagrats, respectant la seva import\u00e0ncia espiritual, geneal\u00f2gica i els seus m\u00faltiples significats culturals i no com a simples peces de museu a retornar, incl\u00fas si els acompanya la narrativa de just\u00edcia social.<\/p>\n<p>El paper de les comunitats hauria de ser fonamental en aquests processos i no ho \u00e9s.<\/p>\n<p>Aleshores, \u00a0poden els museus transformar-se de manera que deixin de reproduir les estructures de poder que els van donar origen? Podem imaginar pol\u00edticament diverses q\u00fcestions sobre aquest tema, que els museus haurien de transformar-se en espais d&#8217;activisme amb protagonistes reals on hi hagi reflexions cr\u00edtiques radicals als processos hist\u00f2rics d&#8217;espoli, epist\u00e8mic, material, simb\u00f2lic que interpel\u00b7lin tota estructura i c\u00e0non occidental supremacista, afavorir llocs d&#8217;activaci\u00f3 de mem\u00f2ria i reparaci\u00f3 col\u00b7lectiva, pressupostos alliberats, aix\u00f2 implica donar suport a causes pol\u00edtiques de resist\u00e8ncia als processos colonials vigents, finan\u00e7ar recerques acad\u00e8miques i no acad\u00e8miques en el sentit occidental de l&#8217;acad\u00e8mia de l&#8217;activisme antiracista, desnaturalitzar els llocs de poder supremacistes, acad\u00e8mies, universitats, museus o qualsevol altra parr\u00f2quia. Podran?<\/p>\n<p>Aquestes reflexions i altres compartides pel meu teixit antiracista situat en un espai tan profundament racista com Catalunya, que per cert, per a quan? El debat sobre el reconeixement i reparaci\u00f3 del proc\u00e9s de tr\u00e0fic de persones africanes per als r\u00e8gims colonials a les Am\u00e8riques. El mal \u00e9s tan immens com l&#8217;enriquiment i la hipocresia en aquesta ciutat.<\/p>\n<p>Proposem desafiaments que sabem impossibles d&#8217;assumir a l&#8217;una del manteniment d&#8217;estructura i pr\u00e0ctiques pol\u00edtiques, econ\u00f2miques i morals de la blanquitud i les seves institucions colonials que sostenen els seus privilegis, posem en q\u00fcesti\u00f3 tamb\u00e9 la benevol\u00e8ncia des de llocs hist\u00f2ricament de producci\u00f3 i reproducci\u00f3 dels valors \u201cneo\u201d colonials i capitalistes. Suportaran?<\/p>\n<div id=\"attachment_56113\" style=\"width: 1010px\" class=\"wp-caption alignnone\"><img aria-describedby=\"caption-attachment-56113\" decoding=\"async\" class=\"wp-image-56113 size-full\" src=\"http:\/\/a-desk.org\/wp-content\/uploads\/2024\/05\/Descolonizar-el-museo-Dibujo-Hache-Mau-3.jpeg\" alt=\"Descolonizar el museo, dibujo de Hache Mau\" width=\"1000\" height=\"1338\" srcset=\"https:\/\/a-desk.org\/wp-content\/uploads\/2024\/05\/Descolonizar-el-museo-Dibujo-Hache-Mau-3.jpeg 1000w, https:\/\/a-desk.org\/wp-content\/uploads\/2024\/05\/Descolonizar-el-museo-Dibujo-Hache-Mau-3-299x400.jpeg 299w, https:\/\/a-desk.org\/wp-content\/uploads\/2024\/05\/Descolonizar-el-museo-Dibujo-Hache-Mau-3-768x1028.jpeg 768w\" sizes=\"(max-width: 1000px) 100vw, 1000px\" \/><p id=\"caption-attachment-56113\" class=\"wp-caption-text\">Dibuixos Hache Mau. Bol\u00edgraf i paper (2000)<\/p><\/div>\n","protected":false},"excerpt":{"rendered":"<p>\u201cLa descolonitzaci\u00f3 ser\u00e0 un proc\u00e9s violent\u201d, deia Fanon, i li sobraven raons per a estar-ne conven\u00e7ut. A Bol\u00edvia, a principis del mil\u00b7lenni entre 2000 i 2003, es van viure fortes&#8230;<\/p>\n","protected":false},"author":2868,"featured_media":56196,"comment_status":"open","ping_status":"open","sticky":false,"template":"","format":"standard","meta":{"_relevanssi_hide_post":"","_relevanssi_hide_content":"","_relevanssi_pin_for_all":"","_relevanssi_pin_keywords":"","_relevanssi_unpin_keywords":"","_relevanssi_related_keywords":"","_relevanssi_related_include_ids":"","_relevanssi_related_exclude_ids":"","_relevanssi_related_no_append":"","_relevanssi_related_not_related":"","_relevanssi_related_posts":"","_relevanssi_noindex_reason":"","footnotes":""},"categories":[6930],"tags":[],"coauthors":[6931],"acf":[],"yoast_head":"<!-- This site is optimized with the Yoast SEO plugin v22.6 - https:\/\/yoast.com\/wordpress\/plugins\/seo\/ -->\n<title>Descolonitzar el museu i altres faules terribles. \u00c9s possible?<\/title>\n<meta name=\"description\" content=\"Descolonitzar el museu i altres faules terribles. \u00c9s possible? \u201cLa descolonitzaci\u00f3 ser\u00e0 un proc\u00e9s violent\u201d, deia Fanon. Per Hache Mau\" \/>\n<meta name=\"robots\" content=\"index, follow, max-snippet:-1, max-image-preview:large, max-video-preview:-1\" \/>\n<link rel=\"canonical\" href=\"https:\/\/a-desk.org\/?p=56101\" \/>\n<meta property=\"og:locale\" content=\"ca_ES\" \/>\n<meta property=\"og:type\" content=\"article\" \/>\n<meta property=\"og:title\" content=\"Descolonitzar el museu i altres faules terribles. \u00c9s possible?\" \/>\n<meta property=\"og:description\" content=\"Descolonitzar el museu i altres faules terribles. \u00c9s possible? \u201cLa descolonitzaci\u00f3 ser\u00e0 un proc\u00e9s violent\u201d, deia Fanon. Per Hache Mau\" \/>\n<meta property=\"og:url\" content=\"https:\/\/a-desk.org\/?p=56101\" \/>\n<meta property=\"og:site_name\" content=\"A*Desk\" \/>\n<meta property=\"article:published_time\" content=\"2024-05-13T05:24:39+00:00\" \/>\n<meta property=\"article:modified_time\" content=\"2024-05-12T09:08:15+00:00\" \/>\n<meta property=\"og:image\" content=\"https:\/\/a-desk.org\/wp-content\/uploads\/2024\/05\/Descolonizar-el-museo-DES.jpg\" \/>\n\t<meta property=\"og:image:width\" content=\"1000\" \/>\n\t<meta property=\"og:image:height\" content=\"428\" \/>\n\t<meta property=\"og:image:type\" content=\"image\/jpeg\" \/>\n<meta name=\"author\" content=\"HACHE MAU\" \/>\n<meta name=\"twitter:card\" content=\"summary_large_image\" \/>\n<meta name=\"twitter:label1\" content=\"Escrit per\" \/>\n\t<meta name=\"twitter:data1\" content=\"HACHE MAU\" \/>\n\t<meta name=\"twitter:label2\" content=\"Temps estimat de lectura\" \/>\n\t<meta name=\"twitter:data2\" content=\"8 minuts\" \/>\n\t<meta name=\"twitter:label3\" content=\"Written by\" \/>\n\t<meta name=\"twitter:data3\" content=\"HACHE MAU\" \/>\n<script type=\"application\/ld+json\" class=\"yoast-schema-graph\">{\"@context\":\"https:\/\/schema.org\",\"@graph\":[{\"@type\":\"WebPage\",\"@id\":\"https:\/\/a-desk.org\/?p=56101\",\"url\":\"https:\/\/a-desk.org\/?p=56101\",\"name\":\"Descolonitzar el museu i altres faules terribles. \u00c9s possible?\",\"isPartOf\":{\"@id\":\"https:\/\/a-desk.org\/#website\"},\"primaryImageOfPage\":{\"@id\":\"https:\/\/a-desk.org\/?p=56101#primaryimage\"},\"image\":{\"@id\":\"https:\/\/a-desk.org\/?p=56101#primaryimage\"},\"thumbnailUrl\":\"https:\/\/a-desk.org\/wp-content\/uploads\/2024\/05\/Descolonizar-el-museo-DES.jpg\",\"datePublished\":\"2024-05-13T05:24:39+00:00\",\"dateModified\":\"2024-05-12T09:08:15+00:00\",\"author\":{\"@id\":\"https:\/\/a-desk.org\/#\/schema\/person\/dfe3d06c64a833bcd4fdee5d34b060c6\"},\"description\":\"Descolonitzar el museu i altres faules terribles. \u00c9s possible? \u201cLa descolonitzaci\u00f3 ser\u00e0 un proc\u00e9s violent\u201d, deia Fanon. Per Hache Mau\",\"breadcrumb\":{\"@id\":\"https:\/\/a-desk.org\/?p=56101#breadcrumb\"},\"inLanguage\":\"ca\",\"potentialAction\":[{\"@type\":\"ReadAction\",\"target\":[\"https:\/\/a-desk.org\/?p=56101\"]}]},{\"@type\":\"ImageObject\",\"inLanguage\":\"ca\",\"@id\":\"https:\/\/a-desk.org\/?p=56101#primaryimage\",\"url\":\"https:\/\/a-desk.org\/wp-content\/uploads\/2024\/05\/Descolonizar-el-museo-DES.jpg\",\"contentUrl\":\"https:\/\/a-desk.org\/wp-content\/uploads\/2024\/05\/Descolonizar-el-museo-DES.jpg\",\"width\":1000,\"height\":428,\"caption\":\"Descolonizar el museo-dibujos de Hache Mau\"},{\"@type\":\"BreadcrumbList\",\"@id\":\"https:\/\/a-desk.org\/?p=56101#breadcrumb\",\"itemListElement\":[{\"@type\":\"ListItem\",\"position\":1,\"name\":\"Portada\",\"item\":\"https:\/\/a-desk.org\/ca\/\"},{\"@type\":\"ListItem\",\"position\":2,\"name\":\"Descolonitzar el museu i altres faules terribles. \u00c9s possible?\"}]},{\"@type\":\"WebSite\",\"@id\":\"https:\/\/a-desk.org\/#website\",\"url\":\"https:\/\/a-desk.org\/\",\"name\":\"A*Desk\",\"description\":\"A*Desk Critical Thinking\",\"potentialAction\":[{\"@type\":\"SearchAction\",\"target\":{\"@type\":\"EntryPoint\",\"urlTemplate\":\"https:\/\/a-desk.org\/?s={search_term_string}\"},\"query-input\":\"required name=search_term_string\"}],\"inLanguage\":\"ca\"},{\"@type\":\"Person\",\"@id\":\"https:\/\/a-desk.org\/#\/schema\/person\/dfe3d06c64a833bcd4fdee5d34b060c6\",\"name\":\"HACHE MAU\",\"image\":{\"@type\":\"ImageObject\",\"inLanguage\":\"ca\",\"@id\":\"https:\/\/a-desk.org\/#\/schema\/person\/image\/e3eb7e19bfc966b22b2a041bd3c9f1af\",\"url\":\"https:\/\/secure.gravatar.com\/avatar\/9672266aee1599f0011700baec00a24a?s=96&d=mm&r=g\",\"contentUrl\":\"https:\/\/secure.gravatar.com\/avatar\/9672266aee1599f0011700baec00a24a?s=96&d=mm&r=g\",\"caption\":\"HACHE MAU\"},\"url\":\"https:\/\/a-desk.org\/ca\/autor\/hache-mau\/\"}]}<\/script>\n<!-- \/ Yoast SEO plugin. -->","yoast_head_json":{"title":"Descolonitzar el museu i altres faules terribles. \u00c9s possible?","description":"Descolonitzar el museu i altres faules terribles. \u00c9s possible? \u201cLa descolonitzaci\u00f3 ser\u00e0 un proc\u00e9s violent\u201d, deia Fanon. Per Hache Mau","robots":{"index":"index","follow":"follow","max-snippet":"max-snippet:-1","max-image-preview":"max-image-preview:large","max-video-preview":"max-video-preview:-1"},"canonical":"https:\/\/a-desk.org\/?p=56101","og_locale":"ca_ES","og_type":"article","og_title":"Descolonitzar el museu i altres faules terribles. \u00c9s possible?","og_description":"Descolonitzar el museu i altres faules terribles. \u00c9s possible? \u201cLa descolonitzaci\u00f3 ser\u00e0 un proc\u00e9s violent\u201d, deia Fanon. Per Hache Mau","og_url":"https:\/\/a-desk.org\/?p=56101","og_site_name":"A*Desk","article_published_time":"2024-05-13T05:24:39+00:00","article_modified_time":"2024-05-12T09:08:15+00:00","og_image":[{"width":1000,"height":428,"url":"https:\/\/a-desk.org\/wp-content\/uploads\/2024\/05\/Descolonizar-el-museo-DES.jpg","type":"image\/jpeg"}],"author":"HACHE MAU","twitter_card":"summary_large_image","twitter_misc":{"Escrit per":"HACHE MAU","Temps estimat de lectura":"8 minuts","Written by":"HACHE MAU"},"schema":{"@context":"https:\/\/schema.org","@graph":[{"@type":"WebPage","@id":"https:\/\/a-desk.org\/?p=56101","url":"https:\/\/a-desk.org\/?p=56101","name":"Descolonitzar el museu i altres faules terribles. \u00c9s possible?","isPartOf":{"@id":"https:\/\/a-desk.org\/#website"},"primaryImageOfPage":{"@id":"https:\/\/a-desk.org\/?p=56101#primaryimage"},"image":{"@id":"https:\/\/a-desk.org\/?p=56101#primaryimage"},"thumbnailUrl":"https:\/\/a-desk.org\/wp-content\/uploads\/2024\/05\/Descolonizar-el-museo-DES.jpg","datePublished":"2024-05-13T05:24:39+00:00","dateModified":"2024-05-12T09:08:15+00:00","author":{"@id":"https:\/\/a-desk.org\/#\/schema\/person\/dfe3d06c64a833bcd4fdee5d34b060c6"},"description":"Descolonitzar el museu i altres faules terribles. \u00c9s possible? \u201cLa descolonitzaci\u00f3 ser\u00e0 un proc\u00e9s violent\u201d, deia Fanon. Per Hache Mau","breadcrumb":{"@id":"https:\/\/a-desk.org\/?p=56101#breadcrumb"},"inLanguage":"ca","potentialAction":[{"@type":"ReadAction","target":["https:\/\/a-desk.org\/?p=56101"]}]},{"@type":"ImageObject","inLanguage":"ca","@id":"https:\/\/a-desk.org\/?p=56101#primaryimage","url":"https:\/\/a-desk.org\/wp-content\/uploads\/2024\/05\/Descolonizar-el-museo-DES.jpg","contentUrl":"https:\/\/a-desk.org\/wp-content\/uploads\/2024\/05\/Descolonizar-el-museo-DES.jpg","width":1000,"height":428,"caption":"Descolonizar el museo-dibujos de Hache Mau"},{"@type":"BreadcrumbList","@id":"https:\/\/a-desk.org\/?p=56101#breadcrumb","itemListElement":[{"@type":"ListItem","position":1,"name":"Portada","item":"https:\/\/a-desk.org\/ca\/"},{"@type":"ListItem","position":2,"name":"Descolonitzar el museu i altres faules terribles. \u00c9s possible?"}]},{"@type":"WebSite","@id":"https:\/\/a-desk.org\/#website","url":"https:\/\/a-desk.org\/","name":"A*Desk","description":"A*Desk Critical Thinking","potentialAction":[{"@type":"SearchAction","target":{"@type":"EntryPoint","urlTemplate":"https:\/\/a-desk.org\/?s={search_term_string}"},"query-input":"required name=search_term_string"}],"inLanguage":"ca"},{"@type":"Person","@id":"https:\/\/a-desk.org\/#\/schema\/person\/dfe3d06c64a833bcd4fdee5d34b060c6","name":"HACHE MAU","image":{"@type":"ImageObject","inLanguage":"ca","@id":"https:\/\/a-desk.org\/#\/schema\/person\/image\/e3eb7e19bfc966b22b2a041bd3c9f1af","url":"https:\/\/secure.gravatar.com\/avatar\/9672266aee1599f0011700baec00a24a?s=96&d=mm&r=g","contentUrl":"https:\/\/secure.gravatar.com\/avatar\/9672266aee1599f0011700baec00a24a?s=96&d=mm&r=g","caption":"HACHE MAU"},"url":"https:\/\/a-desk.org\/ca\/autor\/hache-mau\/"}]}},"_links":{"self":[{"href":"https:\/\/a-desk.org\/ca\/wp-json\/wp\/v2\/posts\/56126"}],"collection":[{"href":"https:\/\/a-desk.org\/ca\/wp-json\/wp\/v2\/posts"}],"about":[{"href":"https:\/\/a-desk.org\/ca\/wp-json\/wp\/v2\/types\/post"}],"author":[{"embeddable":true,"href":"https:\/\/a-desk.org\/ca\/wp-json\/wp\/v2\/users\/2868"}],"replies":[{"embeddable":true,"href":"https:\/\/a-desk.org\/ca\/wp-json\/wp\/v2\/comments?post=56126"}],"version-history":[{"count":7,"href":"https:\/\/a-desk.org\/ca\/wp-json\/wp\/v2\/posts\/56126\/revisions"}],"predecessor-version":[{"id":56206,"href":"https:\/\/a-desk.org\/ca\/wp-json\/wp\/v2\/posts\/56126\/revisions\/56206"}],"wp:featuredmedia":[{"embeddable":true,"href":"https:\/\/a-desk.org\/ca\/wp-json\/wp\/v2\/media\/56196"}],"wp:attachment":[{"href":"https:\/\/a-desk.org\/ca\/wp-json\/wp\/v2\/media?parent=56126"}],"wp:term":[{"taxonomy":"category","embeddable":true,"href":"https:\/\/a-desk.org\/ca\/wp-json\/wp\/v2\/categories?post=56126"},{"taxonomy":"post_tag","embeddable":true,"href":"https:\/\/a-desk.org\/ca\/wp-json\/wp\/v2\/tags?post=56126"},{"taxonomy":"author","embeddable":true,"href":"https:\/\/a-desk.org\/ca\/wp-json\/wp\/v2\/coauthors?post=56126"}],"curies":[{"name":"wp","href":"https:\/\/api.w.org\/{rel}","templated":true}]}}