{"id":58404,"date":"2024-07-29T07:00:31","date_gmt":"2024-07-29T05:00:31","guid":{"rendered":"https:\/\/a-desk.org\/?p=58404"},"modified":"2024-07-30T10:33:21","modified_gmt":"2024-07-30T08:33:21","slug":"nostalgia-productiva","status":"publish","type":"post","link":"https:\/\/a-desk.org\/ca\/magazine\/nostalgia-productiva\/","title":{"rendered":"Nost\u00e0lgia productiva"},"content":{"rendered":"<p>En <em>Las tempest\u00e1lidas<\/em> el novel\u00b7lista b\u00falgar Gueorgui Gospod\u00ednov narra la hist\u00f2ria de Gaust\u00edn, un enigm\u00e0tic <em>fl\u00e2neur <\/em>que obre a Z\u00faric una \u00abcl\u00ednica de passat\u00bb per intentar curar l&#8217;Alzheimer. El seu m\u00e8tode consisteix a reproduir diferents d\u00e8cades del segle XX amb l\u2019objectiu de fer tornar els malalts al seu moment de plenitud, en el qual la seva mem\u00f2ria encara no s&#8217;havia deteriorat. Un experiment que, segons ens explica el protagonista, \u00abconsistia a crear un passat protegit, o un \u201ctemps protegit\u201d. Un refugi de temps, un cronorrefugi. Volia obrir una finestra en el temps i permetre que hi visquin els malalts, per\u00f2 tamb\u00e9 els seus familiars\u00bb (Gospod\u00ednov 2022: 133).<\/p>\n<p>Sens dubte, aquest \u201ccronorrefugi\u201d \u00e9s una de les millors figuracions de la nost\u00e0lgia: el retorn a l&#8217;instant segur i plener en qu\u00e8 el m\u00f3n del pacient encara no s&#8217;ha esfondrat. I resulta curi\u00f3s que en la novel\u00b7la la nost\u00e0lgia funcioni en el seu \u00e0mbit cl\u00ednic original, com aquesta malaltia que va identificar l&#8217;estudiant de medicina Johannes Hofer quan va encunyar el terme el 1688: \u00abhumor trist provocat per l&#8217;anhel de tornar a la p\u00e0tria natal\u00bb (Boym 2015: 25). Un \u201chumor\u201d que amb el temps ha desbordat els l\u00edmits del cl\u00ednic per convertir-se en una complexa emoci\u00f3 cultural, la qual ha acabat cristal\u00b7litzant com una de les respostes fonamentals a la modernitat: \u00abun mecanisme de defensa en una \u00e8poca d&#8217;acceleraci\u00f3 del ritme de vida i d&#8217;agitaci\u00f3 hist\u00f2rica\u00bb (Boym 2015: 15).<\/p>\n<p>A m\u00e9s, en <em>Las tempest\u00e1lidas<\/em> la nost\u00e0lgia surt de l&#8217;\u00e0mbit m\u00e8dic i s&#8217;est\u00e9n per tots els racons d&#8217;una Europa inestable que anhela la seguretat. El cronorrefugi esdev\u00e9 llavors una opci\u00f3 pol\u00edtica. \u00abJa que una Europa del futur ja resulta impossible, triarem l&#8217;Europa del passat. \u00c9s senzill, quan no tens futur, votes pel passat\u00bb (Gospod\u00ednov 2022: 166). Aquest \u00e9s l&#8217;argument per a l&#8217;inici d&#8217;un gran refer\u00e8ndum europeu en el qual cada pa\u00eds tria una d\u00e8cada a la qual tornar, un temps feli\u00e7 al qual retornar. A Espanya, guanyen els vuitanta.<\/p>\n<p style=\"text-align: center;\"><strong>#<\/strong><\/p>\n<p>Estic conven\u00e7ut que a Svetlana Boym li hauria encantat la novel\u00b7la de Gospod\u00ednov. Pocs llibres encarnen millor el sentit d&#8217;all\u00f2 que, en el seu monumental estudi sobre aquesta emoci\u00f3 (Boym 2015), ella va denominar \u00abnost\u00e0lgia restauradora\u00bb; aquella que se sost\u00e9 en la ficci\u00f3 d\u2019un temps ple i feli\u00e7 en el passat i que \u00e9s possible de reconstruir \u2014restaurar\u2014 en el present. En oposici\u00f3 a aquesta pulsi\u00f3 de recreaci\u00f3 que emfatitza el retorn (el <em>nostos<\/em>), Boym proposa la \u00abnost\u00e0lgia reflexiva\u00bb, que prioritza la p\u00e8rdua, el dolor (<em>\u00e0lgia<\/em>) i que pren consci\u00e8ncia que aquest passat feli\u00e7 \u00e9s irrecuperable, ja que, entre altres coses, no \u00e9s m\u00e9s que una construcci\u00f3 imagin\u00e0ria realitzada des del present.<\/p>\n<p>Aquest rostre bifront de la nost\u00e0lgia \u00e9s el que han examinat els textos que durant aquest juliol hem publicat en <em>A*Desk<\/em>. Des de llocs, posicions i tradicions intel\u00b7lectuals diferents, Aar\u00f3n S\u00e1ez, Azahara Palomeque, Irene Mart\u00ednez Mar\u00edn i Ernst van Alphen s&#8217;han acostat a la nost\u00e0lgia per explorar els seus perills, per\u00f2 tamb\u00e9 la seva pot\u00e8ncia transformadora.<\/p>\n<p>En<em> La nostalgia como arma<\/em>, <a href=\"https:\/\/a-desk.org\/magazine\/la-nostalgia-es-un-arma\/\" target=\"_blank\" rel=\"noopener\">Aar\u00f3n S\u00e1ez<\/a> observa la desaparici\u00f3 del mite del futur i la comoditat de tornar al ja viscut, la confortabilitat de la repetici\u00f3 i els seus usos, sovint nocius i immobilitzadors, en la cultura de l&#8217;entreteniment. La reproducci\u00f3 constant d&#8217;un passat que, com apunta <a href=\"https:\/\/a-desk.org\/en\/magazine\/nostalgicos-y-sinceros\/\" target=\"_blank\" rel=\"noopener\">Irene Mart\u00ednez Mar\u00edn<\/a> en <em>Nost\u00e0lgics i sincers<\/em>, sempre est\u00e0 contaminat i modelat pel nostre present i el nostre lloc en el m\u00f3n.<\/p>\n<p>Aquest present manipulador i <em>ficcionador <\/em>del passat \u00e9s precisament el que examina <a href=\"https:\/\/a-desk.org\/magazine\/nostalgic-archiving-productive-or-monstruous\/\" target=\"_blank\" rel=\"noopener\">Ernst van Alphen<\/a> en el seu text sobre els usos de la nost\u00e0lgia en la pol\u00edtica contempor\u00e0nia: el passat esplendor\u00f3s i pur al qu\u00e8 volen tornar els moviments d&#8217;extrema dreta i el passat m\u00edtic i il\u00b7lusori que pret\u00e9n legitimar el genocidi que s&#8217;est\u00e0 produint a Gaza. Nom\u00e9s un \u00fas reflexiu, cr\u00edtic i no restaurador de la mem\u00f2ria faria possible un futur per a Israel i Palestina.<\/p>\n<p>La destrucci\u00f3 de la llar i la sensaci\u00f3 de desconsol que aquesta en comporta \u00e9s una caracter\u00edstica fonamental dels conflictes b\u00e8l\u00b7lics, per\u00f2 tamb\u00e9 un dels grans efectes sobre el territori del capitalisme extractivista. Aquesta desolaci\u00f3 per la llar que veiem perillar va ser denominada per Glenn Albrecht com \u00absolastalgia\u00bb (2005), un terme constru\u00eft a partir de l&#8217;arrel grega de \u00abdolor\u00bb (<em>\u00e0lgos<\/em>) i l&#8217;arrel llatina de \u00abconsol\u00bb (<em>solacium<\/em>). Aquesta \u00e9s l&#8217;emoci\u00f3 que explora <a href=\"https:\/\/a-desk.org\/en\/magazine\/ithaca-in-danger-from-nostalgia-to-solastalgia\/\" target=\"_blank\" rel=\"noopener\">Azahara Palomeque<\/a> en <em>\u00cdtaca en perill: de la nost\u00e0lgia a la solastalgia<\/em>, el neguit i la desemparan\u00e7a que experimentem quan el que considerem llar nostra comen\u00e7a a extingir-se i \u00abla terra s&#8217;esvaeix sota els nostres peus\u00bb.<\/p>\n<p style=\"text-align: center;\"><strong>#<\/strong><\/p>\n<p>En la seva \u00faltima obra, publicada ja despr\u00e9s de la seva prematura mort en 2015, Svetlana Boym (2017) va emfatitzar el sentit futur de la nost\u00e0lgia i va dedicar diverses p\u00e0gines a explorar el concepte de \u00abnost\u00e0lgia prospectiva\u00bb, del qual ja en va fer un esb\u00f3s en el seu llibre cl\u00e0ssic; una nost\u00e0lgia no paralitzant que emfatitza el malestar, no per all\u00f2 que es va perdre, sin\u00f3 pel que no es va poder conquerir. M&#8217;agrada anomenar-la \u00abnost\u00e0lgia productiva\u00bb per a emfatitzar la seva condici\u00f3 activa, la seva capacitat de fer, de produir i crear alguna cosa que ens encamini cap endavant. Una nost\u00e0lgia que pren la seva for\u00e7a no d&#8217;una arc\u00e0dia passada, sin\u00f3 d&#8217;un futur que mai va arribar, dels camins tallats de la hist\u00f2ria, del no efectuat.<\/p>\n<p>Aqu\u00ed, sens dubte, ressonen les tesis de Benjamin: no l&#8217;anhel del benestar del passat, sin\u00f3 el del somni que no es va poder aconseguir, l&#8217;energia revolucion\u00e0ria d\u2019all\u00f2 que resulta possible. En aquest sentit, la nost\u00e0lgia prospectiva o productiva estar\u00e0 sempre basada en una falta, en un forat, i mai en una plenitud fict\u00edcia a la qual tornar.<\/p>\n<p>Aquesta \u00e9s l\u2019aut\u00e8ntica pot\u00e8ncia de la nost\u00e0lgia, la que podem aprofitar per transformar el present i moure&#8217;ns cap endavant. I tamb\u00e9 per evitar perdre\u2019n m\u00e9s. Perqu\u00e8 la p\u00e8rdua ha de ser conjugada en present. No \u00e9s el que es va perdre o el que es perdr\u00e0, sin\u00f3 el que es perd a cada moment. La veritable cat\u00e0strofe no \u00e9s la que arribar\u00e0, sin\u00f3 la que ja \u00e9s aqu\u00ed. Ho va intuir Benjamin en el seu <a href=\"https:\/\/drive.google.com\/file\/d\/1ybfA6oXxYqLcnbXzJuJCx02klov8VZr6\/view\" target=\"_blank\" rel=\"noopener\"><em>Libro de los Pasajes<\/em><\/a>: \u00abque aix\u00f2 \u201ccontinu\u00ef succeint\u201d \u00e9s la cat\u00e0strofe\u00bb (2005: 476). Si la nost\u00e0lgia funciona com un dolor que ens desperta, que ens agullona i aconsegueix a la fi mobilitzar-nos, benvinguda sigui aquesta punxada, aquest malestar, aquesta mirada perduda en l&#8217;horitz\u00f3 que precedeix a l\u2019al\u00e7ament.<\/p>\n<p><strong>Refer\u00e8ncies<\/strong><\/p>\n<p>Albrecht, Glenn. 2005. \u00abSolastalgia. A New Concept in Health and Identity.\u00bb <em>Philosophy Activism Nature<\/em> (3): 41-55.<br \/>\nBenjamin, Walter. 2005. <em>Libro de los Pasajes.<\/em> Madrid: Akal.<br \/>\nBoym, Svetlana. 2015. <em>El futuro de la nostalgia.<\/em> Madrid: Antonio Machado.<br \/>\n\u2014. 2017. <em>The Off-Modern.<\/em> Londres: Bloomsbury.<br \/>\nGospod\u00ednov, Gueorgui. 2022. <em>Las tempest\u00e1lidas.<\/em> Logro\u00f1o: Fulgencio Pimentel.<\/p>\n<p>(Foto de portada: \u201cMapa de Europa tras el refer\u00e9ndum temporal&#8221;. Gueorgui Gospod\u00ednov, <i class=\"\">Las tempest\u00e1lidas<\/i><span class=\"\">, 2022.)<\/span><\/p>\n","protected":false},"excerpt":{"rendered":"<p>En Las tempest\u00e1lidas el novel\u00b7lista b\u00falgar Gueorgui Gospod\u00ednov narra la hist\u00f2ria de Gaust\u00edn, un enigm\u00e0tic fl\u00e2neur que obre a Z\u00faric una \u00abcl\u00ednica de passat\u00bb per intentar curar l&#8217;Alzheimer. El seu&#8230;<\/p>\n","protected":false},"author":2875,"featured_media":58381,"comment_status":"closed","ping_status":"closed","sticky":false,"template":"","format":"standard","meta":{"_relevanssi_hide_post":"","_relevanssi_hide_content":"","_relevanssi_pin_for_all":"","_relevanssi_pin_keywords":"","_relevanssi_unpin_keywords":"","_relevanssi_related_keywords":"","_relevanssi_related_include_ids":"","_relevanssi_related_exclude_ids":"","_relevanssi_related_no_append":"","_relevanssi_related_not_related":"","_relevanssi_related_posts":"","_relevanssi_noindex_reason":"","footnotes":""},"categories":[6952],"tags":[],"coauthors":[6963],"acf":[],"yoast_head":"<!-- This site is optimized with the Yoast SEO plugin v22.6 - https:\/\/yoast.com\/wordpress\/plugins\/seo\/ -->\n<title>Nostalgia productiva por Miguel Angel Hernandez Navarro<\/title>\n<meta name=\"description\" content=\"&quot;Nostalgia productiva&quot;, texto editorial del mes de julio por Miguel \u00c1ngel Hernandez Navarro para A*DESK Critical thinking\" \/>\n<meta name=\"robots\" content=\"index, follow, max-snippet:-1, max-image-preview:large, max-video-preview:-1\" \/>\n<link rel=\"canonical\" href=\"https:\/\/a-desk.org\/ca\/magazine\/nostalgia-productiva\/\" \/>\n<meta property=\"og:locale\" content=\"ca_ES\" \/>\n<meta property=\"og:type\" content=\"article\" \/>\n<meta property=\"og:title\" content=\"Nostalgia productiva por Miguel Angel Hernandez Navarro\" \/>\n<meta property=\"og:description\" content=\"&quot;Nostalgia productiva&quot;, texto editorial del mes de julio por Miguel \u00c1ngel Hernandez Navarro para A*DESK Critical thinking\" \/>\n<meta property=\"og:url\" content=\"https:\/\/a-desk.org\/ca\/magazine\/nostalgia-productiva\/\" \/>\n<meta property=\"og:site_name\" content=\"A*Desk\" \/>\n<meta property=\"article:published_time\" content=\"2024-07-29T05:00:31+00:00\" \/>\n<meta property=\"article:modified_time\" content=\"2024-07-30T08:33:21+00:00\" \/>\n<meta property=\"og:image\" content=\"http:\/\/a-desk.org\/wp-content\/uploads\/2024\/07\/Nostalgia-productiva-Mapa-Gospodinov.jpg\" \/>\n\t<meta property=\"og:image:width\" content=\"1000\" \/>\n\t<meta property=\"og:image:height\" content=\"718\" \/>\n\t<meta property=\"og:image:type\" content=\"image\/jpeg\" \/>\n<meta name=\"author\" content=\"Miguel \u00c1ngel Hern\u00e1ndez Navarro\" \/>\n<meta name=\"twitter:card\" content=\"summary_large_image\" \/>\n<meta name=\"twitter:label1\" content=\"Escrit per\" \/>\n\t<meta name=\"twitter:data1\" content=\"Miguel \u00c1ngel Hern\u00e1ndez Navarro\" \/>\n\t<meta name=\"twitter:label2\" content=\"Temps estimat de lectura\" \/>\n\t<meta name=\"twitter:data2\" content=\"6 minuts\" \/>\n\t<meta name=\"twitter:label3\" content=\"Written by\" \/>\n\t<meta name=\"twitter:data3\" content=\"Miguel \u00c1ngel Hern\u00e1ndez Navarro\" \/>\n<script type=\"application\/ld+json\" class=\"yoast-schema-graph\">{\"@context\":\"https:\/\/schema.org\",\"@graph\":[{\"@type\":\"WebPage\",\"@id\":\"https:\/\/a-desk.org\/ca\/magazine\/nostalgia-productiva\/\",\"url\":\"https:\/\/a-desk.org\/ca\/magazine\/nostalgia-productiva\/\",\"name\":\"Nostalgia productiva por Miguel Angel Hernandez Navarro\",\"isPartOf\":{\"@id\":\"https:\/\/a-desk.org\/#website\"},\"primaryImageOfPage\":{\"@id\":\"https:\/\/a-desk.org\/ca\/magazine\/nostalgia-productiva\/#primaryimage\"},\"image\":{\"@id\":\"https:\/\/a-desk.org\/ca\/magazine\/nostalgia-productiva\/#primaryimage\"},\"thumbnailUrl\":\"https:\/\/a-desk.org\/wp-content\/uploads\/2024\/07\/Nostalgia-productiva-Mapa-Gospodinov.jpg\",\"datePublished\":\"2024-07-29T05:00:31+00:00\",\"dateModified\":\"2024-07-30T08:33:21+00:00\",\"author\":{\"@id\":\"https:\/\/a-desk.org\/#\/schema\/person\/52c95b9646cf01e34f390002f2d8cc79\"},\"description\":\"\\\"Nostalgia productiva\\\", texto editorial del mes de julio por Miguel \u00c1ngel Hernandez Navarro para A*DESK Critical thinking\",\"breadcrumb\":{\"@id\":\"https:\/\/a-desk.org\/ca\/magazine\/nostalgia-productiva\/#breadcrumb\"},\"inLanguage\":\"ca\",\"potentialAction\":[{\"@type\":\"ReadAction\",\"target\":[\"https:\/\/a-desk.org\/ca\/magazine\/nostalgia-productiva\/\"]}]},{\"@type\":\"ImageObject\",\"inLanguage\":\"ca\",\"@id\":\"https:\/\/a-desk.org\/ca\/magazine\/nostalgia-productiva\/#primaryimage\",\"url\":\"https:\/\/a-desk.org\/wp-content\/uploads\/2024\/07\/Nostalgia-productiva-Mapa-Gospodinov.jpg\",\"contentUrl\":\"https:\/\/a-desk.org\/wp-content\/uploads\/2024\/07\/Nostalgia-productiva-Mapa-Gospodinov.jpg\",\"width\":1000,\"height\":718,\"caption\":\"Nostalgia productiva-Mapa Gospodi\u0301nov\"},{\"@type\":\"BreadcrumbList\",\"@id\":\"https:\/\/a-desk.org\/ca\/magazine\/nostalgia-productiva\/#breadcrumb\",\"itemListElement\":[{\"@type\":\"ListItem\",\"position\":1,\"name\":\"Portada\",\"item\":\"https:\/\/a-desk.org\/ca\/\"},{\"@type\":\"ListItem\",\"position\":2,\"name\":\"Nost\u00e0lgia productiva\"}]},{\"@type\":\"WebSite\",\"@id\":\"https:\/\/a-desk.org\/#website\",\"url\":\"https:\/\/a-desk.org\/\",\"name\":\"A*Desk\",\"description\":\"A*Desk Critical Thinking\",\"potentialAction\":[{\"@type\":\"SearchAction\",\"target\":{\"@type\":\"EntryPoint\",\"urlTemplate\":\"https:\/\/a-desk.org\/?s={search_term_string}\"},\"query-input\":\"required name=search_term_string\"}],\"inLanguage\":\"ca\"},{\"@type\":\"Person\",\"@id\":\"https:\/\/a-desk.org\/#\/schema\/person\/52c95b9646cf01e34f390002f2d8cc79\",\"name\":\"Miguel \u00c1ngel Hern\u00e1ndez Navarro\",\"image\":{\"@type\":\"ImageObject\",\"inLanguage\":\"ca\",\"@id\":\"https:\/\/a-desk.org\/#\/schema\/person\/image\/185f931f3c5d3daf0d8f995d8a072092\",\"url\":\"https:\/\/secure.gravatar.com\/avatar\/f7dd76773dd30f29812cc780ce9696fb?s=96&d=mm&r=g\",\"contentUrl\":\"https:\/\/secure.gravatar.com\/avatar\/f7dd76773dd30f29812cc780ce9696fb?s=96&d=mm&r=g\",\"caption\":\"Miguel \u00c1ngel Hern\u00e1ndez Navarro\"},\"url\":\"https:\/\/a-desk.org\/ca\/autor\/miguel-angel-hernandez-navarro\/\"}]}<\/script>\n<!-- \/ Yoast SEO plugin. -->","yoast_head_json":{"title":"Nostalgia productiva por Miguel Angel Hernandez Navarro","description":"\"Nostalgia productiva\", texto editorial del mes de julio por Miguel \u00c1ngel Hernandez Navarro para A*DESK Critical thinking","robots":{"index":"index","follow":"follow","max-snippet":"max-snippet:-1","max-image-preview":"max-image-preview:large","max-video-preview":"max-video-preview:-1"},"canonical":"https:\/\/a-desk.org\/ca\/magazine\/nostalgia-productiva\/","og_locale":"ca_ES","og_type":"article","og_title":"Nostalgia productiva por Miguel Angel Hernandez Navarro","og_description":"\"Nostalgia productiva\", texto editorial del mes de julio por Miguel \u00c1ngel Hernandez Navarro para A*DESK Critical thinking","og_url":"https:\/\/a-desk.org\/ca\/magazine\/nostalgia-productiva\/","og_site_name":"A*Desk","article_published_time":"2024-07-29T05:00:31+00:00","article_modified_time":"2024-07-30T08:33:21+00:00","og_image":[{"width":1000,"height":718,"url":"http:\/\/a-desk.org\/wp-content\/uploads\/2024\/07\/Nostalgia-productiva-Mapa-Gospodinov.jpg","type":"image\/jpeg"}],"author":"Miguel \u00c1ngel Hern\u00e1ndez Navarro","twitter_card":"summary_large_image","twitter_misc":{"Escrit per":"Miguel \u00c1ngel Hern\u00e1ndez Navarro","Temps estimat de lectura":"6 minuts","Written by":"Miguel \u00c1ngel Hern\u00e1ndez Navarro"},"schema":{"@context":"https:\/\/schema.org","@graph":[{"@type":"WebPage","@id":"https:\/\/a-desk.org\/ca\/magazine\/nostalgia-productiva\/","url":"https:\/\/a-desk.org\/ca\/magazine\/nostalgia-productiva\/","name":"Nostalgia productiva por Miguel Angel Hernandez Navarro","isPartOf":{"@id":"https:\/\/a-desk.org\/#website"},"primaryImageOfPage":{"@id":"https:\/\/a-desk.org\/ca\/magazine\/nostalgia-productiva\/#primaryimage"},"image":{"@id":"https:\/\/a-desk.org\/ca\/magazine\/nostalgia-productiva\/#primaryimage"},"thumbnailUrl":"https:\/\/a-desk.org\/wp-content\/uploads\/2024\/07\/Nostalgia-productiva-Mapa-Gospodinov.jpg","datePublished":"2024-07-29T05:00:31+00:00","dateModified":"2024-07-30T08:33:21+00:00","author":{"@id":"https:\/\/a-desk.org\/#\/schema\/person\/52c95b9646cf01e34f390002f2d8cc79"},"description":"\"Nostalgia productiva\", texto editorial del mes de julio por Miguel \u00c1ngel Hernandez Navarro para A*DESK Critical thinking","breadcrumb":{"@id":"https:\/\/a-desk.org\/ca\/magazine\/nostalgia-productiva\/#breadcrumb"},"inLanguage":"ca","potentialAction":[{"@type":"ReadAction","target":["https:\/\/a-desk.org\/ca\/magazine\/nostalgia-productiva\/"]}]},{"@type":"ImageObject","inLanguage":"ca","@id":"https:\/\/a-desk.org\/ca\/magazine\/nostalgia-productiva\/#primaryimage","url":"https:\/\/a-desk.org\/wp-content\/uploads\/2024\/07\/Nostalgia-productiva-Mapa-Gospodinov.jpg","contentUrl":"https:\/\/a-desk.org\/wp-content\/uploads\/2024\/07\/Nostalgia-productiva-Mapa-Gospodinov.jpg","width":1000,"height":718,"caption":"Nostalgia productiva-Mapa Gospodi\u0301nov"},{"@type":"BreadcrumbList","@id":"https:\/\/a-desk.org\/ca\/magazine\/nostalgia-productiva\/#breadcrumb","itemListElement":[{"@type":"ListItem","position":1,"name":"Portada","item":"https:\/\/a-desk.org\/ca\/"},{"@type":"ListItem","position":2,"name":"Nost\u00e0lgia productiva"}]},{"@type":"WebSite","@id":"https:\/\/a-desk.org\/#website","url":"https:\/\/a-desk.org\/","name":"A*Desk","description":"A*Desk Critical Thinking","potentialAction":[{"@type":"SearchAction","target":{"@type":"EntryPoint","urlTemplate":"https:\/\/a-desk.org\/?s={search_term_string}"},"query-input":"required name=search_term_string"}],"inLanguage":"ca"},{"@type":"Person","@id":"https:\/\/a-desk.org\/#\/schema\/person\/52c95b9646cf01e34f390002f2d8cc79","name":"Miguel \u00c1ngel Hern\u00e1ndez Navarro","image":{"@type":"ImageObject","inLanguage":"ca","@id":"https:\/\/a-desk.org\/#\/schema\/person\/image\/185f931f3c5d3daf0d8f995d8a072092","url":"https:\/\/secure.gravatar.com\/avatar\/f7dd76773dd30f29812cc780ce9696fb?s=96&d=mm&r=g","contentUrl":"https:\/\/secure.gravatar.com\/avatar\/f7dd76773dd30f29812cc780ce9696fb?s=96&d=mm&r=g","caption":"Miguel \u00c1ngel Hern\u00e1ndez Navarro"},"url":"https:\/\/a-desk.org\/ca\/autor\/miguel-angel-hernandez-navarro\/"}]}},"_links":{"self":[{"href":"https:\/\/a-desk.org\/ca\/wp-json\/wp\/v2\/posts\/58404"}],"collection":[{"href":"https:\/\/a-desk.org\/ca\/wp-json\/wp\/v2\/posts"}],"about":[{"href":"https:\/\/a-desk.org\/ca\/wp-json\/wp\/v2\/types\/post"}],"author":[{"embeddable":true,"href":"https:\/\/a-desk.org\/ca\/wp-json\/wp\/v2\/users\/2875"}],"replies":[{"embeddable":true,"href":"https:\/\/a-desk.org\/ca\/wp-json\/wp\/v2\/comments?post=58404"}],"version-history":[{"count":6,"href":"https:\/\/a-desk.org\/ca\/wp-json\/wp\/v2\/posts\/58404\/revisions"}],"predecessor-version":[{"id":58543,"href":"https:\/\/a-desk.org\/ca\/wp-json\/wp\/v2\/posts\/58404\/revisions\/58543"}],"wp:featuredmedia":[{"embeddable":true,"href":"https:\/\/a-desk.org\/ca\/wp-json\/wp\/v2\/media\/58381"}],"wp:attachment":[{"href":"https:\/\/a-desk.org\/ca\/wp-json\/wp\/v2\/media?parent=58404"}],"wp:term":[{"taxonomy":"category","embeddable":true,"href":"https:\/\/a-desk.org\/ca\/wp-json\/wp\/v2\/categories?post=58404"},{"taxonomy":"post_tag","embeddable":true,"href":"https:\/\/a-desk.org\/ca\/wp-json\/wp\/v2\/tags?post=58404"},{"taxonomy":"author","embeddable":true,"href":"https:\/\/a-desk.org\/ca\/wp-json\/wp\/v2\/coauthors?post=58404"}],"curies":[{"name":"wp","href":"https:\/\/api.w.org\/{rel}","templated":true}]}}