{"id":59469,"date":"2024-09-30T07:30:58","date_gmt":"2024-09-30T05:30:58","guid":{"rendered":"https:\/\/a-desk.org\/?p=59469"},"modified":"2024-10-08T00:58:06","modified_gmt":"2024-10-07T22:58:06","slug":"quantes-flors-es-poden-comptar-pel-cami","status":"publish","type":"post","link":"https:\/\/a-desk.org\/ca\/magazine\/quantes-flors-es-poden-comptar-pel-cami\/","title":{"rendered":"Malestars temporals"},"content":{"rendered":"<blockquote><p>\u201cHarlan desitjava dir: Dona, a l&#8217;Eternitat no existeix la diversi\u00f3. Treballem! Treballem per analitzar tots els detalls del Temps des del principi de l\u00b4Eternitat fins que la Terra quedi buida de vida humana. Intentem esgotar les infinites possibilitats de &#8216;tot el que va poder ser&#8217;, per escollir un &#8216;hauria pogut ser&#8217; millor que la Realitat actual, i llavors decidim en quin lloc del Temps cal fer un petit canvi per convertir el &#8216;\u00e9s&#8217; en el &#8216; podria ser&#8217; desitjat. I llavors tenim un nou &#8216;\u00e9s&#8217; i ens posem a buscar un altre &#8216;hauria pogut ser&#8217; i de nou repetim el cicle, sempre igual des dels temps en qu\u00e8 Wikkor Mallansohn va descobrir el Camp Temporal, all\u00e0 al 24\u00e8, de manera que va ser possible comen\u00e7ar l&#8217;Eternitat al 27\u00e8 (&#8230;)\u201d <span class=\"footnote_referrer\"><a role=\"button\" tabindex=\"0\" onclick=\"footnote_moveToReference_59469_1('footnote_plugin_reference_59469_1_1');\" onkeypress=\"footnote_moveToReference_59469_1('footnote_plugin_reference_59469_1_1');\" ><sup id=\"footnote_plugin_tooltip_59469_1_1\" class=\"footnote_plugin_tooltip_text\">[1]<\/sup><\/a><span id=\"footnote_plugin_tooltip_text_59469_1_1\" class=\"footnote_tooltip\">Asimov, Isaac, La <i>fi de l&#8217;Eternitat<\/i> (1955), Alzira: Edicions Bromera, 2022<\/span><\/span><script type=\"text\/javascript\"> jQuery('#footnote_plugin_tooltip_59469_1_1').tooltip({ tip: '#footnote_plugin_tooltip_text_59469_1_1', tipClass: 'footnote_tooltip', effect: 'fade', predelay: 0, fadeInSpeed: 200, delay: 400, fadeOutSpeed: 200, position: 'top center', relative: true, offset: [-7, 0], });<\/script><\/p><\/blockquote>\n<p>Amb aquest fragment de <i>El fin de la Eternidad\u00a0<\/i>posem punt i final a aquesta edici\u00f3 que vam voler titular \u201cMalestars Temporals\u201d, on s&#8217;han intentat obrir precisament altres \u201cpodria ser\u201d en relaci\u00f3 amb els cron\u00f2metres que hi ha a les nostres vides actuals.<\/p>\n<p>\u00c9s simptom\u00e0tic que no calgui explicar qu\u00e8 entenem per <em>malestars temporals<\/em>, ja que totes les persones amb qui hem compartit el material aquestes setmanes s&#8217;han apropiat d&#8217;aquest enunciat amb la seva pr\u00f2pia experi\u00e8ncia.<\/p>\n<p>A trav\u00e9s de les veus de <a href=\"https:\/\/a-desk.org\/ca\/magazine\/cuerpo-dijo-piedra\/\" target=\"_blank\" rel=\"noopener\">Lauraded\u00edaz<\/a>, <a href=\"https:\/\/a-desk.org\/ca\/magazine\/temps-instituit-temps-instituent\/\" target=\"_blank\" rel=\"noopener\">Enric Puig Punyet<\/a> i l&#8217;<a href=\"https:\/\/a-desk.org\/ca\/magazine\/catalogo-organico-del-tiempo\/\" target=\"_blank\" rel=\"noopener\">Institut del Temps Susp\u00e8s<\/a>, a m\u00e9s d&#8217;aportacions de Blanca Call\u00e9n que des de l&#8217;inici van encendre la flama d&#8217;aquesta edici\u00f3, aquests <em>Malestars Temporals<\/em> han procurat col\u00b7lectivitzar, de nou, una problem\u00e0tica antiga que s&#8217;accentua avui amb la mediaci\u00f3 tecnol\u00f2gica i per a la qual caldria trobar solucions reals: el temps hum\u00e0 no \u00e9s equiparable al temps maqu\u00ednic; el temps de vida no pot coincidir amb el temps laboral.<\/p>\n<p>I aqu\u00ed no es tracta d&#8217;apel\u00b7lar al ludisme, com tampoc de pensar la mediaci\u00f3 tecnol\u00f2gica de forma celebrat\u00f2ria. Es tracta d&#8217;observar-nos al m\u00f3n i pensar de quines maneres podr\u00edem subvertir determinades condicions establertes, tot i saber-nos en un sistema salvatge i fagocitador. Aix\u00ed, i en relaci\u00f3 amb el temps, totes les aportacions d&#8217;aquest mes s\u00f3n espais d&#8217;obertura experimental i les c\u00f2mplices\u00a0 que les proposen exploren vies d&#8217;an\u00e0lisi i\/o dissid\u00e8ncia temporal amb la finalitat de recon\u00e8ixer-ne temporalitats individuals i\/o col\u00b7lectives altres. <span class=\"footnote_referrer\"><a role=\"button\" tabindex=\"0\" onclick=\"footnote_moveToReference_59469_1('footnote_plugin_reference_59469_1_2');\" onkeypress=\"footnote_moveToReference_59469_1('footnote_plugin_reference_59469_1_2');\" ><sup id=\"footnote_plugin_tooltip_59469_1_2\" class=\"footnote_plugin_tooltip_text\">[2]<\/sup><\/a><span id=\"footnote_plugin_tooltip_text_59469_1_2\" class=\"footnote_tooltip\">La formulaci\u00f3 remet a Foucault i als seus &#8220;espais altres&#8221;, que seguint una construcci\u00f3 deliberadament estranya, tamb\u00e9 en franc\u00e8s, permeten entendre que es troben fora d&#8217;all\u00f2&nbsp;&#x2026; <span class=\"footnote_tooltip_continue\"  onclick=\"footnote_moveToReference_59469_1('footnote_plugin_reference_59469_1_2');\">Continue reading<\/span><\/span><\/span><script type=\"text\/javascript\"> jQuery('#footnote_plugin_tooltip_59469_1_2').tooltip({ tip: '#footnote_plugin_tooltip_text_59469_1_2', tipClass: 'footnote_tooltip', effect: 'fade', predelay: 0, fadeInSpeed: 200, delay: 400, fadeOutSpeed: 200, position: 'top center', relative: true, offset: [-7, 0], });<\/script> Un acte de generositat per combatre, potser, temors que ja va saber anticipar Arendt:<\/p>\n<blockquote><p>\u201cEl perill de la futura automatitzaci\u00f3 rau menys en la tan deplorada mecanitzaci\u00f3 i artificialitzaci\u00f3 de la vida natural, que en el fet que tota la productivitat humana, malgrat la seva artificialitat, qued\u00e9s absorbida en un proc\u00e9s de vida enormement intensificat i segu\u00eds de manera autom\u00e0tica, sense dolor ni esfor\u00e7, el seu sempre repetit cicle natural. El ritme de les m\u00e0quines ampliaria i intensificaria el ritme natural de la vida, per\u00f2 no canviaria, sin\u00f3 que faria m\u00e9s mortal, el principal car\u00e0cter de la vida respecte al m\u00f3n, que \u00e9s desgastar la \u00abdurabilitat\u00bb&#8221; <span class=\"footnote_referrer\"><a role=\"button\" tabindex=\"0\" onclick=\"footnote_moveToReference_59469_1('footnote_plugin_reference_59469_1_3');\" onkeypress=\"footnote_moveToReference_59469_1('footnote_plugin_reference_59469_1_3');\" ><sup id=\"footnote_plugin_tooltip_59469_1_3\" class=\"footnote_plugin_tooltip_text\">[3]<\/sup><\/a><span id=\"footnote_plugin_tooltip_text_59469_1_3\" class=\"footnote_tooltip\">Arendt, Hannah, <i>La condici\u00f3 humana<\/i> (1958), Barcelona: Edicions 62, 2023<\/span><\/span><script type=\"text\/javascript\"> jQuery('#footnote_plugin_tooltip_59469_1_3').tooltip({ tip: '#footnote_plugin_tooltip_text_59469_1_3', tipClass: 'footnote_tooltip', effect: 'fade', predelay: 0, fadeInSpeed: 200, delay: 400, fadeOutSpeed: 200, position: 'top center', relative: true, offset: [-7, 0], });<\/script>.<\/p><\/blockquote>\n<p>Aleshores ens preguntem: No haurien de ser els cossos treballadors els que determinin quan i quant poden treballar o quant marge tenen abans d&#8217;iniciar la jornada? Quantes flors es poden comptar pel cam\u00ed? Quantes esteles d&#8217;avioneta es marquen al cel, simplement atenent aquest espai que implica tamb\u00e9 certa casualitat?<\/p>\n<p>Reivindiquem, doncs, ocupar-nos del temps, per alliberar-nos d&#8217;una crononormativitat que altres van saber anomenar abans. I com Harlan, el protagonista del cl\u00e0ssic d&#8217;Asimov, que es dedicava a treballar per, en i amb el temps, les aqu\u00ed presents tamb\u00e9 estem atrapades en la seva an\u00e0lisi i en la recerca de temporalitats que possibilitin viure millor. Perqu\u00e8 pensar l&#8217;experi\u00e8ncia del temps sovint comporta alentir, i \u00e9s, per tant, una manera d&#8217;aturar-lo. I potser aquesta sigui la primera veritable sobirania temporal que aconseguim assolir.<\/p>\n<p>&nbsp;<\/p>\n<p>REFER\u00c8NCIES<\/p>\n<ul>\n<li>Arendt, Hannah, <i>La condici\u00f3n humana <\/i>(1958), Buenos Aires: Paid\u00f3s, 2009 \/ Arendt, Hannah, <em>La condici\u00f3 humana<\/em> (1958), Barcelona: Edicions 62, 2023<\/li>\n<li>Asimov, Isaac, <i>El fin de la Eternidad <\/i>(1955)<i>, <\/i>Madrid: DeBolsillo, 2004 \/ Asimov, Isaac, La <em>fi de l&#8217;Eternitat<\/em> (1955), Alzira: Edicions Bromera, 2022<\/li>\n<li>Foucault, Michel, <i>Des espaces autres. H\u00e9terotopies<\/i>. Confer\u00e8ncia, 1967. <a href=\"http:\/\/y https:\/\/historiacultural.mpbnet.com.br\/pos-modernismo\/Des_espaces_autres.pdf\" target=\"_blank\" rel=\"noopener\">Versi\u00f3 digital \u00a0<\/a>[Consultada per \u00faltim cop el 15 de setembre de 2024]<\/li>\n<li>Freeman, Elizabeth, <i>Time Binds: Queer Temporalities, Queer Histories<\/i>, Durham\/Londres: Duke University Press, 2010.<\/li>\n<\/ul>\n<p>&nbsp;<\/p>\n<p>[Imatge destacada: <em>Unease Beach<\/em>, Sof\u00eda Chaves Hernandez. Instal\u00b7laci\u00f3, 2022 (creada per al M\u00e0ster Data &amp; Design &#8211; ELISAVA)]<\/p>\n<p>&nbsp;<\/p>\n<div class=\"speaker-mute footnotes_reference_container\"> <div class=\"footnote_container_prepare\"><p><span role=\"button\" tabindex=\"0\" class=\"footnote_reference_container_label pointer\" onclick=\"footnote_expand_collapse_reference_container_59469_1();\">&#x202F;<\/span><span role=\"button\" tabindex=\"0\" class=\"footnote_reference_container_collapse_button\" style=\"display: none;\" onclick=\"footnote_expand_collapse_reference_container_59469_1();\">[<a id=\"footnote_reference_container_collapse_button_59469_1\">+<\/a>]<\/span><\/p><\/div> <div id=\"footnote_references_container_59469_1\" style=\"\"><table class=\"footnotes_table footnote-reference-container\"><caption class=\"accessibility\">References<\/caption> <tbody> \r\n\r\n<tr class=\"footnotes_plugin_reference_row\"> <th scope=\"row\" class=\"footnote_plugin_index_combi pointer\"  onclick=\"footnote_moveToAnchor_59469_1('footnote_plugin_tooltip_59469_1_1');\"><a id=\"footnote_plugin_reference_59469_1_1\" class=\"footnote_backlink\"><span class=\"footnote_index_arrow\">&#8593;<\/span>1<\/a><\/th> <td class=\"footnote_plugin_text\">Asimov, Isaac, La <i>fi de l&#8217;Eternitat<\/i> (1955), Alzira: Edicions Bromera, 2022<\/td><\/tr>\r\n\r\n<tr class=\"footnotes_plugin_reference_row\"> <th scope=\"row\" class=\"footnote_plugin_index_combi pointer\"  onclick=\"footnote_moveToAnchor_59469_1('footnote_plugin_tooltip_59469_1_2');\"><a id=\"footnote_plugin_reference_59469_1_2\" class=\"footnote_backlink\"><span class=\"footnote_index_arrow\">&#8593;<\/span>2<\/a><\/th> <td class=\"footnote_plugin_text\">La formulaci\u00f3 remet a Foucault i als seus &#8220;espais altres&#8221;, que seguint una construcci\u00f3 deliberadament estranya, tamb\u00e9 en franc\u00e8s, permeten entendre que es troben fora d&#8217;all\u00f2 que \u00e9s pre-establert<\/td><\/tr>\r\n\r\n<tr class=\"footnotes_plugin_reference_row\"> <th scope=\"row\" class=\"footnote_plugin_index_combi pointer\"  onclick=\"footnote_moveToAnchor_59469_1('footnote_plugin_tooltip_59469_1_3');\"><a id=\"footnote_plugin_reference_59469_1_3\" class=\"footnote_backlink\"><span class=\"footnote_index_arrow\">&#8593;<\/span>3<\/a><\/th> <td class=\"footnote_plugin_text\">Arendt, Hannah, <i>La condici\u00f3 humana<\/i> (1958), Barcelona: Edicions 62, 2023<\/td><\/tr>\r\n\r\n <\/tbody> <\/table> <\/div><\/div><script type=\"text\/javascript\"> function footnote_expand_reference_container_59469_1() { jQuery('#footnote_references_container_59469_1').show(); jQuery('#footnote_reference_container_collapse_button_59469_1').text('\u2212'); } function footnote_collapse_reference_container_59469_1() { jQuery('#footnote_references_container_59469_1').hide(); jQuery('#footnote_reference_container_collapse_button_59469_1').text('+'); } function footnote_expand_collapse_reference_container_59469_1() { if (jQuery('#footnote_references_container_59469_1').is(':hidden')) { footnote_expand_reference_container_59469_1(); } else { footnote_collapse_reference_container_59469_1(); } } function footnote_moveToReference_59469_1(p_str_TargetID) { footnote_expand_reference_container_59469_1(); var l_obj_Target = jQuery('#' + p_str_TargetID); if (l_obj_Target.length) { jQuery( 'html, body' ).delay( 0 ); jQuery('html, body').animate({ scrollTop: l_obj_Target.offset().top - window.innerHeight * 0.2 }, 380); } } function footnote_moveToAnchor_59469_1(p_str_TargetID) { footnote_expand_reference_container_59469_1(); var l_obj_Target = jQuery('#' + p_str_TargetID); if (l_obj_Target.length) { jQuery( 'html, body' ).delay( 0 ); jQuery('html, body').animate({ scrollTop: l_obj_Target.offset().top - window.innerHeight * 0.2 }, 380); } }<\/script>","protected":false},"excerpt":{"rendered":"<p>\u201cHarlan desitjava dir: Dona, a l&#8217;Eternitat no existeix la diversi\u00f3. Treballem! Treballem per analitzar tots els detalls del Temps des del principi de l\u00b4Eternitat fins que la Terra quedi buida&#8230;<\/p>\n","protected":false},"author":1980,"featured_media":59844,"comment_status":"closed","ping_status":"closed","sticky":false,"template":"","format":"standard","meta":{"_relevanssi_hide_post":"","_relevanssi_hide_content":"","_relevanssi_pin_for_all":"","_relevanssi_pin_keywords":"","_relevanssi_unpin_keywords":"","_relevanssi_related_keywords":"","_relevanssi_related_include_ids":"","_relevanssi_related_exclude_ids":"","_relevanssi_related_no_append":"","_relevanssi_related_not_related":"","_relevanssi_related_posts":"","_relevanssi_noindex_reason":"","footnotes":""},"categories":[6969],"tags":[],"coauthors":[6966,6967],"acf":[],"yoast_head":"<!-- This site is optimized with the Yoast SEO plugin v22.6 - https:\/\/yoast.com\/wordpress\/plugins\/seo\/ -->\n<title>Malestars temporals<\/title>\n<meta name=\"description\" content=\"Malestars temporals \u00e9s una investigaci\u00f3 de Clara Laguillo i N\u00faria Nia sobre la diverg\u00e8ncia entre temps vital i temps laboral\" \/>\n<meta name=\"robots\" content=\"index, follow, max-snippet:-1, max-image-preview:large, max-video-preview:-1\" \/>\n<link rel=\"canonical\" href=\"https:\/\/a-desk.org\/ca\/magazine\/quantes-flors-es-poden-comptar-pel-cami\/\" \/>\n<meta property=\"og:locale\" content=\"ca_ES\" \/>\n<meta property=\"og:type\" content=\"article\" \/>\n<meta property=\"og:title\" content=\"Malestars temporals\" \/>\n<meta property=\"og:description\" content=\"Malestars temporals \u00e9s una investigaci\u00f3 de Clara Laguillo i N\u00faria Nia sobre la diverg\u00e8ncia entre temps vital i temps laboral\" \/>\n<meta property=\"og:url\" content=\"https:\/\/a-desk.org\/ca\/magazine\/quantes-flors-es-poden-comptar-pel-cami\/\" \/>\n<meta property=\"og:site_name\" content=\"A*Desk\" \/>\n<meta property=\"article:published_time\" content=\"2024-09-30T05:30:58+00:00\" \/>\n<meta property=\"article:modified_time\" content=\"2024-10-07T22:58:06+00:00\" \/>\n<meta property=\"og:image\" content=\"http:\/\/a-desk.org\/wp-content\/uploads\/2024\/09\/Imatge-per-editorial.jpg\" \/>\n\t<meta property=\"og:image:width\" content=\"2162\" \/>\n\t<meta property=\"og:image:height\" content=\"642\" \/>\n\t<meta property=\"og:image:type\" content=\"image\/jpeg\" \/>\n<meta name=\"author\" content=\"Clara Laguillo, N\u00faria Nia\" \/>\n<meta name=\"twitter:card\" content=\"summary_large_image\" \/>\n<meta name=\"twitter:label1\" content=\"Escrit per\" \/>\n\t<meta name=\"twitter:data1\" content=\"Clara Laguillo\" \/>\n\t<meta name=\"twitter:label2\" content=\"Temps estimat de lectura\" \/>\n\t<meta name=\"twitter:data2\" content=\"3 minuts\" \/>\n\t<meta name=\"twitter:label3\" content=\"Written by\" \/>\n\t<meta name=\"twitter:data3\" content=\"Clara Laguillo, N\u00faria Nia\" \/>\n<script type=\"application\/ld+json\" class=\"yoast-schema-graph\">{\"@context\":\"https:\/\/schema.org\",\"@graph\":[{\"@type\":\"WebPage\",\"@id\":\"https:\/\/a-desk.org\/ca\/magazine\/quantes-flors-es-poden-comptar-pel-cami\/\",\"url\":\"https:\/\/a-desk.org\/ca\/magazine\/quantes-flors-es-poden-comptar-pel-cami\/\",\"name\":\"Malestars temporals\",\"isPartOf\":{\"@id\":\"https:\/\/a-desk.org\/#website\"},\"primaryImageOfPage\":{\"@id\":\"https:\/\/a-desk.org\/ca\/magazine\/quantes-flors-es-poden-comptar-pel-cami\/#primaryimage\"},\"image\":{\"@id\":\"https:\/\/a-desk.org\/ca\/magazine\/quantes-flors-es-poden-comptar-pel-cami\/#primaryimage\"},\"thumbnailUrl\":\"https:\/\/a-desk.org\/wp-content\/uploads\/2024\/09\/Imatge-per-editorial.jpg\",\"datePublished\":\"2024-09-30T05:30:58+00:00\",\"dateModified\":\"2024-10-07T22:58:06+00:00\",\"author\":{\"@id\":\"https:\/\/a-desk.org\/#\/schema\/person\/fc977538e21e4afd55e188c028b23918\"},\"description\":\"Malestars temporals \u00e9s una investigaci\u00f3 de Clara Laguillo i N\u00faria Nia sobre la diverg\u00e8ncia entre temps vital i temps laboral\",\"breadcrumb\":{\"@id\":\"https:\/\/a-desk.org\/ca\/magazine\/quantes-flors-es-poden-comptar-pel-cami\/#breadcrumb\"},\"inLanguage\":\"ca\",\"potentialAction\":[{\"@type\":\"ReadAction\",\"target\":[\"https:\/\/a-desk.org\/ca\/magazine\/quantes-flors-es-poden-comptar-pel-cami\/\"]}]},{\"@type\":\"ImageObject\",\"inLanguage\":\"ca\",\"@id\":\"https:\/\/a-desk.org\/ca\/magazine\/quantes-flors-es-poden-comptar-pel-cami\/#primaryimage\",\"url\":\"https:\/\/a-desk.org\/wp-content\/uploads\/2024\/09\/Imatge-per-editorial.jpg\",\"contentUrl\":\"https:\/\/a-desk.org\/wp-content\/uploads\/2024\/09\/Imatge-per-editorial.jpg\",\"width\":2162,\"height\":642,\"caption\":\"objetos relacionados con el verano: silla, pala, arena, con carteles con porcentajes relacionados con actividades laborales\"},{\"@type\":\"BreadcrumbList\",\"@id\":\"https:\/\/a-desk.org\/ca\/magazine\/quantes-flors-es-poden-comptar-pel-cami\/#breadcrumb\",\"itemListElement\":[{\"@type\":\"ListItem\",\"position\":1,\"name\":\"Portada\",\"item\":\"https:\/\/a-desk.org\/ca\/\"},{\"@type\":\"ListItem\",\"position\":2,\"name\":\"Malestars temporals\"}]},{\"@type\":\"WebSite\",\"@id\":\"https:\/\/a-desk.org\/#website\",\"url\":\"https:\/\/a-desk.org\/\",\"name\":\"A*Desk\",\"description\":\"A*Desk Critical Thinking\",\"potentialAction\":[{\"@type\":\"SearchAction\",\"target\":{\"@type\":\"EntryPoint\",\"urlTemplate\":\"https:\/\/a-desk.org\/?s={search_term_string}\"},\"query-input\":\"required name=search_term_string\"}],\"inLanguage\":\"ca\"},{\"@type\":\"Person\",\"@id\":\"https:\/\/a-desk.org\/#\/schema\/person\/fc977538e21e4afd55e188c028b23918\",\"name\":\"Clara Laguillo\",\"image\":{\"@type\":\"ImageObject\",\"inLanguage\":\"ca\",\"@id\":\"https:\/\/a-desk.org\/#\/schema\/person\/image\/36837ec96a7ddd2d93962ed00cbf6d8c\",\"url\":\"https:\/\/secure.gravatar.com\/avatar\/5e2f23ac5301aa96f43c6a0da4c86f76?s=96&d=mm&r=g\",\"contentUrl\":\"https:\/\/secure.gravatar.com\/avatar\/5e2f23ac5301aa96f43c6a0da4c86f76?s=96&d=mm&r=g\",\"caption\":\"Clara Laguillo\"},\"url\":\"https:\/\/a-desk.org\/ca\/autor\/claralaguillo\/\"}]}<\/script>\n<!-- \/ Yoast SEO plugin. -->","yoast_head_json":{"title":"Malestars temporals","description":"Malestars temporals \u00e9s una investigaci\u00f3 de Clara Laguillo i N\u00faria Nia sobre la diverg\u00e8ncia entre temps vital i temps laboral","robots":{"index":"index","follow":"follow","max-snippet":"max-snippet:-1","max-image-preview":"max-image-preview:large","max-video-preview":"max-video-preview:-1"},"canonical":"https:\/\/a-desk.org\/ca\/magazine\/quantes-flors-es-poden-comptar-pel-cami\/","og_locale":"ca_ES","og_type":"article","og_title":"Malestars temporals","og_description":"Malestars temporals \u00e9s una investigaci\u00f3 de Clara Laguillo i N\u00faria Nia sobre la diverg\u00e8ncia entre temps vital i temps laboral","og_url":"https:\/\/a-desk.org\/ca\/magazine\/quantes-flors-es-poden-comptar-pel-cami\/","og_site_name":"A*Desk","article_published_time":"2024-09-30T05:30:58+00:00","article_modified_time":"2024-10-07T22:58:06+00:00","og_image":[{"width":2162,"height":642,"url":"http:\/\/a-desk.org\/wp-content\/uploads\/2024\/09\/Imatge-per-editorial.jpg","type":"image\/jpeg"}],"author":"Clara Laguillo, N\u00faria Nia","twitter_card":"summary_large_image","twitter_misc":{"Escrit per":"Clara Laguillo","Temps estimat de lectura":"3 minuts","Written by":"Clara Laguillo, N\u00faria Nia"},"schema":{"@context":"https:\/\/schema.org","@graph":[{"@type":"WebPage","@id":"https:\/\/a-desk.org\/ca\/magazine\/quantes-flors-es-poden-comptar-pel-cami\/","url":"https:\/\/a-desk.org\/ca\/magazine\/quantes-flors-es-poden-comptar-pel-cami\/","name":"Malestars temporals","isPartOf":{"@id":"https:\/\/a-desk.org\/#website"},"primaryImageOfPage":{"@id":"https:\/\/a-desk.org\/ca\/magazine\/quantes-flors-es-poden-comptar-pel-cami\/#primaryimage"},"image":{"@id":"https:\/\/a-desk.org\/ca\/magazine\/quantes-flors-es-poden-comptar-pel-cami\/#primaryimage"},"thumbnailUrl":"https:\/\/a-desk.org\/wp-content\/uploads\/2024\/09\/Imatge-per-editorial.jpg","datePublished":"2024-09-30T05:30:58+00:00","dateModified":"2024-10-07T22:58:06+00:00","author":{"@id":"https:\/\/a-desk.org\/#\/schema\/person\/fc977538e21e4afd55e188c028b23918"},"description":"Malestars temporals \u00e9s una investigaci\u00f3 de Clara Laguillo i N\u00faria Nia sobre la diverg\u00e8ncia entre temps vital i temps laboral","breadcrumb":{"@id":"https:\/\/a-desk.org\/ca\/magazine\/quantes-flors-es-poden-comptar-pel-cami\/#breadcrumb"},"inLanguage":"ca","potentialAction":[{"@type":"ReadAction","target":["https:\/\/a-desk.org\/ca\/magazine\/quantes-flors-es-poden-comptar-pel-cami\/"]}]},{"@type":"ImageObject","inLanguage":"ca","@id":"https:\/\/a-desk.org\/ca\/magazine\/quantes-flors-es-poden-comptar-pel-cami\/#primaryimage","url":"https:\/\/a-desk.org\/wp-content\/uploads\/2024\/09\/Imatge-per-editorial.jpg","contentUrl":"https:\/\/a-desk.org\/wp-content\/uploads\/2024\/09\/Imatge-per-editorial.jpg","width":2162,"height":642,"caption":"objetos relacionados con el verano: silla, pala, arena, con carteles con porcentajes relacionados con actividades laborales"},{"@type":"BreadcrumbList","@id":"https:\/\/a-desk.org\/ca\/magazine\/quantes-flors-es-poden-comptar-pel-cami\/#breadcrumb","itemListElement":[{"@type":"ListItem","position":1,"name":"Portada","item":"https:\/\/a-desk.org\/ca\/"},{"@type":"ListItem","position":2,"name":"Malestars temporals"}]},{"@type":"WebSite","@id":"https:\/\/a-desk.org\/#website","url":"https:\/\/a-desk.org\/","name":"A*Desk","description":"A*Desk Critical Thinking","potentialAction":[{"@type":"SearchAction","target":{"@type":"EntryPoint","urlTemplate":"https:\/\/a-desk.org\/?s={search_term_string}"},"query-input":"required name=search_term_string"}],"inLanguage":"ca"},{"@type":"Person","@id":"https:\/\/a-desk.org\/#\/schema\/person\/fc977538e21e4afd55e188c028b23918","name":"Clara Laguillo","image":{"@type":"ImageObject","inLanguage":"ca","@id":"https:\/\/a-desk.org\/#\/schema\/person\/image\/36837ec96a7ddd2d93962ed00cbf6d8c","url":"https:\/\/secure.gravatar.com\/avatar\/5e2f23ac5301aa96f43c6a0da4c86f76?s=96&d=mm&r=g","contentUrl":"https:\/\/secure.gravatar.com\/avatar\/5e2f23ac5301aa96f43c6a0da4c86f76?s=96&d=mm&r=g","caption":"Clara Laguillo"},"url":"https:\/\/a-desk.org\/ca\/autor\/claralaguillo\/"}]}},"_links":{"self":[{"href":"https:\/\/a-desk.org\/ca\/wp-json\/wp\/v2\/posts\/59469"}],"collection":[{"href":"https:\/\/a-desk.org\/ca\/wp-json\/wp\/v2\/posts"}],"about":[{"href":"https:\/\/a-desk.org\/ca\/wp-json\/wp\/v2\/types\/post"}],"author":[{"embeddable":true,"href":"https:\/\/a-desk.org\/ca\/wp-json\/wp\/v2\/users\/1980"}],"replies":[{"embeddable":true,"href":"https:\/\/a-desk.org\/ca\/wp-json\/wp\/v2\/comments?post=59469"}],"version-history":[{"count":13,"href":"https:\/\/a-desk.org\/ca\/wp-json\/wp\/v2\/posts\/59469\/revisions"}],"predecessor-version":[{"id":60365,"href":"https:\/\/a-desk.org\/ca\/wp-json\/wp\/v2\/posts\/59469\/revisions\/60365"}],"wp:featuredmedia":[{"embeddable":true,"href":"https:\/\/a-desk.org\/ca\/wp-json\/wp\/v2\/media\/59844"}],"wp:attachment":[{"href":"https:\/\/a-desk.org\/ca\/wp-json\/wp\/v2\/media?parent=59469"}],"wp:term":[{"taxonomy":"category","embeddable":true,"href":"https:\/\/a-desk.org\/ca\/wp-json\/wp\/v2\/categories?post=59469"},{"taxonomy":"post_tag","embeddable":true,"href":"https:\/\/a-desk.org\/ca\/wp-json\/wp\/v2\/tags?post=59469"},{"taxonomy":"author","embeddable":true,"href":"https:\/\/a-desk.org\/ca\/wp-json\/wp\/v2\/coauthors?post=59469"}],"curies":[{"name":"wp","href":"https:\/\/api.w.org\/{rel}","templated":true}]}}