{"id":62822,"date":"2024-12-30T07:30:07","date_gmt":"2024-12-30T06:30:07","guid":{"rendered":"https:\/\/a-desk.org\/?p=62822"},"modified":"2024-12-24T11:09:35","modified_gmt":"2024-12-24T10:09:35","slug":"expiar-la-metafora","status":"publish","type":"post","link":"https:\/\/a-desk.org\/ca\/magazine\/expiar-la-metafora\/","title":{"rendered":"Expiar la Met\u00e0fora"},"content":{"rendered":"<p>Una mica, parlar de la met\u00e0fora va ser obligar-nos a rebolcar-nos en l&#8217;iconoclasta: enterrar la llengua com el \u00f1and\u00fa, per\u00f2 no per por, sin\u00f3 furgant el s\u00f2l en cerca del sentit, anod\u00ed i cucat, de la ret\u00f2rica de la vida. Parlar de la met\u00e0fora ha estat una manera d&#8217;evocar la discussi\u00f3 de l&#8217;intr\u00ednsec dels nostres actes, un proc\u00e9s de reconeixement de microviol\u00e8ncies que s&#8217;expressen en les accions; en la llengua; en les imatges.<\/p>\n<p><em>Expiar la met\u00e0fora <\/em>fue un poco una excusa para reflexionar en los lindes, los bordes y las trincheras de lo afectivo. Una\u00a0 propuesta basada en indagar m\u00e1s all\u00e1 de las convenciones tradicionales que ven a la figura ret\u00f3rica limitada al \u00e1mbito ling\u00fc\u00edstico, otorg\u00e1ndole un rol fundamental en la pol\u00edtica y en las din\u00e1micas sociales.<\/p>\n<p><a href=\"https:\/\/sites.google.com\/view\/silviolang\/p%C3%A1gina-principal#h.7qm8say06n71\" target=\"_blank\" rel=\"noopener\">VIDEO: <strong>Lang, Silvio. <em>Pasadas de sexo y revoluci\u00f3n<\/em>. Registre de performance, 2018<\/strong><\/a><\/p>\n<p>A <a href=\"https:\/\/a-desk.org\/ca\/magazine\/robar-despersonalizar-escurrirse-vivir\/\" target=\"_blank\" rel=\"noopener\">Robar, despersonalitzar, esc\u00f3rrer-se, viure<\/a>,\u00a0Rosana\u00a0Simonassi\u00a0explora la met\u00e0fora com un mitj\u00e0 de jerarquies entre originals i c\u00f2pia, ess\u00e8ncia i aparen\u00e7a. Proposa despersonalitzar i emancipar la parla, entenent que la relaci\u00f3 entre identitat, llenguatge i poder, assenyalant com la legitimitat del nom propi i les estructures duals perpetuen la jerarquia de la depend\u00e8ncia. L&#8217;emancipaci\u00f3 es construeix en les nostres idees, com un\u00a0ouroboros\u00a0de fragments col\u00b7lectius on ser met\u00e0fora implica acceptar la constant transformaci\u00f3.<\/p>\n<p>Per la seva part\u00a0Nerela\u00a0Cat\u00e0nia en <a href=\"https:\/\/a-desk.org\/ca\/magazine\/sobre-violencia-y-liberacion-en-el-legado-critico-de-effy-beth\/\" target=\"_blank\" rel=\"noopener\">Sobre viol\u00e8ncia i alliberament\u2026<\/a> Analitza com el llegat de\u00a0Effy\u00a0Beth\u00a0va desafiar els sentits establerts, descentrant la complexitat ling\u00fc\u00edstica de la viol\u00e8ncia de g\u00e8nere, les desigualtats socials i l&#8217;opressi\u00f3, vinculats amb el simbolisme del desig, el plaer i l&#8217;erotisme\u00a0punitivista.<\/p>\n<div id=\"attachment_62556\" style=\"width: 1010px\" class=\"wp-caption aligncenter\"><a href=\"http:\/\/a-desk.org\/wp-content\/uploads\/2024\/12\/IMG2-251x400.jpg\"><img aria-describedby=\"caption-attachment-62556\" decoding=\"async\" class=\"wp-image-62556 size-full\" src=\"http:\/\/a-desk.org\/wp-content\/uploads\/2024\/12\/IMG2.jpg\" alt=\"Un collage de rostro compuesto por muchos rostros\" width=\"1000\" height=\"1595\" srcset=\"https:\/\/a-desk.org\/wp-content\/uploads\/2024\/12\/IMG2.jpg 1000w, https:\/\/a-desk.org\/wp-content\/uploads\/2024\/12\/IMG2-251x400.jpg 251w, https:\/\/a-desk.org\/wp-content\/uploads\/2024\/12\/IMG2-768x1225.jpg 768w, https:\/\/a-desk.org\/wp-content\/uploads\/2024\/12\/IMG2-963x1536.jpg 963w\" sizes=\"(max-width: 1000px) 100vw, 1000px\" \/><\/a><p id=\"caption-attachment-62556\" class=\"wp-caption-text\">Subiela, Eliseo. Los Hu\u00e9spedes. De la s\u00e8rie \u201cHu\u00e9spedes\u201d. Cortesia de Galer\u00eda Yunta<\/p><\/div>\n<p>M.S.\u00a0Dansey\u00a0en <a href=\"https:\/\/a-desk.org\/ca\/magazine\/orgullo-y-guarangadas\/\" target=\"_blank\" rel=\"noopener\"><em>Orgull i\u00a0Guarangadas<\/em><\/a>\u00a0explora la tensi\u00f3 entre l&#8217;her\u00e8ncia anglesa i les arrels criolles en la seva fam\u00edlia. Revela com el r\u00edgid dec\u00f2rum brit\u00e0nic convivia amb les expressions m\u00e9s aut\u00e8ntiques del\u00a0Chaco. A trav\u00e9s d&#8217;an\u00e8cdotes i experi\u00e8ncies personals, q\u00fcestiona la simbiosi cultural, el llenguatge com a &#8220;marcador d&#8217;identitat\u201d. Reflexiona sobre les xarxes afectives que transcendeixen el familiar, reconciliant tradici\u00f3 i la llibertat.<\/p>\n<p><a href=\"https:\/\/a-desk.org\/ca\/magazine\/con-que-metaforas-convivir\/\" target=\"_blank\" rel=\"noopener\"><em>Amb quines met\u00e0fores conviure?<\/em> <\/a>de Silvio Lang, a trav\u00e9s del diagn\u00f2stic personal de vih, repren el q\u00fcestionament de les gram\u00e0tiques b\u00e8l\u00b7liques i necrol\u00f2giques que envolten la malaltia, les quals han perpetuat l&#8217;estigma i la viol\u00e8ncia. Reconstrueix com la trobada en grups activistes com a Nexe, van reconfigurar la seva visi\u00f3 del vih, transformant el diagn\u00f2stic en una oportunitat de resist\u00e8ncia i autoconeixement. El llegat dels textos llegits per la deriva del diagn\u00f2stic resideix en la creaci\u00f3 d&#8217;un espai de consci\u00e8ncia i solidaritat, on es q\u00fcestionen les narratives dominants i es promou una nova manera de viure amb el virus, basada en la vulnerabilitat i la interdepend\u00e8ncia.<\/p>\n<p><em>Expiar la met\u00e0fora <\/em>pot ser un proc\u00e9s de reconfiguraci\u00f3, un desafiament a les narratives que ens limiten, una oportunitat per a repensar i transformar les estructures de poder que ens modelen.<\/p>\n<p>Aquest \u00e9s el llegat dels textos: un que convida a obrir nous espais de consci\u00e8ncia, a reflexionar sobre l&#8217;intr\u00ednsec de les nostres accions i a imaginar un futur on la met\u00e0fora \u00e9s reconeguda com un instrument de resist\u00e8ncia, transformaci\u00f3 i alliberament.<\/p>\n<blockquote><p>&#8220;La met\u00e1fora es probablemente el poder m\u00e1s f\u00e9rtil que poseemos. Pero no se le puede dejar obrar a su antojo; hay que meterla en cintura.&#8221; <span class=\"footnote_referrer\"><a role=\"button\" tabindex=\"0\" onclick=\"footnote_moveToReference_62822_1('footnote_plugin_reference_62822_1_1');\" onkeypress=\"footnote_moveToReference_62822_1('footnote_plugin_reference_62822_1_1');\" ><sup id=\"footnote_plugin_tooltip_62822_1_1\" class=\"footnote_plugin_tooltip_text\">[1]<\/sup><\/a><span id=\"footnote_plugin_tooltip_text_62822_1_1\" class=\"footnote_tooltip\">Ortega y Gasset, Jos\u00e9. <em>La rebeli\u00f3n de las masas<\/em>. 1929.<\/span><\/span><script type=\"text\/javascript\"> jQuery('#footnote_plugin_tooltip_62822_1_1').tooltip({ tip: '#footnote_plugin_tooltip_text_62822_1_1', tipClass: 'footnote_tooltip', effect: 'fade', predelay: 0, fadeInSpeed: 200, delay: 400, fadeOutSpeed: 200, position: 'top center', relative: true, offset: [-7, 0], });<\/script><\/p><\/blockquote>\n<p><iframe loading=\"lazy\" title=\"YouTube video player\" src=\"https:\/\/www.youtube.com\/embed\/7qpIMyiu8dw?si=xhiWukhPwq3Ic9h7\" width=\"560\" height=\"315\" frameborder=\"0\" allowfullscreen=\"allowfullscreen\"><\/iframe><\/p>\n<p>Jarpa, Voluspa. <em>\u00d3pera Emancipadora<\/em>. V\u00eddeo obra, 2020.<\/p>\n<p>[Imatge destacada: <em>Desamancillar<\/em>. Tresor dels diccionaris hist\u00f2rics de la llengua espanyola. RAE &#8211; ASALE.]<\/p>\n<div class=\"speaker-mute footnotes_reference_container\"> <div class=\"footnote_container_prepare\"><p><span role=\"button\" tabindex=\"0\" class=\"footnote_reference_container_label pointer\" onclick=\"footnote_expand_collapse_reference_container_62822_1();\">&#x202F;<\/span><span role=\"button\" tabindex=\"0\" class=\"footnote_reference_container_collapse_button\" style=\"display: none;\" onclick=\"footnote_expand_collapse_reference_container_62822_1();\">[<a id=\"footnote_reference_container_collapse_button_62822_1\">+<\/a>]<\/span><\/p><\/div> <div id=\"footnote_references_container_62822_1\" style=\"\"><table class=\"footnotes_table footnote-reference-container\"><caption class=\"accessibility\">References<\/caption> <tbody> \r\n\r\n<tr class=\"footnotes_plugin_reference_row\"> <th scope=\"row\" class=\"footnote_plugin_index_combi pointer\"  onclick=\"footnote_moveToAnchor_62822_1('footnote_plugin_tooltip_62822_1_1');\"><a id=\"footnote_plugin_reference_62822_1_1\" class=\"footnote_backlink\"><span class=\"footnote_index_arrow\">&#8593;<\/span>1<\/a><\/th> <td class=\"footnote_plugin_text\">Ortega y Gasset, Jos\u00e9. <em>La rebeli\u00f3n de las masas<\/em>. 1929.<\/td><\/tr>\r\n\r\n <\/tbody> <\/table> <\/div><\/div><script type=\"text\/javascript\"> function footnote_expand_reference_container_62822_1() { jQuery('#footnote_references_container_62822_1').show(); jQuery('#footnote_reference_container_collapse_button_62822_1').text('\u2212'); } function footnote_collapse_reference_container_62822_1() { jQuery('#footnote_references_container_62822_1').hide(); jQuery('#footnote_reference_container_collapse_button_62822_1').text('+'); } function footnote_expand_collapse_reference_container_62822_1() { if (jQuery('#footnote_references_container_62822_1').is(':hidden')) { footnote_expand_reference_container_62822_1(); } else { footnote_collapse_reference_container_62822_1(); } } function footnote_moveToReference_62822_1(p_str_TargetID) { footnote_expand_reference_container_62822_1(); var l_obj_Target = jQuery('#' + p_str_TargetID); if (l_obj_Target.length) { jQuery( 'html, body' ).delay( 0 ); jQuery('html, body').animate({ scrollTop: l_obj_Target.offset().top - window.innerHeight * 0.2 }, 380); } } function footnote_moveToAnchor_62822_1(p_str_TargetID) { footnote_expand_reference_container_62822_1(); var l_obj_Target = jQuery('#' + p_str_TargetID); if (l_obj_Target.length) { jQuery( 'html, body' ).delay( 0 ); jQuery('html, body').animate({ scrollTop: l_obj_Target.offset().top - window.innerHeight * 0.2 }, 380); } }<\/script>","protected":false},"excerpt":{"rendered":"<p>Una mica, parlar de la met\u00e0fora va ser obligar-nos a rebolcar-nos en l&#8217;iconoclasta: enterrar la llengua com el \u00f1and\u00fa, per\u00f2 no per por, sin\u00f3 furgant el s\u00f2l en cerca del&#8230;<\/p>\n","protected":false},"author":2809,"featured_media":62560,"comment_status":"closed","ping_status":"closed","sticky":false,"template":"","format":"standard","meta":{"_relevanssi_hide_post":"","_relevanssi_hide_content":"","_relevanssi_pin_for_all":"","_relevanssi_pin_keywords":"","_relevanssi_unpin_keywords":"","_relevanssi_related_keywords":"","_relevanssi_related_include_ids":"","_relevanssi_related_exclude_ids":"","_relevanssi_related_no_append":"","_relevanssi_related_not_related":"","_relevanssi_related_posts":"","_relevanssi_noindex_reason":"","footnotes":""},"categories":[6995],"tags":[],"coauthors":[6747],"acf":[],"yoast_head":"<!-- This site is optimized with the Yoast SEO plugin v22.6 - https:\/\/yoast.com\/wordpress\/plugins\/seo\/ -->\n<title>Texto editorial de Gonzalo Pech sobre el tema Expiar la Met\u00e1fora<\/title>\n<meta name=\"robots\" content=\"index, follow, max-snippet:-1, max-image-preview:large, max-video-preview:-1\" \/>\n<link rel=\"canonical\" href=\"https:\/\/a-desk.org\/?p=62539\" \/>\n<meta property=\"og:locale\" content=\"ca_ES\" \/>\n<meta property=\"og:type\" content=\"article\" \/>\n<meta property=\"og:title\" content=\"Texto editorial de Gonzalo Pech sobre el tema Expiar la Met\u00e1fora\" \/>\n<meta property=\"og:description\" content=\"Una mica, parlar de la met\u00e0fora va ser obligar-nos a rebolcar-nos en l&#8217;iconoclasta: enterrar la llengua com el \u00f1and\u00fa, per\u00f2 no per por, sin\u00f3 furgant el s\u00f2l en cerca del...\" \/>\n<meta property=\"og:url\" content=\"https:\/\/a-desk.org\/?p=62539\" \/>\n<meta property=\"og:site_name\" content=\"A*Desk\" \/>\n<meta property=\"article:published_time\" content=\"2024-12-30T06:30:07+00:00\" \/>\n<meta property=\"article:modified_time\" content=\"2024-12-24T10:09:35+00:00\" \/>\n<meta property=\"og:image\" content=\"https:\/\/a-desk.org\/wp-content\/uploads\/2024\/12\/IMG1_Portada.jpg\" \/>\n\t<meta property=\"og:image:width\" content=\"1000\" \/>\n\t<meta property=\"og:image:height\" content=\"562\" \/>\n\t<meta property=\"og:image:type\" content=\"image\/jpeg\" \/>\n<meta name=\"author\" content=\"Gonzalo Pech\" \/>\n<meta name=\"twitter:card\" content=\"summary_large_image\" \/>\n<meta name=\"twitter:label1\" content=\"Escrit per\" \/>\n\t<meta name=\"twitter:data1\" content=\"Gonzalo Pech\" \/>\n\t<meta name=\"twitter:label2\" content=\"Temps estimat de lectura\" \/>\n\t<meta name=\"twitter:data2\" content=\"3 minuts\" \/>\n\t<meta name=\"twitter:label3\" content=\"Written by\" \/>\n\t<meta name=\"twitter:data3\" content=\"Gonzalo Pech\" \/>\n<script type=\"application\/ld+json\" class=\"yoast-schema-graph\">{\"@context\":\"https:\/\/schema.org\",\"@graph\":[{\"@type\":\"WebPage\",\"@id\":\"https:\/\/a-desk.org\/?p=62539\",\"url\":\"https:\/\/a-desk.org\/?p=62539\",\"name\":\"Texto editorial de Gonzalo Pech sobre el tema Expiar la Met\u00e1fora\",\"isPartOf\":{\"@id\":\"https:\/\/a-desk.org\/#website\"},\"primaryImageOfPage\":{\"@id\":\"https:\/\/a-desk.org\/?p=62539#primaryimage\"},\"image\":{\"@id\":\"https:\/\/a-desk.org\/?p=62539#primaryimage\"},\"thumbnailUrl\":\"https:\/\/a-desk.org\/wp-content\/uploads\/2024\/12\/IMG1_Portada.jpg\",\"datePublished\":\"2024-12-30T06:30:07+00:00\",\"dateModified\":\"2024-12-24T10:09:35+00:00\",\"author\":{\"@id\":\"https:\/\/a-desk.org\/#\/schema\/person\/ad116cafcd0a83a1e6306d405844e1b6\"},\"breadcrumb\":{\"@id\":\"https:\/\/a-desk.org\/?p=62539#breadcrumb\"},\"inLanguage\":\"ca\",\"potentialAction\":[{\"@type\":\"ReadAction\",\"target\":[\"https:\/\/a-desk.org\/?p=62539\"]}]},{\"@type\":\"ImageObject\",\"inLanguage\":\"ca\",\"@id\":\"https:\/\/a-desk.org\/?p=62539#primaryimage\",\"url\":\"https:\/\/a-desk.org\/wp-content\/uploads\/2024\/12\/IMG1_Portada.jpg\",\"contentUrl\":\"https:\/\/a-desk.org\/wp-content\/uploads\/2024\/12\/IMG1_Portada.jpg\",\"width\":1000,\"height\":562,\"caption\":\"Documento antiguo con la palabra Desmancillar\"},{\"@type\":\"BreadcrumbList\",\"@id\":\"https:\/\/a-desk.org\/?p=62539#breadcrumb\",\"itemListElement\":[{\"@type\":\"ListItem\",\"position\":1,\"name\":\"Portada\",\"item\":\"https:\/\/a-desk.org\/ca\/\"},{\"@type\":\"ListItem\",\"position\":2,\"name\":\"Expiar la Met\u00e0fora\"}]},{\"@type\":\"WebSite\",\"@id\":\"https:\/\/a-desk.org\/#website\",\"url\":\"https:\/\/a-desk.org\/\",\"name\":\"A*Desk\",\"description\":\"A*Desk Critical Thinking\",\"potentialAction\":[{\"@type\":\"SearchAction\",\"target\":{\"@type\":\"EntryPoint\",\"urlTemplate\":\"https:\/\/a-desk.org\/?s={search_term_string}\"},\"query-input\":\"required name=search_term_string\"}],\"inLanguage\":\"ca\"},{\"@type\":\"Person\",\"@id\":\"https:\/\/a-desk.org\/#\/schema\/person\/ad116cafcd0a83a1e6306d405844e1b6\",\"name\":\"Gonzalo Pech\",\"image\":{\"@type\":\"ImageObject\",\"inLanguage\":\"ca\",\"@id\":\"https:\/\/a-desk.org\/#\/schema\/person\/image\/7072e882e7b9dfc8ac0a06a01473ff49\",\"url\":\"https:\/\/secure.gravatar.com\/avatar\/30ef646d604bad7bd1646af425f6e1f5?s=96&d=mm&r=g\",\"contentUrl\":\"https:\/\/secure.gravatar.com\/avatar\/30ef646d604bad7bd1646af425f6e1f5?s=96&d=mm&r=g\",\"caption\":\"Gonzalo Pech\"},\"url\":\"https:\/\/a-desk.org\/ca\/autor\/gonzalo-pech\/\"}]}<\/script>\n<!-- \/ Yoast SEO plugin. -->","yoast_head_json":{"title":"Texto editorial de Gonzalo Pech sobre el tema Expiar la Met\u00e1fora","robots":{"index":"index","follow":"follow","max-snippet":"max-snippet:-1","max-image-preview":"max-image-preview:large","max-video-preview":"max-video-preview:-1"},"canonical":"https:\/\/a-desk.org\/?p=62539","og_locale":"ca_ES","og_type":"article","og_title":"Texto editorial de Gonzalo Pech sobre el tema Expiar la Met\u00e1fora","og_description":"Una mica, parlar de la met\u00e0fora va ser obligar-nos a rebolcar-nos en l&#8217;iconoclasta: enterrar la llengua com el \u00f1and\u00fa, per\u00f2 no per por, sin\u00f3 furgant el s\u00f2l en cerca del...","og_url":"https:\/\/a-desk.org\/?p=62539","og_site_name":"A*Desk","article_published_time":"2024-12-30T06:30:07+00:00","article_modified_time":"2024-12-24T10:09:35+00:00","og_image":[{"width":1000,"height":562,"url":"https:\/\/a-desk.org\/wp-content\/uploads\/2024\/12\/IMG1_Portada.jpg","type":"image\/jpeg"}],"author":"Gonzalo Pech","twitter_card":"summary_large_image","twitter_misc":{"Escrit per":"Gonzalo Pech","Temps estimat de lectura":"3 minuts","Written by":"Gonzalo Pech"},"schema":{"@context":"https:\/\/schema.org","@graph":[{"@type":"WebPage","@id":"https:\/\/a-desk.org\/?p=62539","url":"https:\/\/a-desk.org\/?p=62539","name":"Texto editorial de Gonzalo Pech sobre el tema Expiar la Met\u00e1fora","isPartOf":{"@id":"https:\/\/a-desk.org\/#website"},"primaryImageOfPage":{"@id":"https:\/\/a-desk.org\/?p=62539#primaryimage"},"image":{"@id":"https:\/\/a-desk.org\/?p=62539#primaryimage"},"thumbnailUrl":"https:\/\/a-desk.org\/wp-content\/uploads\/2024\/12\/IMG1_Portada.jpg","datePublished":"2024-12-30T06:30:07+00:00","dateModified":"2024-12-24T10:09:35+00:00","author":{"@id":"https:\/\/a-desk.org\/#\/schema\/person\/ad116cafcd0a83a1e6306d405844e1b6"},"breadcrumb":{"@id":"https:\/\/a-desk.org\/?p=62539#breadcrumb"},"inLanguage":"ca","potentialAction":[{"@type":"ReadAction","target":["https:\/\/a-desk.org\/?p=62539"]}]},{"@type":"ImageObject","inLanguage":"ca","@id":"https:\/\/a-desk.org\/?p=62539#primaryimage","url":"https:\/\/a-desk.org\/wp-content\/uploads\/2024\/12\/IMG1_Portada.jpg","contentUrl":"https:\/\/a-desk.org\/wp-content\/uploads\/2024\/12\/IMG1_Portada.jpg","width":1000,"height":562,"caption":"Documento antiguo con la palabra Desmancillar"},{"@type":"BreadcrumbList","@id":"https:\/\/a-desk.org\/?p=62539#breadcrumb","itemListElement":[{"@type":"ListItem","position":1,"name":"Portada","item":"https:\/\/a-desk.org\/ca\/"},{"@type":"ListItem","position":2,"name":"Expiar la Met\u00e0fora"}]},{"@type":"WebSite","@id":"https:\/\/a-desk.org\/#website","url":"https:\/\/a-desk.org\/","name":"A*Desk","description":"A*Desk Critical Thinking","potentialAction":[{"@type":"SearchAction","target":{"@type":"EntryPoint","urlTemplate":"https:\/\/a-desk.org\/?s={search_term_string}"},"query-input":"required name=search_term_string"}],"inLanguage":"ca"},{"@type":"Person","@id":"https:\/\/a-desk.org\/#\/schema\/person\/ad116cafcd0a83a1e6306d405844e1b6","name":"Gonzalo Pech","image":{"@type":"ImageObject","inLanguage":"ca","@id":"https:\/\/a-desk.org\/#\/schema\/person\/image\/7072e882e7b9dfc8ac0a06a01473ff49","url":"https:\/\/secure.gravatar.com\/avatar\/30ef646d604bad7bd1646af425f6e1f5?s=96&d=mm&r=g","contentUrl":"https:\/\/secure.gravatar.com\/avatar\/30ef646d604bad7bd1646af425f6e1f5?s=96&d=mm&r=g","caption":"Gonzalo Pech"},"url":"https:\/\/a-desk.org\/ca\/autor\/gonzalo-pech\/"}]}},"_links":{"self":[{"href":"https:\/\/a-desk.org\/ca\/wp-json\/wp\/v2\/posts\/62822"}],"collection":[{"href":"https:\/\/a-desk.org\/ca\/wp-json\/wp\/v2\/posts"}],"about":[{"href":"https:\/\/a-desk.org\/ca\/wp-json\/wp\/v2\/types\/post"}],"author":[{"embeddable":true,"href":"https:\/\/a-desk.org\/ca\/wp-json\/wp\/v2\/users\/2809"}],"replies":[{"embeddable":true,"href":"https:\/\/a-desk.org\/ca\/wp-json\/wp\/v2\/comments?post=62822"}],"version-history":[{"count":8,"href":"https:\/\/a-desk.org\/ca\/wp-json\/wp\/v2\/posts\/62822\/revisions"}],"predecessor-version":[{"id":63050,"href":"https:\/\/a-desk.org\/ca\/wp-json\/wp\/v2\/posts\/62822\/revisions\/63050"}],"wp:featuredmedia":[{"embeddable":true,"href":"https:\/\/a-desk.org\/ca\/wp-json\/wp\/v2\/media\/62560"}],"wp:attachment":[{"href":"https:\/\/a-desk.org\/ca\/wp-json\/wp\/v2\/media?parent=62822"}],"wp:term":[{"taxonomy":"category","embeddable":true,"href":"https:\/\/a-desk.org\/ca\/wp-json\/wp\/v2\/categories?post=62822"},{"taxonomy":"post_tag","embeddable":true,"href":"https:\/\/a-desk.org\/ca\/wp-json\/wp\/v2\/tags?post=62822"},{"taxonomy":"author","embeddable":true,"href":"https:\/\/a-desk.org\/ca\/wp-json\/wp\/v2\/coauthors?post=62822"}],"curies":[{"name":"wp","href":"https:\/\/api.w.org\/{rel}","templated":true}]}}