{"id":62914,"date":"2024-12-23T07:30:34","date_gmt":"2024-12-23T06:30:34","guid":{"rendered":"https:\/\/a-desk.org\/?p=62914"},"modified":"2025-01-09T21:27:24","modified_gmt":"2025-01-09T20:27:24","slug":"con-que-metaforas-convivir","status":"publish","type":"post","link":"https:\/\/a-desk.org\/ca\/magazine\/con-que-metaforas-convivir\/","title":{"rendered":"Amb quines met\u00e0fores conviure?"},"content":{"rendered":"<p>Vaig rebre un diagn\u00f2stic positiu de vih fa 25 anys. En tenia 20, tot just complerts. M\u2019havia lligat a un paio al <em>cruising <\/em>\u00a0de Plaza Pakist\u00e1n. Em va dur al seu apartament a prop d\u2019all\u00e0. Vam comen\u00e7ar a cardar sense preservatiu i va acabar dins la meva <em>cola<\/em>, sense preguntar-me. Tot just va <em>deslecharse<\/em> es va anar a dutxar, sense dirigir-me la paraula. Em vaig quedar at\u00f2nit. No ho vaig experimentar com una violaci\u00f3, per\u00f2 s\u00ed com un h\u00e0bit corrent de desamor. Era la setmana del meu aniversari; la pell se\u2019m va emplenar de taques i vaig estar amb febre alta durant 3 dies seguits. \u00ab<em>Me embich\u00e9\u00bb<\/em>, vaig pensar. Vaig anar a fer-me el test a l\u2019Hospital Mu\u00f1iz de Buenos Aires. Volia assabentar-me\u2019n per compte propi. El test voluntari individual tenia una resist\u00e8ncia molt forta en aquell temps. Es negava al vaticini dels cossos pr\u00f2xims. Voler saber l\u2019estat serol\u00f2gic era contradir el mandat cultural d\u2019emmalaltir-se i morir.<\/p>\n<p>Al Laboratori de Retrovirus una metgessa m\u2019entrega el resultat i m\u2019explica l\u2019immediat: an\u00e0lisis de c\u00e0rrega viral i CD4. Els pavellons del Mu\u00f1iz estan envoltats per un parc. Sota un Sol terrible, les cames se m\u2019afluixen, els ulls se m\u2019ennuvolen, les pulsacions s\u2019acceleren, vaig caient&#8230; Respiro assegut al bord\u00f3 d\u2019un carrer\u00f3; torno a llegir: \u00abPOSITIU\u00bb. Arreglat! Soc un <em>puto<\/em> sid\u00f3s als 20. Condemna cultural complida. \u00abAcabar\u00e0s mort a una rasa!\u00bb, em male\u00efa la meva mare per <em>puto.<\/em> \u00abUn resultat \u2018positiu\u2019 nom\u00e9s indica contacte amb el virus. No implica necess\u00e0riament malaltia o gravetat de la mateixa\u00bb. Vaig saber que aquell aclariment final, en el resultat, era una frase metabolitzada gr\u00e0cies a la lluita activista contra les met\u00e0fores de guerra i pestes propagades per la ci\u00e8ncia m\u00e8dica. Met\u00e0fores que van <em>performejar<\/em> l\u2019abandonament \u2014institucional i social\u2014 i la condemna a mort \u2014cultural i f\u00edsica\u2014 de milions de persones infectades a tot el m\u00f3n.<\/p>\n<p>A la sortida de l\u2019hospital, des d\u2019un tel\u00e8fon p\u00fablic, truco al meu germ\u00e0 \u2014tamb\u00e9 <em>puto<\/em>\u2014 per informar-lo. \u00ab\u00a1<em>Sos un pelotudo!\u00bb<\/em>, \u00e9s el primer que em diu; castigant-me, fidel al gui\u00f3 del maltractament cultural. Li tallo la trucada. Truco a un amic marieta d\u2019aquell moment. \u00abVine a casa\u00bb, em respon. M\u2019esperava amb un n\u00famero telef\u00f2nic. \u00abTruca aqu\u00ed, aix\u00f2 no t\u2019ho menjar\u00e0s sol, necessites acompanyament\u00bb. Es tractava de Nexo<span class=\"footnote_referrer\"><a role=\"button\" tabindex=\"0\" onclick=\"footnote_moveToReference_62914_1('footnote_plugin_reference_62914_1_1');\" onkeypress=\"footnote_moveToReference_62914_1('footnote_plugin_reference_62914_1_1');\" ><sup id=\"footnote_plugin_tooltip_62914_1_1\" class=\"footnote_plugin_tooltip_text\">[1]<\/sup><\/a><span id=\"footnote_plugin_tooltip_text_62914_1_1\" class=\"footnote_tooltip\">Una de les primeres organitzacions civils amb treball en el vih\/sida a Argentina, creada el 1992, per un grup de gais. Publicaven mensualment la revista NX, dirigida a la comunitat homosexual, que&nbsp;&#x2026; <span class=\"footnote_tooltip_continue\"  onclick=\"footnote_moveToReference_62914_1('footnote_plugin_reference_62914_1_1');\">Continue reading<\/span><\/span><\/span><script type=\"text\/javascript\"> jQuery('#footnote_plugin_tooltip_62914_1_1').tooltip({ tip: '#footnote_plugin_tooltip_text_62914_1_1', tipClass: 'footnote_tooltip', effect: 'fade', predelay: 0, fadeInSpeed: 200, delay: 400, fadeOutSpeed: 200, position: 'top center', relative: true, offset: [-7, 0], });<\/script> Aquella nit vaig llegir, tremolant de la por, <em>El sida y sus met\u00e0fores<\/em> (1988) de Susan Sontag. S\u2019havia reiniciat el meu trajecte vital, necessitava un software nou per compondre la meva immunitat del virus.<\/p>\n<p><a href=\"http:\/\/a-desk.org\/wp-content\/uploads\/2024\/12\/IMG21-577x400.jpg\"><img decoding=\"async\" class=\"aligncenter wp-image-62525 size-full\" src=\"http:\/\/a-desk.org\/wp-content\/uploads\/2024\/12\/IMG21.jpg\" alt=\"Performance con dos personas, una de ellas con una m\u00e1scara\" width=\"1000\" height=\"693\" srcset=\"https:\/\/a-desk.org\/wp-content\/uploads\/2024\/12\/IMG21.jpg 1000w, https:\/\/a-desk.org\/wp-content\/uploads\/2024\/12\/IMG21-577x400.jpg 577w, https:\/\/a-desk.org\/wp-content\/uploads\/2024\/12\/IMG21-768x532.jpg 768w\" sizes=\"(max-width: 1000px) 100vw, 1000px\" \/><\/a><\/p>\n<p>Juntament amb el periodisme activista, l\u2019organitzaci\u00f3 comptava amb un centre de salut i espai de formaci\u00f3 gratu\u00efts. La meva sorpresa va ser trobar-me, dos dies despr\u00e9s del diagn\u00f2stic, amb el grup de reflexi\u00f3 per persones que viuen amb vih, que coordinava Carlos Mendes, metge, seropositiu i cofundador de l\u2019organitzaci\u00f3. El grup recuperava aquella pr\u00e0ctica del feminisme de la segona onada, als anys setanta: prendre consci\u00e8ncia de la situaci\u00f3 pr\u00f2pia en grup. Les persones es reuneixen per conversar entorn d\u2019un dany i\/o opressi\u00f3 comuna. Produeixen all\u00e0 el que Ann Cvetkovich anomena \u00abl\u2019esfera p\u00fablica \u00edntima\u00bb <span class=\"footnote_referrer\"><a role=\"button\" tabindex=\"0\" onclick=\"footnote_moveToReference_62914_1('footnote_plugin_reference_62914_1_2');\" onkeypress=\"footnote_moveToReference_62914_1('footnote_plugin_reference_62914_1_2');\" ><sup id=\"footnote_plugin_tooltip_62914_1_2\" class=\"footnote_plugin_tooltip_text\">[2]<\/sup><\/a><span id=\"footnote_plugin_tooltip_text_62914_1_2\" class=\"footnote_tooltip\">Cvetkovich, Ann. <em>Un archivo de sentimientos. Trauma, sexualidad y culturas p\u00fablicas lesbianas<\/em> (2003).<\/span><\/span><script type=\"text\/javascript\"> jQuery('#footnote_plugin_tooltip_62914_1_2').tooltip({ tip: '#footnote_plugin_tooltip_text_62914_1_2', tipClass: 'footnote_tooltip', effect: 'fade', predelay: 0, fadeInSpeed: 200, delay: 400, fadeOutSpeed: 200, position: 'top center', relative: true, offset: [-7, 0], });<\/script>, amb l\u2019aposta que \u00abel trauma es treballa millor mitjan\u00e7ant accions p\u00fabliques i col\u00b7lectives, en lloc de privades i terap\u00e8utiques\u00bb. Al mateix temps, aquest cercle cultivava i actualitzava aquell llegat dels grups d\u2019estudis, extra-universitaris, que a Buenos Aires es remunten als anys 60. Un grup implicat al voltant dels seus participants on es fa patent que la producci\u00f3 de coneixement \u00e9s contingent i col\u00b7lectiva. La lectura en veu alta dels textos i la conversaci\u00f3 grupal introdueixen un erotisme sonor i una variaci\u00f3 tonal inclusiva que multiplica les lectures barrejades amb les hist\u00f2ries de vida d\u2019aquellis participants. Un \u00ab<em>placer lenguado\u00bb <\/em>com el de la <em>boca de la loca<\/em>, que Pedro Lembel real\u00e7a a <em>Loco af\u00e1n. Cr\u00f3nicas de sidario (1996). <\/em><\/p>\n<p>Carlos ens feia llegir l<em>\u2019\u00c9tica<\/em> de Baruch Spinoza. La sida, era per Carlos, una malaltia-den\u00fancia del maltractament cultural. L\u2019aparici\u00f3 de la sida s\u2019havia detectat primer en el poble homosexual male\u00eft i en el poble negre negat i esclavitzat. Per entendre la nostra sida calia interrogar les creences i els significats del poder a la cultura que produeixen injust\u00edcia i dany. Al mateix temps, el virus generava un deteriorament immunol\u00f2gic al nostre cos, despotenciant la seva capacitat autodefensiva. La relaci\u00f3 entre poder i defenses semblava immediata. Per\u00f2, quin poder podien exercir lis enfermeris a la cultura dominant? Per Carlos aquest poder es tractava d\u2019un \u00abadonar-se\u00bb viral, que implicava un treball subjectiu de desprogramaci\u00f3 cultural i una reconfiguraci\u00f3 pr\u00f2pia. En una cultura on no totis tenen dret a defensar-se nom\u00e9s ho podrien fer aquellis enfermeris que cultivin alguna forma de poder.<\/p>\n<p>Vam llegir l\u2019<em>\u00c9tica<\/em> de contraban: no al confort existencial de l\u2019acad\u00e8mia; sin\u00f3 a la necessitat i urg\u00e8ncia d\u2019un grup infectat per la c\u00e0rrega o pot\u00e8ncia viral de la sida. Vaig llegir l\u2019<em>\u00c9tica<\/em> amb la mort al cos; amb la por a morir-me per <em>pute<\/em> i complir-li el desig microfascista de la meva mare. Una incorporaci\u00f3 per contagi, a l\u2019espai social que pot obrir un text llegit col\u00b7lectivament. Una pr\u00e0ctica de lectura estrat\u00e8gica per preservar\u00a0 l\u2019exist\u00e8ncia i no morir-se de por. La inflaci\u00f3 metaf\u00f2rica de la sida ens empenyia a viure a \u00abla rep\u00fablica de la por\u00bb, com ho descriu Marta Dillon a <em>Convivir con virus<\/em>. Les equacions \u00absida=mort\u00bb i \u00absida= pesta rosa\u00bb funcionaven com a judicis letals i condemnes per a les persones infectades, fins i tot quan l\u2019epid\u00e8mia ja era una pand\u00e8mia planet\u00e0ria.<\/p>\n<p><a href=\"http:\/\/a-desk.org\/wp-content\/uploads\/2024\/12\/IMG31-595x265.jpg\"><img decoding=\"async\" class=\"aligncenter wp-image-62529 size-full\" src=\"http:\/\/a-desk.org\/wp-content\/uploads\/2024\/12\/IMG31.jpg\" alt=\"Varias personas en una performance, el espacio tiene tonalidades rojas\" width=\"1000\" height=\"446\" srcset=\"https:\/\/a-desk.org\/wp-content\/uploads\/2024\/12\/IMG31.jpg 1000w, https:\/\/a-desk.org\/wp-content\/uploads\/2024\/12\/IMG31-595x265.jpg 595w, https:\/\/a-desk.org\/wp-content\/uploads\/2024\/12\/IMG31-768x343.jpg 768w\" sizes=\"(max-width: 1000px) 100vw, 1000px\" \/><\/a><a href=\"#_ftnref1\" name=\"_ftn1\"><\/a><\/p>\n<p>No nom\u00e9s una mort f\u00edsica sin\u00f3 una mort social i cultural. Patir l\u2019abandonament de persona per part de l\u2019Estat i la seva viol\u00e8ncia institucional; o rebre el rebuig sistem\u00e0tic de tot el m\u00f3n: no poder accedir al m\u00f3n laboral, ni al sistema de salut de <em>prepagas <\/em>(privat) i <em>obres sociales<\/em> (una mena de m\u00fatues laborals); no poder cardar sense culpa o no poder estimar sense terror; no comptar amb la teva fam\u00edlia i amigis; i una infinitat d\u2019exclusions modelaven la vida quotidiana i produ\u00efa una trobada traum\u00e0tica amb la idea de la mort. Un diagn\u00f2stic-repte que \u00abens creava una abrupta ruptura amb la cultura, ens transforma sobtadament en \u00e9ssers contraculturals mentre persistim en ser vius\u00bb, va escriure Carlos Mendes, a <em>Sida y poder<\/em> (2004), el seu \u00fanic llibre publicat. Un llegat\/arxiu infecci\u00f3s de conscienciaci\u00f3 molecular.<\/p>\n<p>Amb la sida vam ser educadis a la mort, com els personatges del teatre tr\u00e0gic. L\u2019experi\u00e8ncia de vulnerabilitat ens interpel\u00b7lava: com vivia abans de la sida i com vull\/puc viure ara? O b\u00e9: \u00abQue \u00e9s sobreviure?\u00bb, es pregunta Dillon, a la conversaci\u00f3 p\u00fablica <em>Lesbianas y vih\u00a0 <\/em>(2024), juntament a l\u2019activista M\u00f3nica Santino, la primera lesbiana visible a la televisi\u00f3 argentina. El treball afectiu-epist\u00e8mic d\u2019\u00abevidenciar, criticar, treballar i esgotar\u00bb met\u00f2dicament totes les met\u00e0fores, com reclamava Sontag des de finals dels 80, era indispensable per continuar vivint. La met\u00e0fora b\u00e8l\u00b7lica que la ci\u00e8ncia m\u00e8dica havia instal\u00b7lat als nostres cossos ens destru\u00efa. Primer: la malaltia no \u00e9s una guerra; \u00e9s una experi\u00e8ncia vital, \u00e9s part de la salut i no el seu oposat. Segon: la malaltia no \u00e9s un estranger invasor; \u00e9s hist\u00f2ria i t\u00e9 a veure amb la teva pr\u00f2pia hist\u00f2ria i amb tota la humanitat. Tercer: el cos no \u00e9s un camp de batalla on es pot lliurar una guerra; en tot cas, \u00e9s un camp de forces socials e intra-materials, des d\u2019on ens fem una vida. I per acabar: el s\u00edmptoma no \u00e9s un enemic a eliminar; \u00e9s un esdeveniment al cos a sentir, recon\u00e8ixer, comprendre i, en cas de dany, cuidar i curar. Desertar la met\u00e0fora b\u00e8l\u00b7lica significava poder <em>convivir con el virus<\/em>, conviure amb el virus; abaixar-se de la paranoia i anar al m\u00faltiple; allunyar-se de l\u2019estigma del c\u00e0stig sexual; negociar la teva salut amb el sistema m\u00e8dic; usufructuar els recursos farmacol\u00f2gics dels antiretrovirals com a estrat\u00e8gia per posar l\u00edmits al virus. I el m\u00e9s creatiu: compondre una vida amb sida. \u00c9s a dir, viure amb el saber provinent de l\u2019experi\u00e8ncia que no som immunes ni individuals, sin\u00f3 vulnerables i interdependents. Estar viu \u00e9s un risc, requereix flexibilitat i responsabilitat. I singularitzar el sentit de cada vida requereix inventar, amb m\u00e0xima precisi\u00f3 i la feina immensa de la imaginaci\u00f3, les met\u00e0fores amb les quals podem conviure.<\/p>\n<p>&nbsp;<\/p>\n<p>[Cr\u00e8dit de las imatges: Registre fotogr\u00e0fic de Carlos Herrera de la instal\u00b7laci\u00f3 performativa <em>Gente del cuero<\/em> (2022) del col\u00b7lectiu <em>Princesas del Asfalto<\/em>, co-fundat per Silvio Lang, al Centro de Arte MUNAR de Buenos Aires.]<\/p>\n<div class=\"speaker-mute footnotes_reference_container\"> <div class=\"footnote_container_prepare\"><p><span role=\"button\" tabindex=\"0\" class=\"footnote_reference_container_label pointer\" onclick=\"footnote_expand_collapse_reference_container_62914_1();\">&#x202F;<\/span><span role=\"button\" tabindex=\"0\" class=\"footnote_reference_container_collapse_button\" style=\"display: none;\" onclick=\"footnote_expand_collapse_reference_container_62914_1();\">[<a id=\"footnote_reference_container_collapse_button_62914_1\">+<\/a>]<\/span><\/p><\/div> <div id=\"footnote_references_container_62914_1\" style=\"\"><table class=\"footnotes_table footnote-reference-container\"><caption class=\"accessibility\">References<\/caption> <tbody> \r\n\r\n<tr class=\"footnotes_plugin_reference_row\"> <th scope=\"row\" class=\"footnote_plugin_index_combi pointer\"  onclick=\"footnote_moveToAnchor_62914_1('footnote_plugin_tooltip_62914_1_1');\"><a id=\"footnote_plugin_reference_62914_1_1\" class=\"footnote_backlink\"><span class=\"footnote_index_arrow\">&#8593;<\/span>1<\/a><\/th> <td class=\"footnote_plugin_text\">Una de les primeres organitzacions civils amb treball en el vih\/sida a Argentina, creada el 1992, per un grup de gais. Publicaven mensualment la revista NX, dirigida a la comunitat homosexual, que inclo\u00efa el dossier NX(+), dedicat a la difusi\u00f3 d\u2019informaci\u00f3 cr\u00edtica sobre vih\/sida.<\/td><\/tr>\r\n\r\n<tr class=\"footnotes_plugin_reference_row\"> <th scope=\"row\" class=\"footnote_plugin_index_combi pointer\"  onclick=\"footnote_moveToAnchor_62914_1('footnote_plugin_tooltip_62914_1_2');\"><a id=\"footnote_plugin_reference_62914_1_2\" class=\"footnote_backlink\"><span class=\"footnote_index_arrow\">&#8593;<\/span>2<\/a><\/th> <td class=\"footnote_plugin_text\">Cvetkovich, Ann. <em>Un archivo de sentimientos. Trauma, sexualidad y culturas p\u00fablicas lesbianas<\/em> (2003).<\/td><\/tr>\r\n\r\n <\/tbody> <\/table> <\/div><\/div><script type=\"text\/javascript\"> function footnote_expand_reference_container_62914_1() { jQuery('#footnote_references_container_62914_1').show(); jQuery('#footnote_reference_container_collapse_button_62914_1').text('\u2212'); } function footnote_collapse_reference_container_62914_1() { jQuery('#footnote_references_container_62914_1').hide(); jQuery('#footnote_reference_container_collapse_button_62914_1').text('+'); } function footnote_expand_collapse_reference_container_62914_1() { if (jQuery('#footnote_references_container_62914_1').is(':hidden')) { footnote_expand_reference_container_62914_1(); } else { footnote_collapse_reference_container_62914_1(); } } function footnote_moveToReference_62914_1(p_str_TargetID) { footnote_expand_reference_container_62914_1(); var l_obj_Target = jQuery('#' + p_str_TargetID); if (l_obj_Target.length) { jQuery( 'html, body' ).delay( 0 ); jQuery('html, body').animate({ scrollTop: l_obj_Target.offset().top - window.innerHeight * 0.2 }, 380); } } function footnote_moveToAnchor_62914_1(p_str_TargetID) { footnote_expand_reference_container_62914_1(); var l_obj_Target = jQuery('#' + p_str_TargetID); if (l_obj_Target.length) { jQuery( 'html, body' ).delay( 0 ); jQuery('html, body').animate({ scrollTop: l_obj_Target.offset().top - window.innerHeight * 0.2 }, 380); } }<\/script>","protected":false},"excerpt":{"rendered":"<p>Vaig rebre un diagn\u00f2stic positiu de vih fa 25 anys. En tenia 20, tot just complerts. M\u2019havia lligat a un paio al cruising \u00a0de Plaza Pakist\u00e1n. Em va dur al&#8230;<\/p>\n","protected":false},"author":2895,"featured_media":62534,"comment_status":"closed","ping_status":"closed","sticky":false,"template":"","format":"standard","meta":{"_relevanssi_hide_post":"","_relevanssi_hide_content":"","_relevanssi_pin_for_all":"","_relevanssi_pin_keywords":"","_relevanssi_unpin_keywords":"","_relevanssi_related_keywords":"","_relevanssi_related_include_ids":"","_relevanssi_related_exclude_ids":"","_relevanssi_related_no_append":"","_relevanssi_related_not_related":"","_relevanssi_related_posts":"","_relevanssi_noindex_reason":"","footnotes":""},"categories":[6995],"tags":[],"coauthors":[7003],"acf":[],"yoast_head":"<!-- This site is optimized with the Yoast SEO plugin v22.6 - https:\/\/yoast.com\/wordpress\/plugins\/seo\/ -->\n<title>Silvio Lang. Componer una vida con sida a partir de su experiencia<\/title>\n<meta name=\"robots\" content=\"index, follow, max-snippet:-1, max-image-preview:large, max-video-preview:-1\" \/>\n<link rel=\"canonical\" href=\"https:\/\/a-desk.org\/ca\/magazine\/con-que-metaforas-convivir\/\" \/>\n<meta property=\"og:locale\" content=\"ca_ES\" \/>\n<meta property=\"og:type\" content=\"article\" \/>\n<meta property=\"og:title\" content=\"Silvio Lang. Componer una vida con sida a partir de su experiencia\" \/>\n<meta property=\"og:description\" content=\"Vaig rebre un diagn\u00f2stic positiu de vih fa 25 anys. En tenia 20, tot just complerts. M\u2019havia lligat a un paio al cruising \u00a0de Plaza Pakist\u00e1n. Em va dur al...\" \/>\n<meta property=\"og:url\" content=\"https:\/\/a-desk.org\/ca\/magazine\/con-que-metaforas-convivir\/\" \/>\n<meta property=\"og:site_name\" content=\"A*Desk\" \/>\n<meta property=\"article:published_time\" content=\"2024-12-23T06:30:34+00:00\" \/>\n<meta property=\"article:modified_time\" content=\"2025-01-09T20:27:24+00:00\" \/>\n<meta property=\"og:image\" content=\"http:\/\/a-desk.org\/wp-content\/uploads\/2024\/12\/IMG11.jpg\" \/>\n\t<meta property=\"og:image:width\" content=\"1000\" \/>\n\t<meta property=\"og:image:height\" content=\"629\" \/>\n\t<meta property=\"og:image:type\" content=\"image\/jpeg\" \/>\n<meta name=\"author\" content=\"Silvio Lang\" \/>\n<meta name=\"twitter:card\" content=\"summary_large_image\" \/>\n<meta name=\"twitter:label1\" content=\"Escrit per\" \/>\n\t<meta name=\"twitter:data1\" content=\"Silvio Lang\" \/>\n\t<meta name=\"twitter:label2\" content=\"Temps estimat de lectura\" \/>\n\t<meta name=\"twitter:data2\" content=\"8 minuts\" \/>\n\t<meta name=\"twitter:label3\" content=\"Written by\" \/>\n\t<meta name=\"twitter:data3\" content=\"Silvio Lang\" \/>\n<script type=\"application\/ld+json\" class=\"yoast-schema-graph\">{\"@context\":\"https:\/\/schema.org\",\"@graph\":[{\"@type\":\"WebPage\",\"@id\":\"https:\/\/a-desk.org\/ca\/magazine\/con-que-metaforas-convivir\/\",\"url\":\"https:\/\/a-desk.org\/ca\/magazine\/con-que-metaforas-convivir\/\",\"name\":\"Silvio Lang. Componer una vida con sida a partir de su experiencia\",\"isPartOf\":{\"@id\":\"https:\/\/a-desk.org\/#website\"},\"primaryImageOfPage\":{\"@id\":\"https:\/\/a-desk.org\/ca\/magazine\/con-que-metaforas-convivir\/#primaryimage\"},\"image\":{\"@id\":\"https:\/\/a-desk.org\/ca\/magazine\/con-que-metaforas-convivir\/#primaryimage\"},\"thumbnailUrl\":\"https:\/\/a-desk.org\/wp-content\/uploads\/2024\/12\/IMG11.jpg\",\"datePublished\":\"2024-12-23T06:30:34+00:00\",\"dateModified\":\"2025-01-09T20:27:24+00:00\",\"author\":{\"@id\":\"https:\/\/a-desk.org\/#\/schema\/person\/5de7f7a2115f5473806d58f5cb4f2660\"},\"breadcrumb\":{\"@id\":\"https:\/\/a-desk.org\/ca\/magazine\/con-que-metaforas-convivir\/#breadcrumb\"},\"inLanguage\":\"ca\",\"potentialAction\":[{\"@type\":\"ReadAction\",\"target\":[\"https:\/\/a-desk.org\/ca\/magazine\/con-que-metaforas-convivir\/\"]}]},{\"@type\":\"ImageObject\",\"inLanguage\":\"ca\",\"@id\":\"https:\/\/a-desk.org\/ca\/magazine\/con-que-metaforas-convivir\/#primaryimage\",\"url\":\"https:\/\/a-desk.org\/wp-content\/uploads\/2024\/12\/IMG11.jpg\",\"contentUrl\":\"https:\/\/a-desk.org\/wp-content\/uploads\/2024\/12\/IMG11.jpg\",\"width\":1000,\"height\":629,\"caption\":\"Escena teatral en un escenario rojizo\"},{\"@type\":\"BreadcrumbList\",\"@id\":\"https:\/\/a-desk.org\/ca\/magazine\/con-que-metaforas-convivir\/#breadcrumb\",\"itemListElement\":[{\"@type\":\"ListItem\",\"position\":1,\"name\":\"Portada\",\"item\":\"https:\/\/a-desk.org\/ca\/\"},{\"@type\":\"ListItem\",\"position\":2,\"name\":\"Amb quines met\u00e0fores conviure?\"}]},{\"@type\":\"WebSite\",\"@id\":\"https:\/\/a-desk.org\/#website\",\"url\":\"https:\/\/a-desk.org\/\",\"name\":\"A*Desk\",\"description\":\"A*Desk Critical Thinking\",\"potentialAction\":[{\"@type\":\"SearchAction\",\"target\":{\"@type\":\"EntryPoint\",\"urlTemplate\":\"https:\/\/a-desk.org\/?s={search_term_string}\"},\"query-input\":\"required name=search_term_string\"}],\"inLanguage\":\"ca\"},{\"@type\":\"Person\",\"@id\":\"https:\/\/a-desk.org\/#\/schema\/person\/5de7f7a2115f5473806d58f5cb4f2660\",\"name\":\"Silvio Lang\",\"image\":{\"@type\":\"ImageObject\",\"inLanguage\":\"ca\",\"@id\":\"https:\/\/a-desk.org\/#\/schema\/person\/image\/6a0a6853d5a56cdfb155763277172bc3\",\"url\":\"https:\/\/secure.gravatar.com\/avatar\/17faa28a6afd7cdc801dcd05decd4ed5?s=96&d=mm&r=g\",\"contentUrl\":\"https:\/\/secure.gravatar.com\/avatar\/17faa28a6afd7cdc801dcd05decd4ed5?s=96&d=mm&r=g\",\"caption\":\"Silvio Lang\"},\"url\":\"https:\/\/a-desk.org\/ca\/autor\/silviolang\/\"}]}<\/script>\n<!-- \/ Yoast SEO plugin. -->","yoast_head_json":{"title":"Silvio Lang. Componer una vida con sida a partir de su experiencia","robots":{"index":"index","follow":"follow","max-snippet":"max-snippet:-1","max-image-preview":"max-image-preview:large","max-video-preview":"max-video-preview:-1"},"canonical":"https:\/\/a-desk.org\/ca\/magazine\/con-que-metaforas-convivir\/","og_locale":"ca_ES","og_type":"article","og_title":"Silvio Lang. Componer una vida con sida a partir de su experiencia","og_description":"Vaig rebre un diagn\u00f2stic positiu de vih fa 25 anys. En tenia 20, tot just complerts. M\u2019havia lligat a un paio al cruising \u00a0de Plaza Pakist\u00e1n. Em va dur al...","og_url":"https:\/\/a-desk.org\/ca\/magazine\/con-que-metaforas-convivir\/","og_site_name":"A*Desk","article_published_time":"2024-12-23T06:30:34+00:00","article_modified_time":"2025-01-09T20:27:24+00:00","og_image":[{"width":1000,"height":629,"url":"http:\/\/a-desk.org\/wp-content\/uploads\/2024\/12\/IMG11.jpg","type":"image\/jpeg"}],"author":"Silvio Lang","twitter_card":"summary_large_image","twitter_misc":{"Escrit per":"Silvio Lang","Temps estimat de lectura":"8 minuts","Written by":"Silvio Lang"},"schema":{"@context":"https:\/\/schema.org","@graph":[{"@type":"WebPage","@id":"https:\/\/a-desk.org\/ca\/magazine\/con-que-metaforas-convivir\/","url":"https:\/\/a-desk.org\/ca\/magazine\/con-que-metaforas-convivir\/","name":"Silvio Lang. Componer una vida con sida a partir de su experiencia","isPartOf":{"@id":"https:\/\/a-desk.org\/#website"},"primaryImageOfPage":{"@id":"https:\/\/a-desk.org\/ca\/magazine\/con-que-metaforas-convivir\/#primaryimage"},"image":{"@id":"https:\/\/a-desk.org\/ca\/magazine\/con-que-metaforas-convivir\/#primaryimage"},"thumbnailUrl":"https:\/\/a-desk.org\/wp-content\/uploads\/2024\/12\/IMG11.jpg","datePublished":"2024-12-23T06:30:34+00:00","dateModified":"2025-01-09T20:27:24+00:00","author":{"@id":"https:\/\/a-desk.org\/#\/schema\/person\/5de7f7a2115f5473806d58f5cb4f2660"},"breadcrumb":{"@id":"https:\/\/a-desk.org\/ca\/magazine\/con-que-metaforas-convivir\/#breadcrumb"},"inLanguage":"ca","potentialAction":[{"@type":"ReadAction","target":["https:\/\/a-desk.org\/ca\/magazine\/con-que-metaforas-convivir\/"]}]},{"@type":"ImageObject","inLanguage":"ca","@id":"https:\/\/a-desk.org\/ca\/magazine\/con-que-metaforas-convivir\/#primaryimage","url":"https:\/\/a-desk.org\/wp-content\/uploads\/2024\/12\/IMG11.jpg","contentUrl":"https:\/\/a-desk.org\/wp-content\/uploads\/2024\/12\/IMG11.jpg","width":1000,"height":629,"caption":"Escena teatral en un escenario rojizo"},{"@type":"BreadcrumbList","@id":"https:\/\/a-desk.org\/ca\/magazine\/con-que-metaforas-convivir\/#breadcrumb","itemListElement":[{"@type":"ListItem","position":1,"name":"Portada","item":"https:\/\/a-desk.org\/ca\/"},{"@type":"ListItem","position":2,"name":"Amb quines met\u00e0fores conviure?"}]},{"@type":"WebSite","@id":"https:\/\/a-desk.org\/#website","url":"https:\/\/a-desk.org\/","name":"A*Desk","description":"A*Desk Critical Thinking","potentialAction":[{"@type":"SearchAction","target":{"@type":"EntryPoint","urlTemplate":"https:\/\/a-desk.org\/?s={search_term_string}"},"query-input":"required name=search_term_string"}],"inLanguage":"ca"},{"@type":"Person","@id":"https:\/\/a-desk.org\/#\/schema\/person\/5de7f7a2115f5473806d58f5cb4f2660","name":"Silvio Lang","image":{"@type":"ImageObject","inLanguage":"ca","@id":"https:\/\/a-desk.org\/#\/schema\/person\/image\/6a0a6853d5a56cdfb155763277172bc3","url":"https:\/\/secure.gravatar.com\/avatar\/17faa28a6afd7cdc801dcd05decd4ed5?s=96&d=mm&r=g","contentUrl":"https:\/\/secure.gravatar.com\/avatar\/17faa28a6afd7cdc801dcd05decd4ed5?s=96&d=mm&r=g","caption":"Silvio Lang"},"url":"https:\/\/a-desk.org\/ca\/autor\/silviolang\/"}]}},"_links":{"self":[{"href":"https:\/\/a-desk.org\/ca\/wp-json\/wp\/v2\/posts\/62914"}],"collection":[{"href":"https:\/\/a-desk.org\/ca\/wp-json\/wp\/v2\/posts"}],"about":[{"href":"https:\/\/a-desk.org\/ca\/wp-json\/wp\/v2\/types\/post"}],"author":[{"embeddable":true,"href":"https:\/\/a-desk.org\/ca\/wp-json\/wp\/v2\/users\/2895"}],"replies":[{"embeddable":true,"href":"https:\/\/a-desk.org\/ca\/wp-json\/wp\/v2\/comments?post=62914"}],"version-history":[{"count":5,"href":"https:\/\/a-desk.org\/ca\/wp-json\/wp\/v2\/posts\/62914\/revisions"}],"predecessor-version":[{"id":63391,"href":"https:\/\/a-desk.org\/ca\/wp-json\/wp\/v2\/posts\/62914\/revisions\/63391"}],"wp:featuredmedia":[{"embeddable":true,"href":"https:\/\/a-desk.org\/ca\/wp-json\/wp\/v2\/media\/62534"}],"wp:attachment":[{"href":"https:\/\/a-desk.org\/ca\/wp-json\/wp\/v2\/media?parent=62914"}],"wp:term":[{"taxonomy":"category","embeddable":true,"href":"https:\/\/a-desk.org\/ca\/wp-json\/wp\/v2\/categories?post=62914"},{"taxonomy":"post_tag","embeddable":true,"href":"https:\/\/a-desk.org\/ca\/wp-json\/wp\/v2\/tags?post=62914"},{"taxonomy":"author","embeddable":true,"href":"https:\/\/a-desk.org\/ca\/wp-json\/wp\/v2\/coauthors?post=62914"}],"curies":[{"name":"wp","href":"https:\/\/api.w.org\/{rel}","templated":true}]}}