{"id":6817,"date":"2012-01-09T04:42:10","date_gmt":"2012-01-09T04:42:10","guid":{"rendered":"http:\/\/a-desk.org\/2012\/01\/09\/manifesta-9-entre-el-passat-i-el\/"},"modified":"2020-02-18T20:48:34","modified_gmt":"2020-02-18T19:48:34","slug":"manifesta-9-entre-el-passat-i-el","status":"publish","type":"post","link":"https:\/\/a-desk.org\/ca\/magazine\/manifesta-9-entre-el-passat-i-el\/","title":{"rendered":"Manifesta 9, entre el passat i el futur"},"content":{"rendered":"<p>La propera edici\u00f3 de Manifesta, <a href=\"http:\/\/manifesta.org\/tag\/manifesta-9\/\">Mannifesta 9<\/a>, tindr\u00e0 lloc aquest any a Genk, Limburg (B\u00e8lgica). Amb l&#8217;objectiu de preparar el terreny, es va celebrar el passat mes de decembre, Manifesta Coffee Break, amb presentacions, debats i tallers, per tal d&#8217;obrir un proc\u00e9s de reflexi\u00f3, amb la funci\u00f3, en paraules del seu comissari, Cuauht\u00e9moc Medina, de \u201cinterrompre la maquin\u00e0ria de l&#8217;exposici\u00f3\u201d. Durant els dos dies de trobada, es va parlar i discutir sobre l&#8217;amn\u00e8sia en relaci\u00f3 a la hist\u00f2ria, la por a la nost\u00e0lgia i la necessitat de recuperar el passat i construir el futur. Incloem aqu\u00ed dos v\u00eddeos amb fragments de les presentacions de Viktor Misiano (sobre la nost\u00e0lgia i els canvis viscuts a l&#8217;escena art\u00edstica a la R\u00fassia post-sovi\u00e8tica, en relaci\u00f3 als canvis hist\u00f2rics i pol\u00edtics) i Ekaterina Degot (sobre c\u00f3m incorporar el factor \u201chist\u00f2ric\u201d a les exposicions d&#8217;art contemporani).<\/p>\n<p><iframe loading=\"lazy\" src=\"https:\/\/player.vimeo.com\/video\/34618919\" width=\"640\" height=\"360\" frameborder=\"0\" allowfullscreen=\"allowfullscreen\"><\/iframe><\/p>\n<p>\u2014<\/p>\n<p><iframe loading=\"lazy\" src=\"https:\/\/player.vimeo.com\/video\/34621567\" width=\"640\" height=\"480\" frameborder=\"0\" allowfullscreen=\"allowfullscreen\"><\/iframe><\/p>\n","protected":false},"excerpt":{"rendered":"<p>La propera edici\u00f3 de Manifesta, Mannifesta 9, tindr\u00e0 lloc aquest any a Genk, Limburg (B\u00e8lgica). Amb l&#8217;objectiu de preparar el terreny, es va celebrar el passat mes de decembre, Manifesta&#8230;<\/p>\n","protected":false},"author":1243,"featured_media":0,"comment_status":"open","ping_status":"open","sticky":false,"template":"","format":"standard","meta":{"_relevanssi_hide_post":"","_relevanssi_hide_content":"","_relevanssi_pin_for_all":"","_relevanssi_pin_keywords":"","_relevanssi_unpin_keywords":"","_relevanssi_related_keywords":"","_relevanssi_related_include_ids":"","_relevanssi_related_exclude_ids":"","_relevanssi_related_no_append":"","_relevanssi_related_not_related":"","_relevanssi_related_posts":"","_relevanssi_noindex_reason":"","footnotes":""},"categories":[6782],"tags":[5536],"coauthors":[6413],"acf":[],"yoast_head":"<!-- This site is optimized with the Yoast SEO plugin v22.6 - https:\/\/yoast.com\/wordpress\/plugins\/seo\/ -->\n<title>Manifesta 9, entre el passat i el futur &#8211; A*Desk<\/title>\n<meta name=\"robots\" content=\"index, follow, max-snippet:-1, max-image-preview:large, max-video-preview:-1\" \/>\n<link rel=\"canonical\" href=\"https:\/\/a-desk.org\/magazine\/manifesta-9-entre-el-pasado-y-el\/\" \/>\n<meta property=\"og:locale\" content=\"ca_ES\" \/>\n<meta property=\"og:type\" content=\"article\" \/>\n<meta property=\"og:title\" content=\"Manifesta 9, entre el passat i el futur &#8211; A*Desk\" \/>\n<meta property=\"og:description\" content=\"La propera edici\u00f3 de Manifesta, Mannifesta 9, tindr\u00e0 lloc aquest any a Genk, Limburg (B\u00e8lgica). Amb l&#8217;objectiu de preparar el terreny, es va celebrar el passat mes de decembre, Manifesta...\" \/>\n<meta property=\"og:url\" content=\"https:\/\/a-desk.org\/magazine\/manifesta-9-entre-el-pasado-y-el\/\" \/>\n<meta property=\"og:site_name\" content=\"A*Desk\" \/>\n<meta property=\"article:published_time\" content=\"2012-01-09T04:42:10+00:00\" \/>\n<meta property=\"article:modified_time\" content=\"2020-02-18T19:48:34+00:00\" \/>\n<meta property=\"og:image\" content=\"https:\/\/a-desk.org\/wp-content\/uploads\/2025\/09\/a-desk-critical-thinking.jpg\" \/>\n\t<meta property=\"og:image:width\" content=\"1200\" \/>\n\t<meta property=\"og:image:height\" content=\"675\" \/>\n\t<meta property=\"og:image:type\" content=\"image\/jpeg\" \/>\n<meta name=\"author\" content=\"Andreas M. Kaufmann\" \/>\n<meta name=\"twitter:card\" content=\"summary_large_image\" \/>\n<meta name=\"twitter:label1\" content=\"Escrit per\" \/>\n\t<meta name=\"twitter:data1\" content=\"Andreas M. Kaufmann\" \/>\n\t<meta name=\"twitter:label2\" content=\"Temps estimat de lectura\" \/>\n\t<meta name=\"twitter:data2\" content=\"1 minut\" \/>\n\t<meta name=\"twitter:label3\" content=\"Written by\" \/>\n\t<meta name=\"twitter:data3\" content=\"Andreas M. Kaufmann\" \/>\n<script type=\"application\/ld+json\" class=\"yoast-schema-graph\">{\"@context\":\"https:\/\/schema.org\",\"@graph\":[{\"@type\":\"WebPage\",\"@id\":\"https:\/\/a-desk.org\/magazine\/manifesta-9-entre-el-pasado-y-el\/\",\"url\":\"https:\/\/a-desk.org\/magazine\/manifesta-9-entre-el-pasado-y-el\/\",\"name\":\"Manifesta 9, entre el passat i el futur &#8211; A*Desk\",\"isPartOf\":{\"@id\":\"https:\/\/a-desk.org\/#website\"},\"datePublished\":\"2012-01-09T04:42:10+00:00\",\"dateModified\":\"2020-02-18T19:48:34+00:00\",\"author\":{\"@id\":\"https:\/\/a-desk.org\/#\/schema\/person\/c3f7031aa38a16ad564bdadbbd148db0\"},\"breadcrumb\":{\"@id\":\"https:\/\/a-desk.org\/magazine\/manifesta-9-entre-el-pasado-y-el\/#breadcrumb\"},\"inLanguage\":\"ca\",\"potentialAction\":[{\"@type\":\"ReadAction\",\"target\":[\"https:\/\/a-desk.org\/magazine\/manifesta-9-entre-el-pasado-y-el\/\"]}]},{\"@type\":\"BreadcrumbList\",\"@id\":\"https:\/\/a-desk.org\/magazine\/manifesta-9-entre-el-pasado-y-el\/#breadcrumb\",\"itemListElement\":[{\"@type\":\"ListItem\",\"position\":1,\"name\":\"Portada\",\"item\":\"https:\/\/a-desk.org\/ca\/\"},{\"@type\":\"ListItem\",\"position\":2,\"name\":\"Manifesta 9, entre el passat i el futur\"}]},{\"@type\":\"WebSite\",\"@id\":\"https:\/\/a-desk.org\/#website\",\"url\":\"https:\/\/a-desk.org\/\",\"name\":\"A*Desk\",\"description\":\"A*Desk Critical Thinking\",\"potentialAction\":[{\"@type\":\"SearchAction\",\"target\":{\"@type\":\"EntryPoint\",\"urlTemplate\":\"https:\/\/a-desk.org\/?s={search_term_string}\"},\"query-input\":\"required name=search_term_string\"}],\"inLanguage\":\"ca\"},{\"@type\":\"Person\",\"@id\":\"https:\/\/a-desk.org\/#\/schema\/person\/c3f7031aa38a16ad564bdadbbd148db0\",\"name\":\"Andreas M. Kaufmann\",\"image\":{\"@type\":\"ImageObject\",\"inLanguage\":\"ca\",\"@id\":\"https:\/\/a-desk.org\/#\/schema\/person\/image\/7ca86a6a6e484184fd1a0e1ea4cfb119\",\"url\":\"https:\/\/secure.gravatar.com\/avatar\/8907e14e8a3894ca7eea9a31f2d07e41?s=96&d=mm&r=g\",\"contentUrl\":\"https:\/\/secure.gravatar.com\/avatar\/8907e14e8a3894ca7eea9a31f2d07e41?s=96&d=mm&r=g\",\"caption\":\"Andreas M. Kaufmann\"},\"url\":\"https:\/\/a-desk.org\/ca\/autor\/andreas\/\"}]}<\/script>\n<!-- \/ Yoast SEO plugin. -->","yoast_head_json":{"title":"Manifesta 9, entre el passat i el futur &#8211; A*Desk","robots":{"index":"index","follow":"follow","max-snippet":"max-snippet:-1","max-image-preview":"max-image-preview:large","max-video-preview":"max-video-preview:-1"},"canonical":"https:\/\/a-desk.org\/magazine\/manifesta-9-entre-el-pasado-y-el\/","og_locale":"ca_ES","og_type":"article","og_title":"Manifesta 9, entre el passat i el futur &#8211; A*Desk","og_description":"La propera edici\u00f3 de Manifesta, Mannifesta 9, tindr\u00e0 lloc aquest any a Genk, Limburg (B\u00e8lgica). Amb l&#8217;objectiu de preparar el terreny, es va celebrar el passat mes de decembre, Manifesta...","og_url":"https:\/\/a-desk.org\/magazine\/manifesta-9-entre-el-pasado-y-el\/","og_site_name":"A*Desk","article_published_time":"2012-01-09T04:42:10+00:00","article_modified_time":"2020-02-18T19:48:34+00:00","og_image":[{"width":1200,"height":675,"url":"https:\/\/a-desk.org\/wp-content\/uploads\/2025\/09\/a-desk-critical-thinking.jpg","type":"image\/jpeg"}],"author":"Andreas M. Kaufmann","twitter_card":"summary_large_image","twitter_misc":{"Escrit per":"Andreas M. Kaufmann","Temps estimat de lectura":"1 minut","Written by":"Andreas M. Kaufmann"},"schema":{"@context":"https:\/\/schema.org","@graph":[{"@type":"WebPage","@id":"https:\/\/a-desk.org\/magazine\/manifesta-9-entre-el-pasado-y-el\/","url":"https:\/\/a-desk.org\/magazine\/manifesta-9-entre-el-pasado-y-el\/","name":"Manifesta 9, entre el passat i el futur &#8211; A*Desk","isPartOf":{"@id":"https:\/\/a-desk.org\/#website"},"datePublished":"2012-01-09T04:42:10+00:00","dateModified":"2020-02-18T19:48:34+00:00","author":{"@id":"https:\/\/a-desk.org\/#\/schema\/person\/c3f7031aa38a16ad564bdadbbd148db0"},"breadcrumb":{"@id":"https:\/\/a-desk.org\/magazine\/manifesta-9-entre-el-pasado-y-el\/#breadcrumb"},"inLanguage":"ca","potentialAction":[{"@type":"ReadAction","target":["https:\/\/a-desk.org\/magazine\/manifesta-9-entre-el-pasado-y-el\/"]}]},{"@type":"BreadcrumbList","@id":"https:\/\/a-desk.org\/magazine\/manifesta-9-entre-el-pasado-y-el\/#breadcrumb","itemListElement":[{"@type":"ListItem","position":1,"name":"Portada","item":"https:\/\/a-desk.org\/ca\/"},{"@type":"ListItem","position":2,"name":"Manifesta 9, entre el passat i el futur"}]},{"@type":"WebSite","@id":"https:\/\/a-desk.org\/#website","url":"https:\/\/a-desk.org\/","name":"A*Desk","description":"A*Desk Critical Thinking","potentialAction":[{"@type":"SearchAction","target":{"@type":"EntryPoint","urlTemplate":"https:\/\/a-desk.org\/?s={search_term_string}"},"query-input":"required name=search_term_string"}],"inLanguage":"ca"},{"@type":"Person","@id":"https:\/\/a-desk.org\/#\/schema\/person\/c3f7031aa38a16ad564bdadbbd148db0","name":"Andreas M. Kaufmann","image":{"@type":"ImageObject","inLanguage":"ca","@id":"https:\/\/a-desk.org\/#\/schema\/person\/image\/7ca86a6a6e484184fd1a0e1ea4cfb119","url":"https:\/\/secure.gravatar.com\/avatar\/8907e14e8a3894ca7eea9a31f2d07e41?s=96&d=mm&r=g","contentUrl":"https:\/\/secure.gravatar.com\/avatar\/8907e14e8a3894ca7eea9a31f2d07e41?s=96&d=mm&r=g","caption":"Andreas M. Kaufmann"},"url":"https:\/\/a-desk.org\/ca\/autor\/andreas\/"}]}},"_links":{"self":[{"href":"https:\/\/a-desk.org\/ca\/wp-json\/wp\/v2\/posts\/6817"}],"collection":[{"href":"https:\/\/a-desk.org\/ca\/wp-json\/wp\/v2\/posts"}],"about":[{"href":"https:\/\/a-desk.org\/ca\/wp-json\/wp\/v2\/types\/post"}],"author":[{"embeddable":true,"href":"https:\/\/a-desk.org\/ca\/wp-json\/wp\/v2\/users\/1243"}],"replies":[{"embeddable":true,"href":"https:\/\/a-desk.org\/ca\/wp-json\/wp\/v2\/comments?post=6817"}],"version-history":[{"count":1,"href":"https:\/\/a-desk.org\/ca\/wp-json\/wp\/v2\/posts\/6817\/revisions"}],"predecessor-version":[{"id":27718,"href":"https:\/\/a-desk.org\/ca\/wp-json\/wp\/v2\/posts\/6817\/revisions\/27718"}],"wp:attachment":[{"href":"https:\/\/a-desk.org\/ca\/wp-json\/wp\/v2\/media?parent=6817"}],"wp:term":[{"taxonomy":"category","embeddable":true,"href":"https:\/\/a-desk.org\/ca\/wp-json\/wp\/v2\/categories?post=6817"},{"taxonomy":"post_tag","embeddable":true,"href":"https:\/\/a-desk.org\/ca\/wp-json\/wp\/v2\/tags?post=6817"},{"taxonomy":"author","embeddable":true,"href":"https:\/\/a-desk.org\/ca\/wp-json\/wp\/v2\/coauthors?post=6817"}],"curies":[{"name":"wp","href":"https:\/\/api.w.org\/{rel}","templated":true}]}}