{"id":6840,"date":"2012-02-04T05:38:58","date_gmt":"2012-02-04T05:38:58","guid":{"rendered":"http:\/\/a-desk.org\/2012\/02\/04\/felicitats-sala-daart-jove\/"},"modified":"2012-02-04T05:38:58","modified_gmt":"2012-02-04T05:38:58","slug":"felicitats-sala-daart-jove","status":"publish","type":"post","link":"https:\/\/a-desk.org\/ca\/magazine\/felicitats-sala-daart-jove\/","title":{"rendered":"Felicitats Sala d\u00b4Art Jove"},"content":{"rendered":"<p>Ens alegrem molt\u00edssim que el projecte de la <a href=\"http:\/\/saladartjove.wordpress.com\/\">Sala d&#8217;Art Jove de la Generalitat<\/a> gestionat per Txuma S\u00e1nchez i Oriol Fontdevila, hagi guanyat un dels premis Ciutat de Barcelona. Sens dubte s&#8217;ho mereixen. Des de fa anys lluiten per dur a terme un projecte de treball i visibilitat per a nous agents a la ciutat. Han fet molt poques concessions, el que els ha comportat no pocs problemes o frecs amb l&#8217;administraci\u00f3 de la qual depenen. Sempre a la corda fluixa. Tamb\u00e9 per uns pressupostos que avergonyirien qualsevol museu o centre d&#8217;art (si cal fer balan\u00e7 entre despeses i efectivitat, sens dubte arrasen, mentre aquells fan plans i pensen qu\u00e8 fer). Tant de bo el retorn a la Sala d&#8217;Art Jove despr\u00e9s de la recollida del premi no impliqui continuar amb la mateixa incertesa, amb la mateixa inestabilitat i inseguretat, tornar a la mateixa corda fluixa i a la mateixa precarietat econ\u00f2mica.<\/p>\n<p>Les lloances i els agra\u00efments per la feina feta estan molt b\u00e9. Per\u00f2 la democr\u00e0cia no es fa nom\u00e9s amb fets puntuals i la pol\u00edtica requereix menys de fotos (que per aqu\u00ed anem sobrats, a la m\u00ednima es vol sortir a la foto) i s\u00ed de, valgui la redund\u00e0ncia, pol\u00edtiques.<\/p>\n<p>Tamb\u00e9 entre els premiats hi ha Josep Ramoneda, a qui acaben de rescindir el contracte al CCCB. Jaume Ciurana, Regidor de Cultura, ha dit que no veu cap problema en aix\u00f2, que els premis Ciutat de Barcelona tenen jurats independents. Efectivament, cada un dels premis t\u00e9 un jurat independent (o tot el independent que pot ser, \u00e9s a dir, no s\u00f3n els pol\u00edtics els que decideixen els premiats a dit). Seria bo que aquesta independ\u00e8ncia no fos nom\u00e9s una simple cuirassa o una disfressa de democr\u00e0cia per despr\u00e9s fer cas om\u00eds del sector, per no tenir en compte comissions amb un paper consultiu que qued\u00e9s relegat a opinions sense escolta. La democr\u00e0cia no \u00e9s aparen\u00e7a de democr\u00e0cia en fets puntals, no s\u00f3n copets a l&#8217;esquena, \u00e9s feina di\u00e0ria i servei p\u00fablic.<\/p>\n<p>\u2028Llarga vida a la Sala D&#8217;Art Jove &#8230;<\/p>\n","protected":false},"excerpt":{"rendered":"<p>Ens alegrem molt\u00edssim que el projecte de la Sala d&#8217;Art Jove de la Generalitat gestionat per Txuma S\u00e1nchez i Oriol Fontdevila, hagi guanyat un dels premis Ciutat de Barcelona. Sens&#8230;<\/p>\n","protected":false},"author":1237,"featured_media":6839,"comment_status":"open","ping_status":"open","sticky":false,"template":"","format":"standard","meta":{"_relevanssi_hide_post":"","_relevanssi_hide_content":"","_relevanssi_pin_for_all":"","_relevanssi_pin_keywords":"","_relevanssi_unpin_keywords":"","_relevanssi_related_keywords":"","_relevanssi_related_include_ids":"","_relevanssi_related_exclude_ids":"","_relevanssi_related_no_append":"","_relevanssi_related_not_related":"","_relevanssi_related_posts":"","_relevanssi_noindex_reason":"","footnotes":""},"categories":[6782],"tags":[],"coauthors":[6369],"acf":[],"yoast_head":"<!-- This site is optimized with the Yoast SEO plugin v22.6 - https:\/\/yoast.com\/wordpress\/plugins\/seo\/ -->\n<title>Felicitats Sala d\u00b4Art Jove &#8211; A*Desk<\/title>\n<meta name=\"robots\" content=\"index, follow, max-snippet:-1, max-image-preview:large, max-video-preview:-1\" \/>\n<link rel=\"canonical\" href=\"https:\/\/a-desk.org\/ca\/magazine\/felicitats-sala-daart-jove\/\" \/>\n<meta property=\"og:locale\" content=\"ca_ES\" \/>\n<meta property=\"og:type\" content=\"article\" \/>\n<meta property=\"og:title\" content=\"Felicitats Sala d\u00b4Art Jove &#8211; A*Desk\" \/>\n<meta property=\"og:description\" content=\"Ens alegrem molt\u00edssim que el projecte de la Sala d&#8217;Art Jove de la Generalitat gestionat per Txuma S\u00e1nchez i Oriol Fontdevila, hagi guanyat un dels premis Ciutat de Barcelona. Sens...\" \/>\n<meta property=\"og:url\" content=\"https:\/\/a-desk.org\/ca\/magazine\/felicitats-sala-daart-jove\/\" \/>\n<meta property=\"og:site_name\" content=\"A*Desk\" \/>\n<meta property=\"article:published_time\" content=\"2012-02-04T05:38:58+00:00\" \/>\n<meta property=\"og:image\" content=\"https:\/\/a-desk.org\/wp-content\/uploads\/2012\/02\/arton1316.jpg\" \/>\n\t<meta property=\"og:image:width\" content=\"298\" \/>\n\t<meta property=\"og:image:height\" content=\"230\" \/>\n\t<meta property=\"og:image:type\" content=\"image\/jpeg\" \/>\n<meta name=\"author\" content=\"A*DESK\" \/>\n<meta name=\"twitter:card\" content=\"summary_large_image\" \/>\n<meta name=\"twitter:label1\" content=\"Escrit per\" \/>\n\t<meta name=\"twitter:data1\" content=\"David G. Torres\" \/>\n\t<meta name=\"twitter:label2\" content=\"Temps estimat de lectura\" \/>\n\t<meta name=\"twitter:data2\" content=\"2 minuts\" \/>\n\t<meta name=\"twitter:label3\" content=\"Written by\" \/>\n\t<meta name=\"twitter:data3\" content=\"A*DESK\" \/>\n<script type=\"application\/ld+json\" class=\"yoast-schema-graph\">{\"@context\":\"https:\/\/schema.org\",\"@graph\":[{\"@type\":\"WebPage\",\"@id\":\"https:\/\/a-desk.org\/ca\/magazine\/felicitats-sala-daart-jove\/\",\"url\":\"https:\/\/a-desk.org\/ca\/magazine\/felicitats-sala-daart-jove\/\",\"name\":\"Felicitats Sala d\u00b4Art Jove &#8211; A*Desk\",\"isPartOf\":{\"@id\":\"https:\/\/a-desk.org\/#website\"},\"primaryImageOfPage\":{\"@id\":\"https:\/\/a-desk.org\/ca\/magazine\/felicitats-sala-daart-jove\/#primaryimage\"},\"image\":{\"@id\":\"https:\/\/a-desk.org\/ca\/magazine\/felicitats-sala-daart-jove\/#primaryimage\"},\"thumbnailUrl\":\"https:\/\/a-desk.org\/wp-content\/uploads\/2012\/02\/arton1316.jpg\",\"datePublished\":\"2012-02-04T05:38:58+00:00\",\"dateModified\":\"2012-02-04T05:38:58+00:00\",\"author\":{\"@id\":\"https:\/\/a-desk.org\/#\/schema\/person\/7381bbdb39f260ec0a87c87552487a72\"},\"breadcrumb\":{\"@id\":\"https:\/\/a-desk.org\/ca\/magazine\/felicitats-sala-daart-jove\/#breadcrumb\"},\"inLanguage\":\"ca\",\"potentialAction\":[{\"@type\":\"ReadAction\",\"target\":[\"https:\/\/a-desk.org\/ca\/magazine\/felicitats-sala-daart-jove\/\"]}]},{\"@type\":\"ImageObject\",\"inLanguage\":\"ca\",\"@id\":\"https:\/\/a-desk.org\/ca\/magazine\/felicitats-sala-daart-jove\/#primaryimage\",\"url\":\"https:\/\/a-desk.org\/wp-content\/uploads\/2012\/02\/arton1316.jpg\",\"contentUrl\":\"https:\/\/a-desk.org\/wp-content\/uploads\/2012\/02\/arton1316.jpg\",\"width\":298,\"height\":230},{\"@type\":\"BreadcrumbList\",\"@id\":\"https:\/\/a-desk.org\/ca\/magazine\/felicitats-sala-daart-jove\/#breadcrumb\",\"itemListElement\":[{\"@type\":\"ListItem\",\"position\":1,\"name\":\"Portada\",\"item\":\"https:\/\/a-desk.org\/ca\/\"},{\"@type\":\"ListItem\",\"position\":2,\"name\":\"Felicitats Sala d\u00b4Art Jove\"}]},{\"@type\":\"WebSite\",\"@id\":\"https:\/\/a-desk.org\/#website\",\"url\":\"https:\/\/a-desk.org\/\",\"name\":\"A*Desk\",\"description\":\"A*Desk Critical Thinking\",\"potentialAction\":[{\"@type\":\"SearchAction\",\"target\":{\"@type\":\"EntryPoint\",\"urlTemplate\":\"https:\/\/a-desk.org\/?s={search_term_string}\"},\"query-input\":\"required name=search_term_string\"}],\"inLanguage\":\"ca\"},{\"@type\":\"Person\",\"@id\":\"https:\/\/a-desk.org\/#\/schema\/person\/7381bbdb39f260ec0a87c87552487a72\",\"name\":\"David G. Torres\",\"image\":{\"@type\":\"ImageObject\",\"inLanguage\":\"ca\",\"@id\":\"https:\/\/a-desk.org\/#\/schema\/person\/image\/6f917ea5cf8345bb5ac51d4861792640\",\"url\":\"https:\/\/secure.gravatar.com\/avatar\/ec4c6a2eb8a0dfca52ad37adba8a93c2?s=96&d=mm&r=g\",\"contentUrl\":\"https:\/\/secure.gravatar.com\/avatar\/ec4c6a2eb8a0dfca52ad37adba8a93c2?s=96&d=mm&r=g\",\"caption\":\"David G. Torres\"},\"description\":\"Catal\u00e0\",\"url\":\"https:\/\/a-desk.org\/ca\/autor\/david\/\"}]}<\/script>\n<!-- \/ Yoast SEO plugin. -->","yoast_head_json":{"title":"Felicitats Sala d\u00b4Art Jove &#8211; A*Desk","robots":{"index":"index","follow":"follow","max-snippet":"max-snippet:-1","max-image-preview":"max-image-preview:large","max-video-preview":"max-video-preview:-1"},"canonical":"https:\/\/a-desk.org\/ca\/magazine\/felicitats-sala-daart-jove\/","og_locale":"ca_ES","og_type":"article","og_title":"Felicitats Sala d\u00b4Art Jove &#8211; A*Desk","og_description":"Ens alegrem molt\u00edssim que el projecte de la Sala d&#8217;Art Jove de la Generalitat gestionat per Txuma S\u00e1nchez i Oriol Fontdevila, hagi guanyat un dels premis Ciutat de Barcelona. Sens...","og_url":"https:\/\/a-desk.org\/ca\/magazine\/felicitats-sala-daart-jove\/","og_site_name":"A*Desk","article_published_time":"2012-02-04T05:38:58+00:00","og_image":[{"width":298,"height":230,"url":"https:\/\/a-desk.org\/wp-content\/uploads\/2012\/02\/arton1316.jpg","type":"image\/jpeg"}],"author":"A*DESK","twitter_card":"summary_large_image","twitter_misc":{"Escrit per":"David G. Torres","Temps estimat de lectura":"2 minuts","Written by":"A*DESK"},"schema":{"@context":"https:\/\/schema.org","@graph":[{"@type":"WebPage","@id":"https:\/\/a-desk.org\/ca\/magazine\/felicitats-sala-daart-jove\/","url":"https:\/\/a-desk.org\/ca\/magazine\/felicitats-sala-daart-jove\/","name":"Felicitats Sala d\u00b4Art Jove &#8211; A*Desk","isPartOf":{"@id":"https:\/\/a-desk.org\/#website"},"primaryImageOfPage":{"@id":"https:\/\/a-desk.org\/ca\/magazine\/felicitats-sala-daart-jove\/#primaryimage"},"image":{"@id":"https:\/\/a-desk.org\/ca\/magazine\/felicitats-sala-daart-jove\/#primaryimage"},"thumbnailUrl":"https:\/\/a-desk.org\/wp-content\/uploads\/2012\/02\/arton1316.jpg","datePublished":"2012-02-04T05:38:58+00:00","dateModified":"2012-02-04T05:38:58+00:00","author":{"@id":"https:\/\/a-desk.org\/#\/schema\/person\/7381bbdb39f260ec0a87c87552487a72"},"breadcrumb":{"@id":"https:\/\/a-desk.org\/ca\/magazine\/felicitats-sala-daart-jove\/#breadcrumb"},"inLanguage":"ca","potentialAction":[{"@type":"ReadAction","target":["https:\/\/a-desk.org\/ca\/magazine\/felicitats-sala-daart-jove\/"]}]},{"@type":"ImageObject","inLanguage":"ca","@id":"https:\/\/a-desk.org\/ca\/magazine\/felicitats-sala-daart-jove\/#primaryimage","url":"https:\/\/a-desk.org\/wp-content\/uploads\/2012\/02\/arton1316.jpg","contentUrl":"https:\/\/a-desk.org\/wp-content\/uploads\/2012\/02\/arton1316.jpg","width":298,"height":230},{"@type":"BreadcrumbList","@id":"https:\/\/a-desk.org\/ca\/magazine\/felicitats-sala-daart-jove\/#breadcrumb","itemListElement":[{"@type":"ListItem","position":1,"name":"Portada","item":"https:\/\/a-desk.org\/ca\/"},{"@type":"ListItem","position":2,"name":"Felicitats Sala d\u00b4Art Jove"}]},{"@type":"WebSite","@id":"https:\/\/a-desk.org\/#website","url":"https:\/\/a-desk.org\/","name":"A*Desk","description":"A*Desk Critical Thinking","potentialAction":[{"@type":"SearchAction","target":{"@type":"EntryPoint","urlTemplate":"https:\/\/a-desk.org\/?s={search_term_string}"},"query-input":"required name=search_term_string"}],"inLanguage":"ca"},{"@type":"Person","@id":"https:\/\/a-desk.org\/#\/schema\/person\/7381bbdb39f260ec0a87c87552487a72","name":"David G. Torres","image":{"@type":"ImageObject","inLanguage":"ca","@id":"https:\/\/a-desk.org\/#\/schema\/person\/image\/6f917ea5cf8345bb5ac51d4861792640","url":"https:\/\/secure.gravatar.com\/avatar\/ec4c6a2eb8a0dfca52ad37adba8a93c2?s=96&d=mm&r=g","contentUrl":"https:\/\/secure.gravatar.com\/avatar\/ec4c6a2eb8a0dfca52ad37adba8a93c2?s=96&d=mm&r=g","caption":"David G. Torres"},"description":"Catal\u00e0","url":"https:\/\/a-desk.org\/ca\/autor\/david\/"}]}},"_links":{"self":[{"href":"https:\/\/a-desk.org\/ca\/wp-json\/wp\/v2\/posts\/6840"}],"collection":[{"href":"https:\/\/a-desk.org\/ca\/wp-json\/wp\/v2\/posts"}],"about":[{"href":"https:\/\/a-desk.org\/ca\/wp-json\/wp\/v2\/types\/post"}],"author":[{"embeddable":true,"href":"https:\/\/a-desk.org\/ca\/wp-json\/wp\/v2\/users\/1237"}],"replies":[{"embeddable":true,"href":"https:\/\/a-desk.org\/ca\/wp-json\/wp\/v2\/comments?post=6840"}],"version-history":[{"count":0,"href":"https:\/\/a-desk.org\/ca\/wp-json\/wp\/v2\/posts\/6840\/revisions"}],"wp:featuredmedia":[{"embeddable":true,"href":"https:\/\/a-desk.org\/ca\/wp-json\/wp\/v2\/media\/6839"}],"wp:attachment":[{"href":"https:\/\/a-desk.org\/ca\/wp-json\/wp\/v2\/media?parent=6840"}],"wp:term":[{"taxonomy":"category","embeddable":true,"href":"https:\/\/a-desk.org\/ca\/wp-json\/wp\/v2\/categories?post=6840"},{"taxonomy":"post_tag","embeddable":true,"href":"https:\/\/a-desk.org\/ca\/wp-json\/wp\/v2\/tags?post=6840"},{"taxonomy":"author","embeddable":true,"href":"https:\/\/a-desk.org\/ca\/wp-json\/wp\/v2\/coauthors?post=6840"}],"curies":[{"name":"wp","href":"https:\/\/api.w.org\/{rel}","templated":true}]}}