{"id":6853,"date":"2012-02-11T12:24:14","date_gmt":"2012-02-11T12:24:14","guid":{"rendered":"http:\/\/a-desk.org\/2012\/02\/11\/barcelona-centres-d-art\/"},"modified":"2012-02-11T12:24:14","modified_gmt":"2012-02-11T12:24:14","slug":"barcelona-centres-d-art","status":"publish","type":"post","link":"https:\/\/a-desk.org\/ca\/magazine\/barcelona-centres-d-art\/","title":{"rendered":"Barcelona: centres d&#8217;art"},"content":{"rendered":"<p>Despr\u00e9s de la reuni\u00f3 de la Comissi\u00f3 Delegada del MACBA, finalment ja s&#8217;han fet p\u00fablics els acords entre MACBA, Generalitat i Ajuntament que reorganitzen el mapa art\u00edstic institucional de Barcelona: el Can\u00f2drom no ser\u00e0 la seu d&#8217;un futur Centre d&#8217;Art de Barcelona i Moritz K\u00fcng no ser\u00e0 el seu director; Fabra i Coats acollir\u00e0 aquest futur Centre d&#8217;Art de Barcelona, \u200b\u200bsense una direcci\u00f3 fixa sin\u00f3 amb una taula curatorial que decidir\u00e0 els continguts, i tot dependr\u00e0 del Macba que tamb\u00e9 assumir\u00e0 La Virreina, l&#8217;edifici del FAD quan es traslladi a la nova seu a Les Gl\u00f2ries, la Capella i part del CCCB.<\/p>\n<p>\u2028Cal recordar que la reclamaci\u00f3 del Can\u00f2drom com a seu del Centre d&#8217;Art de Barcelona no sempre ha estat vista com una bona opci\u00f3. Mentre que el Can\u00f2drom com a seu per aquest futur centre semblava un fet certificat per la Generalitat i l\u00b4Ajuntament de Barcelona encara es reclamava el paper del Centre d&#8217;Art Santa M\u00f2nica reformulat despr\u00e9s de la dimissi\u00f3 de Ferran Barenblit i l&#8217;enc\u00e0rrec sense concurs p\u00fablic a Vicen\u00e7 Altai\u00f3. El fet \u00e9s que amb la nova denominaci\u00f3, Arts Santa M\u00f2nica, ara perilla la seva situaci\u00f3 a base de retallades pressupost\u00e0ries. Convindria tamb\u00e9 reclamar que no es perdi aquest espai.<\/p>\n<p>\u2028Efectivament els responsables administratius no han portat b\u00e9 el tema del Can\u00f2drom. Va comen\u00e7ar sense gaire convicci\u00f3 com un intent per acontentar el sector despr\u00e9s de les seves reivindicacions per l\u00b4affaire Santa M\u00f2nica (la necessitat que fos un centre d&#8217;art despr\u00e9s d&#8217;un concurs per la seva direcci\u00f3). I han passat un parell d&#8217;anys marejant la perdiu i sobretot al seu director, Moritz K\u00fcng, escollit despr\u00e9s d&#8217;un concurs, amb un projecte que no ha pogut definir ni defensar. Mentrestant, molt de temps, energies i diners perduts.<\/p>\n<p>\u2028Si fins ara l&#8217;entramat d&#8217;institucions art\u00edstiques de la ciutat depenia de l&#8217;administraci\u00f3, ara sembla que dependr\u00e0 del Macba. Per\u00f2, una instituci\u00f3 \u00fanica no crea teixit, aquest es crea des de la diversitat. Fomentar i reflectir aquesta diversitat implica obrir el ventall d&#8217;opcions, obrir-se a diferents agents, generar projectes, visibilitat i intercanvi amb altres agents en una discussi\u00f3 global.<\/p>\n<p>\u2028Amb tot el temps i diners perduts en el proc\u00e9s el pla actual requereix optimitzar les inversions. La depend\u00e8ncia de totes les institucions d&#8217;una sola elimina la pol\u00edtica de concursos, per\u00f2 aix\u00f2 no ha d&#8217;implicar la ren\u00fancia tamb\u00e9 al seu democratitzaci\u00f3 i la seva diversitat. Per aix\u00f2, encara que l\u00b4Ajuntament, la Generalitat i el Macba han parlat de biodiversitat (sic), ni en un ni en altre sentit \u00e9s bona senyal la informaci\u00f3 m\u00e9s concreta de <a href=\"http:\/\/www.lavanguardia.com\/politica\/20120208\/54251035158\/moritz-kung-no-director-canodrom.html\">La Vanguardia a prop\u00f2sit de Fabra i Coats la programaci\u00f3 del qual &#8220;anir\u00e0 a c\u00e0rrec d&#8217;un&#8221; taula curatorial &#8220;formada per representants del Macba, la Virreina Centre de la Imatge i la Capella del carrer Hospital, i que programaran com a m\u00ednim tres exposicions anuals&#8221;.<\/a><\/p>\n","protected":false},"excerpt":{"rendered":"<p>Despr\u00e9s de la reuni\u00f3 de la Comissi\u00f3 Delegada del MACBA, finalment ja s&#8217;han fet p\u00fablics els acords entre MACBA, Generalitat i Ajuntament que reorganitzen el mapa art\u00edstic institucional de Barcelona:&#8230;<\/p>\n","protected":false},"author":1241,"featured_media":6852,"comment_status":"open","ping_status":"open","sticky":false,"template":"","format":"standard","meta":{"_relevanssi_hide_post":"","_relevanssi_hide_content":"","_relevanssi_pin_for_all":"","_relevanssi_pin_keywords":"","_relevanssi_unpin_keywords":"","_relevanssi_related_keywords":"","_relevanssi_related_include_ids":"","_relevanssi_related_exclude_ids":"","_relevanssi_related_no_append":"","_relevanssi_related_not_related":"","_relevanssi_related_posts":"","_relevanssi_noindex_reason":"","footnotes":""},"categories":[6782],"tags":[],"coauthors":[6369],"acf":[],"yoast_head":"<!-- This site is optimized with the Yoast SEO plugin v22.6 - https:\/\/yoast.com\/wordpress\/plugins\/seo\/ -->\n<title>Barcelona: centres d&#039;art &#8211; A*Desk<\/title>\n<meta name=\"robots\" content=\"index, follow, max-snippet:-1, max-image-preview:large, max-video-preview:-1\" \/>\n<link rel=\"canonical\" href=\"https:\/\/a-desk.org\/ca\/magazine\/barcelona-centres-d-art\/\" \/>\n<meta property=\"og:locale\" content=\"ca_ES\" \/>\n<meta property=\"og:type\" content=\"article\" \/>\n<meta property=\"og:title\" content=\"Barcelona: centres d&#039;art &#8211; A*Desk\" \/>\n<meta property=\"og:description\" content=\"Despr\u00e9s de la reuni\u00f3 de la Comissi\u00f3 Delegada del MACBA, finalment ja s&#8217;han fet p\u00fablics els acords entre MACBA, Generalitat i Ajuntament que reorganitzen el mapa art\u00edstic institucional de Barcelona:...\" \/>\n<meta property=\"og:url\" content=\"https:\/\/a-desk.org\/ca\/magazine\/barcelona-centres-d-art\/\" \/>\n<meta property=\"og:site_name\" content=\"A*Desk\" \/>\n<meta property=\"article:published_time\" content=\"2012-02-11T12:24:14+00:00\" \/>\n<meta property=\"og:image\" content=\"https:\/\/a-desk.org\/wp-content\/uploads\/2012\/02\/arton1339.jpg\" \/>\n\t<meta property=\"og:image:width\" content=\"494\" \/>\n\t<meta property=\"og:image:height\" content=\"370\" \/>\n\t<meta property=\"og:image:type\" content=\"image\/jpeg\" \/>\n<meta name=\"author\" content=\"A*DESK\" \/>\n<meta name=\"twitter:card\" content=\"summary_large_image\" \/>\n<meta name=\"twitter:label1\" content=\"Escrit per\" \/>\n\t<meta name=\"twitter:data1\" content=\"A*DESK\" \/>\n\t<meta name=\"twitter:label2\" content=\"Temps estimat de lectura\" \/>\n\t<meta name=\"twitter:data2\" content=\"2 minuts\" \/>\n\t<meta name=\"twitter:label3\" content=\"Written by\" \/>\n\t<meta name=\"twitter:data3\" content=\"A*DESK\" \/>\n<script type=\"application\/ld+json\" class=\"yoast-schema-graph\">{\"@context\":\"https:\/\/schema.org\",\"@graph\":[{\"@type\":\"WebPage\",\"@id\":\"https:\/\/a-desk.org\/ca\/magazine\/barcelona-centres-d-art\/\",\"url\":\"https:\/\/a-desk.org\/ca\/magazine\/barcelona-centres-d-art\/\",\"name\":\"Barcelona: centres d'art &#8211; A*Desk\",\"isPartOf\":{\"@id\":\"https:\/\/a-desk.org\/#website\"},\"primaryImageOfPage\":{\"@id\":\"https:\/\/a-desk.org\/ca\/magazine\/barcelona-centres-d-art\/#primaryimage\"},\"image\":{\"@id\":\"https:\/\/a-desk.org\/ca\/magazine\/barcelona-centres-d-art\/#primaryimage\"},\"thumbnailUrl\":\"https:\/\/a-desk.org\/wp-content\/uploads\/2012\/02\/arton1339.jpg\",\"datePublished\":\"2012-02-11T12:24:14+00:00\",\"dateModified\":\"2012-02-11T12:24:14+00:00\",\"author\":{\"@id\":\"https:\/\/a-desk.org\/#\/schema\/person\/e32f2cc33a81d4e3e29207cb91b1c058\"},\"breadcrumb\":{\"@id\":\"https:\/\/a-desk.org\/ca\/magazine\/barcelona-centres-d-art\/#breadcrumb\"},\"inLanguage\":\"ca\",\"potentialAction\":[{\"@type\":\"ReadAction\",\"target\":[\"https:\/\/a-desk.org\/ca\/magazine\/barcelona-centres-d-art\/\"]}]},{\"@type\":\"ImageObject\",\"inLanguage\":\"ca\",\"@id\":\"https:\/\/a-desk.org\/ca\/magazine\/barcelona-centres-d-art\/#primaryimage\",\"url\":\"https:\/\/a-desk.org\/wp-content\/uploads\/2012\/02\/arton1339.jpg\",\"contentUrl\":\"https:\/\/a-desk.org\/wp-content\/uploads\/2012\/02\/arton1339.jpg\",\"width\":494,\"height\":370},{\"@type\":\"BreadcrumbList\",\"@id\":\"https:\/\/a-desk.org\/ca\/magazine\/barcelona-centres-d-art\/#breadcrumb\",\"itemListElement\":[{\"@type\":\"ListItem\",\"position\":1,\"name\":\"Portada\",\"item\":\"https:\/\/a-desk.org\/ca\/\"},{\"@type\":\"ListItem\",\"position\":2,\"name\":\"Barcelona: centres d&#8217;art\"}]},{\"@type\":\"WebSite\",\"@id\":\"https:\/\/a-desk.org\/#website\",\"url\":\"https:\/\/a-desk.org\/\",\"name\":\"A*Desk\",\"description\":\"A*Desk Critical Thinking\",\"potentialAction\":[{\"@type\":\"SearchAction\",\"target\":{\"@type\":\"EntryPoint\",\"urlTemplate\":\"https:\/\/a-desk.org\/?s={search_term_string}\"},\"query-input\":\"required name=search_term_string\"}],\"inLanguage\":\"ca\"},{\"@type\":\"Person\",\"@id\":\"https:\/\/a-desk.org\/#\/schema\/person\/e32f2cc33a81d4e3e29207cb91b1c058\",\"name\":\"A*DESK\",\"image\":{\"@type\":\"ImageObject\",\"inLanguage\":\"ca\",\"@id\":\"https:\/\/a-desk.org\/#\/schema\/person\/image\/10ff463f7c1b7bf67a9b0c7cb7d009a0\",\"url\":\"https:\/\/secure.gravatar.com\/avatar\/512021342347efd46b63b4246a323676?s=96&d=mm&r=g\",\"contentUrl\":\"https:\/\/secure.gravatar.com\/avatar\/512021342347efd46b63b4246a323676?s=96&d=mm&r=g\",\"caption\":\"A*DESK\"},\"url\":\"https:\/\/a-desk.org\/ca\/autor\/audeske\/\"}]}<\/script>\n<!-- \/ Yoast SEO plugin. -->","yoast_head_json":{"title":"Barcelona: centres d'art &#8211; A*Desk","robots":{"index":"index","follow":"follow","max-snippet":"max-snippet:-1","max-image-preview":"max-image-preview:large","max-video-preview":"max-video-preview:-1"},"canonical":"https:\/\/a-desk.org\/ca\/magazine\/barcelona-centres-d-art\/","og_locale":"ca_ES","og_type":"article","og_title":"Barcelona: centres d'art &#8211; A*Desk","og_description":"Despr\u00e9s de la reuni\u00f3 de la Comissi\u00f3 Delegada del MACBA, finalment ja s&#8217;han fet p\u00fablics els acords entre MACBA, Generalitat i Ajuntament que reorganitzen el mapa art\u00edstic institucional de Barcelona:...","og_url":"https:\/\/a-desk.org\/ca\/magazine\/barcelona-centres-d-art\/","og_site_name":"A*Desk","article_published_time":"2012-02-11T12:24:14+00:00","og_image":[{"width":494,"height":370,"url":"https:\/\/a-desk.org\/wp-content\/uploads\/2012\/02\/arton1339.jpg","type":"image\/jpeg"}],"author":"A*DESK","twitter_card":"summary_large_image","twitter_misc":{"Escrit per":"A*DESK","Temps estimat de lectura":"2 minuts","Written by":"A*DESK"},"schema":{"@context":"https:\/\/schema.org","@graph":[{"@type":"WebPage","@id":"https:\/\/a-desk.org\/ca\/magazine\/barcelona-centres-d-art\/","url":"https:\/\/a-desk.org\/ca\/magazine\/barcelona-centres-d-art\/","name":"Barcelona: centres d'art &#8211; A*Desk","isPartOf":{"@id":"https:\/\/a-desk.org\/#website"},"primaryImageOfPage":{"@id":"https:\/\/a-desk.org\/ca\/magazine\/barcelona-centres-d-art\/#primaryimage"},"image":{"@id":"https:\/\/a-desk.org\/ca\/magazine\/barcelona-centres-d-art\/#primaryimage"},"thumbnailUrl":"https:\/\/a-desk.org\/wp-content\/uploads\/2012\/02\/arton1339.jpg","datePublished":"2012-02-11T12:24:14+00:00","dateModified":"2012-02-11T12:24:14+00:00","author":{"@id":"https:\/\/a-desk.org\/#\/schema\/person\/e32f2cc33a81d4e3e29207cb91b1c058"},"breadcrumb":{"@id":"https:\/\/a-desk.org\/ca\/magazine\/barcelona-centres-d-art\/#breadcrumb"},"inLanguage":"ca","potentialAction":[{"@type":"ReadAction","target":["https:\/\/a-desk.org\/ca\/magazine\/barcelona-centres-d-art\/"]}]},{"@type":"ImageObject","inLanguage":"ca","@id":"https:\/\/a-desk.org\/ca\/magazine\/barcelona-centres-d-art\/#primaryimage","url":"https:\/\/a-desk.org\/wp-content\/uploads\/2012\/02\/arton1339.jpg","contentUrl":"https:\/\/a-desk.org\/wp-content\/uploads\/2012\/02\/arton1339.jpg","width":494,"height":370},{"@type":"BreadcrumbList","@id":"https:\/\/a-desk.org\/ca\/magazine\/barcelona-centres-d-art\/#breadcrumb","itemListElement":[{"@type":"ListItem","position":1,"name":"Portada","item":"https:\/\/a-desk.org\/ca\/"},{"@type":"ListItem","position":2,"name":"Barcelona: centres d&#8217;art"}]},{"@type":"WebSite","@id":"https:\/\/a-desk.org\/#website","url":"https:\/\/a-desk.org\/","name":"A*Desk","description":"A*Desk Critical Thinking","potentialAction":[{"@type":"SearchAction","target":{"@type":"EntryPoint","urlTemplate":"https:\/\/a-desk.org\/?s={search_term_string}"},"query-input":"required name=search_term_string"}],"inLanguage":"ca"},{"@type":"Person","@id":"https:\/\/a-desk.org\/#\/schema\/person\/e32f2cc33a81d4e3e29207cb91b1c058","name":"A*DESK","image":{"@type":"ImageObject","inLanguage":"ca","@id":"https:\/\/a-desk.org\/#\/schema\/person\/image\/10ff463f7c1b7bf67a9b0c7cb7d009a0","url":"https:\/\/secure.gravatar.com\/avatar\/512021342347efd46b63b4246a323676?s=96&d=mm&r=g","contentUrl":"https:\/\/secure.gravatar.com\/avatar\/512021342347efd46b63b4246a323676?s=96&d=mm&r=g","caption":"A*DESK"},"url":"https:\/\/a-desk.org\/ca\/autor\/audeske\/"}]}},"_links":{"self":[{"href":"https:\/\/a-desk.org\/ca\/wp-json\/wp\/v2\/posts\/6853"}],"collection":[{"href":"https:\/\/a-desk.org\/ca\/wp-json\/wp\/v2\/posts"}],"about":[{"href":"https:\/\/a-desk.org\/ca\/wp-json\/wp\/v2\/types\/post"}],"author":[{"embeddable":true,"href":"https:\/\/a-desk.org\/ca\/wp-json\/wp\/v2\/users\/1241"}],"replies":[{"embeddable":true,"href":"https:\/\/a-desk.org\/ca\/wp-json\/wp\/v2\/comments?post=6853"}],"version-history":[{"count":0,"href":"https:\/\/a-desk.org\/ca\/wp-json\/wp\/v2\/posts\/6853\/revisions"}],"wp:featuredmedia":[{"embeddable":true,"href":"https:\/\/a-desk.org\/ca\/wp-json\/wp\/v2\/media\/6852"}],"wp:attachment":[{"href":"https:\/\/a-desk.org\/ca\/wp-json\/wp\/v2\/media?parent=6853"}],"wp:term":[{"taxonomy":"category","embeddable":true,"href":"https:\/\/a-desk.org\/ca\/wp-json\/wp\/v2\/categories?post=6853"},{"taxonomy":"post_tag","embeddable":true,"href":"https:\/\/a-desk.org\/ca\/wp-json\/wp\/v2\/tags?post=6853"},{"taxonomy":"author","embeddable":true,"href":"https:\/\/a-desk.org\/ca\/wp-json\/wp\/v2\/coauthors?post=6853"}],"curies":[{"name":"wp","href":"https:\/\/api.w.org\/{rel}","templated":true}]}}