{"id":6857,"date":"2012-02-20T08:14:15","date_gmt":"2012-02-20T08:14:15","guid":{"rendered":"http:\/\/a-desk.org\/2012\/02\/20\/carta-de-recolzament-a-l-espai\/"},"modified":"2012-02-20T08:14:15","modified_gmt":"2012-02-20T08:14:15","slug":"carta-de-recolzament-a-l-espai","status":"publish","type":"post","link":"https:\/\/a-desk.org\/ca\/magazine\/carta-de-recolzament-a-l-espai\/","title":{"rendered":"Carta de recolzament a l\u2019Espai Zero1 d\u2019Olot"},"content":{"rendered":"<p><em>Davant de les informacions que apunten al tancament de l\u2019\u00e0rea de creaci\u00f3 contempor\u00e0nia d\u2019Olot (Espai Zero1, Sala 15, Beques de creaci\u00f3, coproducci\u00f3 amb d\u2019altres centres d\u2019art, \u2026) i l\u2019acomiadament del seu director, David Santaeul\u00e0ria, demanem a l\u2019ajuntament olot\u00ed que es repensi aquesta decisi\u00f3 atenent als seg\u00fcents punts:<\/p>\n<p>1. Som conscients que la cultura no pot quedar al marge de l\u2019esfor\u00e7 d\u2019estalvi general, i que no seria just preservar-la de les retallades que afecten a tots els \u00e0mbits socials. Retallar, per\u00f2, no vol dir eliminar. La pol\u00edtica cultural ha d\u2019apostar decididament per defensar les propostes m\u00e9s fr\u00e0gils, aquelles que resulten inviables des de la l\u00f2gica del negoci i que, com \u00e9s el cas de les pr\u00e0ctiques art\u00edstiques contempor\u00e0nies, promouen l\u2019aparici\u00f3 d\u2019idees innovadores i propostes in\u00e8dites.Tanmateix, recordem que l\u2019origen d\u2019aquesta \u00e0rea sorg\u00ed del Pla de Cultura de la Ciutat d\u2019Olot, el qual compt\u00e0 amb el consens de tots els partits, i va ser redactat i revisat fa tres anys amb la participaci\u00f3 directa de la ciutadania.<\/p>\n<p>2. Recordem que el paper de Zero1 no s\u2019ha limitat a ser un espai expositiu de la perif\u00e8ria, sin\u00f3 que ha aconseguit consolidar-se com un espai generador de propostes creatives dins del circuit art\u00edstic nacional m\u00e9s punter, paper d\u2019altra banda reconegut p\u00fablicament per tots els professionals del sector de Catalunya, amb un prestigi cultural f\u00e0cilment comprovable si s\u2019observa la seva constant repercussi\u00f3 medi\u00e0tica. Un espai que tamb\u00e9 ha sabut connectar-se i interrelacionar-se amb el circuit art\u00edstic internacional. Entre d\u2019altres centres i institucions l\u2019espai Zer01 ha col.laborat amb: Instituto Cervantes Estocolm, Rijksakademie Amsterdam, Sala Rekalde Bilbao, MUSAC Leon, CDAN Huesca, Centre d\u2019Art la Panera Lleida, CGAC Santiago de Compostela, Pavell\u00f3 de Catalunya de la Biennal de Ven\u00e8cia, el Centre de Cultura Contempor\u00e0nia de Barcelona CCCB, \u2026<\/p>\n<p>3. Pensem que la gesti\u00f3 d\u2019en David Santaeul\u00e0ria al capdavant d\u2019una activitat tan exitosa i complexa com l\u2019\u00c0rea de Creaci\u00f3 Contempor\u00e0nia, les inversions econ\u00f2miques que hi han fet l\u2019ajuntament i altres institucions, juntament amb les aportacions creatives de totes les persones que hi han participat, constitueixen un actiu cultural de primera magnitud, que contribueix a la imatge d\u2019Olot com a ciutat a l\u2019avantguarda de la creativitat i la innovaci\u00f3 que, en l\u2019actual context econ\u00f2mic, cultural i social, cal preservar m\u00e9s que mai.<\/p>\n<p>4. Podem entendre la voluntat d\u2019estalvi i contenci\u00f3 de la despesa de l\u2019Ajuntament d\u2019Olot, per\u00f2 aquesta voluntat no pot servir de pretext pol\u00edtic per eliminar tot una \u00e0rea cultural, per m\u00e9s que no se la consideri priorit\u00e0ria. Demanem la m\u00e0xima disposici\u00f3 al di\u00e0leg, per tal de trobar una soluci\u00f3 que permeti el manteniment de l\u00ednia de treball de l\u2019\u00c0rea de Creaci\u00f3 Contempor\u00e0nia que ha impulsat en David Santaeul\u00e0ria, adaptada al nou context econ\u00f2mic.<\/p>\n<p>Olot 20 de febrer de 2012<\/em><\/p>\n","protected":false},"excerpt":{"rendered":"<p>Davant de les informacions que apunten al tancament de l\u2019\u00e0rea de creaci\u00f3 contempor\u00e0nia d\u2019Olot (Espai Zero1, Sala 15, Beques de creaci\u00f3, coproducci\u00f3 amb d\u2019altres centres d\u2019art, \u2026) i l\u2019acomiadament del&#8230;<\/p>\n","protected":false},"author":1241,"featured_media":6856,"comment_status":"open","ping_status":"open","sticky":false,"template":"","format":"standard","meta":{"_relevanssi_hide_post":"","_relevanssi_hide_content":"","_relevanssi_pin_for_all":"","_relevanssi_pin_keywords":"","_relevanssi_unpin_keywords":"","_relevanssi_related_keywords":"","_relevanssi_related_include_ids":"","_relevanssi_related_exclude_ids":"","_relevanssi_related_no_append":"","_relevanssi_related_not_related":"","_relevanssi_related_posts":"","_relevanssi_noindex_reason":"","footnotes":""},"categories":[6782],"tags":[],"coauthors":[6369],"acf":[],"yoast_head":"<!-- This site is optimized with the Yoast SEO plugin v22.6 - https:\/\/yoast.com\/wordpress\/plugins\/seo\/ -->\n<title>Carta de recolzament a l\u2019Espai Zero1 d\u2019Olot &#8211; A*Desk<\/title>\n<meta name=\"robots\" content=\"index, follow, max-snippet:-1, max-image-preview:large, max-video-preview:-1\" \/>\n<link rel=\"canonical\" href=\"https:\/\/a-desk.org\/ca\/magazine\/carta-de-recolzament-a-l-espai\/\" \/>\n<meta property=\"og:locale\" content=\"ca_ES\" \/>\n<meta property=\"og:type\" content=\"article\" \/>\n<meta property=\"og:title\" content=\"Carta de recolzament a l\u2019Espai Zero1 d\u2019Olot &#8211; A*Desk\" \/>\n<meta property=\"og:description\" content=\"Davant de les informacions que apunten al tancament de l\u2019\u00e0rea de creaci\u00f3 contempor\u00e0nia d\u2019Olot (Espai Zero1, Sala 15, Beques de creaci\u00f3, coproducci\u00f3 amb d\u2019altres centres d\u2019art, \u2026) i l\u2019acomiadament del...\" \/>\n<meta property=\"og:url\" content=\"https:\/\/a-desk.org\/ca\/magazine\/carta-de-recolzament-a-l-espai\/\" \/>\n<meta property=\"og:site_name\" content=\"A*Desk\" \/>\n<meta property=\"article:published_time\" content=\"2012-02-20T08:14:15+00:00\" \/>\n<meta property=\"og:image\" content=\"https:\/\/a-desk.org\/wp-content\/uploads\/2012\/02\/arton1341.jpg\" \/>\n\t<meta property=\"og:image:width\" content=\"422\" \/>\n\t<meta property=\"og:image:height\" content=\"426\" \/>\n\t<meta property=\"og:image:type\" content=\"image\/jpeg\" \/>\n<meta name=\"author\" content=\"A*DESK\" \/>\n<meta name=\"twitter:card\" content=\"summary_large_image\" \/>\n<meta name=\"twitter:label1\" content=\"Escrit per\" \/>\n\t<meta name=\"twitter:data1\" content=\"A*DESK\" \/>\n\t<meta name=\"twitter:label2\" content=\"Temps estimat de lectura\" \/>\n\t<meta name=\"twitter:data2\" content=\"3 minuts\" \/>\n\t<meta name=\"twitter:label3\" content=\"Written by\" \/>\n\t<meta name=\"twitter:data3\" content=\"A*DESK\" \/>\n<script type=\"application\/ld+json\" class=\"yoast-schema-graph\">{\"@context\":\"https:\/\/schema.org\",\"@graph\":[{\"@type\":\"WebPage\",\"@id\":\"https:\/\/a-desk.org\/ca\/magazine\/carta-de-recolzament-a-l-espai\/\",\"url\":\"https:\/\/a-desk.org\/ca\/magazine\/carta-de-recolzament-a-l-espai\/\",\"name\":\"Carta de recolzament a l\u2019Espai Zero1 d\u2019Olot &#8211; A*Desk\",\"isPartOf\":{\"@id\":\"https:\/\/a-desk.org\/#website\"},\"primaryImageOfPage\":{\"@id\":\"https:\/\/a-desk.org\/ca\/magazine\/carta-de-recolzament-a-l-espai\/#primaryimage\"},\"image\":{\"@id\":\"https:\/\/a-desk.org\/ca\/magazine\/carta-de-recolzament-a-l-espai\/#primaryimage\"},\"thumbnailUrl\":\"https:\/\/a-desk.org\/wp-content\/uploads\/2012\/02\/arton1341.jpg\",\"datePublished\":\"2012-02-20T08:14:15+00:00\",\"dateModified\":\"2012-02-20T08:14:15+00:00\",\"author\":{\"@id\":\"https:\/\/a-desk.org\/#\/schema\/person\/e32f2cc33a81d4e3e29207cb91b1c058\"},\"breadcrumb\":{\"@id\":\"https:\/\/a-desk.org\/ca\/magazine\/carta-de-recolzament-a-l-espai\/#breadcrumb\"},\"inLanguage\":\"ca\",\"potentialAction\":[{\"@type\":\"ReadAction\",\"target\":[\"https:\/\/a-desk.org\/ca\/magazine\/carta-de-recolzament-a-l-espai\/\"]}]},{\"@type\":\"ImageObject\",\"inLanguage\":\"ca\",\"@id\":\"https:\/\/a-desk.org\/ca\/magazine\/carta-de-recolzament-a-l-espai\/#primaryimage\",\"url\":\"https:\/\/a-desk.org\/wp-content\/uploads\/2012\/02\/arton1341.jpg\",\"contentUrl\":\"https:\/\/a-desk.org\/wp-content\/uploads\/2012\/02\/arton1341.jpg\",\"width\":422,\"height\":426},{\"@type\":\"BreadcrumbList\",\"@id\":\"https:\/\/a-desk.org\/ca\/magazine\/carta-de-recolzament-a-l-espai\/#breadcrumb\",\"itemListElement\":[{\"@type\":\"ListItem\",\"position\":1,\"name\":\"Portada\",\"item\":\"https:\/\/a-desk.org\/ca\/\"},{\"@type\":\"ListItem\",\"position\":2,\"name\":\"Carta de recolzament a l\u2019Espai Zero1 d\u2019Olot\"}]},{\"@type\":\"WebSite\",\"@id\":\"https:\/\/a-desk.org\/#website\",\"url\":\"https:\/\/a-desk.org\/\",\"name\":\"A*Desk\",\"description\":\"A*Desk Critical Thinking\",\"potentialAction\":[{\"@type\":\"SearchAction\",\"target\":{\"@type\":\"EntryPoint\",\"urlTemplate\":\"https:\/\/a-desk.org\/?s={search_term_string}\"},\"query-input\":\"required name=search_term_string\"}],\"inLanguage\":\"ca\"},{\"@type\":\"Person\",\"@id\":\"https:\/\/a-desk.org\/#\/schema\/person\/e32f2cc33a81d4e3e29207cb91b1c058\",\"name\":\"A*DESK\",\"image\":{\"@type\":\"ImageObject\",\"inLanguage\":\"ca\",\"@id\":\"https:\/\/a-desk.org\/#\/schema\/person\/image\/10ff463f7c1b7bf67a9b0c7cb7d009a0\",\"url\":\"https:\/\/secure.gravatar.com\/avatar\/512021342347efd46b63b4246a323676?s=96&d=mm&r=g\",\"contentUrl\":\"https:\/\/secure.gravatar.com\/avatar\/512021342347efd46b63b4246a323676?s=96&d=mm&r=g\",\"caption\":\"A*DESK\"},\"url\":\"https:\/\/a-desk.org\/ca\/autor\/audeske\/\"}]}<\/script>\n<!-- \/ Yoast SEO plugin. -->","yoast_head_json":{"title":"Carta de recolzament a l\u2019Espai Zero1 d\u2019Olot &#8211; A*Desk","robots":{"index":"index","follow":"follow","max-snippet":"max-snippet:-1","max-image-preview":"max-image-preview:large","max-video-preview":"max-video-preview:-1"},"canonical":"https:\/\/a-desk.org\/ca\/magazine\/carta-de-recolzament-a-l-espai\/","og_locale":"ca_ES","og_type":"article","og_title":"Carta de recolzament a l\u2019Espai Zero1 d\u2019Olot &#8211; A*Desk","og_description":"Davant de les informacions que apunten al tancament de l\u2019\u00e0rea de creaci\u00f3 contempor\u00e0nia d\u2019Olot (Espai Zero1, Sala 15, Beques de creaci\u00f3, coproducci\u00f3 amb d\u2019altres centres d\u2019art, \u2026) i l\u2019acomiadament del...","og_url":"https:\/\/a-desk.org\/ca\/magazine\/carta-de-recolzament-a-l-espai\/","og_site_name":"A*Desk","article_published_time":"2012-02-20T08:14:15+00:00","og_image":[{"width":422,"height":426,"url":"https:\/\/a-desk.org\/wp-content\/uploads\/2012\/02\/arton1341.jpg","type":"image\/jpeg"}],"author":"A*DESK","twitter_card":"summary_large_image","twitter_misc":{"Escrit per":"A*DESK","Temps estimat de lectura":"3 minuts","Written by":"A*DESK"},"schema":{"@context":"https:\/\/schema.org","@graph":[{"@type":"WebPage","@id":"https:\/\/a-desk.org\/ca\/magazine\/carta-de-recolzament-a-l-espai\/","url":"https:\/\/a-desk.org\/ca\/magazine\/carta-de-recolzament-a-l-espai\/","name":"Carta de recolzament a l\u2019Espai Zero1 d\u2019Olot &#8211; A*Desk","isPartOf":{"@id":"https:\/\/a-desk.org\/#website"},"primaryImageOfPage":{"@id":"https:\/\/a-desk.org\/ca\/magazine\/carta-de-recolzament-a-l-espai\/#primaryimage"},"image":{"@id":"https:\/\/a-desk.org\/ca\/magazine\/carta-de-recolzament-a-l-espai\/#primaryimage"},"thumbnailUrl":"https:\/\/a-desk.org\/wp-content\/uploads\/2012\/02\/arton1341.jpg","datePublished":"2012-02-20T08:14:15+00:00","dateModified":"2012-02-20T08:14:15+00:00","author":{"@id":"https:\/\/a-desk.org\/#\/schema\/person\/e32f2cc33a81d4e3e29207cb91b1c058"},"breadcrumb":{"@id":"https:\/\/a-desk.org\/ca\/magazine\/carta-de-recolzament-a-l-espai\/#breadcrumb"},"inLanguage":"ca","potentialAction":[{"@type":"ReadAction","target":["https:\/\/a-desk.org\/ca\/magazine\/carta-de-recolzament-a-l-espai\/"]}]},{"@type":"ImageObject","inLanguage":"ca","@id":"https:\/\/a-desk.org\/ca\/magazine\/carta-de-recolzament-a-l-espai\/#primaryimage","url":"https:\/\/a-desk.org\/wp-content\/uploads\/2012\/02\/arton1341.jpg","contentUrl":"https:\/\/a-desk.org\/wp-content\/uploads\/2012\/02\/arton1341.jpg","width":422,"height":426},{"@type":"BreadcrumbList","@id":"https:\/\/a-desk.org\/ca\/magazine\/carta-de-recolzament-a-l-espai\/#breadcrumb","itemListElement":[{"@type":"ListItem","position":1,"name":"Portada","item":"https:\/\/a-desk.org\/ca\/"},{"@type":"ListItem","position":2,"name":"Carta de recolzament a l\u2019Espai Zero1 d\u2019Olot"}]},{"@type":"WebSite","@id":"https:\/\/a-desk.org\/#website","url":"https:\/\/a-desk.org\/","name":"A*Desk","description":"A*Desk Critical Thinking","potentialAction":[{"@type":"SearchAction","target":{"@type":"EntryPoint","urlTemplate":"https:\/\/a-desk.org\/?s={search_term_string}"},"query-input":"required name=search_term_string"}],"inLanguage":"ca"},{"@type":"Person","@id":"https:\/\/a-desk.org\/#\/schema\/person\/e32f2cc33a81d4e3e29207cb91b1c058","name":"A*DESK","image":{"@type":"ImageObject","inLanguage":"ca","@id":"https:\/\/a-desk.org\/#\/schema\/person\/image\/10ff463f7c1b7bf67a9b0c7cb7d009a0","url":"https:\/\/secure.gravatar.com\/avatar\/512021342347efd46b63b4246a323676?s=96&d=mm&r=g","contentUrl":"https:\/\/secure.gravatar.com\/avatar\/512021342347efd46b63b4246a323676?s=96&d=mm&r=g","caption":"A*DESK"},"url":"https:\/\/a-desk.org\/ca\/autor\/audeske\/"}]}},"_links":{"self":[{"href":"https:\/\/a-desk.org\/ca\/wp-json\/wp\/v2\/posts\/6857"}],"collection":[{"href":"https:\/\/a-desk.org\/ca\/wp-json\/wp\/v2\/posts"}],"about":[{"href":"https:\/\/a-desk.org\/ca\/wp-json\/wp\/v2\/types\/post"}],"author":[{"embeddable":true,"href":"https:\/\/a-desk.org\/ca\/wp-json\/wp\/v2\/users\/1241"}],"replies":[{"embeddable":true,"href":"https:\/\/a-desk.org\/ca\/wp-json\/wp\/v2\/comments?post=6857"}],"version-history":[{"count":0,"href":"https:\/\/a-desk.org\/ca\/wp-json\/wp\/v2\/posts\/6857\/revisions"}],"wp:featuredmedia":[{"embeddable":true,"href":"https:\/\/a-desk.org\/ca\/wp-json\/wp\/v2\/media\/6856"}],"wp:attachment":[{"href":"https:\/\/a-desk.org\/ca\/wp-json\/wp\/v2\/media?parent=6857"}],"wp:term":[{"taxonomy":"category","embeddable":true,"href":"https:\/\/a-desk.org\/ca\/wp-json\/wp\/v2\/categories?post=6857"},{"taxonomy":"post_tag","embeddable":true,"href":"https:\/\/a-desk.org\/ca\/wp-json\/wp\/v2\/tags?post=6857"},{"taxonomy":"author","embeddable":true,"href":"https:\/\/a-desk.org\/ca\/wp-json\/wp\/v2\/coauthors?post=6857"}],"curies":[{"name":"wp","href":"https:\/\/api.w.org\/{rel}","templated":true}]}}