{"id":6932,"date":"2012-11-02T01:20:00","date_gmt":"2012-11-02T01:20:00","guid":{"rendered":"http:\/\/a-desk.org\/2012\/11\/02\/lladres-de-cossos\/"},"modified":"2012-11-02T01:20:00","modified_gmt":"2012-11-02T01:20:00","slug":"lladres-de-cossos","status":"publish","type":"post","link":"https:\/\/a-desk.org\/ca\/magazine\/lladres-de-cossos\/","title":{"rendered":"Lladres de cossos"},"content":{"rendered":"<p>En un dia com avui, en el que de maneres i noms diferents se celebra aquest gust que tenim per jugar i deixar de costat els cossos i sentir-nos imatges, he volgut anar al cine. La sessi\u00f3? <em>La invasi\u00f3n de los ladrones de cuerpos<\/em> [[<em>La invasi\u00f3n de los ladrones de cuerpos<\/em>. Don Siegel, 1956.]]  La lluita del protagonista de la pel\u00b7l\u00edcula per escapar d\u2019un poble en el que es veu for\u00e7at a conviure amb r\u00e8pliques humanes serveix de punt de partida per a recordar la necessitat de pensar en les imatges com alteritat.<\/p>\n<p>Un metge torna a la poblaci\u00f3 on treballa despr\u00e9s de passar un temps en un congr\u00e9s. En arribar, es topa amb que diversos dels seus pacients pateixen el mateix mal: no reconeixen com a humans alguns dels rostres que els s\u00f3n m\u00e9s familiars. El que al principi semblen ser preocupacions a\u00efllades es torna en un assumpte de salut p\u00fablica en anar afectant cada vegada una part major de la poblaci\u00f3. L\u2019alarma es desferma quan una trucada interromp una vetllada prometedora per conduir-lo a veure amb els seus propis ulls la primera evid\u00e8ncia f\u00edsica de que alguna cosa est\u00e0 canviant: un cos inanimat, sense identitat i sense signes de vida. Sense signes de mort tampoc. Guarda una sospitosa semblan\u00e7a amb el seu descobridor, que viu sol. Qui \u00e9s? \u201cNi idea. \u00c9s com la primera impressi\u00f3 d\u2019un segell en una moneda. Per\u00f2 no est\u00e0 acabat\u201d, diu un home davant la imatge inacabada de s\u00ed mateix. Els carrers d\u2019aquesta ciutat plena d\u2019imatges incompletes adormides, seran aviat caminades per les c\u00f2pies inhumanes dels seus habitants.<\/p>\n<p>El protagonista, fent \u00fas de la seva facultat de diagnosis, s\u2019inclina sobre el cos buscant signes de vida o de mort. Cap. No t\u00e9 empremtes dactilars, per\u00f2 tota la resta assenyala que \u00e9s hum\u00e0. M\u00e9s tard, quan els cossos han despertat i han passat a substituir als ve\u00efns originals de la citat, la sorpresa \u00e9s que parlen la llengua del protagonista. Poden comunicar-se entre s\u00ed, formen comunitat.<\/p>\n<p><img decoding=\"async\" class=\" alignleft size-full wp-image-6928\" src=\"http:\/\/a-desk.org\/wp-content\/uploads\/2012\/11\/1956_La_invasion_de_los_ladrones_de_cuerpos_Dana_Wynter_.jpg\" alt=\"1956_La_invasion_de_los_ladrones_de_cuerpos_Dana_Wynter_.jpg\" align=\"left\" width=\"1355\" height=\"1105\" srcset=\"https:\/\/a-desk.org\/wp-content\/uploads\/2012\/11\/1956_La_invasion_de_los_ladrones_de_cuerpos_Dana_Wynter_.jpg 1355w, https:\/\/a-desk.org\/wp-content\/uploads\/2012\/11\/1956_La_invasion_de_los_ladrones_de_cuerpos_Dana_Wynter_-768x626.jpg 768w, https:\/\/a-desk.org\/wp-content\/uploads\/2012\/11\/1956_La_invasion_de_los_ladrones_de_cuerpos_Dana_Wynter_-490x400.jpg 490w\" sizes=\"(max-width: 1355px) 100vw, 1355px\" \/><\/p>\n<p>\u00c9s en recon\u00e8ixer que convivim amb imatges que emergeix la por a ser substitu\u00efts per elles. I per aix\u00f2 les seguim veient com subordinades. La pel\u00b7l\u00edcula est\u00e0 explicada des del punt de vista d\u2019un subjecte que \u00e9s metge i a la vegada \u00e9s tingut per boig. Un personatge amb la missi\u00f3 d\u2019identificar qui \u00e9s hum\u00e0 i qui \u00e9s la c\u00f2pia incompleta de l\u2019hum\u00e0, per\u00f2 el judici del qual ser\u00e0 q\u00fcestionat per psiquiatres i policies.<\/p>\n<p>Una recorda el treball te\u00f2ric dels estudis visuals W.J.T. [[W.J.T. Mitchel, What Do Pictures Want? (Chicago: University of Chicago Press, 2004)]] i la seva defensa del reconeixement de les imatges com alguna cosa m\u00e9s que objectes inanimats. Imatges a les que els hi atorguem el reconeixement que implica ser estimades, odiades, adorades o desitjades per nosaltres, els humans. Entitats que s\u00f3n diferents per\u00f2 amb les que ens permetem certs comportaments dignes de tota humanitat.<\/p>\n<p>El Dr. Bennell \u00e9s pres per boig per les autoritats d\u2019un altre comptat. A fi de provar la seva cordura utilitza el seu propi testimoni com a prova, com a tot malalt mental. Al final \u00e9s la trucada de tel\u00e8fon d\u2019un ciutad\u00e0 ali\u00e8 al cas la que corrobora la versi\u00f3 del protagonista i el salva de la malaltia. La tara no est\u00e0 en ell, la tara est\u00e0 en les imatges incomplertes. W.J.T. Mitchell ha parlat, tamb\u00e9, de com la bogeria ha estat des de l\u2019antiguitat subjecte d\u2019escenificaci\u00f3 i teatralitzaci\u00f3. La malaltia mental posada en escena \u00e9s un recurs per a plantejar a l\u2019espectador quan raonable \u00e9s entendre la realitat d\u2019una altra manera; en aquest cas, la pregunta per la possibilitat de la conviv\u00e8ncia amb imatges de nosaltres mateixos. Per\u00f2 si la conclusi\u00f3 de la invasi\u00f3 dels lladres de cossos \u00e9s que estem salvats, perqu\u00e8 les autoritats dels comptat ve\u00efns controlaran la situaci\u00f3, avui sembla que les coses han canviat.<\/p>\n<p>De la d\u00e8cada dels cinquanta fins avui, les relacions amb els replicants que s\u2019han posat en escena han passat d\u2019estar narrades en clau de bogeria a adoptar registres cada vegada m\u00e9s realistes. Pensem en Blade [[Blade Runner. Ridley Scott, 1982.]] o 2001: Una odisea a [[2001: Una odisea en el espacio. Stanley Kubrick, 1968.]]. Com si d\u2019un fil narratiu ocult es tract\u00e9s, si es fes un an\u00e0lisi de la manera en qu\u00e8 aquests vincles s\u2019enuncien, sembla que il\u00b7lustrem les paraules de Foucault quan diu que \u201cun dia haurem deixat de saber el que era la bogeria. La seva forma s\u2019haur\u00e0 tancat contra s\u00ed mateixa i les seves petjades hauran desaparegut i ja no ser\u00e0 m\u00e9s [[M. Foucault, Histoire de la folie \u00e0 l\u2019\u00e2ge classique (Paris: \u00c9ditions Plon, 1964)]]. Si les imatges eren desviacions de la nostra humanitat, avui la integren. <\/p>\n<p>Perqu\u00e8 potser sigui aix\u00f2, i les imatges no estan aqu\u00ed per ser met\u00e0fores d\u2019un altre m\u00f3n. No s\u00f3n portes a dimensions llunyanes. Estan aqu\u00ed, amb nosaltres, i volen quedar-se. Feli\u00e7 Halloween.<\/p>\n","protected":false},"excerpt":{"rendered":"<p>En un dia com avui, en el que de maneres i noms diferents se celebra aquest gust que tenim per jugar i deixar de costat els cossos i sentir-nos imatges,&#8230;<\/p>\n","protected":false},"author":1245,"featured_media":6928,"comment_status":"open","ping_status":"open","sticky":false,"template":"","format":"standard","meta":{"_relevanssi_hide_post":"","_relevanssi_hide_content":"","_relevanssi_pin_for_all":"","_relevanssi_pin_keywords":"","_relevanssi_unpin_keywords":"","_relevanssi_related_keywords":"","_relevanssi_related_include_ids":"","_relevanssi_related_exclude_ids":"","_relevanssi_related_no_append":"","_relevanssi_related_not_related":"","_relevanssi_related_posts":"","_relevanssi_noindex_reason":"","footnotes":""},"categories":[6782],"tags":[],"coauthors":[],"acf":[],"yoast_head":"<!-- This site is optimized with the Yoast SEO plugin v22.6 - https:\/\/yoast.com\/wordpress\/plugins\/seo\/ -->\n<title>Lladres de cossos &#8211; A*Desk<\/title>\n<meta name=\"robots\" content=\"index, follow, max-snippet:-1, max-image-preview:large, max-video-preview:-1\" \/>\n<link rel=\"canonical\" href=\"https:\/\/a-desk.org\/ca\/magazine\/lladres-de-cossos\/\" \/>\n<meta property=\"og:locale\" content=\"ca_ES\" \/>\n<meta property=\"og:type\" content=\"article\" \/>\n<meta property=\"og:title\" content=\"Lladres de cossos &#8211; A*Desk\" \/>\n<meta property=\"og:description\" content=\"En un dia com avui, en el que de maneres i noms diferents se celebra aquest gust que tenim per jugar i deixar de costat els cossos i sentir-nos imatges,...\" \/>\n<meta property=\"og:url\" content=\"https:\/\/a-desk.org\/ca\/magazine\/lladres-de-cossos\/\" \/>\n<meta property=\"og:site_name\" content=\"A*Desk\" \/>\n<meta property=\"article:published_time\" content=\"2012-11-02T01:20:00+00:00\" \/>\n<meta property=\"og:image\" content=\"https:\/\/a-desk.org\/wp-content\/uploads\/2012\/11\/1956_La_invasion_de_los_ladrones_de_cuerpos_Dana_Wynter_.jpg\" \/>\n\t<meta property=\"og:image:width\" content=\"1355\" \/>\n\t<meta property=\"og:image:height\" content=\"1105\" \/>\n\t<meta property=\"og:image:type\" content=\"image\/jpeg\" \/>\n<meta name=\"author\" content=\"Paloma Checa\" \/>\n<meta name=\"twitter:card\" content=\"summary_large_image\" \/>\n<meta name=\"twitter:label1\" content=\"Escrit per\" \/>\n\t<meta name=\"twitter:data1\" content=\"Paloma Checa\" \/>\n\t<meta name=\"twitter:label2\" content=\"Temps estimat de lectura\" \/>\n\t<meta name=\"twitter:data2\" content=\"4 minuts\" \/>\n\t<meta name=\"twitter:label3\" content=\"Written by\" \/>\n\t<meta name=\"twitter:data3\" content=\"Paloma Checa\" \/>\n<script type=\"application\/ld+json\" class=\"yoast-schema-graph\">{\"@context\":\"https:\/\/schema.org\",\"@graph\":[{\"@type\":\"WebPage\",\"@id\":\"https:\/\/a-desk.org\/ca\/magazine\/lladres-de-cossos\/\",\"url\":\"https:\/\/a-desk.org\/ca\/magazine\/lladres-de-cossos\/\",\"name\":\"Lladres de cossos &#8211; A*Desk\",\"isPartOf\":{\"@id\":\"https:\/\/a-desk.org\/#website\"},\"primaryImageOfPage\":{\"@id\":\"https:\/\/a-desk.org\/ca\/magazine\/lladres-de-cossos\/#primaryimage\"},\"image\":{\"@id\":\"https:\/\/a-desk.org\/ca\/magazine\/lladres-de-cossos\/#primaryimage\"},\"thumbnailUrl\":\"https:\/\/a-desk.org\/wp-content\/uploads\/2012\/11\/1956_La_invasion_de_los_ladrones_de_cuerpos_Dana_Wynter_.jpg\",\"datePublished\":\"2012-11-02T01:20:00+00:00\",\"dateModified\":\"2012-11-02T01:20:00+00:00\",\"author\":{\"@id\":\"https:\/\/a-desk.org\/#\/schema\/person\/495c4cb29a162846e5ae6a602e5bd82f\"},\"breadcrumb\":{\"@id\":\"https:\/\/a-desk.org\/ca\/magazine\/lladres-de-cossos\/#breadcrumb\"},\"inLanguage\":\"ca\",\"potentialAction\":[{\"@type\":\"ReadAction\",\"target\":[\"https:\/\/a-desk.org\/ca\/magazine\/lladres-de-cossos\/\"]}]},{\"@type\":\"ImageObject\",\"inLanguage\":\"ca\",\"@id\":\"https:\/\/a-desk.org\/ca\/magazine\/lladres-de-cossos\/#primaryimage\",\"url\":\"https:\/\/a-desk.org\/wp-content\/uploads\/2012\/11\/1956_La_invasion_de_los_ladrones_de_cuerpos_Dana_Wynter_.jpg\",\"contentUrl\":\"https:\/\/a-desk.org\/wp-content\/uploads\/2012\/11\/1956_La_invasion_de_los_ladrones_de_cuerpos_Dana_Wynter_.jpg\",\"width\":1355,\"height\":1105,\"caption\":\"1956_La_invasion_de_los_ladrones_de_cuerpos_Dana_Wynter_.jpg\"},{\"@type\":\"BreadcrumbList\",\"@id\":\"https:\/\/a-desk.org\/ca\/magazine\/lladres-de-cossos\/#breadcrumb\",\"itemListElement\":[{\"@type\":\"ListItem\",\"position\":1,\"name\":\"Portada\",\"item\":\"https:\/\/a-desk.org\/ca\/\"},{\"@type\":\"ListItem\",\"position\":2,\"name\":\"Lladres de cossos\"}]},{\"@type\":\"WebSite\",\"@id\":\"https:\/\/a-desk.org\/#website\",\"url\":\"https:\/\/a-desk.org\/\",\"name\":\"A*Desk\",\"description\":\"A*Desk Critical Thinking\",\"potentialAction\":[{\"@type\":\"SearchAction\",\"target\":{\"@type\":\"EntryPoint\",\"urlTemplate\":\"https:\/\/a-desk.org\/?s={search_term_string}\"},\"query-input\":\"required name=search_term_string\"}],\"inLanguage\":\"ca\"},{\"@type\":\"Person\",\"@id\":\"https:\/\/a-desk.org\/#\/schema\/person\/495c4cb29a162846e5ae6a602e5bd82f\",\"name\":\"Paloma Checa\",\"image\":{\"@type\":\"ImageObject\",\"inLanguage\":\"ca\",\"@id\":\"https:\/\/a-desk.org\/#\/schema\/person\/image\/d88e9cfe6d730083e6e6b892a1db3a7f\",\"url\":\"https:\/\/secure.gravatar.com\/avatar\/6e42eefe39d86c8f56d6700b1e69ea4b?s=96&d=mm&r=g\",\"contentUrl\":\"https:\/\/secure.gravatar.com\/avatar\/6e42eefe39d86c8f56d6700b1e69ea4b?s=96&d=mm&r=g\",\"caption\":\"Paloma Checa\"},\"url\":\"https:\/\/a-desk.org\/ca\/autor\/paloma\/\"}]}<\/script>\n<!-- \/ Yoast SEO plugin. -->","yoast_head_json":{"title":"Lladres de cossos &#8211; A*Desk","robots":{"index":"index","follow":"follow","max-snippet":"max-snippet:-1","max-image-preview":"max-image-preview:large","max-video-preview":"max-video-preview:-1"},"canonical":"https:\/\/a-desk.org\/ca\/magazine\/lladres-de-cossos\/","og_locale":"ca_ES","og_type":"article","og_title":"Lladres de cossos &#8211; A*Desk","og_description":"En un dia com avui, en el que de maneres i noms diferents se celebra aquest gust que tenim per jugar i deixar de costat els cossos i sentir-nos imatges,...","og_url":"https:\/\/a-desk.org\/ca\/magazine\/lladres-de-cossos\/","og_site_name":"A*Desk","article_published_time":"2012-11-02T01:20:00+00:00","og_image":[{"width":1355,"height":1105,"url":"https:\/\/a-desk.org\/wp-content\/uploads\/2012\/11\/1956_La_invasion_de_los_ladrones_de_cuerpos_Dana_Wynter_.jpg","type":"image\/jpeg"}],"author":"Paloma Checa","twitter_card":"summary_large_image","twitter_misc":{"Escrit per":"Paloma Checa","Temps estimat de lectura":"4 minuts","Written by":"Paloma Checa"},"schema":{"@context":"https:\/\/schema.org","@graph":[{"@type":"WebPage","@id":"https:\/\/a-desk.org\/ca\/magazine\/lladres-de-cossos\/","url":"https:\/\/a-desk.org\/ca\/magazine\/lladres-de-cossos\/","name":"Lladres de cossos &#8211; A*Desk","isPartOf":{"@id":"https:\/\/a-desk.org\/#website"},"primaryImageOfPage":{"@id":"https:\/\/a-desk.org\/ca\/magazine\/lladres-de-cossos\/#primaryimage"},"image":{"@id":"https:\/\/a-desk.org\/ca\/magazine\/lladres-de-cossos\/#primaryimage"},"thumbnailUrl":"https:\/\/a-desk.org\/wp-content\/uploads\/2012\/11\/1956_La_invasion_de_los_ladrones_de_cuerpos_Dana_Wynter_.jpg","datePublished":"2012-11-02T01:20:00+00:00","dateModified":"2012-11-02T01:20:00+00:00","author":{"@id":"https:\/\/a-desk.org\/#\/schema\/person\/495c4cb29a162846e5ae6a602e5bd82f"},"breadcrumb":{"@id":"https:\/\/a-desk.org\/ca\/magazine\/lladres-de-cossos\/#breadcrumb"},"inLanguage":"ca","potentialAction":[{"@type":"ReadAction","target":["https:\/\/a-desk.org\/ca\/magazine\/lladres-de-cossos\/"]}]},{"@type":"ImageObject","inLanguage":"ca","@id":"https:\/\/a-desk.org\/ca\/magazine\/lladres-de-cossos\/#primaryimage","url":"https:\/\/a-desk.org\/wp-content\/uploads\/2012\/11\/1956_La_invasion_de_los_ladrones_de_cuerpos_Dana_Wynter_.jpg","contentUrl":"https:\/\/a-desk.org\/wp-content\/uploads\/2012\/11\/1956_La_invasion_de_los_ladrones_de_cuerpos_Dana_Wynter_.jpg","width":1355,"height":1105,"caption":"1956_La_invasion_de_los_ladrones_de_cuerpos_Dana_Wynter_.jpg"},{"@type":"BreadcrumbList","@id":"https:\/\/a-desk.org\/ca\/magazine\/lladres-de-cossos\/#breadcrumb","itemListElement":[{"@type":"ListItem","position":1,"name":"Portada","item":"https:\/\/a-desk.org\/ca\/"},{"@type":"ListItem","position":2,"name":"Lladres de cossos"}]},{"@type":"WebSite","@id":"https:\/\/a-desk.org\/#website","url":"https:\/\/a-desk.org\/","name":"A*Desk","description":"A*Desk Critical Thinking","potentialAction":[{"@type":"SearchAction","target":{"@type":"EntryPoint","urlTemplate":"https:\/\/a-desk.org\/?s={search_term_string}"},"query-input":"required name=search_term_string"}],"inLanguage":"ca"},{"@type":"Person","@id":"https:\/\/a-desk.org\/#\/schema\/person\/495c4cb29a162846e5ae6a602e5bd82f","name":"Paloma Checa","image":{"@type":"ImageObject","inLanguage":"ca","@id":"https:\/\/a-desk.org\/#\/schema\/person\/image\/d88e9cfe6d730083e6e6b892a1db3a7f","url":"https:\/\/secure.gravatar.com\/avatar\/6e42eefe39d86c8f56d6700b1e69ea4b?s=96&d=mm&r=g","contentUrl":"https:\/\/secure.gravatar.com\/avatar\/6e42eefe39d86c8f56d6700b1e69ea4b?s=96&d=mm&r=g","caption":"Paloma Checa"},"url":"https:\/\/a-desk.org\/ca\/autor\/paloma\/"}]}},"_links":{"self":[{"href":"https:\/\/a-desk.org\/ca\/wp-json\/wp\/v2\/posts\/6932"}],"collection":[{"href":"https:\/\/a-desk.org\/ca\/wp-json\/wp\/v2\/posts"}],"about":[{"href":"https:\/\/a-desk.org\/ca\/wp-json\/wp\/v2\/types\/post"}],"author":[{"embeddable":true,"href":"https:\/\/a-desk.org\/ca\/wp-json\/wp\/v2\/users\/1245"}],"replies":[{"embeddable":true,"href":"https:\/\/a-desk.org\/ca\/wp-json\/wp\/v2\/comments?post=6932"}],"version-history":[{"count":0,"href":"https:\/\/a-desk.org\/ca\/wp-json\/wp\/v2\/posts\/6932\/revisions"}],"wp:featuredmedia":[{"embeddable":true,"href":"https:\/\/a-desk.org\/ca\/wp-json\/wp\/v2\/media\/6928"}],"wp:attachment":[{"href":"https:\/\/a-desk.org\/ca\/wp-json\/wp\/v2\/media?parent=6932"}],"wp:term":[{"taxonomy":"category","embeddable":true,"href":"https:\/\/a-desk.org\/ca\/wp-json\/wp\/v2\/categories?post=6932"},{"taxonomy":"post_tag","embeddable":true,"href":"https:\/\/a-desk.org\/ca\/wp-json\/wp\/v2\/tags?post=6932"},{"taxonomy":"author","embeddable":true,"href":"https:\/\/a-desk.org\/ca\/wp-json\/wp\/v2\/coauthors?post=6932"}],"curies":[{"name":"wp","href":"https:\/\/api.w.org\/{rel}","templated":true}]}}