{"id":7038,"date":"2012-11-19T06:11:00","date_gmt":"2012-11-19T06:11:00","guid":{"rendered":"http:\/\/a-desk.org\/2012\/11\/19\/anticipar-la-utopia-xavier-arenos1551\/"},"modified":"2012-11-19T06:11:00","modified_gmt":"2012-11-19T06:11:00","slug":"anticipar-la-utopia-xavier-arenos1551","status":"publish","type":"post","link":"https:\/\/a-desk.org\/ca\/magazine\/anticipar-la-utopia-xavier-arenos1551\/","title":{"rendered":"Anticipar la Utopia. Xavier Aren\u00f3s a la galeria Valle Ort\u00ed"},"content":{"rendered":"<p><img decoding=\"async\" class=\" alignleft size-full wp-image-7018\" src=\"http:\/\/a-desk.org\/wp-content\/uploads\/2012\/11\/Ubi_nihil_vales_ibi_nihil_velis.jpg\" alt=\"Ubi_nihil_vales_ibi_nihil_velis.jpg\" align=\"left\" width=\"709\" height=\"473\" srcset=\"https:\/\/a-desk.org\/wp-content\/uploads\/2012\/11\/Ubi_nihil_vales_ibi_nihil_velis.jpg 709w, https:\/\/a-desk.org\/wp-content\/uploads\/2012\/11\/Ubi_nihil_vales_ibi_nihil_velis-595x397.jpg 595w\" sizes=\"(max-width: 709px) 100vw, 709px\" \/> Massa manual d\u2019instruccions. El codi d\u2019un programa d\u2019usuari sembla, avui per avui, un llenguatge perfecte i funcional que podem aplicar en qualsevol ocasi\u00f3. Tenim en el llibre d\u2019instruccions la literatura perfecta i l\u2019eina feli\u00e7 que ens salva de l\u2019ansietat, del desvariejar o de l\u2019exclusi\u00f3 social. Fins i tot, quelcom tan arrelat com la utopia pot succeir a la manera d\u2019un breviari d\u2019autoajuda que indica les maneres d\u2019usar la revoluci\u00f3 o d\u2019organitzar la seva lit\u00fargia. Preocupant, sens dubte. Hem rutinitzat la utopia com a pamflet d\u2019una ideologia al servei de qualsevol dest\u00ed com\u00fa, sense q\u00fcestionar la seva veritable capacitat de transformaci\u00f3, com la portadora inexcusable d\u2019un canvi radical i positiu sempre fent piruetes entre all\u00f2 real i all\u00f2 desitjat. La utopia, al llarg del nostre passat m\u00e9s proper, ha extraviat en el seu esdevenir legitimador el plaer del descobriment, convertida en una ideologia quasi mec\u00e0nica que aplica receptes que nom\u00e9s funcionen de manera aprior\u00edstica. Per\u00f2 la utopia \u00e9s com el cant de les sirenes en el viatge d\u2019Ulisses, m\u00e9s inquietant des del silenci de la navegaci\u00f3 que per la seva impregnant melodia. <\/p>\n<p>Renegant de la utopia com a manual d\u2019\u00fas, per\u00f2 no de l\u2019utopisme com a pensament \u00e8tic, el treball de Xavier Aren\u00f3s ronda pels espais arqueol\u00f2gics de la modernitat, descobrint les restes inertes de les utopies del segle XX, els seus plans d\u2019acci\u00f3 i processos socials per a un Estat ideal. Excavant en el subs\u00f2l de la nostra mem\u00f2ria o confinant-se en caus d\u2019auto-exili, les produccions d\u2019aquest artista s\u00f3n com l\u2019estratigrafia del treball d\u2019un talp. Les obres s\u00f3n artefactes i registres documentals, que proposen una lectura m\u00e9s efica\u00e7 i menys instrumentalitzadora del pensament ut\u00f2pic, i que funcionen com estructures discursives assentant-se unes sobre les altres. Crec que els seus treballs ens permeten saber quelcom m\u00e9s sobre all\u00f2 apr\u00e8s i usat, perqu\u00e8 posseeixen l\u2019opci\u00f3 est\u00e8tica de ser un extraordinari material de lectura sobre els moviments obrers, la hist\u00f2ria de l\u2019arquitectura social, els episodis silenciats per la dictadura, els conflictes b\u00e8l\u00b7lics o l\u2019imaginari anarquista. Una oportunitat del tot rellevant que narra la protohist\u00f2ria del frac\u00e0s del sistema econ\u00f2mic i social actual. <\/p>\n<p>L\u2019artista investiga sense manual d\u2019instruccions, assenyalant en el proc\u00e9s de les obres una ruta on tornar a llegir el pensament i les utopies d\u2019Occident, per analitzar el desig d\u2019una millora material i moral de la societat. Al cap i a la fi, les utopies s\u00f3n models d\u2019esperan\u00e7a per un futur m\u00e9s just que no hem aconseguit. El treball d\u2019Aren\u00f3s \u00e9s s\u00f2lid i coherent, t\u00e9 en la figura del poeta H\u00f6lderlin i l\u2019experi\u00e8ncia de tota una vida a l\u2019exili voluntari del silenci la for\u00e7a emblem\u00e0tica de la dist\u00f2pia.<br \/>\nA la galeria Valle Ort\u00ed de Valencia s\u2019acaba de presentar un conjunt de projectes que s\u2019encadenen en una narraci\u00f3 oberta sobre les construccions simb\u00f2liques de la modernitat i el seu oc\u00e0s. El t\u00edtol del projecte, <em>Ubi Nihil vales, ibi nihil velis <\/em> (\u201con res hi puguis, res hi desitgis\u201d, 2012), \u00e9s un aforisme que fa al\u00b7lusi\u00f3 al fil\u00f2sof d\u2019origen flamenc Arnold Geulincx, determinista i calvinista que afirmava que l\u2019\u00e9sser hum\u00e0 \u00e9s un mer espectador dels seus actes, sotm\u00e8s a la voluntat de D\u00e9u. L\u2019artista ens recorda que aquesta instrucci\u00f3 tamb\u00e9 va ser utilitzada per Beckett en diverses ocasions per accentuar el desarrelament, l\u2019esterilitat del llenguatge i la impot\u00e8ncia de l\u2019acci\u00f3 com a comportament radical del seu imaginari, sempre amb l\u2019ambival\u00e8ncia del buit. A l\u2019aparador de la galeria, una pancarta de lona expandeix la consigna d\u2019aquest titular com una advert\u00e8ncia per la lluita i tamb\u00e9 per la derrota.<\/p>\n<p>El dise\u00f1o de las portadas, de corte minimalista, se transforma en una gran pintura mural en el interior de la sala. Toda la exposici\u00f3n re\u00fane un almacenaje potente de la realidad del pensamiento ut\u00f3pico, una experiencia consustancial al ser humano y su lucha contra la resignaci\u00f3n.<\/p>\n<p>D\u2019entre les obres que s\u2019exposen, algunes d\u2019elles produccions anteriors com al del Can\u00f2drom de Barcelona (<em>Arquitectura Desplazada<\/em>, 2010), vull destacar les peces dedicades a un dels suprematistes russos m\u00e9s emblem\u00e0tics, El Lissitzky i el seu projecte <em>Proun<\/em>. L\u2019artista sovi\u00e8tic va aplicar el terme Proun (1919-1925) a una s\u00e8rie de dibuixos, pintures i construccions designant aix\u00ed un espai imaginari i radical, m\u00e9s enll\u00e0 de qualsevol categoria est\u00e8tica o fins i tot funcionalista. Una vegada m\u00e9s, Xavier Aren\u00f3s excava en les paraules per a observar-hi la voluntat de comunicar un potencial transformador de l\u2019art i de la pol\u00edtica. La pe\u00e7a <em>Madriguera#9<\/em>. Proun (2012) \u00e9s una reinterpretaci\u00f3 de la composici\u00f3 Proun n\u00ba10, transforma l\u2019obra original per a convertir-se en una construcci\u00f3 buida per dins, que acobla t\u00fanels que funcionen com capses de reverberaci\u00f3 per a una hipot\u00e8tica comunicaci\u00f3 entre un emissor i un receptor. Aquest artefacte \u00e9s un espai heterocr\u00f2nic, on hi conviuen l\u2019eco del passat amb veus del present, l\u2019argument de tota la s\u00e8rie dedicada als Proun, que aconsegueix la seva m\u00e0xima visualitat en les fotografies d\u2019una excavaci\u00f3 i el simulacre de la troballa d\u2019un objecte arqueol\u00f2gic que s\u2019assimila a una estranya ciutat. Les construccions, com els residus, segueixen reflexionant sobre els models ut\u00f2pics del passat. Entre els enigm\u00e0tics Proun, quatre llibres de tall social editats per <em>Ruedo Ib\u00e9rico<\/em> (col\u00b7lecci\u00f3 <em>El viejo Topo<\/em>) s\u2019ordenen en forma geom\u00e8trica sobre el mur a la manera de la nova ins\u00edgnia del pensament llibertari. El disseny de les portades, de tall minimalista, es transforma en una gran pintura mural a l\u2019interior de la sala. Tota l\u2019exposici\u00f3 reuneix un emmagatzematge potent de la realitat del pensament ut\u00f2pic, una experi\u00e8ncia consubstancial a l\u2019\u00e9sser hum\u00e0 i la seva lluita contra la resignaci\u00f3.<\/p>\n<p>Les obres de Xavier Aren\u00f3s no descriuen la hist\u00f2ria, ni la justifiquen; s\u00f3n registres que creuen i es confonen amb la pr\u00f2pia naturalesa dels valors que guien el pensament de la modernitat, com la \u00fanica forma possible d\u2019entendre el m\u00f3n i seguir anticipant la utopia.<\/p>\n","protected":false},"excerpt":{"rendered":"<p>Massa manual d\u2019instruccions. El codi d\u2019un programa d\u2019usuari sembla, avui per avui, un llenguatge perfecte i funcional que podem aplicar en qualsevol ocasi\u00f3. Tenim en el llibre d\u2019instruccions la literatura&#8230;<\/p>\n","protected":false},"author":1263,"featured_media":7018,"comment_status":"open","ping_status":"open","sticky":false,"template":"","format":"standard","meta":{"_relevanssi_hide_post":"","_relevanssi_hide_content":"","_relevanssi_pin_for_all":"","_relevanssi_pin_keywords":"","_relevanssi_unpin_keywords":"","_relevanssi_related_keywords":"","_relevanssi_related_include_ids":"","_relevanssi_related_exclude_ids":"","_relevanssi_related_no_append":"","_relevanssi_related_not_related":"","_relevanssi_related_posts":"","_relevanssi_noindex_reason":"","footnotes":""},"categories":[6782],"tags":[],"coauthors":[],"acf":[],"yoast_head":"<!-- This site is optimized with the Yoast SEO plugin v22.6 - https:\/\/yoast.com\/wordpress\/plugins\/seo\/ -->\n<title>Anticipar la Utopia. Xavier Aren\u00f3s a la galeria Valle Ort\u00ed &#8211; A*Desk<\/title>\n<meta name=\"robots\" content=\"index, follow, max-snippet:-1, max-image-preview:large, max-video-preview:-1\" \/>\n<link rel=\"canonical\" href=\"https:\/\/a-desk.org\/ca\/magazine\/anticipar-la-utopia-xavier-arenos1551\/\" \/>\n<meta property=\"og:locale\" content=\"ca_ES\" \/>\n<meta property=\"og:type\" content=\"article\" \/>\n<meta property=\"og:title\" content=\"Anticipar la Utopia. Xavier Aren\u00f3s a la galeria Valle Ort\u00ed &#8211; A*Desk\" \/>\n<meta property=\"og:description\" content=\"Massa manual d\u2019instruccions. El codi d\u2019un programa d\u2019usuari sembla, avui per avui, un llenguatge perfecte i funcional que podem aplicar en qualsevol ocasi\u00f3. Tenim en el llibre d\u2019instruccions la literatura...\" \/>\n<meta property=\"og:url\" content=\"https:\/\/a-desk.org\/ca\/magazine\/anticipar-la-utopia-xavier-arenos1551\/\" \/>\n<meta property=\"og:site_name\" content=\"A*Desk\" \/>\n<meta property=\"article:published_time\" content=\"2012-11-19T06:11:00+00:00\" \/>\n<meta property=\"og:image\" content=\"https:\/\/a-desk.org\/wp-content\/uploads\/2012\/11\/Ubi_nihil_vales_ibi_nihil_velis.jpg\" \/>\n\t<meta property=\"og:image:width\" content=\"709\" \/>\n\t<meta property=\"og:image:height\" content=\"473\" \/>\n\t<meta property=\"og:image:type\" content=\"image\/jpeg\" \/>\n<meta name=\"author\" content=\"Pilar Bonet\" \/>\n<meta name=\"twitter:card\" content=\"summary_large_image\" \/>\n<meta name=\"twitter:label1\" content=\"Escrit per\" \/>\n\t<meta name=\"twitter:data1\" content=\"Pilar Bonet\" \/>\n\t<meta name=\"twitter:label2\" content=\"Temps estimat de lectura\" \/>\n\t<meta name=\"twitter:data2\" content=\"5 minuts\" \/>\n\t<meta name=\"twitter:label3\" content=\"Written by\" \/>\n\t<meta name=\"twitter:data3\" content=\"Pilar Bonet\" \/>\n<script type=\"application\/ld+json\" class=\"yoast-schema-graph\">{\"@context\":\"https:\/\/schema.org\",\"@graph\":[{\"@type\":\"WebPage\",\"@id\":\"https:\/\/a-desk.org\/ca\/magazine\/anticipar-la-utopia-xavier-arenos1551\/\",\"url\":\"https:\/\/a-desk.org\/ca\/magazine\/anticipar-la-utopia-xavier-arenos1551\/\",\"name\":\"Anticipar la Utopia. Xavier Aren\u00f3s a la galeria Valle Ort\u00ed &#8211; A*Desk\",\"isPartOf\":{\"@id\":\"https:\/\/a-desk.org\/#website\"},\"primaryImageOfPage\":{\"@id\":\"https:\/\/a-desk.org\/ca\/magazine\/anticipar-la-utopia-xavier-arenos1551\/#primaryimage\"},\"image\":{\"@id\":\"https:\/\/a-desk.org\/ca\/magazine\/anticipar-la-utopia-xavier-arenos1551\/#primaryimage\"},\"thumbnailUrl\":\"https:\/\/a-desk.org\/wp-content\/uploads\/2012\/11\/Ubi_nihil_vales_ibi_nihil_velis.jpg\",\"datePublished\":\"2012-11-19T06:11:00+00:00\",\"dateModified\":\"2012-11-19T06:11:00+00:00\",\"author\":{\"@id\":\"https:\/\/a-desk.org\/#\/schema\/person\/b91bb7b597e6dca5b457804d3bb64eff\"},\"breadcrumb\":{\"@id\":\"https:\/\/a-desk.org\/ca\/magazine\/anticipar-la-utopia-xavier-arenos1551\/#breadcrumb\"},\"inLanguage\":\"ca\",\"potentialAction\":[{\"@type\":\"ReadAction\",\"target\":[\"https:\/\/a-desk.org\/ca\/magazine\/anticipar-la-utopia-xavier-arenos1551\/\"]}]},{\"@type\":\"ImageObject\",\"inLanguage\":\"ca\",\"@id\":\"https:\/\/a-desk.org\/ca\/magazine\/anticipar-la-utopia-xavier-arenos1551\/#primaryimage\",\"url\":\"https:\/\/a-desk.org\/wp-content\/uploads\/2012\/11\/Ubi_nihil_vales_ibi_nihil_velis.jpg\",\"contentUrl\":\"https:\/\/a-desk.org\/wp-content\/uploads\/2012\/11\/Ubi_nihil_vales_ibi_nihil_velis.jpg\",\"width\":709,\"height\":473,\"caption\":\"Ubi_nihil_vales_ibi_nihil_velis.jpg\"},{\"@type\":\"BreadcrumbList\",\"@id\":\"https:\/\/a-desk.org\/ca\/magazine\/anticipar-la-utopia-xavier-arenos1551\/#breadcrumb\",\"itemListElement\":[{\"@type\":\"ListItem\",\"position\":1,\"name\":\"Portada\",\"item\":\"https:\/\/a-desk.org\/ca\/\"},{\"@type\":\"ListItem\",\"position\":2,\"name\":\"Anticipar la Utopia. Xavier Aren\u00f3s a la galeria Valle Ort\u00ed\"}]},{\"@type\":\"WebSite\",\"@id\":\"https:\/\/a-desk.org\/#website\",\"url\":\"https:\/\/a-desk.org\/\",\"name\":\"A*Desk\",\"description\":\"A*Desk Critical Thinking\",\"potentialAction\":[{\"@type\":\"SearchAction\",\"target\":{\"@type\":\"EntryPoint\",\"urlTemplate\":\"https:\/\/a-desk.org\/?s={search_term_string}\"},\"query-input\":\"required name=search_term_string\"}],\"inLanguage\":\"ca\"},{\"@type\":\"Person\",\"@id\":\"https:\/\/a-desk.org\/#\/schema\/person\/b91bb7b597e6dca5b457804d3bb64eff\",\"name\":\"Pilar Bonet\",\"image\":{\"@type\":\"ImageObject\",\"inLanguage\":\"ca\",\"@id\":\"https:\/\/a-desk.org\/#\/schema\/person\/image\/cb85f02a0e1d1107ed6c18a6301d1c2d\",\"url\":\"https:\/\/secure.gravatar.com\/avatar\/f4a61855625b473f01cbae32d254f0c2?s=96&d=mm&r=g\",\"contentUrl\":\"https:\/\/secure.gravatar.com\/avatar\/f4a61855625b473f01cbae32d254f0c2?s=96&d=mm&r=g\",\"caption\":\"Pilar Bonet\"},\"url\":\"https:\/\/a-desk.org\/ca\/autor\/pilar\/\"}]}<\/script>\n<!-- \/ Yoast SEO plugin. -->","yoast_head_json":{"title":"Anticipar la Utopia. Xavier Aren\u00f3s a la galeria Valle Ort\u00ed &#8211; A*Desk","robots":{"index":"index","follow":"follow","max-snippet":"max-snippet:-1","max-image-preview":"max-image-preview:large","max-video-preview":"max-video-preview:-1"},"canonical":"https:\/\/a-desk.org\/ca\/magazine\/anticipar-la-utopia-xavier-arenos1551\/","og_locale":"ca_ES","og_type":"article","og_title":"Anticipar la Utopia. Xavier Aren\u00f3s a la galeria Valle Ort\u00ed &#8211; A*Desk","og_description":"Massa manual d\u2019instruccions. El codi d\u2019un programa d\u2019usuari sembla, avui per avui, un llenguatge perfecte i funcional que podem aplicar en qualsevol ocasi\u00f3. Tenim en el llibre d\u2019instruccions la literatura...","og_url":"https:\/\/a-desk.org\/ca\/magazine\/anticipar-la-utopia-xavier-arenos1551\/","og_site_name":"A*Desk","article_published_time":"2012-11-19T06:11:00+00:00","og_image":[{"width":709,"height":473,"url":"https:\/\/a-desk.org\/wp-content\/uploads\/2012\/11\/Ubi_nihil_vales_ibi_nihil_velis.jpg","type":"image\/jpeg"}],"author":"Pilar Bonet","twitter_card":"summary_large_image","twitter_misc":{"Escrit per":"Pilar Bonet","Temps estimat de lectura":"5 minuts","Written by":"Pilar Bonet"},"schema":{"@context":"https:\/\/schema.org","@graph":[{"@type":"WebPage","@id":"https:\/\/a-desk.org\/ca\/magazine\/anticipar-la-utopia-xavier-arenos1551\/","url":"https:\/\/a-desk.org\/ca\/magazine\/anticipar-la-utopia-xavier-arenos1551\/","name":"Anticipar la Utopia. Xavier Aren\u00f3s a la galeria Valle Ort\u00ed &#8211; A*Desk","isPartOf":{"@id":"https:\/\/a-desk.org\/#website"},"primaryImageOfPage":{"@id":"https:\/\/a-desk.org\/ca\/magazine\/anticipar-la-utopia-xavier-arenos1551\/#primaryimage"},"image":{"@id":"https:\/\/a-desk.org\/ca\/magazine\/anticipar-la-utopia-xavier-arenos1551\/#primaryimage"},"thumbnailUrl":"https:\/\/a-desk.org\/wp-content\/uploads\/2012\/11\/Ubi_nihil_vales_ibi_nihil_velis.jpg","datePublished":"2012-11-19T06:11:00+00:00","dateModified":"2012-11-19T06:11:00+00:00","author":{"@id":"https:\/\/a-desk.org\/#\/schema\/person\/b91bb7b597e6dca5b457804d3bb64eff"},"breadcrumb":{"@id":"https:\/\/a-desk.org\/ca\/magazine\/anticipar-la-utopia-xavier-arenos1551\/#breadcrumb"},"inLanguage":"ca","potentialAction":[{"@type":"ReadAction","target":["https:\/\/a-desk.org\/ca\/magazine\/anticipar-la-utopia-xavier-arenos1551\/"]}]},{"@type":"ImageObject","inLanguage":"ca","@id":"https:\/\/a-desk.org\/ca\/magazine\/anticipar-la-utopia-xavier-arenos1551\/#primaryimage","url":"https:\/\/a-desk.org\/wp-content\/uploads\/2012\/11\/Ubi_nihil_vales_ibi_nihil_velis.jpg","contentUrl":"https:\/\/a-desk.org\/wp-content\/uploads\/2012\/11\/Ubi_nihil_vales_ibi_nihil_velis.jpg","width":709,"height":473,"caption":"Ubi_nihil_vales_ibi_nihil_velis.jpg"},{"@type":"BreadcrumbList","@id":"https:\/\/a-desk.org\/ca\/magazine\/anticipar-la-utopia-xavier-arenos1551\/#breadcrumb","itemListElement":[{"@type":"ListItem","position":1,"name":"Portada","item":"https:\/\/a-desk.org\/ca\/"},{"@type":"ListItem","position":2,"name":"Anticipar la Utopia. Xavier Aren\u00f3s a la galeria Valle Ort\u00ed"}]},{"@type":"WebSite","@id":"https:\/\/a-desk.org\/#website","url":"https:\/\/a-desk.org\/","name":"A*Desk","description":"A*Desk Critical Thinking","potentialAction":[{"@type":"SearchAction","target":{"@type":"EntryPoint","urlTemplate":"https:\/\/a-desk.org\/?s={search_term_string}"},"query-input":"required name=search_term_string"}],"inLanguage":"ca"},{"@type":"Person","@id":"https:\/\/a-desk.org\/#\/schema\/person\/b91bb7b597e6dca5b457804d3bb64eff","name":"Pilar Bonet","image":{"@type":"ImageObject","inLanguage":"ca","@id":"https:\/\/a-desk.org\/#\/schema\/person\/image\/cb85f02a0e1d1107ed6c18a6301d1c2d","url":"https:\/\/secure.gravatar.com\/avatar\/f4a61855625b473f01cbae32d254f0c2?s=96&d=mm&r=g","contentUrl":"https:\/\/secure.gravatar.com\/avatar\/f4a61855625b473f01cbae32d254f0c2?s=96&d=mm&r=g","caption":"Pilar Bonet"},"url":"https:\/\/a-desk.org\/ca\/autor\/pilar\/"}]}},"_links":{"self":[{"href":"https:\/\/a-desk.org\/ca\/wp-json\/wp\/v2\/posts\/7038"}],"collection":[{"href":"https:\/\/a-desk.org\/ca\/wp-json\/wp\/v2\/posts"}],"about":[{"href":"https:\/\/a-desk.org\/ca\/wp-json\/wp\/v2\/types\/post"}],"author":[{"embeddable":true,"href":"https:\/\/a-desk.org\/ca\/wp-json\/wp\/v2\/users\/1263"}],"replies":[{"embeddable":true,"href":"https:\/\/a-desk.org\/ca\/wp-json\/wp\/v2\/comments?post=7038"}],"version-history":[{"count":0,"href":"https:\/\/a-desk.org\/ca\/wp-json\/wp\/v2\/posts\/7038\/revisions"}],"wp:featuredmedia":[{"embeddable":true,"href":"https:\/\/a-desk.org\/ca\/wp-json\/wp\/v2\/media\/7018"}],"wp:attachment":[{"href":"https:\/\/a-desk.org\/ca\/wp-json\/wp\/v2\/media?parent=7038"}],"wp:term":[{"taxonomy":"category","embeddable":true,"href":"https:\/\/a-desk.org\/ca\/wp-json\/wp\/v2\/categories?post=7038"},{"taxonomy":"post_tag","embeddable":true,"href":"https:\/\/a-desk.org\/ca\/wp-json\/wp\/v2\/tags?post=7038"},{"taxonomy":"author","embeddable":true,"href":"https:\/\/a-desk.org\/ca\/wp-json\/wp\/v2\/coauthors?post=7038"}],"curies":[{"name":"wp","href":"https:\/\/api.w.org\/{rel}","templated":true}]}}