{"id":7040,"date":"2012-11-16T02:36:00","date_gmt":"2012-11-16T02:36:00","guid":{"rendered":"http:\/\/a-desk.org\/2012\/11\/16\/the-future-of-reading-is-not1553\/"},"modified":"2012-11-16T02:36:00","modified_gmt":"2012-11-16T02:36:00","slug":"the-future-of-reading-is-not1553","status":"publish","type":"post","link":"https:\/\/a-desk.org\/ca\/magazine\/the-future-of-reading-is-not1553\/","title":{"rendered":"The future of reading is not reading"},"content":{"rendered":"<p><img decoding=\"async\" class=\" alignleft size-full wp-image-6996\" src=\"http:\/\/a-desk.org\/wp-content\/uploads\/2012\/11\/esqueleto-articulado.jpg\" alt=\"esqueleto-articulado.jpg\" align=\"left\" width=\"470\" height=\"640\" srcset=\"https:\/\/a-desk.org\/wp-content\/uploads\/2012\/11\/esqueleto-articulado.jpg 470w, https:\/\/a-desk.org\/wp-content\/uploads\/2012\/11\/esqueleto-articulado-294x400.jpg 294w\" sizes=\"(max-width: 470px) 100vw, 470px\" \/> Fa unes quantes setmanes vaig poder llegir al Twitter una frase que em va semblar intrigant. \u201c<em>The future of reading is not reading<\/em>\u201d, deia el tu\u00eft. S\u00f3c una persona a la que li agrada llegir; a m\u00e9s, ja fa anys que visc de fer artefactes per a que la gent llegeixi. Per tant, no puc treure\u2019m aquesta frase del cap des de que la vaig veure a la pantalla del meu m\u00f2bil. Com \u00e9s possible que el futur de la lectura no sigui la lectura?<\/p>\n<p>Podem aventurar diferents hip\u00f2tesis.<\/p>\n<p>Si assumim una postura tecno-centrista, podem considerar que el predomini de la imatge a la nostra cultura provocar\u00e0 que la paraula escrita quedi despla\u00e7ada com a font de preservaci\u00f3 i transmissi\u00f3 de coneixement. La popularitat dels medis audiovisuals i de comunicaci\u00f3, junt amb l\u2019aparici\u00f3 d\u2019eines digitals que permetin produir i distribuir fotos, v\u00eddeos i animacions a baix cost, est\u00e0 provocant que tendim a aproximar-nos a la realitat a trav\u00e9s de productes multim\u00e8dia. I, d\u2019acord amb aquesta hip\u00f2tesi, aquesta tend\u00e8ncia s\u2019accentuar\u00e0 en el futur. En temps futurs, aprendrem, ens informarem i ens divertirem mitjan\u00e7ant suports audiovisuals, de manera que la lectura es convertir\u00e0 en una activitat anacr\u00f2nica i residual. Des d\u2019aquesta perspectiva, la televisi\u00f3, els videoclips d\u2019Internet i els videojocs mataran els llibres, les revistes i la premsa escrita. <\/p>\n<p>Existeix una variant d\u2019aquesta hip\u00f2tesi. \u00c9s la que afirma que la lectura acabar\u00e0 dilu\u00efda en processos de recepci\u00f3 del coneixement m\u00e9s complexos. \u00c9s un fet que les xarxes digitals de comunicaci\u00f3 estan modificant d\u2019una manera profunda la manera com accedim a la paraula escrita. Gr\u00e0cies als ordinadors i als dispositius m\u00f2bils, la paraula escrita acostuma a apar\u00e8ixer com un ingredient m\u00e9s d\u2019un conjunt d\u2019elements diversos. Quan accedim als entorns digitals, sovint trobem que els textos s\u00f3n els components d\u2019una xarxa de relacions que inclouen tamb\u00e9 imatges, sons, mapes i h\u00edper-vincles a d\u2019altres recursos. D\u2019aquesta manera, la lectura reconcentrada, basada generalment, en recorreguts lineals, i que era pr\u00f2pia de l\u2019era del paper, est\u00e0 cedint el seu lloc a d\u2019altres formes de recepci\u00f3, probablement menys atentes, en les que el text escrit roman en constant interacci\u00f3 amb altres recursos comunicatius. Si assumim aquesta postura, podem suposar que la paraula tendir\u00e0 a apar\u00e8ixer cada vegada menys com un element independents per a convertir-se en un component m\u00e9s de collages \u2013o millor dit, mashups- complexos. Aix\u00f2 provocar\u00e0 que, a la llarga, la lectura, almenys tal i com l\u2019entenem ara, tendeixi a desapar\u00e8ixer.<\/p>\n<p>Tamb\u00e9 podem adoptar una postura neoludita i sostenir que la fi de la lectura est\u00e0 associada a la fi del llibre impr\u00e8s. Segons aquesta manera de pensar, el retroc\u00e9s de l\u2019activitat lectora ser\u00e0 una conseq\u00fc\u00e8ncia de l\u2019economia de l\u2019abund\u00e0ncia pr\u00f2pia de les xarxes digitals.  A l\u2019\u00e8poca dels suports impresos \u2013caracteritzada per l\u2019escassetat-, era f\u00e0cil que els lectors fixessin la seva atenci\u00f3 en els textos rellevants. Editar resultava car i dificult\u00f3s, de manera que, per norma general, nom\u00e9s la gent que tenia autoritat en alguna mat\u00e8ria tenia el privilegi de veure els seus textos publicats. Aix\u00f2, que podria semblar un inconvenient per a molts, va representar per al neoludita una garantia de preservaci\u00f3 de la cultura escrita. L\u2019escassetat del llibre impr\u00e8s permetia que el lector pogu\u00e9s orientar-se dins d\u2019un univers raonablement abastable. En canvi, ara, tenim al nostre abast una quantitat aclaparadora de textos escrits. Podem emmagatzemar milers d\u2019assajos i novel\u00b7les en el nostre e-reader, de la mateixa manera que, navegant per Internet, podem llegir abundants escrits sobre qualsevol cosa que se\u2019ns pugui oc\u00f3rrer. S\u00f3n nombrosos els neoludites que afirmen que aquesta aclaparadora abund\u00e0ncia de textos ens impedeix concentrar-nos en una veritable lectura. Per a ells, aquest exc\u00e9s d\u2019informaci\u00f3 \u2013que, sovint ens impedeix discernir entre all\u00f2 bo i all\u00f2 dolent- provoca que ens passegem d\u2019un text a l\u2019altre sense aprofundir veritablement en cap. Segons aquest punt de vista, l\u2019exc\u00e9s de material escrit provocar\u00e0 el declivi de la lectura, en convertir-la en un acte superficial. <\/p>\n<p>Aquesta hip\u00f2tesi, tamb\u00e9 t\u00e9 una variant i \u00e9s la que sost\u00e9 que la fi de la lectura ser\u00e0 una conseq\u00fc\u00e8ncia de la democratitzaci\u00f3 de l\u2019edici\u00f3. Com tots sabem, la irrupci\u00f3 d\u2019internet ha fet possible que qualsevol persona connectada a un terminal inform\u00e0tic sigui capa\u00e7 de publicar escrits potencialment accessibles a milions de persones. Les xarxes de comunicaci\u00f3 han fet de tot individu un possible escriptor (i un possible editor). I, efectivament, la nostra \u00e8poca s\u2019ha caracteritzat per l\u2019explosi\u00f3 de l\u2019expressi\u00f3 escrita. La multitud utilitza <em>blogs<\/em>, xarxes socials, sistemes de missatgeria i f\u00f2rums per publicar i difondre una infinitat de textos.  Si assumim una actitud elitista, com ho fan personatges tant diferents com Jaron Lanier o Zygmunt Bauman, podem considerar que tal explosi\u00f3 de textos t\u00e9 un efecte empobridor sobre la nostra cultura. Certament, les xarxes digitals estan inundades d\u2019escrits mal redactats, que s\u2019expressen de forma maldestra, que tracten, sovint, sobre temes absurds o insubstancials. El predomini d\u2019aquest tipus de continguts, entenen els detractors de la cultura de la xarxa, ha de ser necess\u00e0riament perjudicial per als lectors. Al cap i a la fi, quin sentit tindr\u00e0 llegir si tots els textos a la nostra disposici\u00f3 seran banals i estaran pobrament escrits? Seguint aquesta l\u00f2gica, el fi de la lectura ser\u00e0 conseq\u00fc\u00e8ncia de la trivialitat de l\u2019escriptura a Internet. <\/p>\n<p>Aquestes s\u00f3n nom\u00e9s quatre hip\u00f2tesis que intenten explicar el sentit de la frase \u201c<em>The future of resading is not reading<\/em>\u201d. Tot i aix\u00ed, podr\u00edem plantejar-nos les coses d\u2019una manera ben diferent, i preguntar-nos si n o \u00e9s possible que, en realitat, la frase que ha inspirat aquest article estigui equivocada. <\/p>\n<p>Qu\u00e8 passaria si, en realitat, el futur de la lectura fos la lectura? En tot cas, intentar\u00e9 respondre a aquesta pregunta en un futur post. <\/p>\n","protected":false},"excerpt":{"rendered":"<p>Fa unes quantes setmanes vaig poder llegir al Twitter una frase que em va semblar intrigant. \u201cThe future of reading is not reading\u201d, deia el tu\u00eft. S\u00f3c una persona a&#8230;<\/p>\n","protected":false},"author":1256,"featured_media":6996,"comment_status":"open","ping_status":"open","sticky":false,"template":"","format":"standard","meta":{"_relevanssi_hide_post":"","_relevanssi_hide_content":"","_relevanssi_pin_for_all":"","_relevanssi_pin_keywords":"","_relevanssi_unpin_keywords":"","_relevanssi_related_keywords":"","_relevanssi_related_include_ids":"","_relevanssi_related_exclude_ids":"","_relevanssi_related_no_append":"","_relevanssi_related_not_related":"","_relevanssi_related_posts":"","_relevanssi_noindex_reason":"","footnotes":""},"categories":[6782],"tags":[],"coauthors":[],"acf":[],"yoast_head":"<!-- This site is optimized with the Yoast SEO plugin v22.6 - https:\/\/yoast.com\/wordpress\/plugins\/seo\/ -->\n<title>The future of reading is not reading &#8211; A*Desk<\/title>\n<meta name=\"robots\" content=\"index, follow, max-snippet:-1, max-image-preview:large, max-video-preview:-1\" \/>\n<link rel=\"canonical\" href=\"https:\/\/a-desk.org\/ca\/magazine\/the-future-of-reading-is-not1553\/\" \/>\n<meta property=\"og:locale\" content=\"ca_ES\" \/>\n<meta property=\"og:type\" content=\"article\" \/>\n<meta property=\"og:title\" content=\"The future of reading is not reading &#8211; A*Desk\" \/>\n<meta property=\"og:description\" content=\"Fa unes quantes setmanes vaig poder llegir al Twitter una frase que em va semblar intrigant. \u201cThe future of reading is not reading\u201d, deia el tu\u00eft. S\u00f3c una persona a...\" \/>\n<meta property=\"og:url\" content=\"https:\/\/a-desk.org\/ca\/magazine\/the-future-of-reading-is-not1553\/\" \/>\n<meta property=\"og:site_name\" content=\"A*Desk\" \/>\n<meta property=\"article:published_time\" content=\"2012-11-16T02:36:00+00:00\" \/>\n<meta property=\"og:image\" content=\"https:\/\/a-desk.org\/wp-content\/uploads\/2012\/11\/esqueleto-articulado.jpg\" \/>\n\t<meta property=\"og:image:width\" content=\"470\" \/>\n\t<meta property=\"og:image:height\" content=\"640\" \/>\n\t<meta property=\"og:image:type\" content=\"image\/jpeg\" \/>\n<meta name=\"author\" content=\"Eduardo P\u00e9rez Soler\" \/>\n<meta name=\"twitter:card\" content=\"summary_large_image\" \/>\n<meta name=\"twitter:label1\" content=\"Escrit per\" \/>\n\t<meta name=\"twitter:data1\" content=\"Eduardo P\u00e9rez Soler\" \/>\n\t<meta name=\"twitter:label2\" content=\"Temps estimat de lectura\" \/>\n\t<meta name=\"twitter:data2\" content=\"5 minuts\" \/>\n\t<meta name=\"twitter:label3\" content=\"Written by\" \/>\n\t<meta name=\"twitter:data3\" content=\"Eduardo P\u00e9rez Soler\" \/>\n<script type=\"application\/ld+json\" class=\"yoast-schema-graph\">{\"@context\":\"https:\/\/schema.org\",\"@graph\":[{\"@type\":\"WebPage\",\"@id\":\"https:\/\/a-desk.org\/ca\/magazine\/the-future-of-reading-is-not1553\/\",\"url\":\"https:\/\/a-desk.org\/ca\/magazine\/the-future-of-reading-is-not1553\/\",\"name\":\"The future of reading is not reading &#8211; A*Desk\",\"isPartOf\":{\"@id\":\"https:\/\/a-desk.org\/#website\"},\"primaryImageOfPage\":{\"@id\":\"https:\/\/a-desk.org\/ca\/magazine\/the-future-of-reading-is-not1553\/#primaryimage\"},\"image\":{\"@id\":\"https:\/\/a-desk.org\/ca\/magazine\/the-future-of-reading-is-not1553\/#primaryimage\"},\"thumbnailUrl\":\"https:\/\/a-desk.org\/wp-content\/uploads\/2012\/11\/esqueleto-articulado.jpg\",\"datePublished\":\"2012-11-16T02:36:00+00:00\",\"dateModified\":\"2012-11-16T02:36:00+00:00\",\"author\":{\"@id\":\"https:\/\/a-desk.org\/#\/schema\/person\/1f0fb283024958c5aa6dcdaf3316470c\"},\"breadcrumb\":{\"@id\":\"https:\/\/a-desk.org\/ca\/magazine\/the-future-of-reading-is-not1553\/#breadcrumb\"},\"inLanguage\":\"ca\",\"potentialAction\":[{\"@type\":\"ReadAction\",\"target\":[\"https:\/\/a-desk.org\/ca\/magazine\/the-future-of-reading-is-not1553\/\"]}]},{\"@type\":\"ImageObject\",\"inLanguage\":\"ca\",\"@id\":\"https:\/\/a-desk.org\/ca\/magazine\/the-future-of-reading-is-not1553\/#primaryimage\",\"url\":\"https:\/\/a-desk.org\/wp-content\/uploads\/2012\/11\/esqueleto-articulado.jpg\",\"contentUrl\":\"https:\/\/a-desk.org\/wp-content\/uploads\/2012\/11\/esqueleto-articulado.jpg\",\"width\":470,\"height\":640,\"caption\":\"esqueleto-articulado.jpg\"},{\"@type\":\"BreadcrumbList\",\"@id\":\"https:\/\/a-desk.org\/ca\/magazine\/the-future-of-reading-is-not1553\/#breadcrumb\",\"itemListElement\":[{\"@type\":\"ListItem\",\"position\":1,\"name\":\"Portada\",\"item\":\"https:\/\/a-desk.org\/ca\/\"},{\"@type\":\"ListItem\",\"position\":2,\"name\":\"The future of reading is not reading\"}]},{\"@type\":\"WebSite\",\"@id\":\"https:\/\/a-desk.org\/#website\",\"url\":\"https:\/\/a-desk.org\/\",\"name\":\"A*Desk\",\"description\":\"A*Desk Critical Thinking\",\"potentialAction\":[{\"@type\":\"SearchAction\",\"target\":{\"@type\":\"EntryPoint\",\"urlTemplate\":\"https:\/\/a-desk.org\/?s={search_term_string}\"},\"query-input\":\"required name=search_term_string\"}],\"inLanguage\":\"ca\"},{\"@type\":\"Person\",\"@id\":\"https:\/\/a-desk.org\/#\/schema\/person\/1f0fb283024958c5aa6dcdaf3316470c\",\"name\":\"Eduardo P\u00e9rez Soler\",\"image\":{\"@type\":\"ImageObject\",\"inLanguage\":\"ca\",\"@id\":\"https:\/\/a-desk.org\/#\/schema\/person\/image\/4525fdbe5bda4e480544aae4901787d4\",\"url\":\"https:\/\/secure.gravatar.com\/avatar\/81a8fbd62eaa3cd062a264f410637afa?s=96&d=mm&r=g\",\"contentUrl\":\"https:\/\/secure.gravatar.com\/avatar\/81a8fbd62eaa3cd062a264f410637afa?s=96&d=mm&r=g\",\"caption\":\"Eduardo P\u00e9rez Soler\"},\"description\":\"Eduardo P\u00e9rez Soler piensa que el arte \u2013como Buda\u2013 ha muerto, aunque su sombra a\u00fan se proyecta sobre la cueva. Sin embargo, este hecho lamentable no le impide seguir reflexionando, debatiendo y escribiendo sobre las m\u00e1s distintas formas de creaci\u00f3n.\",\"url\":\"https:\/\/a-desk.org\/ca\/autor\/eduardo\/\"}]}<\/script>\n<!-- \/ Yoast SEO plugin. -->","yoast_head_json":{"title":"The future of reading is not reading &#8211; A*Desk","robots":{"index":"index","follow":"follow","max-snippet":"max-snippet:-1","max-image-preview":"max-image-preview:large","max-video-preview":"max-video-preview:-1"},"canonical":"https:\/\/a-desk.org\/ca\/magazine\/the-future-of-reading-is-not1553\/","og_locale":"ca_ES","og_type":"article","og_title":"The future of reading is not reading &#8211; A*Desk","og_description":"Fa unes quantes setmanes vaig poder llegir al Twitter una frase que em va semblar intrigant. \u201cThe future of reading is not reading\u201d, deia el tu\u00eft. S\u00f3c una persona a...","og_url":"https:\/\/a-desk.org\/ca\/magazine\/the-future-of-reading-is-not1553\/","og_site_name":"A*Desk","article_published_time":"2012-11-16T02:36:00+00:00","og_image":[{"width":470,"height":640,"url":"https:\/\/a-desk.org\/wp-content\/uploads\/2012\/11\/esqueleto-articulado.jpg","type":"image\/jpeg"}],"author":"Eduardo P\u00e9rez Soler","twitter_card":"summary_large_image","twitter_misc":{"Escrit per":"Eduardo P\u00e9rez Soler","Temps estimat de lectura":"5 minuts","Written by":"Eduardo P\u00e9rez Soler"},"schema":{"@context":"https:\/\/schema.org","@graph":[{"@type":"WebPage","@id":"https:\/\/a-desk.org\/ca\/magazine\/the-future-of-reading-is-not1553\/","url":"https:\/\/a-desk.org\/ca\/magazine\/the-future-of-reading-is-not1553\/","name":"The future of reading is not reading &#8211; A*Desk","isPartOf":{"@id":"https:\/\/a-desk.org\/#website"},"primaryImageOfPage":{"@id":"https:\/\/a-desk.org\/ca\/magazine\/the-future-of-reading-is-not1553\/#primaryimage"},"image":{"@id":"https:\/\/a-desk.org\/ca\/magazine\/the-future-of-reading-is-not1553\/#primaryimage"},"thumbnailUrl":"https:\/\/a-desk.org\/wp-content\/uploads\/2012\/11\/esqueleto-articulado.jpg","datePublished":"2012-11-16T02:36:00+00:00","dateModified":"2012-11-16T02:36:00+00:00","author":{"@id":"https:\/\/a-desk.org\/#\/schema\/person\/1f0fb283024958c5aa6dcdaf3316470c"},"breadcrumb":{"@id":"https:\/\/a-desk.org\/ca\/magazine\/the-future-of-reading-is-not1553\/#breadcrumb"},"inLanguage":"ca","potentialAction":[{"@type":"ReadAction","target":["https:\/\/a-desk.org\/ca\/magazine\/the-future-of-reading-is-not1553\/"]}]},{"@type":"ImageObject","inLanguage":"ca","@id":"https:\/\/a-desk.org\/ca\/magazine\/the-future-of-reading-is-not1553\/#primaryimage","url":"https:\/\/a-desk.org\/wp-content\/uploads\/2012\/11\/esqueleto-articulado.jpg","contentUrl":"https:\/\/a-desk.org\/wp-content\/uploads\/2012\/11\/esqueleto-articulado.jpg","width":470,"height":640,"caption":"esqueleto-articulado.jpg"},{"@type":"BreadcrumbList","@id":"https:\/\/a-desk.org\/ca\/magazine\/the-future-of-reading-is-not1553\/#breadcrumb","itemListElement":[{"@type":"ListItem","position":1,"name":"Portada","item":"https:\/\/a-desk.org\/ca\/"},{"@type":"ListItem","position":2,"name":"The future of reading is not reading"}]},{"@type":"WebSite","@id":"https:\/\/a-desk.org\/#website","url":"https:\/\/a-desk.org\/","name":"A*Desk","description":"A*Desk Critical Thinking","potentialAction":[{"@type":"SearchAction","target":{"@type":"EntryPoint","urlTemplate":"https:\/\/a-desk.org\/?s={search_term_string}"},"query-input":"required name=search_term_string"}],"inLanguage":"ca"},{"@type":"Person","@id":"https:\/\/a-desk.org\/#\/schema\/person\/1f0fb283024958c5aa6dcdaf3316470c","name":"Eduardo P\u00e9rez Soler","image":{"@type":"ImageObject","inLanguage":"ca","@id":"https:\/\/a-desk.org\/#\/schema\/person\/image\/4525fdbe5bda4e480544aae4901787d4","url":"https:\/\/secure.gravatar.com\/avatar\/81a8fbd62eaa3cd062a264f410637afa?s=96&d=mm&r=g","contentUrl":"https:\/\/secure.gravatar.com\/avatar\/81a8fbd62eaa3cd062a264f410637afa?s=96&d=mm&r=g","caption":"Eduardo P\u00e9rez Soler"},"description":"Eduardo P\u00e9rez Soler piensa que el arte \u2013como Buda\u2013 ha muerto, aunque su sombra a\u00fan se proyecta sobre la cueva. Sin embargo, este hecho lamentable no le impide seguir reflexionando, debatiendo y escribiendo sobre las m\u00e1s distintas formas de creaci\u00f3n.","url":"https:\/\/a-desk.org\/ca\/autor\/eduardo\/"}]}},"_links":{"self":[{"href":"https:\/\/a-desk.org\/ca\/wp-json\/wp\/v2\/posts\/7040"}],"collection":[{"href":"https:\/\/a-desk.org\/ca\/wp-json\/wp\/v2\/posts"}],"about":[{"href":"https:\/\/a-desk.org\/ca\/wp-json\/wp\/v2\/types\/post"}],"author":[{"embeddable":true,"href":"https:\/\/a-desk.org\/ca\/wp-json\/wp\/v2\/users\/1256"}],"replies":[{"embeddable":true,"href":"https:\/\/a-desk.org\/ca\/wp-json\/wp\/v2\/comments?post=7040"}],"version-history":[{"count":0,"href":"https:\/\/a-desk.org\/ca\/wp-json\/wp\/v2\/posts\/7040\/revisions"}],"wp:featuredmedia":[{"embeddable":true,"href":"https:\/\/a-desk.org\/ca\/wp-json\/wp\/v2\/media\/6996"}],"wp:attachment":[{"href":"https:\/\/a-desk.org\/ca\/wp-json\/wp\/v2\/media?parent=7040"}],"wp:term":[{"taxonomy":"category","embeddable":true,"href":"https:\/\/a-desk.org\/ca\/wp-json\/wp\/v2\/categories?post=7040"},{"taxonomy":"post_tag","embeddable":true,"href":"https:\/\/a-desk.org\/ca\/wp-json\/wp\/v2\/tags?post=7040"},{"taxonomy":"author","embeddable":true,"href":"https:\/\/a-desk.org\/ca\/wp-json\/wp\/v2\/coauthors?post=7040"}],"curies":[{"name":"wp","href":"https:\/\/api.w.org\/{rel}","templated":true}]}}