{"id":7146,"date":"2012-12-14T02:00:00","date_gmt":"2012-12-14T02:00:00","guid":{"rendered":"http:\/\/a-desk.org\/2012\/12\/14\/museos-cum-munitas1632\/"},"modified":"2012-12-14T02:00:00","modified_gmt":"2012-12-14T02:00:00","slug":"museos-cum-munitas1632","status":"publish","type":"post","link":"https:\/\/a-desk.org\/ca\/magazine\/museos-cum-munitas1632\/","title":{"rendered":"Museos cum munitas"},"content":{"rendered":"<p><img decoding=\"async\" class=\" alignleft size-full wp-image-7116\" src=\"http:\/\/a-desk.org\/wp-content\/uploads\/2012\/12\/Aernout-Mik-Communitas-665x300.jpg\" alt=\"Aernout Mik , Communitas, 2010\" align=\"left\" width=\"670\" height=\"302\" srcset=\"https:\/\/a-desk.org\/wp-content\/uploads\/2012\/12\/Aernout-Mik-Communitas-665x300.jpg 670w, https:\/\/a-desk.org\/wp-content\/uploads\/2012\/12\/Aernout-Mik-Communitas-665x300-595x268.jpg 595w\" sizes=\"(max-width: 670px) 100vw, 670px\" \/>&#8220;Pensar la comunitat: no res m\u00e9s a l&#8217;ordre del dia, no res m\u00e9s requerit, reclamat, anunciat per una conjuntura que, en una mateixa \u00e8poca, anuncia el frac\u00e0s de tots els comunismes a la mis\u00e8ria dels nous individualismes&#8221;. Roberto Esposito<\/p>\n<p>D&#8217;un temps en\u00e7\u00e0, no hi ha debat com cal sobre museus i institucions art\u00edstiques on no hi aparegui el terme <em>comunitat<\/em>. Nom\u00e9s cal fer una ullada als programes educatius de molts museus i centres d&#8217;art per a qu\u00e8, tard o d&#8217;hora, hi aparegui entre les seves missions la de crear comunitat, pensar el com\u00fa o fomentar la cooperaci\u00f3 i participaci\u00f3 dels usuaris. La comunitat s&#8217;ha convertit en un terme recurrent al qual la &#8220;comunitat art\u00edstica&#8221; apel\u00b7la per justificar, en part, la seva missi\u00f3 o ra\u00f3 de ser.<\/p>\n<p>Roberto Esposito tra\u00e7a (<em>Origen y destino de la comunidad<\/em>) un recorregut per l&#8217;etimologia del terme comunitat <em>cum<\/em> (amb) <em>munus<\/em> (c\u00e0rrec, deure) des de Rousseau i el seu \u201ccontracte social\u201d, \u00e9s a dir, una convenci\u00f3 per la qual vivim junts, fins arribar a la comunitat impossible de Bataille, on el desig de comunitat es configura com a negaci\u00f3 de la vida, en tant que la vida d&#8217;un individu coincideix amb els l\u00edmits que el separen dels altres. \u00c9s per tant un concepte que, encara que antic, ni acaba ni pot envellir, degut a l\u2019impracticable de la seva promesa i al seu car\u00e0cter ut\u00f2pic (i necessari), i que sembla revifar en situacions de crisi. En el moment en qu\u00e8 ens trobem, on all\u00f2 p\u00fablic tal com l&#8217;hem conegut (l&#8217;estatal) <em>s&#8217;esvaeix en l&#8217;aire<\/em>, hi ha una crisi que va m\u00e9s enll\u00e0 de l&#8217;econ\u00f2mic, i trasllueix en una crisi de la representaci\u00f3 que comporta una justificada desconfian\u00e7a cap a les institucions. Per a qu\u00e8 serveix la pol\u00edtica i les institucions al segle XXI? En aquest context es repr\u00e8n un terme que convida a all\u00f2 col\u00b7laboratiu com a forma de sortir a la superf\u00edcie, un repensar un m\u00f3n en com\u00fa, un viure junts, precisament ara quan m\u00e9s falta fa, i davant l&#8217;exig\u00e8ncia d&#8217;una ciutadania que demana m\u00e9s participaci\u00f3. I perqu\u00e8 el com\u00fa, en paraules de Toni Negri, \u00e9s all\u00f2 que possibilita dins del car\u00e0cter p\u00fablic la construcci\u00f3 d&#8217;espais comuns reals, on \u00e9s possible la decisi\u00f3, el desig i la capacitat de transformaci\u00f3 de les singularitats.<\/p>\n<p>Per part de la teoria de l&#8217;art tamb\u00e9 s&#8217;ha produ\u00eft una apropiaci\u00f3 del concepte de comunitat, i els museus, m\u00e9s que dip\u00f2sits del saber (de la comunitat), que tamb\u00e9, avui es configuren com espais de mediaci\u00f3. El concepte d'&#8221;art relacional&#8221;, teoritzat per Nicolas Bourriaud, ha sistematitzat en els \u00faltims anys aquesta tend\u00e8ncia, a trav\u00e9s d&#8217;un art que crea situacions ef\u00edmeres, que generen xarxes i noves formes de relaci\u00f3. D&#8217;aquesta manera, s&#8217;insta a l&#8217;art a contribuir, amb el seu potencial pol\u00edtic, a la reestructuraci\u00f3 del sentit de comunitat, a la reparaci\u00f3 dels lla\u00e7os socials, etc. Per\u00f2 davant del &#8220;bon rotllo&#8221; de Bourriaud, el fil\u00f2sof franc\u00e8s Jacques Ranci\u00e8re defensa el dissens com a \u00fanica forma de garantir que la part exclosa, \u00e9s a dir, els <em>sense part <\/em> (els qualsevol), puguin encarnar l&#8217;universal i estar inclosos en l&#8217;esfera dels assumptes comuns. El museu, doncs, t\u00e9 la comesa de visibilitzar all\u00f2 com\u00fa, crear connexions entre coses, imatges i significats, aix\u00ed com tamb\u00e9 el fomentar xarxes de treball comunitari i consolidar vincles afectius i de pertinen\u00e7a.<\/p>\n<p>Sense anar gaire lluny, el Museu Reina Sofia va proposar fa un parell d&#8217;anys el terme &#8220;institucions del com\u00fa&#8221; per referir-se a institucions ciutadanes i participatives, m\u00e9s que p\u00fabliques i de ning\u00fa (estatals). I va proposar un sistema de col\u00b7laboraci\u00f3 i de xarxes amb altres institucions, col\u00b7lectius i moviments socials, com una forma de constituir un nos-altres. Per\u00f2 com poden contribuir els museus a crear comunitat? I de quin tipus de comunitat estem parlant? Com potenciar el treball en xarxa i comunitari? Quines s\u00f3n les eines que estan utilitzant els museus per donar visibilitat al com\u00fa? Quins indicadors haurem d&#8217;utilitzar per comprovar que s&#8217;est\u00e0 donant &#8220;aquesta comunitat&#8221;? Davant la dificultat de mesurar o avaluar aquestes q\u00fcestions, almenys s\u00ed cal definir la comunitat que es vol construir, perqu\u00e8 comunitats n\u2019hi ha de molts diferents tipus: comunit\u00e0ries, neoliberals, identit\u00e0ries, ve\u00efnals, determinades per races, ideologies, interessos o el que sigui.<\/p>\n<p>En aquest context, es produeix la paradoxa que mentre moltes institucions art\u00edstiques assimilen entre les seves funcions el crear comunitat, cada vegada \u00e9s m\u00e9s evident que m\u00e9s que crear una comunitat afectiva, el que persegueixen moltes d&#8217;elles \u00e9s en realitat <em>fidelitzar<\/em> i crear cartera de clients, ja siguin patrons dels museu, visitants o consumidors d&#8217;actes. I \u00e9s que es vulgui o no, el futur dels museus i centres d&#8217;art a Espanya vindr\u00e0 determinat, en part, pel model de gesti\u00f3 aix\u00ed com pel de finan\u00e7ament del que facin \u00fas.<\/p>\n","protected":false},"excerpt":{"rendered":"<p>&#8220;Pensar la comunitat: no res m\u00e9s a l&#8217;ordre del dia, no res m\u00e9s requerit, reclamat, anunciat per una conjuntura que, en una mateixa \u00e8poca, anuncia el frac\u00e0s de tots els&#8230;<\/p>\n","protected":false},"author":1246,"featured_media":7116,"comment_status":"open","ping_status":"open","sticky":false,"template":"","format":"standard","meta":{"_relevanssi_hide_post":"","_relevanssi_hide_content":"","_relevanssi_pin_for_all":"","_relevanssi_pin_keywords":"","_relevanssi_unpin_keywords":"","_relevanssi_related_keywords":"","_relevanssi_related_include_ids":"","_relevanssi_related_exclude_ids":"","_relevanssi_related_no_append":"","_relevanssi_related_not_related":"","_relevanssi_related_posts":"","_relevanssi_noindex_reason":"","footnotes":""},"categories":[6782],"tags":[],"coauthors":[],"acf":[],"yoast_head":"<!-- This site is optimized with the Yoast SEO plugin v22.6 - https:\/\/yoast.com\/wordpress\/plugins\/seo\/ -->\n<title>Museos cum munitas &#8211; A*Desk<\/title>\n<meta name=\"robots\" content=\"index, follow, max-snippet:-1, max-image-preview:large, max-video-preview:-1\" \/>\n<link rel=\"canonical\" href=\"https:\/\/a-desk.org\/ca\/magazine\/museos-cum-munitas1632\/\" \/>\n<meta property=\"og:locale\" content=\"ca_ES\" \/>\n<meta property=\"og:type\" content=\"article\" \/>\n<meta property=\"og:title\" content=\"Museos cum munitas &#8211; A*Desk\" \/>\n<meta property=\"og:description\" content=\"&#8220;Pensar la comunitat: no res m\u00e9s a l&#8217;ordre del dia, no res m\u00e9s requerit, reclamat, anunciat per una conjuntura que, en una mateixa \u00e8poca, anuncia el frac\u00e0s de tots els...\" \/>\n<meta property=\"og:url\" content=\"https:\/\/a-desk.org\/ca\/magazine\/museos-cum-munitas1632\/\" \/>\n<meta property=\"og:site_name\" content=\"A*Desk\" \/>\n<meta property=\"article:published_time\" content=\"2012-12-14T02:00:00+00:00\" \/>\n<meta property=\"og:image\" content=\"https:\/\/a-desk.org\/wp-content\/uploads\/2012\/12\/Aernout-Mik-Communitas-665x300.jpg\" \/>\n\t<meta property=\"og:image:width\" content=\"670\" \/>\n\t<meta property=\"og:image:height\" content=\"302\" \/>\n\t<meta property=\"og:image:type\" content=\"image\/jpeg\" \/>\n<meta name=\"author\" content=\"Rosa Naharro\" \/>\n<meta name=\"twitter:card\" content=\"summary_large_image\" \/>\n<meta name=\"twitter:label1\" content=\"Escrit per\" \/>\n\t<meta name=\"twitter:data1\" content=\"Rosa Naharro\" \/>\n\t<meta name=\"twitter:label2\" content=\"Temps estimat de lectura\" \/>\n\t<meta name=\"twitter:data2\" content=\"4 minuts\" \/>\n\t<meta name=\"twitter:label3\" content=\"Written by\" \/>\n\t<meta name=\"twitter:data3\" content=\"Rosa Naharro\" \/>\n<script type=\"application\/ld+json\" class=\"yoast-schema-graph\">{\"@context\":\"https:\/\/schema.org\",\"@graph\":[{\"@type\":\"WebPage\",\"@id\":\"https:\/\/a-desk.org\/ca\/magazine\/museos-cum-munitas1632\/\",\"url\":\"https:\/\/a-desk.org\/ca\/magazine\/museos-cum-munitas1632\/\",\"name\":\"Museos cum munitas &#8211; A*Desk\",\"isPartOf\":{\"@id\":\"https:\/\/a-desk.org\/#website\"},\"primaryImageOfPage\":{\"@id\":\"https:\/\/a-desk.org\/ca\/magazine\/museos-cum-munitas1632\/#primaryimage\"},\"image\":{\"@id\":\"https:\/\/a-desk.org\/ca\/magazine\/museos-cum-munitas1632\/#primaryimage\"},\"thumbnailUrl\":\"https:\/\/a-desk.org\/wp-content\/uploads\/2012\/12\/Aernout-Mik-Communitas-665x300.jpg\",\"datePublished\":\"2012-12-14T02:00:00+00:00\",\"dateModified\":\"2012-12-14T02:00:00+00:00\",\"author\":{\"@id\":\"https:\/\/a-desk.org\/#\/schema\/person\/14f668c2e5b5867229915ebb06be4809\"},\"breadcrumb\":{\"@id\":\"https:\/\/a-desk.org\/ca\/magazine\/museos-cum-munitas1632\/#breadcrumb\"},\"inLanguage\":\"ca\",\"potentialAction\":[{\"@type\":\"ReadAction\",\"target\":[\"https:\/\/a-desk.org\/ca\/magazine\/museos-cum-munitas1632\/\"]}]},{\"@type\":\"ImageObject\",\"inLanguage\":\"ca\",\"@id\":\"https:\/\/a-desk.org\/ca\/magazine\/museos-cum-munitas1632\/#primaryimage\",\"url\":\"https:\/\/a-desk.org\/wp-content\/uploads\/2012\/12\/Aernout-Mik-Communitas-665x300.jpg\",\"contentUrl\":\"https:\/\/a-desk.org\/wp-content\/uploads\/2012\/12\/Aernout-Mik-Communitas-665x300.jpg\",\"width\":670,\"height\":302,\"caption\":\"Aernout Mik , Communitas, 2010\"},{\"@type\":\"BreadcrumbList\",\"@id\":\"https:\/\/a-desk.org\/ca\/magazine\/museos-cum-munitas1632\/#breadcrumb\",\"itemListElement\":[{\"@type\":\"ListItem\",\"position\":1,\"name\":\"Portada\",\"item\":\"https:\/\/a-desk.org\/ca\/\"},{\"@type\":\"ListItem\",\"position\":2,\"name\":\"Museos cum munitas\"}]},{\"@type\":\"WebSite\",\"@id\":\"https:\/\/a-desk.org\/#website\",\"url\":\"https:\/\/a-desk.org\/\",\"name\":\"A*Desk\",\"description\":\"A*Desk Critical Thinking\",\"potentialAction\":[{\"@type\":\"SearchAction\",\"target\":{\"@type\":\"EntryPoint\",\"urlTemplate\":\"https:\/\/a-desk.org\/?s={search_term_string}\"},\"query-input\":\"required name=search_term_string\"}],\"inLanguage\":\"ca\"},{\"@type\":\"Person\",\"@id\":\"https:\/\/a-desk.org\/#\/schema\/person\/14f668c2e5b5867229915ebb06be4809\",\"name\":\"Rosa Naharro\",\"image\":{\"@type\":\"ImageObject\",\"inLanguage\":\"ca\",\"@id\":\"https:\/\/a-desk.org\/#\/schema\/person\/image\/2548225ca38bf7bd6e5af0e2ddf9a184\",\"url\":\"https:\/\/secure.gravatar.com\/avatar\/787e8acbedaaa1795314f5a98c4a574e?s=96&d=mm&r=g\",\"contentUrl\":\"https:\/\/secure.gravatar.com\/avatar\/787e8acbedaaa1795314f5a98c4a574e?s=96&d=mm&r=g\",\"caption\":\"Rosa Naharro\"},\"url\":\"https:\/\/a-desk.org\/ca\/autor\/rosana\/\"}]}<\/script>\n<!-- \/ Yoast SEO plugin. -->","yoast_head_json":{"title":"Museos cum munitas &#8211; A*Desk","robots":{"index":"index","follow":"follow","max-snippet":"max-snippet:-1","max-image-preview":"max-image-preview:large","max-video-preview":"max-video-preview:-1"},"canonical":"https:\/\/a-desk.org\/ca\/magazine\/museos-cum-munitas1632\/","og_locale":"ca_ES","og_type":"article","og_title":"Museos cum munitas &#8211; A*Desk","og_description":"&#8220;Pensar la comunitat: no res m\u00e9s a l&#8217;ordre del dia, no res m\u00e9s requerit, reclamat, anunciat per una conjuntura que, en una mateixa \u00e8poca, anuncia el frac\u00e0s de tots els...","og_url":"https:\/\/a-desk.org\/ca\/magazine\/museos-cum-munitas1632\/","og_site_name":"A*Desk","article_published_time":"2012-12-14T02:00:00+00:00","og_image":[{"width":670,"height":302,"url":"https:\/\/a-desk.org\/wp-content\/uploads\/2012\/12\/Aernout-Mik-Communitas-665x300.jpg","type":"image\/jpeg"}],"author":"Rosa Naharro","twitter_card":"summary_large_image","twitter_misc":{"Escrit per":"Rosa Naharro","Temps estimat de lectura":"4 minuts","Written by":"Rosa Naharro"},"schema":{"@context":"https:\/\/schema.org","@graph":[{"@type":"WebPage","@id":"https:\/\/a-desk.org\/ca\/magazine\/museos-cum-munitas1632\/","url":"https:\/\/a-desk.org\/ca\/magazine\/museos-cum-munitas1632\/","name":"Museos cum munitas &#8211; A*Desk","isPartOf":{"@id":"https:\/\/a-desk.org\/#website"},"primaryImageOfPage":{"@id":"https:\/\/a-desk.org\/ca\/magazine\/museos-cum-munitas1632\/#primaryimage"},"image":{"@id":"https:\/\/a-desk.org\/ca\/magazine\/museos-cum-munitas1632\/#primaryimage"},"thumbnailUrl":"https:\/\/a-desk.org\/wp-content\/uploads\/2012\/12\/Aernout-Mik-Communitas-665x300.jpg","datePublished":"2012-12-14T02:00:00+00:00","dateModified":"2012-12-14T02:00:00+00:00","author":{"@id":"https:\/\/a-desk.org\/#\/schema\/person\/14f668c2e5b5867229915ebb06be4809"},"breadcrumb":{"@id":"https:\/\/a-desk.org\/ca\/magazine\/museos-cum-munitas1632\/#breadcrumb"},"inLanguage":"ca","potentialAction":[{"@type":"ReadAction","target":["https:\/\/a-desk.org\/ca\/magazine\/museos-cum-munitas1632\/"]}]},{"@type":"ImageObject","inLanguage":"ca","@id":"https:\/\/a-desk.org\/ca\/magazine\/museos-cum-munitas1632\/#primaryimage","url":"https:\/\/a-desk.org\/wp-content\/uploads\/2012\/12\/Aernout-Mik-Communitas-665x300.jpg","contentUrl":"https:\/\/a-desk.org\/wp-content\/uploads\/2012\/12\/Aernout-Mik-Communitas-665x300.jpg","width":670,"height":302,"caption":"Aernout Mik , Communitas, 2010"},{"@type":"BreadcrumbList","@id":"https:\/\/a-desk.org\/ca\/magazine\/museos-cum-munitas1632\/#breadcrumb","itemListElement":[{"@type":"ListItem","position":1,"name":"Portada","item":"https:\/\/a-desk.org\/ca\/"},{"@type":"ListItem","position":2,"name":"Museos cum munitas"}]},{"@type":"WebSite","@id":"https:\/\/a-desk.org\/#website","url":"https:\/\/a-desk.org\/","name":"A*Desk","description":"A*Desk Critical Thinking","potentialAction":[{"@type":"SearchAction","target":{"@type":"EntryPoint","urlTemplate":"https:\/\/a-desk.org\/?s={search_term_string}"},"query-input":"required name=search_term_string"}],"inLanguage":"ca"},{"@type":"Person","@id":"https:\/\/a-desk.org\/#\/schema\/person\/14f668c2e5b5867229915ebb06be4809","name":"Rosa Naharro","image":{"@type":"ImageObject","inLanguage":"ca","@id":"https:\/\/a-desk.org\/#\/schema\/person\/image\/2548225ca38bf7bd6e5af0e2ddf9a184","url":"https:\/\/secure.gravatar.com\/avatar\/787e8acbedaaa1795314f5a98c4a574e?s=96&d=mm&r=g","contentUrl":"https:\/\/secure.gravatar.com\/avatar\/787e8acbedaaa1795314f5a98c4a574e?s=96&d=mm&r=g","caption":"Rosa Naharro"},"url":"https:\/\/a-desk.org\/ca\/autor\/rosana\/"}]}},"_links":{"self":[{"href":"https:\/\/a-desk.org\/ca\/wp-json\/wp\/v2\/posts\/7146"}],"collection":[{"href":"https:\/\/a-desk.org\/ca\/wp-json\/wp\/v2\/posts"}],"about":[{"href":"https:\/\/a-desk.org\/ca\/wp-json\/wp\/v2\/types\/post"}],"author":[{"embeddable":true,"href":"https:\/\/a-desk.org\/ca\/wp-json\/wp\/v2\/users\/1246"}],"replies":[{"embeddable":true,"href":"https:\/\/a-desk.org\/ca\/wp-json\/wp\/v2\/comments?post=7146"}],"version-history":[{"count":0,"href":"https:\/\/a-desk.org\/ca\/wp-json\/wp\/v2\/posts\/7146\/revisions"}],"wp:featuredmedia":[{"embeddable":true,"href":"https:\/\/a-desk.org\/ca\/wp-json\/wp\/v2\/media\/7116"}],"wp:attachment":[{"href":"https:\/\/a-desk.org\/ca\/wp-json\/wp\/v2\/media?parent=7146"}],"wp:term":[{"taxonomy":"category","embeddable":true,"href":"https:\/\/a-desk.org\/ca\/wp-json\/wp\/v2\/categories?post=7146"},{"taxonomy":"post_tag","embeddable":true,"href":"https:\/\/a-desk.org\/ca\/wp-json\/wp\/v2\/tags?post=7146"},{"taxonomy":"author","embeddable":true,"href":"https:\/\/a-desk.org\/ca\/wp-json\/wp\/v2\/coauthors?post=7146"}],"curies":[{"name":"wp","href":"https:\/\/api.w.org\/{rel}","templated":true}]}}