{"id":7202,"date":"2012-12-31T02:50:00","date_gmt":"2012-12-31T02:50:00","guid":{"rendered":"http:\/\/a-desk.org\/2012\/12\/31\/felicitat-i-pobresa-summer-of-hate\/"},"modified":"2012-12-31T02:50:00","modified_gmt":"2012-12-31T02:50:00","slug":"felicitat-i-pobresa-summer-of-hate","status":"publish","type":"post","link":"https:\/\/a-desk.org\/ca\/magazine\/felicitat-i-pobresa-summer-of-hate\/","title":{"rendered":"Felicitat i pobresa: &#8220;Summer of Hate&#8221; de Chris Kraus"},"content":{"rendered":"<p>La felicitat \u00e9s un objecte filos\u00f2fic, un fi en si mateix. L&#8217;escriptura de Chris Kraus fa d&#8217;aquest objecte un concepte empla\u00e7at materialment a la vida; a trav\u00e9s de les seves novel\u00b7les i assajos cr\u00edtics (<em>I Love Dick, Aliens &#038; Anor\u00e8xia, Torpor, V\u00eddeo Green, Where Art Belongs<\/em>, entre d&#8217;altres), la pregunta per la felicitat es converteix en instrument per a abordar constel\u00b7lacions socials, culturals i personals, que van des de l&#8217;auge dels MFA a Los Angeles i la idiosincr\u00e0sia dels artistes comercialment reeixits, fins a organitzacions m\u00e9s senzilles com el matrimoni, l&#8217;amistat i la relaci\u00f3 de l&#8217;escriptor amb el seu treball. La felicitat, a la seva escriptura, passeja darrere de l&#8217;amor i la intel\u00b7lig\u00e8ncia, com els epicuris deien que s&#8217;amaga m\u00e9s enll\u00e0 de les finalitats immediates i exteriors -els diners, la fama, la bellesa etc-.  Amb un concepte de subjectivitat radicat a la teoria francesa, i amb un m\u00e8tode d&#8217;escriptura sempre pautat per la seva pr\u00f2pia implicaci\u00f3 en l&#8217;escena que descriu en tot el seu potencial ps\u00edquic, -ja sigui el m\u00f3n de l&#8217;art de la Costa Oest o el jet set intel\u00b7lectual europeu de dels noranta-,  l&#8217;obra liter\u00e0ria de Kraus recorre sempre un moviment de transici\u00f3 cap a la intensitat, de la mis\u00e8ria a l&#8217;esplendor, i del col\u00b7lapse cap a la recuperaci\u00f3.<\/p>\n<p>Si el problema de la recerca de la felicitat suposa una articulaci\u00f3 pol\u00edtica de per s\u00ed, <em>Summer of Hate <\/em> (2012) li ofereix un cron\u00f2top: un espai, l&#8217;anomenat Southwest (concretament Albuquerque, Nou M\u00e8xic) i un temps: els primers anys de la segona presid\u00e8ncia de GW Bush, marcats per la paranoia, la guerra i el cataclisme humanitari. La novel\u00b7la segueix les traject\u00f2ries trobades de Catt Dunlop -una cr\u00edtica d&#8217;art de Los Angeles- i Paul Garcia -ex convicte i alcoh\u00f2lic en recuperaci\u00f3-.  A trav\u00e9s d&#8217;una hist\u00f2ria d&#8217;amor intervinguda per la divisi\u00f3 de classe, la novel\u00b7la abunda en l&#8217;experi\u00e8ncia ps\u00edquica de la pobresa, entesa com col\u00b7lapse epistemol\u00f2gic: la vida a tr\u00e0ilers; la ubiq\u00fcitat de les addiccions; les din\u00e0miques de la ind\u00fastria penitenci\u00e0ria i les hist\u00f2ries de vida radicades en el frac\u00e0s personal i professional, s&#8217;alternen a la novel\u00b7la amb els processos de transfer\u00e8ncia de capital que van oc\u00f3rrer sota el govern de Bush Jr, i construeixen una imatge traum\u00e0tica de la divisi\u00f3 social al nucli del que fins fa no gaire s\u2019anomenava Primer M\u00f3n. En aquest ambient, la pobresa, o la infelicitat, s\u00f3n produ\u00efdes materialment: tota la vida est\u00e0 dissenyada a mida. El material permet un documentat desplegament del jo filos\u00f2fic de la protagonista, que pot articular teories exaltades i fantasies amoroses a la mateixa velocitat, mentre recorre autopistes i estudis d&#8217;advocats per intentar treure al seu nuvi -novament- de la pres\u00f3. A certa intensitat, segons Kraus, emoci\u00f3 i pensament es tornen sin\u00f2nims.<\/p>\n<p>Tribut\u00e0ria de l&#8217;informe d&#8217;experi\u00e8ncia (<em>report on experience<\/em>) i hereva d&#8217;escriptors de pros\u00e0pia tan \u00e0mplia com Montaigne i William Burroughs, Kraus va observar una vegada que la &#8220;recuperaci\u00f3&#8221; (&#8220;recovery&#8221;) seria el terme clau d&#8217;aquesta d\u00e8cada. Amb <em>Summer of Hate<\/em>, la seva profecia es compleix, o esdev\u00e9 m\u00e9s detallada: la hist\u00f2ria de la recuperaci\u00f3 de Paul s\u2019avan\u00e7a, dels models de comportament d&#8217;Alcoh\u00f2lics An\u00f2nims, al domini de l&#8217;\u00e8tica, ent\u00e8s com un \u00e0mbit cr\u00edtic: un triangle amor\u00f3s li permet assaborir, per fi, la responsabilitat, la capacitat d&#8217;actuar sobre el seu exterior. La felicitat \u00e9s un objecte opac, per\u00f2 la seva recerca es distingeix de les paranoies angoixants vinculades a l&#8217;\u00e8xit. A mesura que avan\u00e7a en aquesta tesi, tot el llibre es torna un tractat de filosofia pr\u00e0ctica amb forma de thriller d&#8217;amor.<\/p>\n<p><iframe loading=\"lazy\" width=\"640\" height=\"360\" src=\"http:\/\/www.youtube.com\/embed\/PLqNQVRcyzk?rel=0\" frameborder=\"0\" allowfullscreen><\/iframe><\/p>\n","protected":false},"excerpt":{"rendered":"<p>La felicitat \u00e9s un objecte filos\u00f2fic, un fi en si mateix. L&#8217;escriptura de Chris Kraus fa d&#8217;aquest objecte un concepte empla\u00e7at materialment a la vida; a trav\u00e9s de les seves&#8230;<\/p>\n","protected":false},"author":1258,"featured_media":0,"comment_status":"open","ping_status":"open","sticky":false,"template":"","format":"standard","meta":{"_relevanssi_hide_post":"","_relevanssi_hide_content":"","_relevanssi_pin_for_all":"","_relevanssi_pin_keywords":"","_relevanssi_unpin_keywords":"","_relevanssi_related_keywords":"","_relevanssi_related_include_ids":"","_relevanssi_related_exclude_ids":"","_relevanssi_related_no_append":"","_relevanssi_related_not_related":"","_relevanssi_related_posts":"","_relevanssi_noindex_reason":"","footnotes":""},"categories":[6782],"tags":[],"coauthors":[],"acf":[],"yoast_head":"<!-- This site is optimized with the Yoast SEO plugin v22.6 - https:\/\/yoast.com\/wordpress\/plugins\/seo\/ -->\n<title>Felicitat i pobresa: &quot;Summer of Hate&quot; de Chris Kraus &#8211; A*Desk<\/title>\n<meta name=\"robots\" content=\"index, follow, max-snippet:-1, max-image-preview:large, max-video-preview:-1\" \/>\n<link rel=\"canonical\" href=\"https:\/\/a-desk.org\/ca\/magazine\/felicitat-i-pobresa-summer-of-hate\/\" \/>\n<meta property=\"og:locale\" content=\"ca_ES\" \/>\n<meta property=\"og:type\" content=\"article\" \/>\n<meta property=\"og:title\" content=\"Felicitat i pobresa: &quot;Summer of Hate&quot; de Chris Kraus &#8211; A*Desk\" \/>\n<meta property=\"og:description\" content=\"La felicitat \u00e9s un objecte filos\u00f2fic, un fi en si mateix. L&#8217;escriptura de Chris Kraus fa d&#8217;aquest objecte un concepte empla\u00e7at materialment a la vida; a trav\u00e9s de les seves...\" \/>\n<meta property=\"og:url\" content=\"https:\/\/a-desk.org\/ca\/magazine\/felicitat-i-pobresa-summer-of-hate\/\" \/>\n<meta property=\"og:site_name\" content=\"A*Desk\" \/>\n<meta property=\"article:published_time\" content=\"2012-12-31T02:50:00+00:00\" \/>\n<meta property=\"og:image\" content=\"https:\/\/a-desk.org\/wp-content\/uploads\/2025\/09\/a-desk-critical-thinking.jpg\" \/>\n\t<meta property=\"og:image:width\" content=\"1200\" \/>\n\t<meta property=\"og:image:height\" content=\"675\" \/>\n\t<meta property=\"og:image:type\" content=\"image\/jpeg\" \/>\n<meta name=\"author\" content=\"Claudio M Iglesias\" \/>\n<meta name=\"twitter:card\" content=\"summary_large_image\" \/>\n<meta name=\"twitter:label1\" content=\"Escrit per\" \/>\n\t<meta name=\"twitter:data1\" content=\"Claudio M Iglesias\" \/>\n\t<meta name=\"twitter:label2\" content=\"Temps estimat de lectura\" \/>\n\t<meta name=\"twitter:data2\" content=\"3 minuts\" \/>\n\t<meta name=\"twitter:label3\" content=\"Written by\" \/>\n\t<meta name=\"twitter:data3\" content=\"Claudio M Iglesias\" \/>\n<script type=\"application\/ld+json\" class=\"yoast-schema-graph\">{\"@context\":\"https:\/\/schema.org\",\"@graph\":[{\"@type\":\"WebPage\",\"@id\":\"https:\/\/a-desk.org\/ca\/magazine\/felicitat-i-pobresa-summer-of-hate\/\",\"url\":\"https:\/\/a-desk.org\/ca\/magazine\/felicitat-i-pobresa-summer-of-hate\/\",\"name\":\"Felicitat i pobresa: \\\"Summer of Hate\\\" de Chris Kraus &#8211; A*Desk\",\"isPartOf\":{\"@id\":\"https:\/\/a-desk.org\/#website\"},\"datePublished\":\"2012-12-31T02:50:00+00:00\",\"dateModified\":\"2012-12-31T02:50:00+00:00\",\"author\":{\"@id\":\"https:\/\/a-desk.org\/#\/schema\/person\/08e388c7b314f2d2be2fc3c81c63af02\"},\"breadcrumb\":{\"@id\":\"https:\/\/a-desk.org\/ca\/magazine\/felicitat-i-pobresa-summer-of-hate\/#breadcrumb\"},\"inLanguage\":\"ca\",\"potentialAction\":[{\"@type\":\"ReadAction\",\"target\":[\"https:\/\/a-desk.org\/ca\/magazine\/felicitat-i-pobresa-summer-of-hate\/\"]}]},{\"@type\":\"BreadcrumbList\",\"@id\":\"https:\/\/a-desk.org\/ca\/magazine\/felicitat-i-pobresa-summer-of-hate\/#breadcrumb\",\"itemListElement\":[{\"@type\":\"ListItem\",\"position\":1,\"name\":\"Portada\",\"item\":\"https:\/\/a-desk.org\/ca\/\"},{\"@type\":\"ListItem\",\"position\":2,\"name\":\"Felicitat i pobresa: &#8220;Summer of Hate&#8221; de Chris Kraus\"}]},{\"@type\":\"WebSite\",\"@id\":\"https:\/\/a-desk.org\/#website\",\"url\":\"https:\/\/a-desk.org\/\",\"name\":\"A*Desk\",\"description\":\"A*Desk Critical Thinking\",\"potentialAction\":[{\"@type\":\"SearchAction\",\"target\":{\"@type\":\"EntryPoint\",\"urlTemplate\":\"https:\/\/a-desk.org\/?s={search_term_string}\"},\"query-input\":\"required name=search_term_string\"}],\"inLanguage\":\"ca\"},{\"@type\":\"Person\",\"@id\":\"https:\/\/a-desk.org\/#\/schema\/person\/08e388c7b314f2d2be2fc3c81c63af02\",\"name\":\"Claudio M Iglesias\",\"image\":{\"@type\":\"ImageObject\",\"inLanguage\":\"ca\",\"@id\":\"https:\/\/a-desk.org\/#\/schema\/person\/image\/41616e70089c6e7a485787f1d4d6ac09\",\"url\":\"https:\/\/secure.gravatar.com\/avatar\/24e239b83af4a68fbf49e5b0385373ef?s=96&d=mm&r=g\",\"contentUrl\":\"https:\/\/secure.gravatar.com\/avatar\/24e239b83af4a68fbf49e5b0385373ef?s=96&d=mm&r=g\",\"caption\":\"Claudio M Iglesias\"},\"url\":\"https:\/\/a-desk.org\/ca\/autor\/claudio\/\"}]}<\/script>\n<!-- \/ Yoast SEO plugin. -->","yoast_head_json":{"title":"Felicitat i pobresa: \"Summer of Hate\" de Chris Kraus &#8211; A*Desk","robots":{"index":"index","follow":"follow","max-snippet":"max-snippet:-1","max-image-preview":"max-image-preview:large","max-video-preview":"max-video-preview:-1"},"canonical":"https:\/\/a-desk.org\/ca\/magazine\/felicitat-i-pobresa-summer-of-hate\/","og_locale":"ca_ES","og_type":"article","og_title":"Felicitat i pobresa: \"Summer of Hate\" de Chris Kraus &#8211; A*Desk","og_description":"La felicitat \u00e9s un objecte filos\u00f2fic, un fi en si mateix. L&#8217;escriptura de Chris Kraus fa d&#8217;aquest objecte un concepte empla\u00e7at materialment a la vida; a trav\u00e9s de les seves...","og_url":"https:\/\/a-desk.org\/ca\/magazine\/felicitat-i-pobresa-summer-of-hate\/","og_site_name":"A*Desk","article_published_time":"2012-12-31T02:50:00+00:00","og_image":[{"width":1200,"height":675,"url":"https:\/\/a-desk.org\/wp-content\/uploads\/2025\/09\/a-desk-critical-thinking.jpg","type":"image\/jpeg"}],"author":"Claudio M Iglesias","twitter_card":"summary_large_image","twitter_misc":{"Escrit per":"Claudio M Iglesias","Temps estimat de lectura":"3 minuts","Written by":"Claudio M Iglesias"},"schema":{"@context":"https:\/\/schema.org","@graph":[{"@type":"WebPage","@id":"https:\/\/a-desk.org\/ca\/magazine\/felicitat-i-pobresa-summer-of-hate\/","url":"https:\/\/a-desk.org\/ca\/magazine\/felicitat-i-pobresa-summer-of-hate\/","name":"Felicitat i pobresa: \"Summer of Hate\" de Chris Kraus &#8211; A*Desk","isPartOf":{"@id":"https:\/\/a-desk.org\/#website"},"datePublished":"2012-12-31T02:50:00+00:00","dateModified":"2012-12-31T02:50:00+00:00","author":{"@id":"https:\/\/a-desk.org\/#\/schema\/person\/08e388c7b314f2d2be2fc3c81c63af02"},"breadcrumb":{"@id":"https:\/\/a-desk.org\/ca\/magazine\/felicitat-i-pobresa-summer-of-hate\/#breadcrumb"},"inLanguage":"ca","potentialAction":[{"@type":"ReadAction","target":["https:\/\/a-desk.org\/ca\/magazine\/felicitat-i-pobresa-summer-of-hate\/"]}]},{"@type":"BreadcrumbList","@id":"https:\/\/a-desk.org\/ca\/magazine\/felicitat-i-pobresa-summer-of-hate\/#breadcrumb","itemListElement":[{"@type":"ListItem","position":1,"name":"Portada","item":"https:\/\/a-desk.org\/ca\/"},{"@type":"ListItem","position":2,"name":"Felicitat i pobresa: &#8220;Summer of Hate&#8221; de Chris Kraus"}]},{"@type":"WebSite","@id":"https:\/\/a-desk.org\/#website","url":"https:\/\/a-desk.org\/","name":"A*Desk","description":"A*Desk Critical Thinking","potentialAction":[{"@type":"SearchAction","target":{"@type":"EntryPoint","urlTemplate":"https:\/\/a-desk.org\/?s={search_term_string}"},"query-input":"required name=search_term_string"}],"inLanguage":"ca"},{"@type":"Person","@id":"https:\/\/a-desk.org\/#\/schema\/person\/08e388c7b314f2d2be2fc3c81c63af02","name":"Claudio M Iglesias","image":{"@type":"ImageObject","inLanguage":"ca","@id":"https:\/\/a-desk.org\/#\/schema\/person\/image\/41616e70089c6e7a485787f1d4d6ac09","url":"https:\/\/secure.gravatar.com\/avatar\/24e239b83af4a68fbf49e5b0385373ef?s=96&d=mm&r=g","contentUrl":"https:\/\/secure.gravatar.com\/avatar\/24e239b83af4a68fbf49e5b0385373ef?s=96&d=mm&r=g","caption":"Claudio M Iglesias"},"url":"https:\/\/a-desk.org\/ca\/autor\/claudio\/"}]}},"_links":{"self":[{"href":"https:\/\/a-desk.org\/ca\/wp-json\/wp\/v2\/posts\/7202"}],"collection":[{"href":"https:\/\/a-desk.org\/ca\/wp-json\/wp\/v2\/posts"}],"about":[{"href":"https:\/\/a-desk.org\/ca\/wp-json\/wp\/v2\/types\/post"}],"author":[{"embeddable":true,"href":"https:\/\/a-desk.org\/ca\/wp-json\/wp\/v2\/users\/1258"}],"replies":[{"embeddable":true,"href":"https:\/\/a-desk.org\/ca\/wp-json\/wp\/v2\/comments?post=7202"}],"version-history":[{"count":0,"href":"https:\/\/a-desk.org\/ca\/wp-json\/wp\/v2\/posts\/7202\/revisions"}],"wp:attachment":[{"href":"https:\/\/a-desk.org\/ca\/wp-json\/wp\/v2\/media?parent=7202"}],"wp:term":[{"taxonomy":"category","embeddable":true,"href":"https:\/\/a-desk.org\/ca\/wp-json\/wp\/v2\/categories?post=7202"},{"taxonomy":"post_tag","embeddable":true,"href":"https:\/\/a-desk.org\/ca\/wp-json\/wp\/v2\/tags?post=7202"},{"taxonomy":"author","embeddable":true,"href":"https:\/\/a-desk.org\/ca\/wp-json\/wp\/v2\/coauthors?post=7202"}],"curies":[{"name":"wp","href":"https:\/\/api.w.org\/{rel}","templated":true}]}}