{"id":7237,"date":"2013-01-11T02:00:00","date_gmt":"2013-01-11T02:00:00","guid":{"rendered":"http:\/\/a-desk.org\/2013\/01\/11\/no-prometis\/"},"modified":"2013-01-11T02:00:00","modified_gmt":"2013-01-11T02:00:00","slug":"no-prometis","status":"publish","type":"post","link":"https:\/\/a-desk.org\/ca\/magazine\/no-prometis\/","title":{"rendered":"No prometis"},"content":{"rendered":"<p><img decoding=\"async\" class=\" alignleft size-full wp-image-7222\" src=\"http:\/\/a-desk.org\/wp-content\/uploads\/2013\/01\/lecourbousier.jpg\" alt=\"Le Corbusier in Saint-Tropez bay, 1938\" align=\"left\" width=\"670\" height=\"472\" srcset=\"https:\/\/a-desk.org\/wp-content\/uploads\/2013\/01\/lecourbousier.jpg 670w, https:\/\/a-desk.org\/wp-content\/uploads\/2013\/01\/lecourbousier-568x400.jpg 568w\" sizes=\"(max-width: 670px) 100vw, 670px\" \/> Estem a gener i la gent pensa i pregunta sobre els plans de futur. En el darrer n\u00famero del <a href=\"http:\/\/www.manifestajournal.org\/issues\/regret-and-other-back-pages#\">&#8220;Manifesta Journal&#8221;, Bojana Kunst publica <em>The Project Horizon: On the Temporality of Making<\/em><\/a>, on aborda l&#8217;ab\u00fas que fem de la paraula <em>projecte<\/em>, el qual vincula, des del principi, a l&#8217;ansietat que provoca l\u2019\u00fas excessiu d&#8217;aquest terme. Aquesta incomoditat prov\u00e9, segons ella, de la negociaci\u00f3 que hem de fer entre els projectes realitzats i els no realitzats per a qu\u00e8 tots dos tinguin cabuda en la imatge de nosaltres mateixos, proc\u00e9s que hem de compaginar, a m\u00e9s, amb l&#8217;empenta permanent de nous imaginaris cap al futur.<\/p>\n<p>Per\u00f2 el temps en qu\u00e8 vivim \u00e9s vol\u00e0til. L&#8217;estabilitat dels factors que defineixen els escenaris presents \u00e9s poc fiable. Davant la promesa capitalista de la forja del futur amb el treball, topem de cara amb la crisi del significat del terme <em>futur<\/em>. \u00c9s un receptacle d&#8217;alt risc per a les imatges generades a l&#8217;<em>ara<\/em>. Per\u00f2, segons Kunst, seguim unint treball i futur mitjan\u00e7ant l&#8217;\u00fas compulsiu de la paraula <em>projecte<\/em>.<\/p>\n<p>Qui proposa un projecte fa una promesa al sistema i compromet el seu cos a viure amb aquest deute. Diu l&#8217;autora que en l&#8217;\u00fas d&#8217;aquesta terminologia s&#8217;hipoteca tamb\u00e9 el cos -la vida- de l&#8217;artista. Sovint \u00e9s complicat distingir entre els projectes i la vida de qui els formula, resulta doncs dif\u00edcil imaginar una perspectiva que deixi espai per al gaudi. El problema \u00e9s, segons Kunst, que l&#8217;ansietat per complir la promesa sobre la qual es taxa el nom de l&#8217;artista jove substitueix el gaudi que en un altre temps havia estat present en l&#8217;exercici d&#8217;una tasca.<\/p>\n<p>Si limitem el nostre gust per a projectar, sentirem allunyar-nos de la norma que hem heretat: una experi\u00e8ncia del temps pr\u00f2pia de la modernitat cl\u00e0ssica, ja obsoleta. Vull recordar aqu\u00ed el reclam de la vida contemplativa com a postura per entendre el present que va fer <a href=\"http:\/\/www.e-flux.com\/journal\/comrades-of-time\/\">Boris Groys l\u2019any 2009 a E-Flux<\/a>. Davant la imposici\u00f3 d&#8217;una vida activa, amb la qual les ideologies de la modernitat van crear en el treballador l&#8217;ansietat per a l&#8217;emancipaci\u00f3 futura i ut\u00f2pica, contemplar el present \u00e9s la clau per no sucumbir al deute que no sabem si algun dia podrem tornar. Com assenyalava l&#8217;alemany, \u00e9s precisament el nostre <em>habitar el flux<\/em>, el no tenir un escenari present estable, el que ens permet exercir aquesta radical contemplaci\u00f3.<\/p>\n<p>Bojana Kunst parla de joves performers; Boris Groys parlava de v\u00eddeo basat en repetici\u00f3. Ella proposa que la producci\u00f3 art\u00edstica reconsideri la proporci\u00f3 d&#8217;atenci\u00f3 que dedica a l&#8217;<em>ara<\/em> i al <em>dem\u00e0<\/em>. Fem-ho tots per escapar a la bogeria.<\/p>\n","protected":false},"excerpt":{"rendered":"<p>Estem a gener i la gent pensa i pregunta sobre els plans de futur. En el darrer n\u00famero del &#8220;Manifesta Journal&#8221;, Bojana Kunst publica The Project Horizon: On the Temporality&#8230;<\/p>\n","protected":false},"author":1245,"featured_media":7222,"comment_status":"open","ping_status":"open","sticky":false,"template":"","format":"standard","meta":{"_relevanssi_hide_post":"","_relevanssi_hide_content":"","_relevanssi_pin_for_all":"","_relevanssi_pin_keywords":"","_relevanssi_unpin_keywords":"","_relevanssi_related_keywords":"","_relevanssi_related_include_ids":"","_relevanssi_related_exclude_ids":"","_relevanssi_related_no_append":"","_relevanssi_related_not_related":"","_relevanssi_related_posts":"","_relevanssi_noindex_reason":"","footnotes":""},"categories":[6782],"tags":[],"coauthors":[],"acf":[],"yoast_head":"<!-- This site is optimized with the Yoast SEO plugin v22.6 - https:\/\/yoast.com\/wordpress\/plugins\/seo\/ -->\n<title>No prometis &#8211; A*Desk<\/title>\n<meta name=\"robots\" content=\"index, follow, max-snippet:-1, max-image-preview:large, max-video-preview:-1\" \/>\n<link rel=\"canonical\" href=\"https:\/\/a-desk.org\/ca\/magazine\/no-prometis\/\" \/>\n<meta property=\"og:locale\" content=\"ca_ES\" \/>\n<meta property=\"og:type\" content=\"article\" \/>\n<meta property=\"og:title\" content=\"No prometis &#8211; A*Desk\" \/>\n<meta property=\"og:description\" content=\"Estem a gener i la gent pensa i pregunta sobre els plans de futur. En el darrer n\u00famero del &#8220;Manifesta Journal&#8221;, Bojana Kunst publica The Project Horizon: On the Temporality...\" \/>\n<meta property=\"og:url\" content=\"https:\/\/a-desk.org\/ca\/magazine\/no-prometis\/\" \/>\n<meta property=\"og:site_name\" content=\"A*Desk\" \/>\n<meta property=\"article:published_time\" content=\"2013-01-11T02:00:00+00:00\" \/>\n<meta property=\"og:image\" content=\"https:\/\/a-desk.org\/wp-content\/uploads\/2013\/01\/lecourbousier.jpg\" \/>\n\t<meta property=\"og:image:width\" content=\"670\" \/>\n\t<meta property=\"og:image:height\" content=\"472\" \/>\n\t<meta property=\"og:image:type\" content=\"image\/jpeg\" \/>\n<meta name=\"author\" content=\"Paloma Checa\" \/>\n<meta name=\"twitter:card\" content=\"summary_large_image\" \/>\n<meta name=\"twitter:label1\" content=\"Escrit per\" \/>\n\t<meta name=\"twitter:data1\" content=\"Paloma Checa\" \/>\n\t<meta name=\"twitter:label2\" content=\"Temps estimat de lectura\" \/>\n\t<meta name=\"twitter:data2\" content=\"2 minuts\" \/>\n\t<meta name=\"twitter:label3\" content=\"Written by\" \/>\n\t<meta name=\"twitter:data3\" content=\"Paloma Checa\" \/>\n<script type=\"application\/ld+json\" class=\"yoast-schema-graph\">{\"@context\":\"https:\/\/schema.org\",\"@graph\":[{\"@type\":\"WebPage\",\"@id\":\"https:\/\/a-desk.org\/ca\/magazine\/no-prometis\/\",\"url\":\"https:\/\/a-desk.org\/ca\/magazine\/no-prometis\/\",\"name\":\"No prometis &#8211; A*Desk\",\"isPartOf\":{\"@id\":\"https:\/\/a-desk.org\/#website\"},\"primaryImageOfPage\":{\"@id\":\"https:\/\/a-desk.org\/ca\/magazine\/no-prometis\/#primaryimage\"},\"image\":{\"@id\":\"https:\/\/a-desk.org\/ca\/magazine\/no-prometis\/#primaryimage\"},\"thumbnailUrl\":\"https:\/\/a-desk.org\/wp-content\/uploads\/2013\/01\/lecourbousier.jpg\",\"datePublished\":\"2013-01-11T02:00:00+00:00\",\"dateModified\":\"2013-01-11T02:00:00+00:00\",\"author\":{\"@id\":\"https:\/\/a-desk.org\/#\/schema\/person\/495c4cb29a162846e5ae6a602e5bd82f\"},\"breadcrumb\":{\"@id\":\"https:\/\/a-desk.org\/ca\/magazine\/no-prometis\/#breadcrumb\"},\"inLanguage\":\"ca\",\"potentialAction\":[{\"@type\":\"ReadAction\",\"target\":[\"https:\/\/a-desk.org\/ca\/magazine\/no-prometis\/\"]}]},{\"@type\":\"ImageObject\",\"inLanguage\":\"ca\",\"@id\":\"https:\/\/a-desk.org\/ca\/magazine\/no-prometis\/#primaryimage\",\"url\":\"https:\/\/a-desk.org\/wp-content\/uploads\/2013\/01\/lecourbousier.jpg\",\"contentUrl\":\"https:\/\/a-desk.org\/wp-content\/uploads\/2013\/01\/lecourbousier.jpg\",\"width\":670,\"height\":472,\"caption\":\"Le Corbusier in Saint-Tropez bay, 1938\"},{\"@type\":\"BreadcrumbList\",\"@id\":\"https:\/\/a-desk.org\/ca\/magazine\/no-prometis\/#breadcrumb\",\"itemListElement\":[{\"@type\":\"ListItem\",\"position\":1,\"name\":\"Portada\",\"item\":\"https:\/\/a-desk.org\/ca\/\"},{\"@type\":\"ListItem\",\"position\":2,\"name\":\"No prometis\"}]},{\"@type\":\"WebSite\",\"@id\":\"https:\/\/a-desk.org\/#website\",\"url\":\"https:\/\/a-desk.org\/\",\"name\":\"A*Desk\",\"description\":\"A*Desk Critical Thinking\",\"potentialAction\":[{\"@type\":\"SearchAction\",\"target\":{\"@type\":\"EntryPoint\",\"urlTemplate\":\"https:\/\/a-desk.org\/?s={search_term_string}\"},\"query-input\":\"required name=search_term_string\"}],\"inLanguage\":\"ca\"},{\"@type\":\"Person\",\"@id\":\"https:\/\/a-desk.org\/#\/schema\/person\/495c4cb29a162846e5ae6a602e5bd82f\",\"name\":\"Paloma Checa\",\"image\":{\"@type\":\"ImageObject\",\"inLanguage\":\"ca\",\"@id\":\"https:\/\/a-desk.org\/#\/schema\/person\/image\/d88e9cfe6d730083e6e6b892a1db3a7f\",\"url\":\"https:\/\/secure.gravatar.com\/avatar\/6e42eefe39d86c8f56d6700b1e69ea4b?s=96&d=mm&r=g\",\"contentUrl\":\"https:\/\/secure.gravatar.com\/avatar\/6e42eefe39d86c8f56d6700b1e69ea4b?s=96&d=mm&r=g\",\"caption\":\"Paloma Checa\"},\"url\":\"https:\/\/a-desk.org\/ca\/autor\/paloma\/\"}]}<\/script>\n<!-- \/ Yoast SEO plugin. -->","yoast_head_json":{"title":"No prometis &#8211; A*Desk","robots":{"index":"index","follow":"follow","max-snippet":"max-snippet:-1","max-image-preview":"max-image-preview:large","max-video-preview":"max-video-preview:-1"},"canonical":"https:\/\/a-desk.org\/ca\/magazine\/no-prometis\/","og_locale":"ca_ES","og_type":"article","og_title":"No prometis &#8211; A*Desk","og_description":"Estem a gener i la gent pensa i pregunta sobre els plans de futur. En el darrer n\u00famero del &#8220;Manifesta Journal&#8221;, Bojana Kunst publica The Project Horizon: On the Temporality...","og_url":"https:\/\/a-desk.org\/ca\/magazine\/no-prometis\/","og_site_name":"A*Desk","article_published_time":"2013-01-11T02:00:00+00:00","og_image":[{"width":670,"height":472,"url":"https:\/\/a-desk.org\/wp-content\/uploads\/2013\/01\/lecourbousier.jpg","type":"image\/jpeg"}],"author":"Paloma Checa","twitter_card":"summary_large_image","twitter_misc":{"Escrit per":"Paloma Checa","Temps estimat de lectura":"2 minuts","Written by":"Paloma Checa"},"schema":{"@context":"https:\/\/schema.org","@graph":[{"@type":"WebPage","@id":"https:\/\/a-desk.org\/ca\/magazine\/no-prometis\/","url":"https:\/\/a-desk.org\/ca\/magazine\/no-prometis\/","name":"No prometis &#8211; A*Desk","isPartOf":{"@id":"https:\/\/a-desk.org\/#website"},"primaryImageOfPage":{"@id":"https:\/\/a-desk.org\/ca\/magazine\/no-prometis\/#primaryimage"},"image":{"@id":"https:\/\/a-desk.org\/ca\/magazine\/no-prometis\/#primaryimage"},"thumbnailUrl":"https:\/\/a-desk.org\/wp-content\/uploads\/2013\/01\/lecourbousier.jpg","datePublished":"2013-01-11T02:00:00+00:00","dateModified":"2013-01-11T02:00:00+00:00","author":{"@id":"https:\/\/a-desk.org\/#\/schema\/person\/495c4cb29a162846e5ae6a602e5bd82f"},"breadcrumb":{"@id":"https:\/\/a-desk.org\/ca\/magazine\/no-prometis\/#breadcrumb"},"inLanguage":"ca","potentialAction":[{"@type":"ReadAction","target":["https:\/\/a-desk.org\/ca\/magazine\/no-prometis\/"]}]},{"@type":"ImageObject","inLanguage":"ca","@id":"https:\/\/a-desk.org\/ca\/magazine\/no-prometis\/#primaryimage","url":"https:\/\/a-desk.org\/wp-content\/uploads\/2013\/01\/lecourbousier.jpg","contentUrl":"https:\/\/a-desk.org\/wp-content\/uploads\/2013\/01\/lecourbousier.jpg","width":670,"height":472,"caption":"Le Corbusier in Saint-Tropez bay, 1938"},{"@type":"BreadcrumbList","@id":"https:\/\/a-desk.org\/ca\/magazine\/no-prometis\/#breadcrumb","itemListElement":[{"@type":"ListItem","position":1,"name":"Portada","item":"https:\/\/a-desk.org\/ca\/"},{"@type":"ListItem","position":2,"name":"No prometis"}]},{"@type":"WebSite","@id":"https:\/\/a-desk.org\/#website","url":"https:\/\/a-desk.org\/","name":"A*Desk","description":"A*Desk Critical Thinking","potentialAction":[{"@type":"SearchAction","target":{"@type":"EntryPoint","urlTemplate":"https:\/\/a-desk.org\/?s={search_term_string}"},"query-input":"required name=search_term_string"}],"inLanguage":"ca"},{"@type":"Person","@id":"https:\/\/a-desk.org\/#\/schema\/person\/495c4cb29a162846e5ae6a602e5bd82f","name":"Paloma Checa","image":{"@type":"ImageObject","inLanguage":"ca","@id":"https:\/\/a-desk.org\/#\/schema\/person\/image\/d88e9cfe6d730083e6e6b892a1db3a7f","url":"https:\/\/secure.gravatar.com\/avatar\/6e42eefe39d86c8f56d6700b1e69ea4b?s=96&d=mm&r=g","contentUrl":"https:\/\/secure.gravatar.com\/avatar\/6e42eefe39d86c8f56d6700b1e69ea4b?s=96&d=mm&r=g","caption":"Paloma Checa"},"url":"https:\/\/a-desk.org\/ca\/autor\/paloma\/"}]}},"_links":{"self":[{"href":"https:\/\/a-desk.org\/ca\/wp-json\/wp\/v2\/posts\/7237"}],"collection":[{"href":"https:\/\/a-desk.org\/ca\/wp-json\/wp\/v2\/posts"}],"about":[{"href":"https:\/\/a-desk.org\/ca\/wp-json\/wp\/v2\/types\/post"}],"author":[{"embeddable":true,"href":"https:\/\/a-desk.org\/ca\/wp-json\/wp\/v2\/users\/1245"}],"replies":[{"embeddable":true,"href":"https:\/\/a-desk.org\/ca\/wp-json\/wp\/v2\/comments?post=7237"}],"version-history":[{"count":0,"href":"https:\/\/a-desk.org\/ca\/wp-json\/wp\/v2\/posts\/7237\/revisions"}],"wp:featuredmedia":[{"embeddable":true,"href":"https:\/\/a-desk.org\/ca\/wp-json\/wp\/v2\/media\/7222"}],"wp:attachment":[{"href":"https:\/\/a-desk.org\/ca\/wp-json\/wp\/v2\/media?parent=7237"}],"wp:term":[{"taxonomy":"category","embeddable":true,"href":"https:\/\/a-desk.org\/ca\/wp-json\/wp\/v2\/categories?post=7237"},{"taxonomy":"post_tag","embeddable":true,"href":"https:\/\/a-desk.org\/ca\/wp-json\/wp\/v2\/tags?post=7237"},{"taxonomy":"author","embeddable":true,"href":"https:\/\/a-desk.org\/ca\/wp-json\/wp\/v2\/coauthors?post=7237"}],"curies":[{"name":"wp","href":"https:\/\/api.w.org\/{rel}","templated":true}]}}