{"id":7402,"date":"2013-02-18T02:08:00","date_gmt":"2013-02-18T02:08:00","guid":{"rendered":"http:\/\/a-desk.org\/2013\/02\/18\/de-que-podem-parlar\/"},"modified":"2013-02-18T02:08:00","modified_gmt":"2013-02-18T02:08:00","slug":"de-que-podem-parlar","status":"publish","type":"post","link":"https:\/\/a-desk.org\/ca\/magazine\/de-que-podem-parlar\/","title":{"rendered":"De qu\u00e8 podem parlar?"},"content":{"rendered":"<p><img decoding=\"async\" class=\" alignleft size-full wp-image-7389\" src=\"http:\/\/a-desk.org\/wp-content\/uploads\/2013\/02\/ARCO2013-640-2.jpg\" alt=\"ARCO2013-640-2.jpg\" align=\"left\" width=\"670\" height=\"442\" srcset=\"https:\/\/a-desk.org\/wp-content\/uploads\/2013\/02\/ARCO2013-640-2.jpg 670w, https:\/\/a-desk.org\/wp-content\/uploads\/2013\/02\/ARCO2013-640-2-595x393.jpg 595w\" sizes=\"(max-width: 670px) 100vw, 670px\" \/>ARCO ens va deixant sense paraules. No, no perqu\u00e8 ens sorprengui el que hi puguem veure, sin\u00f3 perqu\u00e8 cada any hi ha menys a dir sobre la fira en s\u00e9. Enrere queden les discussions i debats sobre si havia de ser una fira nom\u00e9s comercial o si havia de tenir tamb\u00e9 un component cultural i educatiu. ARCO \u00e9s una fira comercial i punt, encara que els programes comissariats com els <em>Opening<\/em>, aquest any de la m\u00e0 de Manuel Segade i Veronica Roberts, aix\u00ed com els tradicionals f\u00f2rums,-enguany enfocats al col\u00b7leccionisme, no podria ser d&#8217;altra manera-, s\u2019agraeixin i atorguin a la fira certa aparen\u00e7a de macro-exposici\u00f3.<\/p>\n<p>La q\u00fcesti\u00f3 seria aleshores com reconciliar la condici\u00f3 de mercaderia amb els productes designats com culturals, als que considerem especials enfront d&#8217;altres productes realitzats per al consum de masses, com per exemple unes sabates. El ge\u00f2graf marxista David Harvey analitzava en un breu, per\u00f2 interessant text, &#8220;Art en renda&#8221; (<em>Capital financer, propietat immobili\u00e0ria i cultura<\/em>, 2005) com la cultura, i l&#8217;art en particular, estan sotmesos a la l\u00f2gica del capital financer a trav\u00e9s del que ell anomena <em>renda monopolista<\/em>, que seria la que es beneficia de la competitivitat que s&#8217;obt\u00e9 en apostar per la distinci\u00f3 i la difer\u00e8ncia, ja sigui d&#8217;un producte cultural o del perfil d&#8217;un entorn urb\u00e0. Per a Harvey, els anomenats productes culturals funcionen mitjan\u00e7ant una l\u00f2gica que s&#8217;estableix a partir de les reivindicacions d&#8217;excepcionalitat, autenticitat, particularitat i especialitat, totes elles categories constru\u00efdes ideol\u00f2gicament de manera complexa a trav\u00e9s de la hist\u00f2ria, i que han estat d&#8217;alguna manera exigides pel mercat de la cultura i l&#8217;art. Una idea, aquesta de la <em>renda monopolista<\/em>, que es pot tamb\u00e9 extrapolar al capital simb\u00f2lic col\u00b7lectiu produ\u00eft en un lloc determinat, les ciutats.<\/p>\n<p>Aquest any el pa\u00eds convidat a ARCO ha estat Turquia, considerat des de sempre com una mena d&#8217;encreuament entre Orient i Occident, idea de la qual ara molts turcs semblen renegar. La veritat \u00e9s que Turquia s&#8217;ha convertit en els \u00faltims anys en un important n\u00ednxol de mercat per a l&#8217;art, sobretot a partir de les biennals celebrades a Istanbul, la primera l\u2019any 1987, i que han suposat la seva obertura cap al mercat occidental. L&#8217;encarregat de seleccionar les 10 galeries (Dirimart, Eipsis, Mana, Nev, Non Pilot, Ma\u00e7ka Sanat (MSG), Rampa, Rodeo i X-Ist), totes procedents d&#8217;Istanbul, ha estat Vasif Kortun, escriptor i professor d&#8217;arts visuals i un dels principals impulsors de la inclusi\u00f3 de l&#8217;art turc contemporani en el panorama internacional.<\/p>\n<p>Per\u00f2, qu\u00e8 ens ofereix l&#8217;art contemporani turc en el context ARCO? Per qu\u00e8 &#8220;convidar&#8221; a un pa\u00eds en el context d&#8217;una fira? Seguint de nou a Harvey, en el context del m\u00f3n globalitzat es viu en una lluita constant en qu\u00e8 les anomenades &#8220;ciutats culturals&#8221; competeixen per crear marques de distinci\u00f3 vinculades a un lloc i temps espec\u00edfic, amb l&#8217;objectiu de generar &#8220;rendes monopolistes&#8221;. La singularitat d&#8217;una ciutat, en aquest cas, Istanbul, \u00e9s un mitj\u00e0 per crear un n\u00ednxol de mercat, atraure un p\u00fablic internacional i generar ingressos addicionals a trav\u00e9s del turisme i del mercat de l&#8217;art.<\/p>\n<p>No obstant aix\u00f2, es produeix la paradoxa que mentre es creen aquestes marques de distinci\u00f3 locals, al mateix temps es tendeix a una homogene\u00eftzaci\u00f3 de la cultura i l&#8217;art a causa de la in\u00e8rcia i la idiosincr\u00e0sia de la globalitzaci\u00f3. Una idea que recull l&#8217;artista turc Halil Altindere, i sobre el qual el CA2M ha inaugurat recentment una exposici\u00f3 individual. Al v\u00eddeo <em>Dengbejs<\/em> (Trilogia Mesopot\u00e0mica, 2007) Altindere escenifica com una comunitat de patriarques kurds canten can\u00e7ons populars a l&#8217;interior d\u2019una casa tradicional turca. No obstant aix\u00f2, quan el pla s&#8217;obre a trav\u00e9s d&#8217;una panor\u00e0mica, s&#8217;observa com aquesta casa tradicional de fusta es posa en realitat sobre un gratacel de manera h\u00edbrida, revelant tot all\u00f2 improvisat i modern de les vivendes.<\/p>\n<p>Com indiquen <a href=\" http:\/\/cultura.elpais.com\/cultura\/2013\/02\/06\/actualidad\/1360149525_263243.html\">Fietta Jarque i \u00c1ngeles Garc\u00eda<\/a>, el miracle turc obeeix a una s\u00e8rie d&#8217;estrat\u00e8gies per desenvolupar un pr\u00f2sper mercat, a m\u00e9s de projectar tant la idea de cultura d&#8217;un pa\u00eds com la seva mateixa posici\u00f3 en el m\u00f3n. I aquesta idea \u00e9s alhora utilitzada per ARCO, en el sentit de que ofereix la &#8220;singularitat&#8221; i &#8220;exotisme&#8221; d&#8217;un pa\u00eds amb l&#8217;objectiu de generar connexions i noves l\u00ednies de negoci. No obstant aix\u00f2, resulta dif\u00edcil distingir, i m\u00e9s en el context d&#8217;una fira on el que es pret\u00e9n \u00e9s vendre, aquesta suposada singularitat de l&#8217;art turc, quan ens trobem davant d&#8217;un art global que tendeix a absorbir l&#8217;est\u00e8tica de la difer\u00e8ncia.<\/p>\n","protected":false},"excerpt":{"rendered":"<p>ARCO ens va deixant sense paraules. No, no perqu\u00e8 ens sorprengui el que hi puguem veure, sin\u00f3 perqu\u00e8 cada any hi ha menys a dir sobre la fira en s\u00e9&#8230;.<\/p>\n","protected":false},"author":1246,"featured_media":7389,"comment_status":"open","ping_status":"open","sticky":false,"template":"","format":"standard","meta":{"_relevanssi_hide_post":"","_relevanssi_hide_content":"","_relevanssi_pin_for_all":"","_relevanssi_pin_keywords":"","_relevanssi_unpin_keywords":"","_relevanssi_related_keywords":"","_relevanssi_related_include_ids":"","_relevanssi_related_exclude_ids":"","_relevanssi_related_no_append":"","_relevanssi_related_not_related":"","_relevanssi_related_posts":"","_relevanssi_noindex_reason":"","footnotes":""},"categories":[6782],"tags":[],"coauthors":[6418],"acf":[],"yoast_head":"<!-- This site is optimized with the Yoast SEO plugin v22.6 - https:\/\/yoast.com\/wordpress\/plugins\/seo\/ -->\n<title>De qu\u00e8 podem parlar? &#8211; A*Desk<\/title>\n<meta name=\"robots\" content=\"index, follow, max-snippet:-1, max-image-preview:large, max-video-preview:-1\" \/>\n<link rel=\"canonical\" href=\"https:\/\/a-desk.org\/ca\/magazine\/de-que-podem-parlar\/\" \/>\n<meta property=\"og:locale\" content=\"ca_ES\" \/>\n<meta property=\"og:type\" content=\"article\" \/>\n<meta property=\"og:title\" content=\"De qu\u00e8 podem parlar? &#8211; A*Desk\" \/>\n<meta property=\"og:description\" content=\"ARCO ens va deixant sense paraules. No, no perqu\u00e8 ens sorprengui el que hi puguem veure, sin\u00f3 perqu\u00e8 cada any hi ha menys a dir sobre la fira en s\u00e9....\" \/>\n<meta property=\"og:url\" content=\"https:\/\/a-desk.org\/ca\/magazine\/de-que-podem-parlar\/\" \/>\n<meta property=\"og:site_name\" content=\"A*Desk\" \/>\n<meta property=\"article:published_time\" content=\"2013-02-18T02:08:00+00:00\" \/>\n<meta property=\"og:image\" content=\"https:\/\/a-desk.org\/wp-content\/uploads\/2013\/02\/ARCO2013-640-2.jpg\" \/>\n\t<meta property=\"og:image:width\" content=\"670\" \/>\n\t<meta property=\"og:image:height\" content=\"442\" \/>\n\t<meta property=\"og:image:type\" content=\"image\/jpeg\" \/>\n<meta name=\"author\" content=\"Rosa Naharro\" \/>\n<meta name=\"twitter:card\" content=\"summary_large_image\" \/>\n<meta name=\"twitter:label1\" content=\"Escrit per\" \/>\n\t<meta name=\"twitter:data1\" content=\"Rosa Naharro\" \/>\n\t<meta name=\"twitter:label2\" content=\"Temps estimat de lectura\" \/>\n\t<meta name=\"twitter:data2\" content=\"4 minuts\" \/>\n\t<meta name=\"twitter:label3\" content=\"Written by\" \/>\n\t<meta name=\"twitter:data3\" content=\"Rosa Naharro\" \/>\n<script type=\"application\/ld+json\" class=\"yoast-schema-graph\">{\"@context\":\"https:\/\/schema.org\",\"@graph\":[{\"@type\":\"WebPage\",\"@id\":\"https:\/\/a-desk.org\/ca\/magazine\/de-que-podem-parlar\/\",\"url\":\"https:\/\/a-desk.org\/ca\/magazine\/de-que-podem-parlar\/\",\"name\":\"De qu\u00e8 podem parlar? &#8211; A*Desk\",\"isPartOf\":{\"@id\":\"https:\/\/a-desk.org\/#website\"},\"primaryImageOfPage\":{\"@id\":\"https:\/\/a-desk.org\/ca\/magazine\/de-que-podem-parlar\/#primaryimage\"},\"image\":{\"@id\":\"https:\/\/a-desk.org\/ca\/magazine\/de-que-podem-parlar\/#primaryimage\"},\"thumbnailUrl\":\"https:\/\/a-desk.org\/wp-content\/uploads\/2013\/02\/ARCO2013-640-2.jpg\",\"datePublished\":\"2013-02-18T02:08:00+00:00\",\"dateModified\":\"2013-02-18T02:08:00+00:00\",\"author\":{\"@id\":\"https:\/\/a-desk.org\/#\/schema\/person\/14f668c2e5b5867229915ebb06be4809\"},\"breadcrumb\":{\"@id\":\"https:\/\/a-desk.org\/ca\/magazine\/de-que-podem-parlar\/#breadcrumb\"},\"inLanguage\":\"ca\",\"potentialAction\":[{\"@type\":\"ReadAction\",\"target\":[\"https:\/\/a-desk.org\/ca\/magazine\/de-que-podem-parlar\/\"]}]},{\"@type\":\"ImageObject\",\"inLanguage\":\"ca\",\"@id\":\"https:\/\/a-desk.org\/ca\/magazine\/de-que-podem-parlar\/#primaryimage\",\"url\":\"https:\/\/a-desk.org\/wp-content\/uploads\/2013\/02\/ARCO2013-640-2.jpg\",\"contentUrl\":\"https:\/\/a-desk.org\/wp-content\/uploads\/2013\/02\/ARCO2013-640-2.jpg\",\"width\":670,\"height\":442,\"caption\":\"ARCO2013-640-2.jpg\"},{\"@type\":\"BreadcrumbList\",\"@id\":\"https:\/\/a-desk.org\/ca\/magazine\/de-que-podem-parlar\/#breadcrumb\",\"itemListElement\":[{\"@type\":\"ListItem\",\"position\":1,\"name\":\"Portada\",\"item\":\"https:\/\/a-desk.org\/ca\/\"},{\"@type\":\"ListItem\",\"position\":2,\"name\":\"De qu\u00e8 podem parlar?\"}]},{\"@type\":\"WebSite\",\"@id\":\"https:\/\/a-desk.org\/#website\",\"url\":\"https:\/\/a-desk.org\/\",\"name\":\"A*Desk\",\"description\":\"A*Desk Critical Thinking\",\"potentialAction\":[{\"@type\":\"SearchAction\",\"target\":{\"@type\":\"EntryPoint\",\"urlTemplate\":\"https:\/\/a-desk.org\/?s={search_term_string}\"},\"query-input\":\"required name=search_term_string\"}],\"inLanguage\":\"ca\"},{\"@type\":\"Person\",\"@id\":\"https:\/\/a-desk.org\/#\/schema\/person\/14f668c2e5b5867229915ebb06be4809\",\"name\":\"Rosa Naharro\",\"image\":{\"@type\":\"ImageObject\",\"inLanguage\":\"ca\",\"@id\":\"https:\/\/a-desk.org\/#\/schema\/person\/image\/2548225ca38bf7bd6e5af0e2ddf9a184\",\"url\":\"https:\/\/secure.gravatar.com\/avatar\/787e8acbedaaa1795314f5a98c4a574e?s=96&d=mm&r=g\",\"contentUrl\":\"https:\/\/secure.gravatar.com\/avatar\/787e8acbedaaa1795314f5a98c4a574e?s=96&d=mm&r=g\",\"caption\":\"Rosa Naharro\"},\"url\":\"https:\/\/a-desk.org\/ca\/autor\/rosana\/\"}]}<\/script>\n<!-- \/ Yoast SEO plugin. -->","yoast_head_json":{"title":"De qu\u00e8 podem parlar? &#8211; A*Desk","robots":{"index":"index","follow":"follow","max-snippet":"max-snippet:-1","max-image-preview":"max-image-preview:large","max-video-preview":"max-video-preview:-1"},"canonical":"https:\/\/a-desk.org\/ca\/magazine\/de-que-podem-parlar\/","og_locale":"ca_ES","og_type":"article","og_title":"De qu\u00e8 podem parlar? &#8211; A*Desk","og_description":"ARCO ens va deixant sense paraules. No, no perqu\u00e8 ens sorprengui el que hi puguem veure, sin\u00f3 perqu\u00e8 cada any hi ha menys a dir sobre la fira en s\u00e9....","og_url":"https:\/\/a-desk.org\/ca\/magazine\/de-que-podem-parlar\/","og_site_name":"A*Desk","article_published_time":"2013-02-18T02:08:00+00:00","og_image":[{"width":670,"height":442,"url":"https:\/\/a-desk.org\/wp-content\/uploads\/2013\/02\/ARCO2013-640-2.jpg","type":"image\/jpeg"}],"author":"Rosa Naharro","twitter_card":"summary_large_image","twitter_misc":{"Escrit per":"Rosa Naharro","Temps estimat de lectura":"4 minuts","Written by":"Rosa Naharro"},"schema":{"@context":"https:\/\/schema.org","@graph":[{"@type":"WebPage","@id":"https:\/\/a-desk.org\/ca\/magazine\/de-que-podem-parlar\/","url":"https:\/\/a-desk.org\/ca\/magazine\/de-que-podem-parlar\/","name":"De qu\u00e8 podem parlar? &#8211; A*Desk","isPartOf":{"@id":"https:\/\/a-desk.org\/#website"},"primaryImageOfPage":{"@id":"https:\/\/a-desk.org\/ca\/magazine\/de-que-podem-parlar\/#primaryimage"},"image":{"@id":"https:\/\/a-desk.org\/ca\/magazine\/de-que-podem-parlar\/#primaryimage"},"thumbnailUrl":"https:\/\/a-desk.org\/wp-content\/uploads\/2013\/02\/ARCO2013-640-2.jpg","datePublished":"2013-02-18T02:08:00+00:00","dateModified":"2013-02-18T02:08:00+00:00","author":{"@id":"https:\/\/a-desk.org\/#\/schema\/person\/14f668c2e5b5867229915ebb06be4809"},"breadcrumb":{"@id":"https:\/\/a-desk.org\/ca\/magazine\/de-que-podem-parlar\/#breadcrumb"},"inLanguage":"ca","potentialAction":[{"@type":"ReadAction","target":["https:\/\/a-desk.org\/ca\/magazine\/de-que-podem-parlar\/"]}]},{"@type":"ImageObject","inLanguage":"ca","@id":"https:\/\/a-desk.org\/ca\/magazine\/de-que-podem-parlar\/#primaryimage","url":"https:\/\/a-desk.org\/wp-content\/uploads\/2013\/02\/ARCO2013-640-2.jpg","contentUrl":"https:\/\/a-desk.org\/wp-content\/uploads\/2013\/02\/ARCO2013-640-2.jpg","width":670,"height":442,"caption":"ARCO2013-640-2.jpg"},{"@type":"BreadcrumbList","@id":"https:\/\/a-desk.org\/ca\/magazine\/de-que-podem-parlar\/#breadcrumb","itemListElement":[{"@type":"ListItem","position":1,"name":"Portada","item":"https:\/\/a-desk.org\/ca\/"},{"@type":"ListItem","position":2,"name":"De qu\u00e8 podem parlar?"}]},{"@type":"WebSite","@id":"https:\/\/a-desk.org\/#website","url":"https:\/\/a-desk.org\/","name":"A*Desk","description":"A*Desk Critical Thinking","potentialAction":[{"@type":"SearchAction","target":{"@type":"EntryPoint","urlTemplate":"https:\/\/a-desk.org\/?s={search_term_string}"},"query-input":"required name=search_term_string"}],"inLanguage":"ca"},{"@type":"Person","@id":"https:\/\/a-desk.org\/#\/schema\/person\/14f668c2e5b5867229915ebb06be4809","name":"Rosa Naharro","image":{"@type":"ImageObject","inLanguage":"ca","@id":"https:\/\/a-desk.org\/#\/schema\/person\/image\/2548225ca38bf7bd6e5af0e2ddf9a184","url":"https:\/\/secure.gravatar.com\/avatar\/787e8acbedaaa1795314f5a98c4a574e?s=96&d=mm&r=g","contentUrl":"https:\/\/secure.gravatar.com\/avatar\/787e8acbedaaa1795314f5a98c4a574e?s=96&d=mm&r=g","caption":"Rosa Naharro"},"url":"https:\/\/a-desk.org\/ca\/autor\/rosana\/"}]}},"_links":{"self":[{"href":"https:\/\/a-desk.org\/ca\/wp-json\/wp\/v2\/posts\/7402"}],"collection":[{"href":"https:\/\/a-desk.org\/ca\/wp-json\/wp\/v2\/posts"}],"about":[{"href":"https:\/\/a-desk.org\/ca\/wp-json\/wp\/v2\/types\/post"}],"author":[{"embeddable":true,"href":"https:\/\/a-desk.org\/ca\/wp-json\/wp\/v2\/users\/1246"}],"replies":[{"embeddable":true,"href":"https:\/\/a-desk.org\/ca\/wp-json\/wp\/v2\/comments?post=7402"}],"version-history":[{"count":0,"href":"https:\/\/a-desk.org\/ca\/wp-json\/wp\/v2\/posts\/7402\/revisions"}],"wp:featuredmedia":[{"embeddable":true,"href":"https:\/\/a-desk.org\/ca\/wp-json\/wp\/v2\/media\/7389"}],"wp:attachment":[{"href":"https:\/\/a-desk.org\/ca\/wp-json\/wp\/v2\/media?parent=7402"}],"wp:term":[{"taxonomy":"category","embeddable":true,"href":"https:\/\/a-desk.org\/ca\/wp-json\/wp\/v2\/categories?post=7402"},{"taxonomy":"post_tag","embeddable":true,"href":"https:\/\/a-desk.org\/ca\/wp-json\/wp\/v2\/tags?post=7402"},{"taxonomy":"author","embeddable":true,"href":"https:\/\/a-desk.org\/ca\/wp-json\/wp\/v2\/coauthors?post=7402"}],"curies":[{"name":"wp","href":"https:\/\/api.w.org\/{rel}","templated":true}]}}