{"id":7551,"date":"2013-03-27T02:00:00","date_gmt":"2013-03-27T02:00:00","guid":{"rendered":"http:\/\/a-desk.org\/2013\/03\/27\/espais-de-no-consens-a-europa\/"},"modified":"2013-03-27T02:00:00","modified_gmt":"2013-03-27T02:00:00","slug":"espais-de-no-consens-a-europa","status":"publish","type":"post","link":"https:\/\/a-desk.org\/ca\/magazine\/espais-de-no-consens-a-europa\/","title":{"rendered":"Espais de no-consens a Europa?"},"content":{"rendered":"<p><img decoding=\"async\" class=\" alignleft size-full wp-image-7536\" src=\"http:\/\/a-desk.org\/wp-content\/uploads\/2013\/03\/beppe-grillo-imagereality.jpg\" alt=\"beppe-grillo-imagereality.jpg\" align=\"left\" width=\"670\" height=\"444\" srcset=\"https:\/\/a-desk.org\/wp-content\/uploads\/2013\/03\/beppe-grillo-imagereality.jpg 670w, https:\/\/a-desk.org\/wp-content\/uploads\/2013\/03\/beppe-grillo-imagereality-595x394.jpg 595w\" sizes=\"(max-width: 670px) 100vw, 670px\" \/> El passat 15 de mar\u00e7 una confer\u00e8ncia va reunir al Royal College of Arts de Londres a les llumin\u00e0ries te\u00f2riques Richard Sennett, Chantal Mouffe i Paul Gilroy davant d\u2019un p\u00fablic majorit\u00e0riament estudiantil amb la intenci\u00f3 de debatre sobre societats no-consensuals en l&#8217;actual configuraci\u00f3 d&#8217;Europa.<\/p>\n<p>L&#8217;heterogene\u00eftat dels perfils dels parlants ja marcava d&#8217;entrada la situaci\u00f3. Sennett, soci\u00f2leg i urbanista, Mouffe, post-marxista conven\u00e7uda, i Gilroy, advocat del multi-culturalisme racial a l&#8217;\u00e0mbit anglosax\u00f3. Davant del repte d&#8217;haver de debatre sobre la danyada idea actual d&#8217;Europa, els tres van centrar les seves intervencions en la possibilitat d&#8217;imaginar una Europa que no estigui ocupada (com ara ho est\u00e0) pel neoliberalisme regnant. <\/p>\n<p>Mouffe sempre acaba per recordar els seus postulats, en aquest cas, la descripci\u00f3 del consens com un obstacle per a la Democr\u00e0cia. Un consens que ella identifica amb el naixement del discurs neoliberal del &#8220;centre&#8221;, sense partits ni d&#8217;esquerra ni de dretes. Aquestes posicions marcades per la centralitat i les mitges tintes l&#8217;\u00fanic que porten fent des dels 80 \u00e9s enfortir l&#8217;expansi\u00f3 ideol\u00f2gica neoliberal. Mouffe va parlar de pol\u00edtica i de partits, i davant del seu escepticisme sobre l&#8217;anarquia o els moviments socials com els &#8220;Indignats&#8221; o el moviment <em>Occupy<\/em>, va defensar la necessitat de nous partits forts d&#8217;esquerres com el SYRIZA a Gr\u00e8cia, o Olivier Besancenot a Fran\u00e7a. Va recordar Mouffe, que a un populisme de dretes li correspon un populisme d&#8217;esquerres (per exemple Beppe Grillo a It\u00e0lia), i que resulta limitat pensar el populisme com \u00fanicament de dretes. Semblava transmetre Mouffe que el xoc de trens de diferent naturalesa sempre produir\u00e0 quelcom nou o desconegut, enlloc d&#8217;aquesta prolongaci\u00f3 de la des\u00eddia social en qu\u00e8 la pol\u00edtica ha caigut, on la ciutadania ha perdut ja la seva confian\u00e7a totalment.<\/p>\n<p>Tot aix\u00f2 li sonava estrany a Sennett qui, en comptes de partits, prefereix parlar de ciutats. El consens li va donar peu a referir-se al seu concepte d&#8217;espais dial\u00f2gics (di\u00e0leg), que ell oposa als espais dial\u00e8ctics. Sennett parla de la cooperaci\u00f3 dial\u00f2gica entre diferents. El seu \u00faltim llibre <em>Junts. Rituals, plaers i pol\u00edtiques de cooperaci\u00f3<\/em> (Anagrama, 2012) incideix en aquesta l\u00ednia, \u00e9s a dir, una experi\u00e8ncia de la qual es dedueix la seva prefer\u00e8ncia pel di\u00e0leg entre diferents que pel consens dels semblants. B\u00e9, aqu\u00ed Mouffe i Sennett parlaven del mateix. Per\u00f2 en una mostra de com l&#8217;esquerra pot ser tan diferent, o plural (els tres van fer al\u00b7lusions a la seva posici\u00f3 des de l&#8217;esquerra), Sennett va diferenciar la seva l\u00f2gica &#8220;dial\u00f2gica&#8221; de la &#8220;dial\u00e8ctica&#8221;, ja que aquesta \u00faltima remet de nou al consens des seva destil\u00b7laci\u00f3 final a la &#8220;s\u00edntesi&#8221;. <\/p>\n<p>Tal simplificaci\u00f3 o instrumentalitzaci\u00f3 te\u00f2rica va deixar clar que aquell no era un marc adequat per a un debat sobre posicions te\u00f2riques marxistes contempor\u00e0nies. Sennett va seguir amb la seva argumentaci\u00f3 sobre les ciutats, tra\u00e7ant mapes o fent veure per qu\u00e8 Londres t\u00e9 m\u00e9s en com\u00fa amb Frankfurt que amb, per exemple, Leeds. Per l&#8217;urbanista, una nova constel\u00b7laci\u00f3 de ciutats a Europa \u00e9s la soluci\u00f3 per superar la caduca organitzaci\u00f3 dels estats-naci\u00f3. Ja no estem davant la vella dicotomia ciutat versus camp, sin\u00f3 davant la necessitat de tra\u00e7ar mapes entre ciutats bessones, germanes o cosines. El que d&#8217;alguna manera es plantejava era la possibilitat d&#8217;imaginar noves cartografies de minories, identitats i lleng\u00fces dins d&#8217;Europa. Una cosa que ja t\u00e9 un cert fons en tot el que s&#8217;ha parlat sobre un regionalisme cr\u00edtic aplicat a l&#8217;urbanisme i al concepte d&#8217;estat-naci\u00f3.<\/p>\n<p>Gilroy va ocupar el centre del debat entre Mouffe i Sennett, i m\u00e9s aviat es va erigir com un enlla\u00e7 entre els dos primers, recordant com la seguretat \u00e9s el principal obstacle per a una relaci\u00f3 europea pr\u00f2spera. Aix\u00ed mateix, van aflorar les benintencionades propostes de treballar menys i consumir millor; apostar per la sostenibilitat; fins i tot la defensa i recuperaci\u00f3 de la posici\u00f3 de l&#8217;artes\u00e0 (per tant de l&#8217;art) en aquesta necessitat de re-connectar les comunitats als processos socials i econ\u00f2mics (Sennett). <\/p>\n<p>Una an\u00e8cdota sobre l&#8217;academitzaci\u00f3 d&#8217;aquesta classe de debat pol\u00edtic (no ho oblidem, ens trob\u00e0vem en una escola d&#8217;art) es va produir quan Sennett va comen\u00e7ar lac\u00f2nicament a dir que ell no tenia un petit, sin\u00f3 un gran desacord amb Chantal, qui en escoltar all\u00f2 es regir\u00e0 sobre el seu seient plena de fru\u00efci\u00f3 exclamant &#8220;Great!&#8221; per a alegria del p\u00fablic all\u00ed present. Per\u00f2 l&#8217;aparent antagonisme va quedar en res, mostra de com la pr\u00f2pia teoria pol\u00edtica ja no \u00e9s capa\u00e7 d\u2019identificar cap enemic, sin\u00f3 tan sols gestionar l\u2019ambig\u00fcitat entre la difer\u00e8ncia i all\u00f2 com\u00fa. Per acabar: m\u00e9s consens.<\/p>\n","protected":false},"excerpt":{"rendered":"<p>El passat 15 de mar\u00e7 una confer\u00e8ncia va reunir al Royal College of Arts de Londres a les llumin\u00e0ries te\u00f2riques Richard Sennett, Chantal Mouffe i Paul Gilroy davant d\u2019un p\u00fablic&#8230;<\/p>\n","protected":false},"author":1261,"featured_media":7536,"comment_status":"open","ping_status":"open","sticky":false,"template":"","format":"standard","meta":{"_relevanssi_hide_post":"","_relevanssi_hide_content":"","_relevanssi_pin_for_all":"","_relevanssi_pin_keywords":"","_relevanssi_unpin_keywords":"","_relevanssi_related_keywords":"","_relevanssi_related_include_ids":"","_relevanssi_related_exclude_ids":"","_relevanssi_related_no_append":"","_relevanssi_related_not_related":"","_relevanssi_related_posts":"","_relevanssi_noindex_reason":"","footnotes":""},"categories":[6782],"tags":[],"coauthors":[],"acf":[],"yoast_head":"<!-- This site is optimized with the Yoast SEO plugin v22.6 - https:\/\/yoast.com\/wordpress\/plugins\/seo\/ -->\n<title>Espais de no-consens a Europa? &#8211; A*Desk<\/title>\n<meta name=\"robots\" content=\"index, follow, max-snippet:-1, max-image-preview:large, max-video-preview:-1\" \/>\n<link rel=\"canonical\" href=\"https:\/\/a-desk.org\/ca\/magazine\/espais-de-no-consens-a-europa\/\" \/>\n<meta property=\"og:locale\" content=\"ca_ES\" \/>\n<meta property=\"og:type\" content=\"article\" \/>\n<meta property=\"og:title\" content=\"Espais de no-consens a Europa? &#8211; A*Desk\" \/>\n<meta property=\"og:description\" content=\"El passat 15 de mar\u00e7 una confer\u00e8ncia va reunir al Royal College of Arts de Londres a les llumin\u00e0ries te\u00f2riques Richard Sennett, Chantal Mouffe i Paul Gilroy davant d\u2019un p\u00fablic...\" \/>\n<meta property=\"og:url\" content=\"https:\/\/a-desk.org\/ca\/magazine\/espais-de-no-consens-a-europa\/\" \/>\n<meta property=\"og:site_name\" content=\"A*Desk\" \/>\n<meta property=\"article:published_time\" content=\"2013-03-27T02:00:00+00:00\" \/>\n<meta property=\"og:image\" content=\"https:\/\/a-desk.org\/wp-content\/uploads\/2013\/03\/beppe-grillo-imagereality.jpg\" \/>\n\t<meta property=\"og:image:width\" content=\"670\" \/>\n\t<meta property=\"og:image:height\" content=\"444\" \/>\n\t<meta property=\"og:image:type\" content=\"image\/jpeg\" \/>\n<meta name=\"author\" content=\"Peio Aguirre\" \/>\n<meta name=\"twitter:card\" content=\"summary_large_image\" \/>\n<meta name=\"twitter:label1\" content=\"Escrit per\" \/>\n\t<meta name=\"twitter:data1\" content=\"Peio Aguirre\" \/>\n\t<meta name=\"twitter:label2\" content=\"Temps estimat de lectura\" \/>\n\t<meta name=\"twitter:data2\" content=\"4 minuts\" \/>\n\t<meta name=\"twitter:label3\" content=\"Written by\" \/>\n\t<meta name=\"twitter:data3\" content=\"Peio Aguirre\" \/>\n<script type=\"application\/ld+json\" class=\"yoast-schema-graph\">{\"@context\":\"https:\/\/schema.org\",\"@graph\":[{\"@type\":\"WebPage\",\"@id\":\"https:\/\/a-desk.org\/ca\/magazine\/espais-de-no-consens-a-europa\/\",\"url\":\"https:\/\/a-desk.org\/ca\/magazine\/espais-de-no-consens-a-europa\/\",\"name\":\"Espais de no-consens a Europa? &#8211; A*Desk\",\"isPartOf\":{\"@id\":\"https:\/\/a-desk.org\/#website\"},\"primaryImageOfPage\":{\"@id\":\"https:\/\/a-desk.org\/ca\/magazine\/espais-de-no-consens-a-europa\/#primaryimage\"},\"image\":{\"@id\":\"https:\/\/a-desk.org\/ca\/magazine\/espais-de-no-consens-a-europa\/#primaryimage\"},\"thumbnailUrl\":\"https:\/\/a-desk.org\/wp-content\/uploads\/2013\/03\/beppe-grillo-imagereality.jpg\",\"datePublished\":\"2013-03-27T02:00:00+00:00\",\"dateModified\":\"2013-03-27T02:00:00+00:00\",\"author\":{\"@id\":\"https:\/\/a-desk.org\/#\/schema\/person\/ce36ed411a766ec3bca4c3a39099d351\"},\"breadcrumb\":{\"@id\":\"https:\/\/a-desk.org\/ca\/magazine\/espais-de-no-consens-a-europa\/#breadcrumb\"},\"inLanguage\":\"ca\",\"potentialAction\":[{\"@type\":\"ReadAction\",\"target\":[\"https:\/\/a-desk.org\/ca\/magazine\/espais-de-no-consens-a-europa\/\"]}]},{\"@type\":\"ImageObject\",\"inLanguage\":\"ca\",\"@id\":\"https:\/\/a-desk.org\/ca\/magazine\/espais-de-no-consens-a-europa\/#primaryimage\",\"url\":\"https:\/\/a-desk.org\/wp-content\/uploads\/2013\/03\/beppe-grillo-imagereality.jpg\",\"contentUrl\":\"https:\/\/a-desk.org\/wp-content\/uploads\/2013\/03\/beppe-grillo-imagereality.jpg\",\"width\":670,\"height\":444,\"caption\":\"beppe-grillo-imagereality.jpg\"},{\"@type\":\"BreadcrumbList\",\"@id\":\"https:\/\/a-desk.org\/ca\/magazine\/espais-de-no-consens-a-europa\/#breadcrumb\",\"itemListElement\":[{\"@type\":\"ListItem\",\"position\":1,\"name\":\"Portada\",\"item\":\"https:\/\/a-desk.org\/ca\/\"},{\"@type\":\"ListItem\",\"position\":2,\"name\":\"Espais de no-consens a Europa?\"}]},{\"@type\":\"WebSite\",\"@id\":\"https:\/\/a-desk.org\/#website\",\"url\":\"https:\/\/a-desk.org\/\",\"name\":\"A*Desk\",\"description\":\"A*Desk Critical Thinking\",\"potentialAction\":[{\"@type\":\"SearchAction\",\"target\":{\"@type\":\"EntryPoint\",\"urlTemplate\":\"https:\/\/a-desk.org\/?s={search_term_string}\"},\"query-input\":\"required name=search_term_string\"}],\"inLanguage\":\"ca\"},{\"@type\":\"Person\",\"@id\":\"https:\/\/a-desk.org\/#\/schema\/person\/ce36ed411a766ec3bca4c3a39099d351\",\"name\":\"Peio Aguirre\",\"image\":{\"@type\":\"ImageObject\",\"inLanguage\":\"ca\",\"@id\":\"https:\/\/a-desk.org\/#\/schema\/person\/image\/415c6f1dffc831344e62ba5bc752e632\",\"url\":\"https:\/\/secure.gravatar.com\/avatar\/e920097e2a411cb2e58faa1daa0c4fe0?s=96&d=mm&r=g\",\"contentUrl\":\"https:\/\/secure.gravatar.com\/avatar\/e920097e2a411cb2e58faa1daa0c4fe0?s=96&d=mm&r=g\",\"caption\":\"Peio Aguirre\"},\"sameAs\":[\"http:\/\/peioaguirre.blogspot.com.es\/\"],\"url\":\"https:\/\/a-desk.org\/ca\/autor\/peio\/\"}]}<\/script>\n<!-- \/ Yoast SEO plugin. -->","yoast_head_json":{"title":"Espais de no-consens a Europa? &#8211; A*Desk","robots":{"index":"index","follow":"follow","max-snippet":"max-snippet:-1","max-image-preview":"max-image-preview:large","max-video-preview":"max-video-preview:-1"},"canonical":"https:\/\/a-desk.org\/ca\/magazine\/espais-de-no-consens-a-europa\/","og_locale":"ca_ES","og_type":"article","og_title":"Espais de no-consens a Europa? &#8211; A*Desk","og_description":"El passat 15 de mar\u00e7 una confer\u00e8ncia va reunir al Royal College of Arts de Londres a les llumin\u00e0ries te\u00f2riques Richard Sennett, Chantal Mouffe i Paul Gilroy davant d\u2019un p\u00fablic...","og_url":"https:\/\/a-desk.org\/ca\/magazine\/espais-de-no-consens-a-europa\/","og_site_name":"A*Desk","article_published_time":"2013-03-27T02:00:00+00:00","og_image":[{"width":670,"height":444,"url":"https:\/\/a-desk.org\/wp-content\/uploads\/2013\/03\/beppe-grillo-imagereality.jpg","type":"image\/jpeg"}],"author":"Peio Aguirre","twitter_card":"summary_large_image","twitter_misc":{"Escrit per":"Peio Aguirre","Temps estimat de lectura":"4 minuts","Written by":"Peio Aguirre"},"schema":{"@context":"https:\/\/schema.org","@graph":[{"@type":"WebPage","@id":"https:\/\/a-desk.org\/ca\/magazine\/espais-de-no-consens-a-europa\/","url":"https:\/\/a-desk.org\/ca\/magazine\/espais-de-no-consens-a-europa\/","name":"Espais de no-consens a Europa? &#8211; A*Desk","isPartOf":{"@id":"https:\/\/a-desk.org\/#website"},"primaryImageOfPage":{"@id":"https:\/\/a-desk.org\/ca\/magazine\/espais-de-no-consens-a-europa\/#primaryimage"},"image":{"@id":"https:\/\/a-desk.org\/ca\/magazine\/espais-de-no-consens-a-europa\/#primaryimage"},"thumbnailUrl":"https:\/\/a-desk.org\/wp-content\/uploads\/2013\/03\/beppe-grillo-imagereality.jpg","datePublished":"2013-03-27T02:00:00+00:00","dateModified":"2013-03-27T02:00:00+00:00","author":{"@id":"https:\/\/a-desk.org\/#\/schema\/person\/ce36ed411a766ec3bca4c3a39099d351"},"breadcrumb":{"@id":"https:\/\/a-desk.org\/ca\/magazine\/espais-de-no-consens-a-europa\/#breadcrumb"},"inLanguage":"ca","potentialAction":[{"@type":"ReadAction","target":["https:\/\/a-desk.org\/ca\/magazine\/espais-de-no-consens-a-europa\/"]}]},{"@type":"ImageObject","inLanguage":"ca","@id":"https:\/\/a-desk.org\/ca\/magazine\/espais-de-no-consens-a-europa\/#primaryimage","url":"https:\/\/a-desk.org\/wp-content\/uploads\/2013\/03\/beppe-grillo-imagereality.jpg","contentUrl":"https:\/\/a-desk.org\/wp-content\/uploads\/2013\/03\/beppe-grillo-imagereality.jpg","width":670,"height":444,"caption":"beppe-grillo-imagereality.jpg"},{"@type":"BreadcrumbList","@id":"https:\/\/a-desk.org\/ca\/magazine\/espais-de-no-consens-a-europa\/#breadcrumb","itemListElement":[{"@type":"ListItem","position":1,"name":"Portada","item":"https:\/\/a-desk.org\/ca\/"},{"@type":"ListItem","position":2,"name":"Espais de no-consens a Europa?"}]},{"@type":"WebSite","@id":"https:\/\/a-desk.org\/#website","url":"https:\/\/a-desk.org\/","name":"A*Desk","description":"A*Desk Critical Thinking","potentialAction":[{"@type":"SearchAction","target":{"@type":"EntryPoint","urlTemplate":"https:\/\/a-desk.org\/?s={search_term_string}"},"query-input":"required name=search_term_string"}],"inLanguage":"ca"},{"@type":"Person","@id":"https:\/\/a-desk.org\/#\/schema\/person\/ce36ed411a766ec3bca4c3a39099d351","name":"Peio Aguirre","image":{"@type":"ImageObject","inLanguage":"ca","@id":"https:\/\/a-desk.org\/#\/schema\/person\/image\/415c6f1dffc831344e62ba5bc752e632","url":"https:\/\/secure.gravatar.com\/avatar\/e920097e2a411cb2e58faa1daa0c4fe0?s=96&d=mm&r=g","contentUrl":"https:\/\/secure.gravatar.com\/avatar\/e920097e2a411cb2e58faa1daa0c4fe0?s=96&d=mm&r=g","caption":"Peio Aguirre"},"sameAs":["http:\/\/peioaguirre.blogspot.com.es\/"],"url":"https:\/\/a-desk.org\/ca\/autor\/peio\/"}]}},"_links":{"self":[{"href":"https:\/\/a-desk.org\/ca\/wp-json\/wp\/v2\/posts\/7551"}],"collection":[{"href":"https:\/\/a-desk.org\/ca\/wp-json\/wp\/v2\/posts"}],"about":[{"href":"https:\/\/a-desk.org\/ca\/wp-json\/wp\/v2\/types\/post"}],"author":[{"embeddable":true,"href":"https:\/\/a-desk.org\/ca\/wp-json\/wp\/v2\/users\/1261"}],"replies":[{"embeddable":true,"href":"https:\/\/a-desk.org\/ca\/wp-json\/wp\/v2\/comments?post=7551"}],"version-history":[{"count":0,"href":"https:\/\/a-desk.org\/ca\/wp-json\/wp\/v2\/posts\/7551\/revisions"}],"wp:featuredmedia":[{"embeddable":true,"href":"https:\/\/a-desk.org\/ca\/wp-json\/wp\/v2\/media\/7536"}],"wp:attachment":[{"href":"https:\/\/a-desk.org\/ca\/wp-json\/wp\/v2\/media?parent=7551"}],"wp:term":[{"taxonomy":"category","embeddable":true,"href":"https:\/\/a-desk.org\/ca\/wp-json\/wp\/v2\/categories?post=7551"},{"taxonomy":"post_tag","embeddable":true,"href":"https:\/\/a-desk.org\/ca\/wp-json\/wp\/v2\/tags?post=7551"},{"taxonomy":"author","embeddable":true,"href":"https:\/\/a-desk.org\/ca\/wp-json\/wp\/v2\/coauthors?post=7551"}],"curies":[{"name":"wp","href":"https:\/\/api.w.org\/{rel}","templated":true}]}}