{"id":7587,"date":"2013-04-06T02:00:00","date_gmt":"2013-04-06T02:00:00","guid":{"rendered":"http:\/\/a-desk.org\/2013\/04\/06\/postfotografia-i-para-col\/"},"modified":"2013-04-06T02:00:00","modified_gmt":"2013-04-06T02:00:00","slug":"postfotografia-i-para-col","status":"publish","type":"post","link":"https:\/\/a-desk.org\/ca\/magazine\/postfotografia-i-para-col\/","title":{"rendered":"Postfotografia i para-col\u00b7leccionisme"},"content":{"rendered":"<p><img decoding=\"async\" class=\" alignleft size-full wp-image-7571\" src=\"http:\/\/a-desk.org\/wp-content\/uploads\/2013\/04\/cares_ASM.jpg\" alt=\"a) Willem Popelier - captura de video\" align=\"left\" width=\"670\" height=\"500\" srcset=\"https:\/\/a-desk.org\/wp-content\/uploads\/2013\/04\/cares_ASM.jpg 670w, https:\/\/a-desk.org\/wp-content\/uploads\/2013\/04\/cares_ASM-536x400.jpg 536w\" sizes=\"(max-width: 670px) 100vw, 670px\" \/> O es va fer expressament, o la carambola va sortir b\u00e9. Arts Santa M\u00f2nica i Foto Colectania s&#8217;associen per presentar dues exposicions sobre post-fotografia, les dues comissariades per Joan Fontcuberta (la primera, juntament amb Cl\u00e9ment Ch\u00e9roux, Erik Kessels, Martin Parr i Joachim Schmid). Pre-dissenyat o no, Barcelona ret homenatge al <a href=\" http:\/\/www.hasselbladfoundation.org\/hasselbladspristagare-2013\/\">premiat fot\u00f2graf<\/a>, ja que a m\u00e9s a m\u00e9s, el trobem a \u00c0ngels Barcelona, <a href=\"http:\/\/a-desk.org\/highlights\/Joan-Fontcuberta-el-gran,1941.html\">com ens va explicar Avelino Sala<\/a> fa uns dies.<\/p>\n<p>L&#8217;inter\u00e8s de <a href=\"http:\/\/www.artssantamonica.cat\/EXP\/EXPOSICIONS.aspx?any=201302#exposicio80\">From Here on (D&#8217;ara endavant)<\/a>, a l\u2019Arts Santa M\u00f2nica fins el 13 d&#8217;abril, rau en el que l&#8217;equip curatorial enfoca -amb llum quasi encegadora-: una transformaci\u00f3 inq\u00fcestionable i altament entr\u00f2pica, exercida per l&#8217;aparici\u00f3 i l&#8217;evoluci\u00f3 d&#8217;internet i la telefonia m\u00f2bil en els camps de registre d&#8217;imatge i so. En el cas d\u2019<a href=\"http:\/\/www.colectania.es\/index.php?i=2&#038;p=2\">Obra-Col\u00b7lecci\u00f3 (L&#8217;artista com col\u00b7leccionista)<\/a> a Foto Colectania fins el 25 de maig, el quid es troba en com Fontcuberta assenyala les interseccions que estan vivint els oficis i rols, antigament separats, del m\u00f3n de l&#8217;art. Defensa Fontcuberta que s\u00f3n tipus de col\u00b7leccionismes diferents: el cl\u00e0ssic, atresora, mentre que l&#8217;artista que col\u00b7lecciona &#8220;reubica&#8221;; proposa noves sem\u00e0ntiques; genera noves narratives a partir de la posada en com\u00fa d&#8217;imatges preexistents. La post-fotografia s&#8217;acosta a les imatges des d&#8217;un lloc diferent: en primer lloc, l&#8217;origen de les fotos (qui o qu\u00e8 captura la imatge) pot ser tan aviat desconegut com directament innecessari. En segon lloc, els mitjans des dels quals es prenen les imatges i\/o es reprodueixen les mateixes s\u00f3n mers suports, i no tenen aquella aur\u00e8ola de devoci\u00f3 que tenien les c\u00e0meres o les impressions en la fotografia&#8230; diguem-ne cl\u00e0ssica.<\/p>\n<p>La de Foto Colectania \u00e9s una mostra petita i coherent. Recull deu artistes col\u00b7leccionistes d&#8217;imatges que generen narracions de diferent car\u00e0cter. Les peces de Joachim Schmidt, Penelope Umbrico, Hans Eijkelboom i Eric Tabuchi, a la planta principal, s\u00f3n un perfecte resum de l&#8217;exhibici\u00f3. A la planta superior, sorpr\u00e8n &#8216;Painted Photos&#8217; de Martin Parr i diverteix Erik Kessels amb el seu hilarant &#8216;Almost Every Picture #9&#8217;. Tamb\u00e9 trobem un reflexiu (i premiat) v\u00eddeo de Jean-Gabriel Periot titulat &#8216;Dies Irae&#8217; (2005) i peces d\u2019\u00c8ve Cadieux, Emilio Chapela o Richard Simpkin.<\/p>\n<p>El que trobem a l\u2019Arts Santa M\u00f2nica \u00e9s en canvi una exposici\u00f3 que pot resultar inicialment inconnexa (no s\u00e9 si es tracta d&#8217;una q\u00fcesti\u00f3 personal amb l&#8217;espai), per\u00f2 que per descomptat guarda el seu sentit. L&#8217;argument es deixa ben clar en un gran manifest situat a la planta baixa, i es repeteix fins i tot entre esglaons: Internet i l&#8217;era m\u00f2bil han estat els detonants medials, tecnol\u00f2gics, que han perm\u00e8s la propagaci\u00f3 exponencial de registres fotogr\u00e0fics. Les idees s&#8217;enlairen: si de cas la veritat mai va ser una, capturada per la multiplicitat, esdev\u00e9 indefectiblement fragment\u00e0ria.<\/p>\n<p>Corinne Viennet superposa milers de fotos de monuments tur\u00edstics trobades a internet. Aquestes, gaireb\u00e9 sempre preses des del mateix angle, s&#8217;imbriquen i generen una imatge que \u00e9s una i s\u00f3n totes, producte potser d&#8217;aquestes pulsions compartides, aquests comuns denominadors de la ra\u00e7a humana fent el &#8220;guiri&#8221;. Google Maps \u00e9s la font de treball per Jon Rafman (i la seva Street View, aplicaci\u00f3 que permet a l&#8217;usuari veure la imatge real dels carrers que busca). Tamb\u00e9 ho \u00e9s per Aram Bartholl i els seus &#8220;A&#8221; gegants. Herman Zschiegner juga amb la idea de la c\u00f2pia infinita arran del triangle \u2018Google-Walker Evans-Sherrie Levine\u2019, presentant m\u00faltiples versions d&#8217;Allie Mae Burroughs, nom\u00e9s distingibles per l\u2019origen de la URL i per la seva r\u00e0tio de p\u00edxels. Jens Sudheim fa un \u00e0lbum de fotos amb el seu col\u00b7laborador, Reuss, a trav\u00e9s de diferents c\u00e0meres p\u00fabliques i c\u00e0meres web, davant les quals, el viatger posa i van enregistrant el seu viatge per cinc continents. Tamb\u00e9 Tony Churnside i &#8220;The get out clause&#8221; realitzen un videoclip sencer gr\u00e0cies a les imatges capturades per les c\u00e0meres de seguretat de diferents llocs del Regne Unit. El col\u00b7lectiu belga Leo Gabin proposa un v\u00eddeo que mostra com diverses noies (n\u2019hi deuen haver m\u00e9s) instal\u00b7len la seva webcam i li mouen el cul davant, per al m\u00f3n, des del seu context dom\u00e8stic. Willem Popelier s\u2019apropia de les fotos enregistrades pels propis clients -i accessibles per qui arribi despr\u00e9s- en els discs durs dels ordinadors d\u2019una botiga d&#8217;inform\u00e0tica. Laia abril re-fotografia fotografies de blocs i webs d&#8217;una comunitat de anor\u00e8xiques. Nancy Bean exposa una s\u00e8rie d&#8217;imatges amb angles for\u00e7a nous (el seu gat i col\u00b7laborador, Christian Allen, es troba a l&#8217;origen de la curiosa perspectiva). Pen\u00e9lope Umbrico col\u00b7lecciona coincid\u00e8ncies, i q\u00fcestiona, en definitiva, la sobre-abund\u00e0ncia existent de certes imatges (aqu\u00ed, miralls amb reflexos i flaixos, a Foto Colectania, postes de sol). D\u2019abund\u00e0ncia -i color- parlen tamb\u00e9 les obres d&#8217;Andreas Schmidt (RGB), i d&#8217;Adrian Sauer.  Aarsman i Bohr exploren la relaci\u00f3 amb l&#8217;objecte i la reiteraci\u00f3; i potser tamb\u00e9 ho faci, encara que amb una altra finalitat, la col\u00b7lecci\u00f3 de penis de Frank Schallmaier. L&#8217;humor despunta en les obres de Thomas Mailaender i James Howard, i tot aix\u00f2 amb el so de fons de l\u2019escataineig d&#8217;unes gallines -reals-. Roc Herms aborda el m\u00f3n online\/offline que ens ha tocat viure, i en el reguitzell de destacats (no ordenats per import\u00e0ncia) no poden faltar-hi les 3.000 frases que comencen per &#8220;La fotografia \u00e9s &#8230;&#8221; de Misha Hemmer.<\/p>\n<p>En ambdues mostres hi ha &#8220;peces&#8221; on la coincid\u00e8ncia espai-temporal del &#8220;fot\u00f2graf&#8221; (o selector) i l&#8217;objecte fotografiat no es d\u00f3na. A part de la recerca a Internet, tamb\u00e9 es modifiquen col\u00b7leccions privades adquirides en mercats -o directament es treballa sense modificar-les; per a quan el debat post-autor?<\/p>\n<p><img decoding=\"async\" class=\" alignleft size-full wp-image-7572\" src=\"http:\/\/a-desk.org\/wp-content\/uploads\/2013\/04\/pollastres_ASM.jpg\" alt=\"b) Instalaci\u00c3\u00b3n 'Chicken Museum' de Thoma Mailaender\" align=\"left\" width=\"670\" height=\"500\" srcset=\"https:\/\/a-desk.org\/wp-content\/uploads\/2013\/04\/pollastres_ASM.jpg 670w, https:\/\/a-desk.org\/wp-content\/uploads\/2013\/04\/pollastres_ASM-536x400.jpg 536w\" sizes=\"(max-width: 670px) 100vw, 670px\" \/><\/p>\n","protected":false},"excerpt":{"rendered":"<p>O es va fer expressament, o la carambola va sortir b\u00e9. Arts Santa M\u00f2nica i Foto Colectania s&#8217;associen per presentar dues exposicions sobre post-fotografia, les dues comissariades per Joan Fontcuberta&#8230;<\/p>\n","protected":false},"author":1269,"featured_media":7571,"comment_status":"open","ping_status":"open","sticky":false,"template":"","format":"standard","meta":{"_relevanssi_hide_post":"","_relevanssi_hide_content":"","_relevanssi_pin_for_all":"","_relevanssi_pin_keywords":"","_relevanssi_unpin_keywords":"","_relevanssi_related_keywords":"","_relevanssi_related_include_ids":"","_relevanssi_related_exclude_ids":"","_relevanssi_related_no_append":"","_relevanssi_related_not_related":"","_relevanssi_related_posts":"","_relevanssi_noindex_reason":"","footnotes":""},"categories":[6782],"tags":[],"coauthors":[],"acf":[],"yoast_head":"<!-- This site is optimized with the Yoast SEO plugin v22.6 - https:\/\/yoast.com\/wordpress\/plugins\/seo\/ -->\n<title>Postfotografia i para-col\u00b7leccionisme &#8211; A*Desk<\/title>\n<meta name=\"robots\" content=\"index, follow, max-snippet:-1, max-image-preview:large, max-video-preview:-1\" \/>\n<link rel=\"canonical\" href=\"https:\/\/a-desk.org\/ca\/magazine\/postfotografia-i-para-col\/\" \/>\n<meta property=\"og:locale\" content=\"ca_ES\" \/>\n<meta property=\"og:type\" content=\"article\" \/>\n<meta property=\"og:title\" content=\"Postfotografia i para-col\u00b7leccionisme &#8211; A*Desk\" \/>\n<meta property=\"og:description\" content=\"O es va fer expressament, o la carambola va sortir b\u00e9. Arts Santa M\u00f2nica i Foto Colectania s&#8217;associen per presentar dues exposicions sobre post-fotografia, les dues comissariades per Joan Fontcuberta...\" \/>\n<meta property=\"og:url\" content=\"https:\/\/a-desk.org\/ca\/magazine\/postfotografia-i-para-col\/\" \/>\n<meta property=\"og:site_name\" content=\"A*Desk\" \/>\n<meta property=\"article:published_time\" content=\"2013-04-06T02:00:00+00:00\" \/>\n<meta property=\"og:image\" content=\"https:\/\/a-desk.org\/wp-content\/uploads\/2013\/04\/cares_ASM.jpg\" \/>\n\t<meta property=\"og:image:width\" content=\"670\" \/>\n\t<meta property=\"og:image:height\" content=\"500\" \/>\n\t<meta property=\"og:image:type\" content=\"image\/jpeg\" \/>\n<meta name=\"author\" content=\"Marina Vives\" \/>\n<meta name=\"twitter:card\" content=\"summary_large_image\" \/>\n<meta name=\"twitter:label1\" content=\"Escrit per\" \/>\n\t<meta name=\"twitter:data1\" content=\"Marina Vives\" \/>\n\t<meta name=\"twitter:label2\" content=\"Temps estimat de lectura\" \/>\n\t<meta name=\"twitter:data2\" content=\"5 minuts\" \/>\n\t<meta name=\"twitter:label3\" content=\"Written by\" \/>\n\t<meta name=\"twitter:data3\" content=\"Marina Vives\" \/>\n<script type=\"application\/ld+json\" class=\"yoast-schema-graph\">{\"@context\":\"https:\/\/schema.org\",\"@graph\":[{\"@type\":\"WebPage\",\"@id\":\"https:\/\/a-desk.org\/ca\/magazine\/postfotografia-i-para-col\/\",\"url\":\"https:\/\/a-desk.org\/ca\/magazine\/postfotografia-i-para-col\/\",\"name\":\"Postfotografia i para-col\u00b7leccionisme &#8211; A*Desk\",\"isPartOf\":{\"@id\":\"https:\/\/a-desk.org\/#website\"},\"primaryImageOfPage\":{\"@id\":\"https:\/\/a-desk.org\/ca\/magazine\/postfotografia-i-para-col\/#primaryimage\"},\"image\":{\"@id\":\"https:\/\/a-desk.org\/ca\/magazine\/postfotografia-i-para-col\/#primaryimage\"},\"thumbnailUrl\":\"https:\/\/a-desk.org\/wp-content\/uploads\/2013\/04\/cares_ASM.jpg\",\"datePublished\":\"2013-04-06T02:00:00+00:00\",\"dateModified\":\"2013-04-06T02:00:00+00:00\",\"author\":{\"@id\":\"https:\/\/a-desk.org\/#\/schema\/person\/ed5f8269b18478544df538bf3aea03e6\"},\"breadcrumb\":{\"@id\":\"https:\/\/a-desk.org\/ca\/magazine\/postfotografia-i-para-col\/#breadcrumb\"},\"inLanguage\":\"ca\",\"potentialAction\":[{\"@type\":\"ReadAction\",\"target\":[\"https:\/\/a-desk.org\/ca\/magazine\/postfotografia-i-para-col\/\"]}]},{\"@type\":\"ImageObject\",\"inLanguage\":\"ca\",\"@id\":\"https:\/\/a-desk.org\/ca\/magazine\/postfotografia-i-para-col\/#primaryimage\",\"url\":\"https:\/\/a-desk.org\/wp-content\/uploads\/2013\/04\/cares_ASM.jpg\",\"contentUrl\":\"https:\/\/a-desk.org\/wp-content\/uploads\/2013\/04\/cares_ASM.jpg\",\"width\":670,\"height\":500,\"caption\":\"a) Willem Popelier - captura de video\"},{\"@type\":\"BreadcrumbList\",\"@id\":\"https:\/\/a-desk.org\/ca\/magazine\/postfotografia-i-para-col\/#breadcrumb\",\"itemListElement\":[{\"@type\":\"ListItem\",\"position\":1,\"name\":\"Portada\",\"item\":\"https:\/\/a-desk.org\/ca\/\"},{\"@type\":\"ListItem\",\"position\":2,\"name\":\"Postfotografia i para-col\u00b7leccionisme\"}]},{\"@type\":\"WebSite\",\"@id\":\"https:\/\/a-desk.org\/#website\",\"url\":\"https:\/\/a-desk.org\/\",\"name\":\"A*Desk\",\"description\":\"A*Desk Critical Thinking\",\"potentialAction\":[{\"@type\":\"SearchAction\",\"target\":{\"@type\":\"EntryPoint\",\"urlTemplate\":\"https:\/\/a-desk.org\/?s={search_term_string}\"},\"query-input\":\"required name=search_term_string\"}],\"inLanguage\":\"ca\"},{\"@type\":\"Person\",\"@id\":\"https:\/\/a-desk.org\/#\/schema\/person\/ed5f8269b18478544df538bf3aea03e6\",\"name\":\"Marina Vives\",\"image\":{\"@type\":\"ImageObject\",\"inLanguage\":\"ca\",\"@id\":\"https:\/\/a-desk.org\/#\/schema\/person\/image\/8bab32d3d3bdc196694d4c2db6a43dcd\",\"url\":\"https:\/\/secure.gravatar.com\/avatar\/10712deef76591cf14666cd282c328bd?s=96&d=mm&r=g\",\"contentUrl\":\"https:\/\/secure.gravatar.com\/avatar\/10712deef76591cf14666cd282c328bd?s=96&d=mm&r=g\",\"caption\":\"Marina Vives\"},\"url\":\"https:\/\/a-desk.org\/ca\/autor\/marina\/\"}]}<\/script>\n<!-- \/ Yoast SEO plugin. -->","yoast_head_json":{"title":"Postfotografia i para-col\u00b7leccionisme &#8211; A*Desk","robots":{"index":"index","follow":"follow","max-snippet":"max-snippet:-1","max-image-preview":"max-image-preview:large","max-video-preview":"max-video-preview:-1"},"canonical":"https:\/\/a-desk.org\/ca\/magazine\/postfotografia-i-para-col\/","og_locale":"ca_ES","og_type":"article","og_title":"Postfotografia i para-col\u00b7leccionisme &#8211; A*Desk","og_description":"O es va fer expressament, o la carambola va sortir b\u00e9. Arts Santa M\u00f2nica i Foto Colectania s&#8217;associen per presentar dues exposicions sobre post-fotografia, les dues comissariades per Joan Fontcuberta...","og_url":"https:\/\/a-desk.org\/ca\/magazine\/postfotografia-i-para-col\/","og_site_name":"A*Desk","article_published_time":"2013-04-06T02:00:00+00:00","og_image":[{"width":670,"height":500,"url":"https:\/\/a-desk.org\/wp-content\/uploads\/2013\/04\/cares_ASM.jpg","type":"image\/jpeg"}],"author":"Marina Vives","twitter_card":"summary_large_image","twitter_misc":{"Escrit per":"Marina Vives","Temps estimat de lectura":"5 minuts","Written by":"Marina Vives"},"schema":{"@context":"https:\/\/schema.org","@graph":[{"@type":"WebPage","@id":"https:\/\/a-desk.org\/ca\/magazine\/postfotografia-i-para-col\/","url":"https:\/\/a-desk.org\/ca\/magazine\/postfotografia-i-para-col\/","name":"Postfotografia i para-col\u00b7leccionisme &#8211; A*Desk","isPartOf":{"@id":"https:\/\/a-desk.org\/#website"},"primaryImageOfPage":{"@id":"https:\/\/a-desk.org\/ca\/magazine\/postfotografia-i-para-col\/#primaryimage"},"image":{"@id":"https:\/\/a-desk.org\/ca\/magazine\/postfotografia-i-para-col\/#primaryimage"},"thumbnailUrl":"https:\/\/a-desk.org\/wp-content\/uploads\/2013\/04\/cares_ASM.jpg","datePublished":"2013-04-06T02:00:00+00:00","dateModified":"2013-04-06T02:00:00+00:00","author":{"@id":"https:\/\/a-desk.org\/#\/schema\/person\/ed5f8269b18478544df538bf3aea03e6"},"breadcrumb":{"@id":"https:\/\/a-desk.org\/ca\/magazine\/postfotografia-i-para-col\/#breadcrumb"},"inLanguage":"ca","potentialAction":[{"@type":"ReadAction","target":["https:\/\/a-desk.org\/ca\/magazine\/postfotografia-i-para-col\/"]}]},{"@type":"ImageObject","inLanguage":"ca","@id":"https:\/\/a-desk.org\/ca\/magazine\/postfotografia-i-para-col\/#primaryimage","url":"https:\/\/a-desk.org\/wp-content\/uploads\/2013\/04\/cares_ASM.jpg","contentUrl":"https:\/\/a-desk.org\/wp-content\/uploads\/2013\/04\/cares_ASM.jpg","width":670,"height":500,"caption":"a) Willem Popelier - captura de video"},{"@type":"BreadcrumbList","@id":"https:\/\/a-desk.org\/ca\/magazine\/postfotografia-i-para-col\/#breadcrumb","itemListElement":[{"@type":"ListItem","position":1,"name":"Portada","item":"https:\/\/a-desk.org\/ca\/"},{"@type":"ListItem","position":2,"name":"Postfotografia i para-col\u00b7leccionisme"}]},{"@type":"WebSite","@id":"https:\/\/a-desk.org\/#website","url":"https:\/\/a-desk.org\/","name":"A*Desk","description":"A*Desk Critical Thinking","potentialAction":[{"@type":"SearchAction","target":{"@type":"EntryPoint","urlTemplate":"https:\/\/a-desk.org\/?s={search_term_string}"},"query-input":"required name=search_term_string"}],"inLanguage":"ca"},{"@type":"Person","@id":"https:\/\/a-desk.org\/#\/schema\/person\/ed5f8269b18478544df538bf3aea03e6","name":"Marina Vives","image":{"@type":"ImageObject","inLanguage":"ca","@id":"https:\/\/a-desk.org\/#\/schema\/person\/image\/8bab32d3d3bdc196694d4c2db6a43dcd","url":"https:\/\/secure.gravatar.com\/avatar\/10712deef76591cf14666cd282c328bd?s=96&d=mm&r=g","contentUrl":"https:\/\/secure.gravatar.com\/avatar\/10712deef76591cf14666cd282c328bd?s=96&d=mm&r=g","caption":"Marina Vives"},"url":"https:\/\/a-desk.org\/ca\/autor\/marina\/"}]}},"_links":{"self":[{"href":"https:\/\/a-desk.org\/ca\/wp-json\/wp\/v2\/posts\/7587"}],"collection":[{"href":"https:\/\/a-desk.org\/ca\/wp-json\/wp\/v2\/posts"}],"about":[{"href":"https:\/\/a-desk.org\/ca\/wp-json\/wp\/v2\/types\/post"}],"author":[{"embeddable":true,"href":"https:\/\/a-desk.org\/ca\/wp-json\/wp\/v2\/users\/1269"}],"replies":[{"embeddable":true,"href":"https:\/\/a-desk.org\/ca\/wp-json\/wp\/v2\/comments?post=7587"}],"version-history":[{"count":0,"href":"https:\/\/a-desk.org\/ca\/wp-json\/wp\/v2\/posts\/7587\/revisions"}],"wp:featuredmedia":[{"embeddable":true,"href":"https:\/\/a-desk.org\/ca\/wp-json\/wp\/v2\/media\/7571"}],"wp:attachment":[{"href":"https:\/\/a-desk.org\/ca\/wp-json\/wp\/v2\/media?parent=7587"}],"wp:term":[{"taxonomy":"category","embeddable":true,"href":"https:\/\/a-desk.org\/ca\/wp-json\/wp\/v2\/categories?post=7587"},{"taxonomy":"post_tag","embeddable":true,"href":"https:\/\/a-desk.org\/ca\/wp-json\/wp\/v2\/tags?post=7587"},{"taxonomy":"author","embeddable":true,"href":"https:\/\/a-desk.org\/ca\/wp-json\/wp\/v2\/coauthors?post=7587"}],"curies":[{"name":"wp","href":"https:\/\/api.w.org\/{rel}","templated":true}]}}