{"id":7618,"date":"2013-04-14T02:00:00","date_gmt":"2013-04-14T02:00:00","guid":{"rendered":"http:\/\/a-desk.org\/2013\/04\/14\/los-angeles-anys-vuitanta\/"},"modified":"2013-04-14T02:00:00","modified_gmt":"2013-04-14T02:00:00","slug":"los-angeles-anys-vuitanta","status":"publish","type":"post","link":"https:\/\/a-desk.org\/ca\/magazine\/los-angeles-anys-vuitanta\/","title":{"rendered":"Los \u00c1ngeles, anys vuitanta"},"content":{"rendered":"<p>Comen\u00e7\u00e0vem la setmana amb un article de Maite Garbayo sobre l&#8217;exposici\u00f3 que el MUAC de M\u00e8xic DF dedica als artistes xicanos dels vuitanta, ASCO. Una exposici\u00f3 que s&#8217;inscriu en la l\u00ednia que segueixen altres museus, com el Reina Sofia, amb el programa de conceptualismes del sud, on intenten recuperar i revisar algunes pr\u00e0ctiques a mig cam\u00ed entre l&#8217;art i la pol\u00edtica, fins ara guardades a la mem\u00f2ria i als arxius.<\/p>\n<p>Treure a la llum els arxius! D&#8217;aix\u00f2 es tracta, de reescriure la hist\u00f2ria, fixant-se en activitats; grups, i activismes que semblaven fora del museu. I que, de fet, van n\u00e9ixer <em>contra<\/em> els museus. Per\u00f2 qu\u00e8 t\u00e9 d&#8217;especial ASCO? Potser, que el seu sud est\u00e0 bastant al nord: va ser un col\u00b7lectiu d&#8217;artistes xicanos que va posar l&#8217;\u00e8mfasi en q\u00fcestions sobre la identitat, des de Los Angeles. I tamb\u00e9, que van desenvolupar el seu treball en els vuitanta. Qu\u00e8 va passar en aquella d\u00e8cada? Va ser nom\u00e9s la festa fr\u00edvola que semblava? Revisats els anys setanta del segle XX, sembla que ara li toqui el torn als vuitanta. Atents, perqu\u00e8 hi haur\u00e0 m\u00e9s episodis d&#8217;aquesta relectura.<\/p>\n<p>De moment, nosaltres acabem la setmana amb dos v\u00eddeos que tenen a veure amb ASCO: una entrevista a un dels seus membres, Harry Gamboa Jr, i un extracte d&#8217;una de les seves pel\u00b7l\u00edcules.<\/p>\n<p><iframe loading=\"lazy\" width=\"640\" height=\"360\" src=\"http:\/\/www.youtube.com\/embed\/xYi2V8xR6wQ\" frameborder=\"0\" allowfullscreen><\/iframe><\/p>\n<p><iframe loading=\"lazy\" width=\"640\" height=\"480\" src=\"http:\/\/www.youtube.com\/embed\/v2AdV4UzoqA\" frameborder=\"0\" allowfullscreen><\/iframe><\/p>\n","protected":false},"excerpt":{"rendered":"<p>Comen\u00e7\u00e0vem la setmana amb un article de Maite Garbayo sobre l&#8217;exposici\u00f3 que el MUAC de M\u00e8xic DF dedica als artistes xicanos dels vuitanta, ASCO. Una exposici\u00f3 que s&#8217;inscriu en la&#8230;<\/p>\n","protected":false},"author":1241,"featured_media":0,"comment_status":"open","ping_status":"open","sticky":false,"template":"","format":"standard","meta":{"_relevanssi_hide_post":"","_relevanssi_hide_content":"","_relevanssi_pin_for_all":"","_relevanssi_pin_keywords":"","_relevanssi_unpin_keywords":"","_relevanssi_related_keywords":"","_relevanssi_related_include_ids":"","_relevanssi_related_exclude_ids":"","_relevanssi_related_no_append":"","_relevanssi_related_not_related":"","_relevanssi_related_posts":"","_relevanssi_noindex_reason":"","footnotes":""},"categories":[],"tags":[],"coauthors":[],"acf":[],"yoast_head":"<!-- This site is optimized with the Yoast SEO plugin v22.6 - https:\/\/yoast.com\/wordpress\/plugins\/seo\/ -->\n<title>Los \u00c1ngeles, anys vuitanta &#8211; A*Desk<\/title>\n<meta name=\"robots\" content=\"index, follow, max-snippet:-1, max-image-preview:large, max-video-preview:-1\" \/>\n<link rel=\"canonical\" href=\"https:\/\/a-desk.org\/ca\/magazine\/los-angeles-anys-vuitanta\/\" \/>\n<meta property=\"og:locale\" content=\"ca_ES\" \/>\n<meta property=\"og:type\" content=\"article\" \/>\n<meta property=\"og:title\" content=\"Los \u00c1ngeles, anys vuitanta &#8211; A*Desk\" \/>\n<meta property=\"og:description\" content=\"Comen\u00e7\u00e0vem la setmana amb un article de Maite Garbayo sobre l&#8217;exposici\u00f3 que el MUAC de M\u00e8xic DF dedica als artistes xicanos dels vuitanta, ASCO. Una exposici\u00f3 que s&#8217;inscriu en la...\" \/>\n<meta property=\"og:url\" content=\"https:\/\/a-desk.org\/ca\/magazine\/los-angeles-anys-vuitanta\/\" \/>\n<meta property=\"og:site_name\" content=\"A*Desk\" \/>\n<meta property=\"article:published_time\" content=\"2013-04-14T02:00:00+00:00\" \/>\n<meta property=\"og:image\" content=\"https:\/\/a-desk.org\/wp-content\/uploads\/2025\/09\/a-desk-critical-thinking.jpg\" \/>\n\t<meta property=\"og:image:width\" content=\"1200\" \/>\n\t<meta property=\"og:image:height\" content=\"675\" \/>\n\t<meta property=\"og:image:type\" content=\"image\/jpeg\" \/>\n<meta name=\"author\" content=\"A*DESK\" \/>\n<meta name=\"twitter:card\" content=\"summary_large_image\" \/>\n<meta name=\"twitter:label1\" content=\"Escrit per\" \/>\n\t<meta name=\"twitter:data1\" content=\"A*DESK\" \/>\n\t<meta name=\"twitter:label2\" content=\"Temps estimat de lectura\" \/>\n\t<meta name=\"twitter:data2\" content=\"1 minut\" \/>\n\t<meta name=\"twitter:label3\" content=\"Written by\" \/>\n\t<meta name=\"twitter:data3\" content=\"A*DESK\" \/>\n<script type=\"application\/ld+json\" class=\"yoast-schema-graph\">{\"@context\":\"https:\/\/schema.org\",\"@graph\":[{\"@type\":\"WebPage\",\"@id\":\"https:\/\/a-desk.org\/ca\/magazine\/los-angeles-anys-vuitanta\/\",\"url\":\"https:\/\/a-desk.org\/ca\/magazine\/los-angeles-anys-vuitanta\/\",\"name\":\"Los \u00c1ngeles, anys vuitanta &#8211; A*Desk\",\"isPartOf\":{\"@id\":\"https:\/\/a-desk.org\/#website\"},\"datePublished\":\"2013-04-14T02:00:00+00:00\",\"dateModified\":\"2013-04-14T02:00:00+00:00\",\"author\":{\"@id\":\"https:\/\/a-desk.org\/#\/schema\/person\/e32f2cc33a81d4e3e29207cb91b1c058\"},\"breadcrumb\":{\"@id\":\"https:\/\/a-desk.org\/ca\/magazine\/los-angeles-anys-vuitanta\/#breadcrumb\"},\"inLanguage\":\"ca\",\"potentialAction\":[{\"@type\":\"ReadAction\",\"target\":[\"https:\/\/a-desk.org\/ca\/magazine\/los-angeles-anys-vuitanta\/\"]}]},{\"@type\":\"BreadcrumbList\",\"@id\":\"https:\/\/a-desk.org\/ca\/magazine\/los-angeles-anys-vuitanta\/#breadcrumb\",\"itemListElement\":[{\"@type\":\"ListItem\",\"position\":1,\"name\":\"Portada\",\"item\":\"https:\/\/a-desk.org\/ca\/\"},{\"@type\":\"ListItem\",\"position\":2,\"name\":\"Los \u00c1ngeles, anys vuitanta\"}]},{\"@type\":\"WebSite\",\"@id\":\"https:\/\/a-desk.org\/#website\",\"url\":\"https:\/\/a-desk.org\/\",\"name\":\"A*Desk\",\"description\":\"A*Desk Critical Thinking\",\"potentialAction\":[{\"@type\":\"SearchAction\",\"target\":{\"@type\":\"EntryPoint\",\"urlTemplate\":\"https:\/\/a-desk.org\/?s={search_term_string}\"},\"query-input\":\"required name=search_term_string\"}],\"inLanguage\":\"ca\"},{\"@type\":\"Person\",\"@id\":\"https:\/\/a-desk.org\/#\/schema\/person\/e32f2cc33a81d4e3e29207cb91b1c058\",\"name\":\"A*DESK\",\"image\":{\"@type\":\"ImageObject\",\"inLanguage\":\"ca\",\"@id\":\"https:\/\/a-desk.org\/#\/schema\/person\/image\/10ff463f7c1b7bf67a9b0c7cb7d009a0\",\"url\":\"https:\/\/secure.gravatar.com\/avatar\/512021342347efd46b63b4246a323676?s=96&d=mm&r=g\",\"contentUrl\":\"https:\/\/secure.gravatar.com\/avatar\/512021342347efd46b63b4246a323676?s=96&d=mm&r=g\",\"caption\":\"A*DESK\"},\"url\":\"https:\/\/a-desk.org\/ca\/autor\/audeske\/\"}]}<\/script>\n<!-- \/ Yoast SEO plugin. -->","yoast_head_json":{"title":"Los \u00c1ngeles, anys vuitanta &#8211; A*Desk","robots":{"index":"index","follow":"follow","max-snippet":"max-snippet:-1","max-image-preview":"max-image-preview:large","max-video-preview":"max-video-preview:-1"},"canonical":"https:\/\/a-desk.org\/ca\/magazine\/los-angeles-anys-vuitanta\/","og_locale":"ca_ES","og_type":"article","og_title":"Los \u00c1ngeles, anys vuitanta &#8211; A*Desk","og_description":"Comen\u00e7\u00e0vem la setmana amb un article de Maite Garbayo sobre l&#8217;exposici\u00f3 que el MUAC de M\u00e8xic DF dedica als artistes xicanos dels vuitanta, ASCO. Una exposici\u00f3 que s&#8217;inscriu en la...","og_url":"https:\/\/a-desk.org\/ca\/magazine\/los-angeles-anys-vuitanta\/","og_site_name":"A*Desk","article_published_time":"2013-04-14T02:00:00+00:00","og_image":[{"width":1200,"height":675,"url":"https:\/\/a-desk.org\/wp-content\/uploads\/2025\/09\/a-desk-critical-thinking.jpg","type":"image\/jpeg"}],"author":"A*DESK","twitter_card":"summary_large_image","twitter_misc":{"Escrit per":"A*DESK","Temps estimat de lectura":"1 minut","Written by":"A*DESK"},"schema":{"@context":"https:\/\/schema.org","@graph":[{"@type":"WebPage","@id":"https:\/\/a-desk.org\/ca\/magazine\/los-angeles-anys-vuitanta\/","url":"https:\/\/a-desk.org\/ca\/magazine\/los-angeles-anys-vuitanta\/","name":"Los \u00c1ngeles, anys vuitanta &#8211; A*Desk","isPartOf":{"@id":"https:\/\/a-desk.org\/#website"},"datePublished":"2013-04-14T02:00:00+00:00","dateModified":"2013-04-14T02:00:00+00:00","author":{"@id":"https:\/\/a-desk.org\/#\/schema\/person\/e32f2cc33a81d4e3e29207cb91b1c058"},"breadcrumb":{"@id":"https:\/\/a-desk.org\/ca\/magazine\/los-angeles-anys-vuitanta\/#breadcrumb"},"inLanguage":"ca","potentialAction":[{"@type":"ReadAction","target":["https:\/\/a-desk.org\/ca\/magazine\/los-angeles-anys-vuitanta\/"]}]},{"@type":"BreadcrumbList","@id":"https:\/\/a-desk.org\/ca\/magazine\/los-angeles-anys-vuitanta\/#breadcrumb","itemListElement":[{"@type":"ListItem","position":1,"name":"Portada","item":"https:\/\/a-desk.org\/ca\/"},{"@type":"ListItem","position":2,"name":"Los \u00c1ngeles, anys vuitanta"}]},{"@type":"WebSite","@id":"https:\/\/a-desk.org\/#website","url":"https:\/\/a-desk.org\/","name":"A*Desk","description":"A*Desk Critical Thinking","potentialAction":[{"@type":"SearchAction","target":{"@type":"EntryPoint","urlTemplate":"https:\/\/a-desk.org\/?s={search_term_string}"},"query-input":"required name=search_term_string"}],"inLanguage":"ca"},{"@type":"Person","@id":"https:\/\/a-desk.org\/#\/schema\/person\/e32f2cc33a81d4e3e29207cb91b1c058","name":"A*DESK","image":{"@type":"ImageObject","inLanguage":"ca","@id":"https:\/\/a-desk.org\/#\/schema\/person\/image\/10ff463f7c1b7bf67a9b0c7cb7d009a0","url":"https:\/\/secure.gravatar.com\/avatar\/512021342347efd46b63b4246a323676?s=96&d=mm&r=g","contentUrl":"https:\/\/secure.gravatar.com\/avatar\/512021342347efd46b63b4246a323676?s=96&d=mm&r=g","caption":"A*DESK"},"url":"https:\/\/a-desk.org\/ca\/autor\/audeske\/"}]}},"_links":{"self":[{"href":"https:\/\/a-desk.org\/ca\/wp-json\/wp\/v2\/posts\/7618"}],"collection":[{"href":"https:\/\/a-desk.org\/ca\/wp-json\/wp\/v2\/posts"}],"about":[{"href":"https:\/\/a-desk.org\/ca\/wp-json\/wp\/v2\/types\/post"}],"author":[{"embeddable":true,"href":"https:\/\/a-desk.org\/ca\/wp-json\/wp\/v2\/users\/1241"}],"replies":[{"embeddable":true,"href":"https:\/\/a-desk.org\/ca\/wp-json\/wp\/v2\/comments?post=7618"}],"version-history":[{"count":0,"href":"https:\/\/a-desk.org\/ca\/wp-json\/wp\/v2\/posts\/7618\/revisions"}],"wp:attachment":[{"href":"https:\/\/a-desk.org\/ca\/wp-json\/wp\/v2\/media?parent=7618"}],"wp:term":[{"taxonomy":"category","embeddable":true,"href":"https:\/\/a-desk.org\/ca\/wp-json\/wp\/v2\/categories?post=7618"},{"taxonomy":"post_tag","embeddable":true,"href":"https:\/\/a-desk.org\/ca\/wp-json\/wp\/v2\/tags?post=7618"},{"taxonomy":"author","embeddable":true,"href":"https:\/\/a-desk.org\/ca\/wp-json\/wp\/v2\/coauthors?post=7618"}],"curies":[{"name":"wp","href":"https:\/\/api.w.org\/{rel}","templated":true}]}}