{"id":7685,"date":"2013-05-02T02:00:00","date_gmt":"2013-05-02T02:00:00","guid":{"rendered":"http:\/\/a-desk.org\/2013\/05\/02\/el-futur2048\/"},"modified":"2013-05-02T02:00:00","modified_gmt":"2013-05-02T02:00:00","slug":"el-futur2048","status":"publish","type":"post","link":"https:\/\/a-desk.org\/ca\/magazine\/el-futur2048\/","title":{"rendered":"El Futur"},"content":{"rendered":"<p><img decoding=\"async\" class=\" alignleft size-full wp-image-7650\" src=\"http:\/\/a-desk.org\/wp-content\/uploads\/2013\/05\/el_futur_estel_boada.jpg\" alt=\"el_futur_estel_boada.jpg\" align=\"left\" width=\"670\" height=\"500\" srcset=\"https:\/\/a-desk.org\/wp-content\/uploads\/2013\/05\/el_futur_estel_boada.jpg 670w, https:\/\/a-desk.org\/wp-content\/uploads\/2013\/05\/el_futur_estel_boada-536x400.jpg 536w\" sizes=\"(max-width: 670px) 100vw, 670px\" \/> El Futur \u00e9s el t\u00edtol que ha triat el col\u00b7lectiu <a href=\" http:\/\/www.morirdefrio.com\/2013\/03\/el-futur-lexposicio\/\">Morir de Fr\u00edo<\/a> per a realitzar un proc\u00e9s habitual: obrir convocat\u00f2ria &#8211; rebre propostes &#8211; procedir a la selecci\u00f3 de les m\u00e9s adequades i\/o interessants &#8211; exhibir en p\u00fablic. El que no \u00e9s tan habitual \u00e9s que els responsables del projecte siguin tots menors de 25 anys i estiguin encara estudiant. Primer toc d&#8217;atenci\u00f3.<\/p>\n<p>Segon toc d&#8217;atenci\u00f3: el tema i les propostes. Com en un acte natural de superviv\u00e8ncia, aquesta generaci\u00f3 demostra la seva necessitat de pujar a superf\u00edcie. Ofegats per cada lletra de la paraula crisi, o m\u00e9s aviat, per la ret\u00f2rica i pr\u00e0ctica al seu voltant; lamentant cada anunci de tancament; fi de subvenci\u00f3; disminuci\u00f3 d&#8217;ajudes; i sobretot, esgotats per cada vegada que han sentit dir &#8220;abans tal&#8221;; &#8220;en una altra \u00e8poca qual&#8221;; en la l\u00ednia del que ja va apuntar Caterina Almirall fa uns mesos <a href=\" http:\/\/a-desk.org\/highlights\/SISIRC,1641.html\">aqu\u00ed. <\/a><\/p>\n<p>El col\u00b7lectiu Morir de fr\u00edo est\u00e0 format per Anna Dot (col\u00b7laboradora d&#8217;A*DESK que precisament parlava sobre el tema en primera persona fa uns dies); Palma Lombardo; Blai Marginedas; Raquel Vila i Alba Vilamala, i tenen diversos fronts oberts. A banda dels seus respectius estudis, fan cr\u00edtiques de tota mena i comissarien projectes de diferents tipus. En aquesta exposici\u00f3, que van inaugurar a l&#8217;Escola Massana el dia 3 d&#8217;abril i que va poder-se veure tamb\u00e9 -fins al dia 29 d&#8217;abril- a la Facultat de Belles Arts de la UB, van donar amb el puny sobre la taula: se\u2019n sentir\u00e0 parlar, d&#8217;ells. El Futur congregava peces d&#8217;Adri\u00e1n Montenegro (Espejo en blanco y Pelos en la espalda); Ana Gallardo (El futur mola); Aurora Caja (S\u00fabdits), Daniel Moreno Rold\u00e1n (Exercicis d&#8217;\u00c0rea); Xavi Rodr\u00edguez Mart\u00edn (De la utopia de la projecci\u00f3 infantil, a la distopia futura de la frustraci\u00f3 adulta); Estel Boada (B\u00e9ns de campana, D\u00e9u els d\u00f3na i el diable els escampa); Harley Mart\u00ednez (El milagro espa\u00f1ol. Cad\u00e1veres que viven tras inyecciones de resignaci\u00f3n); Miquel Garcia (La Asamblea); Neus Casas i N\u00faria G\u00f3mez (Mapa Utilitari dels desnonaments), i Sergi Selvas (Chat Between Gods).<\/p>\n<p>D&#8217;entre totes elles, destaca la performativa proposta d&#8217;Estel Boada, que va convidar, tan fresca com les seves galtes, als participants de la mostra a jugar-se al p\u00f2quer l&#8217;autoria de les seves peces. A la inauguraci\u00f3 a La Masana, vam veure com els participants signaven el contracte en una sala blava (fosca i d&#8217;ambient carregat), on el verd del tapet de joc ressaltava sota el focus de l&#8217;espai central de l&#8217;habitaci\u00f3, plena de gent. No tots els participants seleccionats a El Futur van jugar. Els que van acceptar el repte vingut del dem\u00e0: Daniel Moreno, Xavi Rodr\u00edguez Mart\u00edn, Miquel Garcia i la pr\u00f2pia Estel Boada. Daniel Moreno va quedar guanyador a La Masana, per\u00f2 qui va emportar-se finalment la partida (despr\u00e9s de la timba a BBAA) va ser Miquel Garcia, autor espontani -i per contracte- de totes les obres en joc.<\/p>\n<p>El Futur significa dues coses de forma especialment not\u00f2ria: una, que la s\u00e0lvia corre per l&#8217;arbre per molt que el retallin (sense anar m\u00e9s lluny, la mateixa Estel Boada est\u00e0 comissariant en aquests dies el <a href=\" http:\/\/eboadaib .wix.com \/ ciclomacarena\">Ciclo Macarena<\/a> d&#8217;intervencions espor\u00e0diques i extra-institucionals). Dos, que el Futur que Morir de Fr\u00edo ens deixa entreveure no \u00e9s per res, i malgrat el que ens sembla obvi, desastr\u00f3s.<\/p>\n<p>Perqu\u00e8 a parlant de podes: un arbre ben regat i amb llum, ofereix branques espesses i creix esplendor\u00f3s. Es tallen branques en general per enfortir-lo i fer-lo m\u00e9s &#8220;harm\u00f2nic&#8221;. Si es retalla malament, no \u00e9s que l&#8217;arbre mori, sin\u00f3 que brosta per on no s&#8217;esperava, seguint un ordre nou. I \u00e9s que com deia ahir <a href=\" http:\/\/a-desk.org\/highlights\/Treballar-en-art.html\">Montse Badia<\/a>, malgrat les contradiccions i anacronismes que persisteixen en el sector, el treballar en art &#8220;t\u00e9 a veure amb ser cr\u00edtic, amb q\u00fcestionar-se les coses, amb el descontentament, amb cercar i crear sentit&#8221;, quelcom imprescindible en el dia d&#8217;avui. Davant el dantesc panorama actual d&#8217;assetjament a centres de cultura contempor\u00e0nia (nom\u00e9s a Catalunya: Espai Zero1, B\u00f2lit, Can Xalant, Can Felipa, Centre d&#8217;Art Santa M\u00f2nica, CA Tarragona &#8230;) i a la cultura en general, resulta necessari &#8211; i genera certa sensaci\u00f3 d&#8217;efecte salvavides-, l&#8217;obrir la porta a l&#8217;opci\u00f3 B (o F, de futur), sense deixar de reclamar el que va costar tant aconseguir i s&#8217;ha provat com a bo. Siguem fidels al que est\u00e0 per venir, i com arbre assilvestrat, creixem per on no s\u2019ens esperava.<\/p>\n","protected":false},"excerpt":{"rendered":"<p>El Futur \u00e9s el t\u00edtol que ha triat el col\u00b7lectiu Morir de Fr\u00edo per a realitzar un proc\u00e9s habitual: obrir convocat\u00f2ria &#8211; rebre propostes &#8211; procedir a la selecci\u00f3 de&#8230;<\/p>\n","protected":false},"author":1269,"featured_media":7650,"comment_status":"open","ping_status":"open","sticky":false,"template":"","format":"standard","meta":{"_relevanssi_hide_post":"","_relevanssi_hide_content":"","_relevanssi_pin_for_all":"","_relevanssi_pin_keywords":"","_relevanssi_unpin_keywords":"","_relevanssi_related_keywords":"","_relevanssi_related_include_ids":"","_relevanssi_related_exclude_ids":"","_relevanssi_related_no_append":"","_relevanssi_related_not_related":"","_relevanssi_related_posts":"","_relevanssi_noindex_reason":"","footnotes":""},"categories":[6782],"tags":[],"coauthors":[],"acf":[],"yoast_head":"<!-- This site is optimized with the Yoast SEO plugin v22.6 - https:\/\/yoast.com\/wordpress\/plugins\/seo\/ -->\n<title>El Futur &#8211; A*Desk<\/title>\n<meta name=\"robots\" content=\"index, follow, max-snippet:-1, max-image-preview:large, max-video-preview:-1\" \/>\n<link rel=\"canonical\" href=\"https:\/\/a-desk.org\/ca\/magazine\/el-futur2048\/\" \/>\n<meta property=\"og:locale\" content=\"ca_ES\" \/>\n<meta property=\"og:type\" content=\"article\" \/>\n<meta property=\"og:title\" content=\"El Futur &#8211; A*Desk\" \/>\n<meta property=\"og:description\" content=\"El Futur \u00e9s el t\u00edtol que ha triat el col\u00b7lectiu Morir de Fr\u00edo per a realitzar un proc\u00e9s habitual: obrir convocat\u00f2ria &#8211; rebre propostes &#8211; procedir a la selecci\u00f3 de...\" \/>\n<meta property=\"og:url\" content=\"https:\/\/a-desk.org\/ca\/magazine\/el-futur2048\/\" \/>\n<meta property=\"og:site_name\" content=\"A*Desk\" \/>\n<meta property=\"article:published_time\" content=\"2013-05-02T02:00:00+00:00\" \/>\n<meta property=\"og:image\" content=\"https:\/\/a-desk.org\/wp-content\/uploads\/2013\/05\/el_futur_estel_boada.jpg\" \/>\n\t<meta property=\"og:image:width\" content=\"670\" \/>\n\t<meta property=\"og:image:height\" content=\"500\" \/>\n\t<meta property=\"og:image:type\" content=\"image\/jpeg\" \/>\n<meta name=\"author\" content=\"Marina Vives\" \/>\n<meta name=\"twitter:card\" content=\"summary_large_image\" \/>\n<meta name=\"twitter:label1\" content=\"Escrit per\" \/>\n\t<meta name=\"twitter:data1\" content=\"Marina Vives\" \/>\n\t<meta name=\"twitter:label2\" content=\"Temps estimat de lectura\" \/>\n\t<meta name=\"twitter:data2\" content=\"4 minuts\" \/>\n\t<meta name=\"twitter:label3\" content=\"Written by\" \/>\n\t<meta name=\"twitter:data3\" content=\"Marina Vives\" \/>\n<script type=\"application\/ld+json\" class=\"yoast-schema-graph\">{\"@context\":\"https:\/\/schema.org\",\"@graph\":[{\"@type\":\"WebPage\",\"@id\":\"https:\/\/a-desk.org\/ca\/magazine\/el-futur2048\/\",\"url\":\"https:\/\/a-desk.org\/ca\/magazine\/el-futur2048\/\",\"name\":\"El Futur &#8211; A*Desk\",\"isPartOf\":{\"@id\":\"https:\/\/a-desk.org\/#website\"},\"primaryImageOfPage\":{\"@id\":\"https:\/\/a-desk.org\/ca\/magazine\/el-futur2048\/#primaryimage\"},\"image\":{\"@id\":\"https:\/\/a-desk.org\/ca\/magazine\/el-futur2048\/#primaryimage\"},\"thumbnailUrl\":\"https:\/\/a-desk.org\/wp-content\/uploads\/2013\/05\/el_futur_estel_boada.jpg\",\"datePublished\":\"2013-05-02T02:00:00+00:00\",\"dateModified\":\"2013-05-02T02:00:00+00:00\",\"author\":{\"@id\":\"https:\/\/a-desk.org\/#\/schema\/person\/ed5f8269b18478544df538bf3aea03e6\"},\"breadcrumb\":{\"@id\":\"https:\/\/a-desk.org\/ca\/magazine\/el-futur2048\/#breadcrumb\"},\"inLanguage\":\"ca\",\"potentialAction\":[{\"@type\":\"ReadAction\",\"target\":[\"https:\/\/a-desk.org\/ca\/magazine\/el-futur2048\/\"]}]},{\"@type\":\"ImageObject\",\"inLanguage\":\"ca\",\"@id\":\"https:\/\/a-desk.org\/ca\/magazine\/el-futur2048\/#primaryimage\",\"url\":\"https:\/\/a-desk.org\/wp-content\/uploads\/2013\/05\/el_futur_estel_boada.jpg\",\"contentUrl\":\"https:\/\/a-desk.org\/wp-content\/uploads\/2013\/05\/el_futur_estel_boada.jpg\",\"width\":670,\"height\":500,\"caption\":\"el_futur_estel_boada.jpg\"},{\"@type\":\"BreadcrumbList\",\"@id\":\"https:\/\/a-desk.org\/ca\/magazine\/el-futur2048\/#breadcrumb\",\"itemListElement\":[{\"@type\":\"ListItem\",\"position\":1,\"name\":\"Portada\",\"item\":\"https:\/\/a-desk.org\/ca\/\"},{\"@type\":\"ListItem\",\"position\":2,\"name\":\"El Futur\"}]},{\"@type\":\"WebSite\",\"@id\":\"https:\/\/a-desk.org\/#website\",\"url\":\"https:\/\/a-desk.org\/\",\"name\":\"A*Desk\",\"description\":\"A*Desk Critical Thinking\",\"potentialAction\":[{\"@type\":\"SearchAction\",\"target\":{\"@type\":\"EntryPoint\",\"urlTemplate\":\"https:\/\/a-desk.org\/?s={search_term_string}\"},\"query-input\":\"required name=search_term_string\"}],\"inLanguage\":\"ca\"},{\"@type\":\"Person\",\"@id\":\"https:\/\/a-desk.org\/#\/schema\/person\/ed5f8269b18478544df538bf3aea03e6\",\"name\":\"Marina Vives\",\"image\":{\"@type\":\"ImageObject\",\"inLanguage\":\"ca\",\"@id\":\"https:\/\/a-desk.org\/#\/schema\/person\/image\/8bab32d3d3bdc196694d4c2db6a43dcd\",\"url\":\"https:\/\/secure.gravatar.com\/avatar\/10712deef76591cf14666cd282c328bd?s=96&d=mm&r=g\",\"contentUrl\":\"https:\/\/secure.gravatar.com\/avatar\/10712deef76591cf14666cd282c328bd?s=96&d=mm&r=g\",\"caption\":\"Marina Vives\"},\"url\":\"https:\/\/a-desk.org\/ca\/autor\/marina\/\"}]}<\/script>\n<!-- \/ Yoast SEO plugin. -->","yoast_head_json":{"title":"El Futur &#8211; A*Desk","robots":{"index":"index","follow":"follow","max-snippet":"max-snippet:-1","max-image-preview":"max-image-preview:large","max-video-preview":"max-video-preview:-1"},"canonical":"https:\/\/a-desk.org\/ca\/magazine\/el-futur2048\/","og_locale":"ca_ES","og_type":"article","og_title":"El Futur &#8211; A*Desk","og_description":"El Futur \u00e9s el t\u00edtol que ha triat el col\u00b7lectiu Morir de Fr\u00edo per a realitzar un proc\u00e9s habitual: obrir convocat\u00f2ria &#8211; rebre propostes &#8211; procedir a la selecci\u00f3 de...","og_url":"https:\/\/a-desk.org\/ca\/magazine\/el-futur2048\/","og_site_name":"A*Desk","article_published_time":"2013-05-02T02:00:00+00:00","og_image":[{"width":670,"height":500,"url":"https:\/\/a-desk.org\/wp-content\/uploads\/2013\/05\/el_futur_estel_boada.jpg","type":"image\/jpeg"}],"author":"Marina Vives","twitter_card":"summary_large_image","twitter_misc":{"Escrit per":"Marina Vives","Temps estimat de lectura":"4 minuts","Written by":"Marina Vives"},"schema":{"@context":"https:\/\/schema.org","@graph":[{"@type":"WebPage","@id":"https:\/\/a-desk.org\/ca\/magazine\/el-futur2048\/","url":"https:\/\/a-desk.org\/ca\/magazine\/el-futur2048\/","name":"El Futur &#8211; A*Desk","isPartOf":{"@id":"https:\/\/a-desk.org\/#website"},"primaryImageOfPage":{"@id":"https:\/\/a-desk.org\/ca\/magazine\/el-futur2048\/#primaryimage"},"image":{"@id":"https:\/\/a-desk.org\/ca\/magazine\/el-futur2048\/#primaryimage"},"thumbnailUrl":"https:\/\/a-desk.org\/wp-content\/uploads\/2013\/05\/el_futur_estel_boada.jpg","datePublished":"2013-05-02T02:00:00+00:00","dateModified":"2013-05-02T02:00:00+00:00","author":{"@id":"https:\/\/a-desk.org\/#\/schema\/person\/ed5f8269b18478544df538bf3aea03e6"},"breadcrumb":{"@id":"https:\/\/a-desk.org\/ca\/magazine\/el-futur2048\/#breadcrumb"},"inLanguage":"ca","potentialAction":[{"@type":"ReadAction","target":["https:\/\/a-desk.org\/ca\/magazine\/el-futur2048\/"]}]},{"@type":"ImageObject","inLanguage":"ca","@id":"https:\/\/a-desk.org\/ca\/magazine\/el-futur2048\/#primaryimage","url":"https:\/\/a-desk.org\/wp-content\/uploads\/2013\/05\/el_futur_estel_boada.jpg","contentUrl":"https:\/\/a-desk.org\/wp-content\/uploads\/2013\/05\/el_futur_estel_boada.jpg","width":670,"height":500,"caption":"el_futur_estel_boada.jpg"},{"@type":"BreadcrumbList","@id":"https:\/\/a-desk.org\/ca\/magazine\/el-futur2048\/#breadcrumb","itemListElement":[{"@type":"ListItem","position":1,"name":"Portada","item":"https:\/\/a-desk.org\/ca\/"},{"@type":"ListItem","position":2,"name":"El Futur"}]},{"@type":"WebSite","@id":"https:\/\/a-desk.org\/#website","url":"https:\/\/a-desk.org\/","name":"A*Desk","description":"A*Desk Critical Thinking","potentialAction":[{"@type":"SearchAction","target":{"@type":"EntryPoint","urlTemplate":"https:\/\/a-desk.org\/?s={search_term_string}"},"query-input":"required name=search_term_string"}],"inLanguage":"ca"},{"@type":"Person","@id":"https:\/\/a-desk.org\/#\/schema\/person\/ed5f8269b18478544df538bf3aea03e6","name":"Marina Vives","image":{"@type":"ImageObject","inLanguage":"ca","@id":"https:\/\/a-desk.org\/#\/schema\/person\/image\/8bab32d3d3bdc196694d4c2db6a43dcd","url":"https:\/\/secure.gravatar.com\/avatar\/10712deef76591cf14666cd282c328bd?s=96&d=mm&r=g","contentUrl":"https:\/\/secure.gravatar.com\/avatar\/10712deef76591cf14666cd282c328bd?s=96&d=mm&r=g","caption":"Marina Vives"},"url":"https:\/\/a-desk.org\/ca\/autor\/marina\/"}]}},"_links":{"self":[{"href":"https:\/\/a-desk.org\/ca\/wp-json\/wp\/v2\/posts\/7685"}],"collection":[{"href":"https:\/\/a-desk.org\/ca\/wp-json\/wp\/v2\/posts"}],"about":[{"href":"https:\/\/a-desk.org\/ca\/wp-json\/wp\/v2\/types\/post"}],"author":[{"embeddable":true,"href":"https:\/\/a-desk.org\/ca\/wp-json\/wp\/v2\/users\/1269"}],"replies":[{"embeddable":true,"href":"https:\/\/a-desk.org\/ca\/wp-json\/wp\/v2\/comments?post=7685"}],"version-history":[{"count":0,"href":"https:\/\/a-desk.org\/ca\/wp-json\/wp\/v2\/posts\/7685\/revisions"}],"wp:featuredmedia":[{"embeddable":true,"href":"https:\/\/a-desk.org\/ca\/wp-json\/wp\/v2\/media\/7650"}],"wp:attachment":[{"href":"https:\/\/a-desk.org\/ca\/wp-json\/wp\/v2\/media?parent=7685"}],"wp:term":[{"taxonomy":"category","embeddable":true,"href":"https:\/\/a-desk.org\/ca\/wp-json\/wp\/v2\/categories?post=7685"},{"taxonomy":"post_tag","embeddable":true,"href":"https:\/\/a-desk.org\/ca\/wp-json\/wp\/v2\/tags?post=7685"},{"taxonomy":"author","embeddable":true,"href":"https:\/\/a-desk.org\/ca\/wp-json\/wp\/v2\/coauthors?post=7685"}],"curies":[{"name":"wp","href":"https:\/\/api.w.org\/{rel}","templated":true}]}}