{"id":7732,"date":"2013-05-12T02:00:00","date_gmt":"2013-05-12T02:00:00","guid":{"rendered":"http:\/\/a-desk.org\/2013\/05\/12\/tv-party-vs-la-edad-de-oro2082\/"},"modified":"2013-05-12T02:00:00","modified_gmt":"2013-05-12T02:00:00","slug":"tv-party-vs-la-edad-de-oro2082","status":"publish","type":"post","link":"https:\/\/a-desk.org\/ca\/magazine\/tv-party-vs-la-edad-de-oro2082\/","title":{"rendered":"TV Party vs La Edad de Oro"},"content":{"rendered":"<p>Un dels programes m\u00edtics de la televisi\u00f3 espanyola en els vuitanta va ser &#8220;La Edad de Oro&#8221;. Ens hem referit a ell en m\u00e9s ocasions i a alguns dels seus moments assenyalats com la pres\u00e8ncia de <a href=\" http:\/\/a-desk.org\/highlights\/Un-pequeno-regalo-de- reyes.html\">Genesis P-Orridge amb el seu grup Throbbing Gristle<\/a> i en una entrevista delirant, <a href=\" http:\/\/www.youtube.com\/watch?v=dsaaFO_YBFM\">Jordi Valls i Vagina Dentara Organ<\/a>, reportatges sobre <a href=\" http:\/\/www.rtve. es\/alacarta\/videos\/la-edad-de-oro\/edad-oro-divine\/998715 \/\">Divine<\/a> o Mapplethorpe, <a href=\" http:\/\/www.rtve.es \/ alacarta\/videos\/television\/antologia-mejor-edad-oro-capitulo-5\/986767 \/\">Jos\u00e9 Luis Brea presentant el v\u00eddeo &#8220;La escuela de calor&#8221; <\/a> de Radio Futura amb solemnitat &#8230; Ho hem dit en m\u00e9s ocasions: la televisi\u00f3 als anys vuitanta era una altra cosa i va configurar part de l&#8217;educaci\u00f3 emocional i intel\u00b7lectual de molts. Tamb\u00e9 queden en la mem\u00f2ria altres programes com Pleitaguensam o Glasnost dirigits per Lulu Martorell. Si els v\u00eddeos de &#8220;La Edad de Oro&#8221; circulen per internet no passa el mateix amb aquests dos \u00faltims, en els quals tamb\u00e9 hi ha moments memorables com una entrevista a un Jean-Michel Basquiat, gaireb\u00e9 mut, que no sap qu\u00e8 respondre (estaria molt b\u00e9 que poguessin ser accessibles de nou, qui els tingui que els pugi a la web).<\/p>\n<p>Per\u00f2 el m\u00e9s sorprenent de &#8220;La Edad de Oro&#8221; era el format de show en viu: les entrevistes i actuacions en directe. El programa va iniciar les seves emissions l\u2019any 1983 (i va acabar l\u2019any 1985) i aix\u00ed reprenia, creuant l\u2019oce\u00e0, l&#8217;esquema d&#8217;un altre programa de refer\u00e8ncia que es va emetre entre 1978 i 1982 des de Nova York: TV Party. TV Party seguia un estructura semblant, d&#8217;actuacions i entrevistes en directe, i tenia la mateixa voluntat per reflectir iniciatives diverses a la cru\u00eflla de la cultura contempor\u00e0nia: m\u00fasics i artistes, barrejats. Si &#8220;La Edad de Oro&#8221; estava encap\u00e7alada per la periodista Paloma Chamorro i el cr\u00edtic d&#8217;art Armando Montesinos, TV Party ho estava per l&#8217;escriptor i editor que havia participat a la Factory de Warhol, Glenn O&#8217;Brien, i per Chris Stein, guitarrista de Blondie. I per all\u00ed va passar tota l&#8217;escena novaiorquesa de principis dels vuitanta, des dels propis Blondie (amb <a href=\" http:\/\/www.youtube.com\/watch?v=nLKvViL8y_E&#038;feature=share\">Debbie Harry explicant als americans com ballar pogo<\/a>) , passant per Talking Heads o Tuxedomoon, a de nou Jean-Michel Basquiat quan es feia dir SAMO, perd\u00f3, Mister SAMO.<\/p>\n<p><iframe loading=\"lazy\" width=\"640\" height=\"480\" src=\"http:\/\/www.youtube.com\/embed\/EHrZbS1yjmc\" frameborder=\"0\" allowfullscreen><\/iframe><br \/>\n\u2003<\/p>\n","protected":false},"excerpt":{"rendered":"<p>Un dels programes m\u00edtics de la televisi\u00f3 espanyola en els vuitanta va ser &#8220;La Edad de Oro&#8221;. Ens hem referit a ell en m\u00e9s ocasions i a alguns dels seus&#8230;<\/p>\n","protected":false},"author":1237,"featured_media":0,"comment_status":"open","ping_status":"open","sticky":false,"template":"","format":"standard","meta":{"_relevanssi_hide_post":"","_relevanssi_hide_content":"","_relevanssi_pin_for_all":"","_relevanssi_pin_keywords":"","_relevanssi_unpin_keywords":"","_relevanssi_related_keywords":"","_relevanssi_related_include_ids":"","_relevanssi_related_exclude_ids":"","_relevanssi_related_no_append":"","_relevanssi_related_not_related":"","_relevanssi_related_posts":"","_relevanssi_noindex_reason":"","footnotes":""},"categories":[],"tags":[],"coauthors":[],"acf":[],"yoast_head":"<!-- This site is optimized with the Yoast SEO plugin v22.6 - https:\/\/yoast.com\/wordpress\/plugins\/seo\/ -->\n<title>TV Party vs La Edad de Oro &#8211; A*Desk<\/title>\n<meta name=\"robots\" content=\"index, follow, max-snippet:-1, max-image-preview:large, max-video-preview:-1\" \/>\n<link rel=\"canonical\" href=\"https:\/\/a-desk.org\/ca\/magazine\/tv-party-vs-la-edad-de-oro2082\/\" \/>\n<meta property=\"og:locale\" content=\"ca_ES\" \/>\n<meta property=\"og:type\" content=\"article\" \/>\n<meta property=\"og:title\" content=\"TV Party vs La Edad de Oro &#8211; A*Desk\" \/>\n<meta property=\"og:description\" content=\"Un dels programes m\u00edtics de la televisi\u00f3 espanyola en els vuitanta va ser &#8220;La Edad de Oro&#8221;. Ens hem referit a ell en m\u00e9s ocasions i a alguns dels seus...\" \/>\n<meta property=\"og:url\" content=\"https:\/\/a-desk.org\/ca\/magazine\/tv-party-vs-la-edad-de-oro2082\/\" \/>\n<meta property=\"og:site_name\" content=\"A*Desk\" \/>\n<meta property=\"article:published_time\" content=\"2013-05-12T02:00:00+00:00\" \/>\n<meta property=\"og:image\" content=\"https:\/\/a-desk.org\/wp-content\/uploads\/2025\/09\/a-desk-critical-thinking.jpg\" \/>\n\t<meta property=\"og:image:width\" content=\"1200\" \/>\n\t<meta property=\"og:image:height\" content=\"675\" \/>\n\t<meta property=\"og:image:type\" content=\"image\/jpeg\" \/>\n<meta name=\"author\" content=\"David G. Torres\" \/>\n<meta name=\"twitter:card\" content=\"summary_large_image\" \/>\n<meta name=\"twitter:label1\" content=\"Escrit per\" \/>\n\t<meta name=\"twitter:data1\" content=\"David G. Torres\" \/>\n\t<meta name=\"twitter:label2\" content=\"Temps estimat de lectura\" \/>\n\t<meta name=\"twitter:data2\" content=\"2 minuts\" \/>\n\t<meta name=\"twitter:label3\" content=\"Written by\" \/>\n\t<meta name=\"twitter:data3\" content=\"David G. Torres\" \/>\n<script type=\"application\/ld+json\" class=\"yoast-schema-graph\">{\"@context\":\"https:\/\/schema.org\",\"@graph\":[{\"@type\":\"WebPage\",\"@id\":\"https:\/\/a-desk.org\/ca\/magazine\/tv-party-vs-la-edad-de-oro2082\/\",\"url\":\"https:\/\/a-desk.org\/ca\/magazine\/tv-party-vs-la-edad-de-oro2082\/\",\"name\":\"TV Party vs La Edad de Oro &#8211; A*Desk\",\"isPartOf\":{\"@id\":\"https:\/\/a-desk.org\/#website\"},\"datePublished\":\"2013-05-12T02:00:00+00:00\",\"dateModified\":\"2013-05-12T02:00:00+00:00\",\"author\":{\"@id\":\"https:\/\/a-desk.org\/#\/schema\/person\/7381bbdb39f260ec0a87c87552487a72\"},\"breadcrumb\":{\"@id\":\"https:\/\/a-desk.org\/ca\/magazine\/tv-party-vs-la-edad-de-oro2082\/#breadcrumb\"},\"inLanguage\":\"ca\",\"potentialAction\":[{\"@type\":\"ReadAction\",\"target\":[\"https:\/\/a-desk.org\/ca\/magazine\/tv-party-vs-la-edad-de-oro2082\/\"]}]},{\"@type\":\"BreadcrumbList\",\"@id\":\"https:\/\/a-desk.org\/ca\/magazine\/tv-party-vs-la-edad-de-oro2082\/#breadcrumb\",\"itemListElement\":[{\"@type\":\"ListItem\",\"position\":1,\"name\":\"Portada\",\"item\":\"https:\/\/a-desk.org\/ca\/\"},{\"@type\":\"ListItem\",\"position\":2,\"name\":\"TV Party vs La Edad de Oro\"}]},{\"@type\":\"WebSite\",\"@id\":\"https:\/\/a-desk.org\/#website\",\"url\":\"https:\/\/a-desk.org\/\",\"name\":\"A*Desk\",\"description\":\"A*Desk Critical Thinking\",\"potentialAction\":[{\"@type\":\"SearchAction\",\"target\":{\"@type\":\"EntryPoint\",\"urlTemplate\":\"https:\/\/a-desk.org\/?s={search_term_string}\"},\"query-input\":\"required name=search_term_string\"}],\"inLanguage\":\"ca\"},{\"@type\":\"Person\",\"@id\":\"https:\/\/a-desk.org\/#\/schema\/person\/7381bbdb39f260ec0a87c87552487a72\",\"name\":\"David G. Torres\",\"image\":{\"@type\":\"ImageObject\",\"inLanguage\":\"ca\",\"@id\":\"https:\/\/a-desk.org\/#\/schema\/person\/image\/6f917ea5cf8345bb5ac51d4861792640\",\"url\":\"https:\/\/secure.gravatar.com\/avatar\/ec4c6a2eb8a0dfca52ad37adba8a93c2?s=96&d=mm&r=g\",\"contentUrl\":\"https:\/\/secure.gravatar.com\/avatar\/ec4c6a2eb8a0dfca52ad37adba8a93c2?s=96&d=mm&r=g\",\"caption\":\"David G. Torres\"},\"description\":\"Catal\u00e0\",\"url\":\"https:\/\/a-desk.org\/ca\/autor\/david\/\"}]}<\/script>\n<!-- \/ Yoast SEO plugin. -->","yoast_head_json":{"title":"TV Party vs La Edad de Oro &#8211; A*Desk","robots":{"index":"index","follow":"follow","max-snippet":"max-snippet:-1","max-image-preview":"max-image-preview:large","max-video-preview":"max-video-preview:-1"},"canonical":"https:\/\/a-desk.org\/ca\/magazine\/tv-party-vs-la-edad-de-oro2082\/","og_locale":"ca_ES","og_type":"article","og_title":"TV Party vs La Edad de Oro &#8211; A*Desk","og_description":"Un dels programes m\u00edtics de la televisi\u00f3 espanyola en els vuitanta va ser &#8220;La Edad de Oro&#8221;. Ens hem referit a ell en m\u00e9s ocasions i a alguns dels seus...","og_url":"https:\/\/a-desk.org\/ca\/magazine\/tv-party-vs-la-edad-de-oro2082\/","og_site_name":"A*Desk","article_published_time":"2013-05-12T02:00:00+00:00","og_image":[{"width":1200,"height":675,"url":"https:\/\/a-desk.org\/wp-content\/uploads\/2025\/09\/a-desk-critical-thinking.jpg","type":"image\/jpeg"}],"author":"David G. Torres","twitter_card":"summary_large_image","twitter_misc":{"Escrit per":"David G. Torres","Temps estimat de lectura":"2 minuts","Written by":"David G. Torres"},"schema":{"@context":"https:\/\/schema.org","@graph":[{"@type":"WebPage","@id":"https:\/\/a-desk.org\/ca\/magazine\/tv-party-vs-la-edad-de-oro2082\/","url":"https:\/\/a-desk.org\/ca\/magazine\/tv-party-vs-la-edad-de-oro2082\/","name":"TV Party vs La Edad de Oro &#8211; A*Desk","isPartOf":{"@id":"https:\/\/a-desk.org\/#website"},"datePublished":"2013-05-12T02:00:00+00:00","dateModified":"2013-05-12T02:00:00+00:00","author":{"@id":"https:\/\/a-desk.org\/#\/schema\/person\/7381bbdb39f260ec0a87c87552487a72"},"breadcrumb":{"@id":"https:\/\/a-desk.org\/ca\/magazine\/tv-party-vs-la-edad-de-oro2082\/#breadcrumb"},"inLanguage":"ca","potentialAction":[{"@type":"ReadAction","target":["https:\/\/a-desk.org\/ca\/magazine\/tv-party-vs-la-edad-de-oro2082\/"]}]},{"@type":"BreadcrumbList","@id":"https:\/\/a-desk.org\/ca\/magazine\/tv-party-vs-la-edad-de-oro2082\/#breadcrumb","itemListElement":[{"@type":"ListItem","position":1,"name":"Portada","item":"https:\/\/a-desk.org\/ca\/"},{"@type":"ListItem","position":2,"name":"TV Party vs La Edad de Oro"}]},{"@type":"WebSite","@id":"https:\/\/a-desk.org\/#website","url":"https:\/\/a-desk.org\/","name":"A*Desk","description":"A*Desk Critical Thinking","potentialAction":[{"@type":"SearchAction","target":{"@type":"EntryPoint","urlTemplate":"https:\/\/a-desk.org\/?s={search_term_string}"},"query-input":"required name=search_term_string"}],"inLanguage":"ca"},{"@type":"Person","@id":"https:\/\/a-desk.org\/#\/schema\/person\/7381bbdb39f260ec0a87c87552487a72","name":"David G. Torres","image":{"@type":"ImageObject","inLanguage":"ca","@id":"https:\/\/a-desk.org\/#\/schema\/person\/image\/6f917ea5cf8345bb5ac51d4861792640","url":"https:\/\/secure.gravatar.com\/avatar\/ec4c6a2eb8a0dfca52ad37adba8a93c2?s=96&d=mm&r=g","contentUrl":"https:\/\/secure.gravatar.com\/avatar\/ec4c6a2eb8a0dfca52ad37adba8a93c2?s=96&d=mm&r=g","caption":"David G. Torres"},"description":"Catal\u00e0","url":"https:\/\/a-desk.org\/ca\/autor\/david\/"}]}},"_links":{"self":[{"href":"https:\/\/a-desk.org\/ca\/wp-json\/wp\/v2\/posts\/7732"}],"collection":[{"href":"https:\/\/a-desk.org\/ca\/wp-json\/wp\/v2\/posts"}],"about":[{"href":"https:\/\/a-desk.org\/ca\/wp-json\/wp\/v2\/types\/post"}],"author":[{"embeddable":true,"href":"https:\/\/a-desk.org\/ca\/wp-json\/wp\/v2\/users\/1237"}],"replies":[{"embeddable":true,"href":"https:\/\/a-desk.org\/ca\/wp-json\/wp\/v2\/comments?post=7732"}],"version-history":[{"count":0,"href":"https:\/\/a-desk.org\/ca\/wp-json\/wp\/v2\/posts\/7732\/revisions"}],"wp:attachment":[{"href":"https:\/\/a-desk.org\/ca\/wp-json\/wp\/v2\/media?parent=7732"}],"wp:term":[{"taxonomy":"category","embeddable":true,"href":"https:\/\/a-desk.org\/ca\/wp-json\/wp\/v2\/categories?post=7732"},{"taxonomy":"post_tag","embeddable":true,"href":"https:\/\/a-desk.org\/ca\/wp-json\/wp\/v2\/tags?post=7732"},{"taxonomy":"author","embeddable":true,"href":"https:\/\/a-desk.org\/ca\/wp-json\/wp\/v2\/coauthors?post=7732"}],"curies":[{"name":"wp","href":"https:\/\/api.w.org\/{rel}","templated":true}]}}