{"id":78536,"date":"2026-09-01T07:16:09","date_gmt":"2026-09-01T05:16:09","guid":{"rendered":"https:\/\/a-desk.org\/?p=78536"},"modified":"2026-09-01T12:15:35","modified_gmt":"2026-09-01T10:15:35","slug":"lempremta-abans-que-la-petjada","status":"publish","type":"post","link":"https:\/\/a-desk.org\/ca\/magazine\/lempremta-abans-que-la-petjada\/","title":{"rendered":"L&#8217;empremta abans que la petjada"},"content":{"rendered":"<p style=\"font-weight: 400;\">L&#8217;assaig escenogr\u00e0fic previ a una construcci\u00f3 definitiva \u00e9s una pr\u00e0ctica habitual en aquells arquitectes que s&#8217;han interessat per l&#8217;escena. \u00c9s una disciplina on fer versions d&#8217;una mateixa idea, un prototipatge validat per actors, p\u00fablic o visitants que permet escollir-ne la versi\u00f3 m\u00e9s exitosa. Sovint, el proc\u00e9s succeeix tamb\u00e9 a la inversa, despr\u00e9s d&#8217;haver executat una obra arquitect\u00f2nica, all\u00f2 que ha quedat pendent o all\u00f2 que no era possible pren forma a trav\u00e9s d&#8217;un objecte escenogr\u00e0fic. Just l&#8217;any despr\u00e9s de construir l&#8217;edifici del cementiri de <strong>San Cataldo, <\/strong>a M\u00f2dena, <strong>Aldo Rossi<\/strong> feia el muntatge del <strong>Teatro del Mondo<\/strong>, a Ven\u00e8cia. Tots dos eren fonamentalment un cub buit amb uns pocs elements funcionals; ambd\u00f3s projectaven una vida molt m\u00e9s extensa i diversa d&#8217;aquella per a la qual havien estat concebuts.<\/p>\n<p style=\"font-weight: 400;\">San Cataldo era, en realitat, una construcci\u00f3 que s&#8217;havia aturat per manca de recursos i motius burocr\u00e0tics, i que encara ara segueix inacabada. Es presentava com un paratge de fragments de ciutat metaf\u00edsica del m\u00e9s enll\u00e0. Enmig de l&#8217;esplanada, s&#8217;al\u00e7ava un cub vermell per sobre de la resta de cossos. De lluny, era impossible endevinar les dimensions de l&#8217;edifici, cap detall ni objecte donava pistes sobre la mesura. Totes les seves cares eren plenes de finestres quadrades i buides, sense marc ni tancament, alineades en una ret\u00edcula. Les de la fila inferior, rodejant tot el per\u00edmetre, s&#8217;allargaven en forma rectangular per convertir-se en porta. En arribar-hi, res no impedia d\u2019entrar i sortir per qualsevol dels buits de la fa\u00e7ana. Un cop dins, es descobria un espai sense forjats ni sostre i es feia evident que l&#8217;aparen\u00e7a exterior de set pisos d&#8217;al\u00e7ada n&#8217;amagava \u00fanicament tres. La cara interior allotjava n\u00ednxols que ocupaven tot l&#8217;espai entre finestres i unes estretes passarel\u00b7les met\u00e0l\u00b7liques que donaven acc\u00e9s als diferents nivells d&#8217;aquell gran ossari.<\/p>\n<p style=\"font-weight: 400;\">El gran gruix dels murs feia que des de fora l&#8217;interior fos un misteri i que des de dins pr\u00e0cticament es perd\u00e9s l&#8217;entorn de vista. Aix\u00f2 produ\u00efa l&#8217;efecte que la gent aparegu\u00e9s i desaparegu\u00e9s de cop. S&#8217;hi barrejaven familiars que portaven flors per recordar els seus estimats, pelegrins arquitect\u00f2nics que, fascinats per aquella obra, n&#8217;estudiaven els acabats, o passejants que, sense ser aquell el seu dest\u00ed, buscaven un refugi d&#8217;ombra en la intemp\u00e8rie.<\/p>\n<p style=\"font-weight: 400;\">Pel fet de ser una pe\u00e7a inacabada, cadasc\u00fa li podia atribuir una funci\u00f3 diversa. Resultava f\u00e0cil imaginar variants performatives que fessin actuar l&#8217;edifici d&#8217;altres maneres; que acollissin necessitats i desitjos sobreposats de les persones que hi anessin entrant: cortines de ganxet a totes les finestres, algunes portes tapiades, una petita escala per anar directament la tercera planta, un objecte misteri\u00f3s susp\u00e8s al centre&#8230; Amb pocs gestos i materials lleugers, tous o desmuntables, es dibuixaven realitats oposades que entraven inevitablement en relaci\u00f3 amb la mem\u00f2ria del paratge.<\/p>\n<div id=\"attachment_78586\" style=\"width: 2570px\" class=\"wp-caption alignnone\"><img aria-describedby=\"caption-attachment-78586\" decoding=\"async\" class=\"wp-image-78586 size-full\" src=\"http:\/\/a-desk.org\/wp-content\/uploads\/2026\/09\/Aldo-Rossi_San-Cataldo-MODENA-scaled.jpg\" alt=\"Also Rossi, dibulos de Roger Badia Rafart sobre el cementerio de San Cataldo de M\u00f3dena \" width=\"2560\" height=\"1485\" srcset=\"https:\/\/a-desk.org\/wp-content\/uploads\/2026\/09\/Aldo-Rossi_San-Cataldo-MODENA-scaled.jpg 2560w, https:\/\/a-desk.org\/wp-content\/uploads\/2026\/09\/Aldo-Rossi_San-Cataldo-MODENA-595x345.jpg 595w\" sizes=\"(max-width: 2560px) 100vw, 2560px\" \/><p id=\"caption-attachment-78586\" class=\"wp-caption-text\">Roger Badia Rafart, Variacions sobre un ossari, 2026<\/p><\/div>\n<p style=\"font-weight: 400;\">Estic segur que Aldo Rossi, potser en la fase de construcci\u00f3 i mirant a l&#8217;interior des de la primera planta, tamb\u00e9 va veure les possibilitats esc\u00e8niques d&#8217;aquell lloc. Sense canviar res ja funcionava perfectament com un escenari nu on fer representacions teatrals. No \u00e9s casual que aquelles dimensions i sistema de passarel\u00b7les passessin a ser les mateixes que m\u00e9s tard utilitzaria per al <a href=\"https:\/\/www.archdaily.com\/es\/1031956\/entre-la-fantasia-y-la-realidad-el-teatro-del-mundo-flotante-de-aldo-rossi-para-la-primera-bienal-de-arquitectura-de-venecia\" target=\"_blank\" rel=\"noopener\">Teatro del Mondo<\/a>.<\/p>\n<p style=\"font-weight: 400;\">Dissenyat per a la primera Biennal d&#8217;Arquitectura de <a href=\"https:\/\/a-desk.org\/magazine\/performing-venice\/\" target=\"_blank\" rel=\"noopener\">Ven\u00e8cia<\/a>, aquest segon projecte recollia la tradici\u00f3 dels antics teatres flotants de la ciutat. Segons l&#8217;arquitecte, un dels aspectes principals d&#8217;aquell teatre, era el fet de ser un espai utilitzable per\u00f2 no definit. Estava constru\u00eft amb estructura tubular de bastides i recobert amb fusta, com a s\u00edntesi de la seva fascinaci\u00f3 pels fars de la costa, les barraques, i les construccions octogonals de la tradici\u00f3 italiana. A l&#8217;interior, un prisma de base quadrada amb dues grades enfrontades al pla d&#8217;acc\u00e9s i tres nivells de passarel\u00b7les acollia un espai esc\u00e8nic on realitzar representacions de prosa, concerts, ballet i <em>performance<\/em> per un p\u00fablic de 150 persones. Una rampa unia la barcassa, sobre la qual estava constru\u00eft el teatre, a la <em>fondamenta<\/em> de la Punta della Dogana. Un cop acabada la Biennal, navegaria creuant el mar Adri\u00e0tic per instal\u00b7lar-se a Dubrovnik durant un festival internacional de teatre. El 2004, es reconstruiria a G\u00e8nova per \u00faltima vegada com a espai per les activitats de l&#8217;any de capitalitat europea de la cultura de la ciutat, aquest cop sobre terra ferma a la Piazza Caricamento.<\/p>\n<p style=\"font-weight: 400;\">Devia ser interessant veure com canviava l&#8217;aflu\u00e8ncia dels empla\u00e7aments on s&#8217;anava situant. La Punta della Dogana era una fita singular del paisatge per\u00f2 no un punt d&#8217;activitat a peu de carrer, el port antic de Dubronik, tot i ser un important recinte medieval, amb prou feines hi amarraven embarcacions petites, i quan es va instal\u00b7lar a G\u00e8nova es va fer en una zona de pas de la part renovada del port antic. Hi vaig voler passar en el mateix viatge on vaig visitar el cementiri, tot i que la construcci\u00f3 feia anys que s&#8217;havia desmuntat. Nom\u00e9s present en la mem\u00f2ria de qui el va viure i la documentaci\u00f3 que se&#8217;n va fer, en el seu lloc s&#8217;hi trobava ara un escenari provisional i una fira d&#8217;estiu. No obstant aix\u00f2, provava d&#8217;imaginar la silueta que la pres\u00e8ncia d&#8217;aquell cos ic\u00f2nic hauria deixat en l&#8217;espai. Si ara hi havia comerciants d&#8217;artesanies i turistes dispersos que esperaven que algun m\u00fasic folkl\u00f2ric comenc\u00e9s a tocar, jo projectava una cua de persones esperant a entrar per veure una obra de teatre o repassant les indicacions abans de comen\u00e7ar un <em>happening<\/em>. Els elements no eren tan diferents \u2014 escenari, estructura desmuntable, sostre cobert&#8230;\u2014 per\u00f2 all\u00f2 que estimulava una cosa o l&#8217;altra no tenia res a veure.<\/p>\n<div id=\"attachment_78579\" style=\"width: 2457px\" class=\"wp-caption alignnone\"><img aria-describedby=\"caption-attachment-78579\" decoding=\"async\" class=\"wp-image-78579 size-full\" src=\"http:\/\/a-desk.org\/wp-content\/uploads\/2026\/09\/Also-Rossi-.teatre-del-mondo-1.jpg\" alt=\"Also Rossi-Teatre del mondo a Ceuta por Roger Bad\u00eda\" width=\"2447\" height=\"1411\" srcset=\"https:\/\/a-desk.org\/wp-content\/uploads\/2026\/09\/Also-Rossi-.teatre-del-mondo-1.jpg 2447w, https:\/\/a-desk.org\/wp-content\/uploads\/2026\/09\/Also-Rossi-.teatre-del-mondo-1-595x343.jpg 595w, https:\/\/a-desk.org\/wp-content\/uploads\/2026\/09\/Also-Rossi-.teatre-del-mondo-1-768x443.jpg 768w, https:\/\/a-desk.org\/wp-content\/uploads\/2026\/09\/Also-Rossi-.teatre-del-mondo-1-1536x886.jpg 1536w, https:\/\/a-desk.org\/wp-content\/uploads\/2026\/09\/Also-Rossi-.teatre-del-mondo-1-2048x1181.jpg 2048w\" sizes=\"(max-width: 2447px) 100vw, 2447px\" \/><p id=\"caption-attachment-78579\" class=\"wp-caption-text\">Roger Badia Rafart, <em>Teatre a peu d&#8217;una frontera<\/em>, 2026<\/p><\/div>\n<p style=\"font-weight: 400;\">Les dues arquitectures revisades compartien la utilitzaci\u00f3 d&#8217;una forma de lliure interpretaci\u00f3. Els seus espais no estaven pensats per imposar all\u00f2 que eren, sin\u00f3 oferir un escenari de vida, on el gui\u00f3 de cada dia podia requerir nous int\u00e8rprets i muntatges. Contenien nom\u00e9s algun element que permetia suggerir que no eren espais per realitzar accions individuals sin\u00f3 indrets on perseguir objectius compartits, ja fos la preservaci\u00f3 de la mem\u00f2ria o el desenvolupament de l&#8217;aven\u00e7 cultural.<\/p>\n<p style=\"font-weight: 400;\">En el cas del <a href=\"https:\/\/www.archdaily.com\/es\/02-71078\/clasicos-de-la-arquitectura-cementerio-de-san-cataldo-aldo-rosi\" target=\"_blank\" rel=\"noopener\">cementiri<\/a>, es feia pal\u00e8s que una forma incompleta pot ser apropiada per diferents usuaris i assumir canvis morfol\u00f2gics amb facilitat. Per aquest motiu, les estructures d&#8217;aquest tipus eren m\u00e9s perdurables en el temps i visibilitzaven la diversitat de persones que conviuen en una comunitat.<\/p>\n<p style=\"font-weight: 400;\">Pel que fa al teatre, quedava clar que una pres\u00e8ncia sobrevinguda creava un debat sobre el paisatge conegut. Capa\u00e7 de canviar la percepci\u00f3 de l&#8217;entorn, es filtrava l&#8217;experi\u00e8ncia del passejant amb el contingut i posici\u00f3 de la incisi\u00f3. Es revelaven nous funcionaments que podien millorar la qualitat d&#8217;un espai p\u00fablic, dels seus l\u00edmits, o incl\u00fas canviar el seu significat.<\/p>\n<p style=\"font-weight: 400;\">Avui que la intervenci\u00f3 ef\u00edmera sembla que tan sols sigui un reclam per a festivals interessants en el turisme fora de temporada o un esquer d&#8217;atenci\u00f3 per a fires i congressos, potser ens estem perdent l&#8217;oportunitat d&#8217;una eina de pensament. Aquest tipus d&#8217;arquitectura podria servir com a laboratori de civilitat, una validaci\u00f3 pr\u00e8via a un canvi urban\u00edstic o una estrat\u00e8gia de detecci\u00f3 de punts febles en l&#8217;espai p\u00fablic. Si la funci\u00f3 de l&#8217;est\u00e8tica \u00e9s permetre el fet de tenir una relaci\u00f3 amb all\u00f2 que representa, la dimensi\u00f3 performativa de l&#8217;arquitectura serveix per entrar en contacte amb les possibilitats de futur que un lloc cont\u00e9, a fi d&#8217;observar interaccions i accelerar processos de transformaci\u00f3.<\/p>\n","protected":false},"excerpt":{"rendered":"<p>L&#8217;assaig escenogr\u00e0fic previ a una construcci\u00f3 definitiva \u00e9s una pr\u00e0ctica habitual en aquells arquitectes que s&#8217;han interessat per l&#8217;escena. \u00c9s una disciplina on fer versions d&#8217;una mateixa idea, un prototipatge&#8230;<\/p>\n","protected":false},"author":3001,"featured_media":78579,"comment_status":"closed","ping_status":"closed","sticky":false,"template":"","format":"standard","meta":{"_relevanssi_hide_post":"","_relevanssi_hide_content":"","_relevanssi_pin_for_all":"","_relevanssi_pin_keywords":"","_relevanssi_unpin_keywords":"","_relevanssi_related_keywords":"","_relevanssi_related_include_ids":"","_relevanssi_related_exclude_ids":"","_relevanssi_related_no_append":"","_relevanssi_related_not_related":"","_relevanssi_related_posts":"","_relevanssi_noindex_reason":"","footnotes":""},"categories":[9367],"tags":[8551,6072,9368,9369,9115],"coauthors":[9366],"acf":[],"yoast_head":"<!-- This site is optimized with the Yoast SEO plugin v22.6 - https:\/\/yoast.com\/wordpress\/plugins\/seo\/ -->\n<title>A partir de Aldo Rossi. L&#039;empremta abans que la petjada, R. Badia<\/title>\n<meta name=\"description\" content=\"A partir de Aldo Rossi. L&#039;empremta abans que la petjada per Roger Badia Rafart. Tema set: BOCA-ESCENA: ESCENOGRAFIA, PERFORMATIVITAT I MEM\u00d2RIA\" \/>\n<meta name=\"robots\" content=\"index, follow, max-snippet:-1, max-image-preview:large, max-video-preview:-1\" \/>\n<link rel=\"canonical\" href=\"https:\/\/a-desk.org\/ca\/magazine\/lempremta-abans-que-la-petjada\/\" \/>\n<meta property=\"og:locale\" content=\"ca_ES\" \/>\n<meta property=\"og:type\" content=\"article\" \/>\n<meta property=\"og:title\" content=\"A partir de Aldo Rossi. L&#039;empremta abans que la petjada, R. Badia\" \/>\n<meta property=\"og:description\" content=\"A partir de Aldo Rossi. L&#039;empremta abans que la petjada per Roger Badia Rafart. Tema set: BOCA-ESCENA: ESCENOGRAFIA, PERFORMATIVITAT I MEM\u00d2RIA\" \/>\n<meta property=\"og:url\" content=\"https:\/\/a-desk.org\/ca\/magazine\/lempremta-abans-que-la-petjada\/\" \/>\n<meta property=\"og:site_name\" content=\"A*Desk\" \/>\n<meta property=\"article:published_time\" content=\"2026-09-01T05:16:09+00:00\" \/>\n<meta property=\"article:modified_time\" content=\"2026-09-01T10:15:35+00:00\" \/>\n<meta property=\"og:image\" content=\"http:\/\/a-desk.org\/wp-content\/uploads\/2026\/09\/Also-Rossi-.teatre-del-mondo-1.jpg\" \/>\n\t<meta property=\"og:image:width\" content=\"2447\" \/>\n\t<meta property=\"og:image:height\" content=\"1411\" \/>\n\t<meta property=\"og:image:type\" content=\"image\/jpeg\" \/>\n<meta name=\"author\" content=\"Roger Badia Rafart\" \/>\n<meta name=\"twitter:card\" content=\"summary_large_image\" \/>\n<meta name=\"twitter:label1\" content=\"Escrit per\" \/>\n\t<meta name=\"twitter:data1\" content=\"Roger Badia Rafart\" \/>\n\t<meta name=\"twitter:label2\" content=\"Temps estimat de lectura\" \/>\n\t<meta name=\"twitter:data2\" content=\"7 minuts\" \/>\n\t<meta name=\"twitter:label3\" content=\"Written by\" \/>\n\t<meta name=\"twitter:data3\" content=\"Roger Badia Rafart\" \/>\n<script type=\"application\/ld+json\" class=\"yoast-schema-graph\">{\"@context\":\"https:\/\/schema.org\",\"@graph\":[{\"@type\":\"WebPage\",\"@id\":\"https:\/\/a-desk.org\/ca\/magazine\/lempremta-abans-que-la-petjada\/\",\"url\":\"https:\/\/a-desk.org\/ca\/magazine\/lempremta-abans-que-la-petjada\/\",\"name\":\"A partir de Aldo Rossi. L'empremta abans que la petjada, R. Badia\",\"isPartOf\":{\"@id\":\"https:\/\/a-desk.org\/#website\"},\"primaryImageOfPage\":{\"@id\":\"https:\/\/a-desk.org\/ca\/magazine\/lempremta-abans-que-la-petjada\/#primaryimage\"},\"image\":{\"@id\":\"https:\/\/a-desk.org\/ca\/magazine\/lempremta-abans-que-la-petjada\/#primaryimage\"},\"thumbnailUrl\":\"https:\/\/a-desk.org\/wp-content\/uploads\/2026\/09\/Also-Rossi-.teatre-del-mondo-1.jpg\",\"datePublished\":\"2026-09-01T05:16:09+00:00\",\"dateModified\":\"2026-09-01T10:15:35+00:00\",\"author\":{\"@id\":\"https:\/\/a-desk.org\/#\/schema\/person\/04aaf62abef18be9bb15fc2a8a8dc9de\"},\"description\":\"A partir de Aldo Rossi. L'empremta abans que la petjada per Roger Badia Rafart. Tema set: BOCA-ESCENA: ESCENOGRAFIA, PERFORMATIVITAT I MEM\u00d2RIA\",\"breadcrumb\":{\"@id\":\"https:\/\/a-desk.org\/ca\/magazine\/lempremta-abans-que-la-petjada\/#breadcrumb\"},\"inLanguage\":\"ca\",\"potentialAction\":[{\"@type\":\"ReadAction\",\"target\":[\"https:\/\/a-desk.org\/ca\/magazine\/lempremta-abans-que-la-petjada\/\"]}]},{\"@type\":\"ImageObject\",\"inLanguage\":\"ca\",\"@id\":\"https:\/\/a-desk.org\/ca\/magazine\/lempremta-abans-que-la-petjada\/#primaryimage\",\"url\":\"https:\/\/a-desk.org\/wp-content\/uploads\/2026\/09\/Also-Rossi-.teatre-del-mondo-1.jpg\",\"contentUrl\":\"https:\/\/a-desk.org\/wp-content\/uploads\/2026\/09\/Also-Rossi-.teatre-del-mondo-1.jpg\",\"width\":2447,\"height\":1411,\"caption\":\"Also Rossi-Teatre del Mondo a Ceuta por Roger Bad\u00eda\"},{\"@type\":\"BreadcrumbList\",\"@id\":\"https:\/\/a-desk.org\/ca\/magazine\/lempremta-abans-que-la-petjada\/#breadcrumb\",\"itemListElement\":[{\"@type\":\"ListItem\",\"position\":1,\"name\":\"Portada\",\"item\":\"https:\/\/a-desk.org\/ca\/\"},{\"@type\":\"ListItem\",\"position\":2,\"name\":\"L&#8217;empremta abans que la petjada\"}]},{\"@type\":\"WebSite\",\"@id\":\"https:\/\/a-desk.org\/#website\",\"url\":\"https:\/\/a-desk.org\/\",\"name\":\"A*Desk\",\"description\":\"A*Desk Critical Thinking\",\"potentialAction\":[{\"@type\":\"SearchAction\",\"target\":{\"@type\":\"EntryPoint\",\"urlTemplate\":\"https:\/\/a-desk.org\/?s={search_term_string}\"},\"query-input\":\"required name=search_term_string\"}],\"inLanguage\":\"ca\"},{\"@type\":\"Person\",\"@id\":\"https:\/\/a-desk.org\/#\/schema\/person\/04aaf62abef18be9bb15fc2a8a8dc9de\",\"name\":\"Roger Badia Rafart\",\"image\":{\"@type\":\"ImageObject\",\"inLanguage\":\"ca\",\"@id\":\"https:\/\/a-desk.org\/#\/schema\/person\/image\/bbdf79bd3ee50945fa6f4c3a7d9a60a8\",\"url\":\"https:\/\/secure.gravatar.com\/avatar\/94b20ee18166577b012cfdab4225dd1b?s=96&d=mm&r=g\",\"contentUrl\":\"https:\/\/secure.gravatar.com\/avatar\/94b20ee18166577b012cfdab4225dd1b?s=96&d=mm&r=g\",\"caption\":\"Roger Badia Rafart\"},\"url\":\"https:\/\/a-desk.org\/ca\/autor\/rogerbadiarafart\/\"}]}<\/script>\n<!-- \/ Yoast SEO plugin. -->","yoast_head_json":{"title":"A partir de Aldo Rossi. L'empremta abans que la petjada, R. Badia","description":"A partir de Aldo Rossi. L'empremta abans que la petjada per Roger Badia Rafart. Tema set: BOCA-ESCENA: ESCENOGRAFIA, PERFORMATIVITAT I MEM\u00d2RIA","robots":{"index":"index","follow":"follow","max-snippet":"max-snippet:-1","max-image-preview":"max-image-preview:large","max-video-preview":"max-video-preview:-1"},"canonical":"https:\/\/a-desk.org\/ca\/magazine\/lempremta-abans-que-la-petjada\/","og_locale":"ca_ES","og_type":"article","og_title":"A partir de Aldo Rossi. L'empremta abans que la petjada, R. Badia","og_description":"A partir de Aldo Rossi. L'empremta abans que la petjada per Roger Badia Rafart. Tema set: BOCA-ESCENA: ESCENOGRAFIA, PERFORMATIVITAT I MEM\u00d2RIA","og_url":"https:\/\/a-desk.org\/ca\/magazine\/lempremta-abans-que-la-petjada\/","og_site_name":"A*Desk","article_published_time":"2026-09-01T05:16:09+00:00","article_modified_time":"2026-09-01T10:15:35+00:00","og_image":[{"width":2447,"height":1411,"url":"http:\/\/a-desk.org\/wp-content\/uploads\/2026\/09\/Also-Rossi-.teatre-del-mondo-1.jpg","type":"image\/jpeg"}],"author":"Roger Badia Rafart","twitter_card":"summary_large_image","twitter_misc":{"Escrit per":"Roger Badia Rafart","Temps estimat de lectura":"7 minuts","Written by":"Roger Badia Rafart"},"schema":{"@context":"https:\/\/schema.org","@graph":[{"@type":"WebPage","@id":"https:\/\/a-desk.org\/ca\/magazine\/lempremta-abans-que-la-petjada\/","url":"https:\/\/a-desk.org\/ca\/magazine\/lempremta-abans-que-la-petjada\/","name":"A partir de Aldo Rossi. L'empremta abans que la petjada, R. Badia","isPartOf":{"@id":"https:\/\/a-desk.org\/#website"},"primaryImageOfPage":{"@id":"https:\/\/a-desk.org\/ca\/magazine\/lempremta-abans-que-la-petjada\/#primaryimage"},"image":{"@id":"https:\/\/a-desk.org\/ca\/magazine\/lempremta-abans-que-la-petjada\/#primaryimage"},"thumbnailUrl":"https:\/\/a-desk.org\/wp-content\/uploads\/2026\/09\/Also-Rossi-.teatre-del-mondo-1.jpg","datePublished":"2026-09-01T05:16:09+00:00","dateModified":"2026-09-01T10:15:35+00:00","author":{"@id":"https:\/\/a-desk.org\/#\/schema\/person\/04aaf62abef18be9bb15fc2a8a8dc9de"},"description":"A partir de Aldo Rossi. L'empremta abans que la petjada per Roger Badia Rafart. Tema set: BOCA-ESCENA: ESCENOGRAFIA, PERFORMATIVITAT I MEM\u00d2RIA","breadcrumb":{"@id":"https:\/\/a-desk.org\/ca\/magazine\/lempremta-abans-que-la-petjada\/#breadcrumb"},"inLanguage":"ca","potentialAction":[{"@type":"ReadAction","target":["https:\/\/a-desk.org\/ca\/magazine\/lempremta-abans-que-la-petjada\/"]}]},{"@type":"ImageObject","inLanguage":"ca","@id":"https:\/\/a-desk.org\/ca\/magazine\/lempremta-abans-que-la-petjada\/#primaryimage","url":"https:\/\/a-desk.org\/wp-content\/uploads\/2026\/09\/Also-Rossi-.teatre-del-mondo-1.jpg","contentUrl":"https:\/\/a-desk.org\/wp-content\/uploads\/2026\/09\/Also-Rossi-.teatre-del-mondo-1.jpg","width":2447,"height":1411,"caption":"Also Rossi-Teatre del Mondo a Ceuta por Roger Bad\u00eda"},{"@type":"BreadcrumbList","@id":"https:\/\/a-desk.org\/ca\/magazine\/lempremta-abans-que-la-petjada\/#breadcrumb","itemListElement":[{"@type":"ListItem","position":1,"name":"Portada","item":"https:\/\/a-desk.org\/ca\/"},{"@type":"ListItem","position":2,"name":"L&#8217;empremta abans que la petjada"}]},{"@type":"WebSite","@id":"https:\/\/a-desk.org\/#website","url":"https:\/\/a-desk.org\/","name":"A*Desk","description":"A*Desk Critical Thinking","potentialAction":[{"@type":"SearchAction","target":{"@type":"EntryPoint","urlTemplate":"https:\/\/a-desk.org\/?s={search_term_string}"},"query-input":"required name=search_term_string"}],"inLanguage":"ca"},{"@type":"Person","@id":"https:\/\/a-desk.org\/#\/schema\/person\/04aaf62abef18be9bb15fc2a8a8dc9de","name":"Roger Badia Rafart","image":{"@type":"ImageObject","inLanguage":"ca","@id":"https:\/\/a-desk.org\/#\/schema\/person\/image\/bbdf79bd3ee50945fa6f4c3a7d9a60a8","url":"https:\/\/secure.gravatar.com\/avatar\/94b20ee18166577b012cfdab4225dd1b?s=96&d=mm&r=g","contentUrl":"https:\/\/secure.gravatar.com\/avatar\/94b20ee18166577b012cfdab4225dd1b?s=96&d=mm&r=g","caption":"Roger Badia Rafart"},"url":"https:\/\/a-desk.org\/ca\/autor\/rogerbadiarafart\/"}]}},"_links":{"self":[{"href":"https:\/\/a-desk.org\/ca\/wp-json\/wp\/v2\/posts\/78536"}],"collection":[{"href":"https:\/\/a-desk.org\/ca\/wp-json\/wp\/v2\/posts"}],"about":[{"href":"https:\/\/a-desk.org\/ca\/wp-json\/wp\/v2\/types\/post"}],"author":[{"embeddable":true,"href":"https:\/\/a-desk.org\/ca\/wp-json\/wp\/v2\/users\/3001"}],"replies":[{"embeddable":true,"href":"https:\/\/a-desk.org\/ca\/wp-json\/wp\/v2\/comments?post=78536"}],"version-history":[{"count":16,"href":"https:\/\/a-desk.org\/ca\/wp-json\/wp\/v2\/posts\/78536\/revisions"}],"predecessor-version":[{"id":78596,"href":"https:\/\/a-desk.org\/ca\/wp-json\/wp\/v2\/posts\/78536\/revisions\/78596"}],"wp:featuredmedia":[{"embeddable":true,"href":"https:\/\/a-desk.org\/ca\/wp-json\/wp\/v2\/media\/78579"}],"wp:attachment":[{"href":"https:\/\/a-desk.org\/ca\/wp-json\/wp\/v2\/media?parent=78536"}],"wp:term":[{"taxonomy":"category","embeddable":true,"href":"https:\/\/a-desk.org\/ca\/wp-json\/wp\/v2\/categories?post=78536"},{"taxonomy":"post_tag","embeddable":true,"href":"https:\/\/a-desk.org\/ca\/wp-json\/wp\/v2\/tags?post=78536"},{"taxonomy":"author","embeddable":true,"href":"https:\/\/a-desk.org\/ca\/wp-json\/wp\/v2\/coauthors?post=78536"}],"curies":[{"name":"wp","href":"https:\/\/api.w.org\/{rel}","templated":true}]}}