{"id":8272,"date":"2013-10-15T02:00:00","date_gmt":"2013-10-15T02:00:00","guid":{"rendered":"http:\/\/a-desk.org\/2013\/10\/15\/lectures-i-reescriptures-de-la\/"},"modified":"2013-10-15T02:00:00","modified_gmt":"2013-10-15T02:00:00","slug":"lectures-i-reescriptures-de-la","status":"publish","type":"post","link":"https:\/\/a-desk.org\/ca\/magazine\/lectures-i-reescriptures-de-la\/","title":{"rendered":"Lectures i reescriptures de la hist\u00f2ria d&#8217;una ciutat. O fer-li una cara nova a Istanbul"},"content":{"rendered":"<p>A principis del s.XX, Istanbul comptava amb mig mili\u00f3 d\u2019habitants, avui en dia en s\u00f3n m\u00e9s de 13 milions. Els grans moviments de poblaci\u00f3 van de la m\u00e0 de pol\u00edtiques urban\u00edstiques amb objectius molt concrets: situar Istanbul en el mapa de megal\u00f2polis mundials. Com diu J. F. P\u00e9rouse, l&#8217;objectiu de les pol\u00edtiques urbanes actuals \u00e9s el de reescriure la hist\u00f2ria, d&#8217;afegir a la ja complexa ciutat, una nova capa de significat. La ciutat t\u00e9 molts centres, centres on es reuneix la gent, on es va de compres, on hi ha restaurants, mesquites, i places. Tamb\u00e9 t\u00e9 moltes perif\u00e8ries. Els centres i les perif\u00e8ries se solapen en el temps i en l&#8217;espai. La zona de l\u2019antiga extramurs ha esdevingut un centre de negocis. Podr\u00edem dir que el mateix passa en el &#8216;m\u00f3n de l&#8217;art&#8217;: avantguarda i tradici\u00f3 es trepitgen els talons i s&#8217;intercanvien els papers. El que abans era nou ara \u00e9s vell, el que havia sigut vell, ara \u00e9s <em>trendy<\/em>.<\/p>\n<p><a href=\"http:\/\/imc5533.blogspot.com.es\">5533<\/a> \u00e9s un espai sense \u00e0nim de lucre gestionat per artistes, situat a l&#8217;extrem sud del pont d&#8217;Atat\u00fcrk. Ocupa el local n\u00famero 5533 en un gran edifici que concentra centenars de comerciants de catifes i material t\u00e8xtil. \u00c9s el cinqu\u00e8 espai de la Biennal, i podr\u00edem dir-ne, -si ens agrad\u00e9s la paraula-, la perif\u00e8ria de la biennal. Acull la proposta de l&#8217;artista i arquitecte liban\u00e8s Maxime Hourani que parla de l\u00edmits, de centres, dels &#8216;entres&#8217;.<\/p>\n<p> <a href=\"http:\/\/imc5533.blogspot.com.es\/2013\/09\/please-scroll-down-for-english-sarklar.html\">&#8220;Book of Songs and Places&#8221;<\/a> \u00e9s un cant de protesta, o si m\u00e9s no de den\u00fancia. Hourani proposa en tres workshops, diferents t\u00e8cniques d&#8217;an\u00e0lisi del territori. Escull tres zones lim\u00edtrofs d\u2019all\u00f2 rural\/urb\u00e0, i del que entenem per centre\/perif\u00e8ria, i s\u2019hi despla\u00e7a amb els participants dels tallers: el circuit de F\u00f3rmula 1 (intent fallit de construcci\u00f3 d&#8217;un centre), el <a href=\"http:\/\/en.rian.ru\/infographics\/20110430\/163775677.html\">canal en construcci\u00f3<\/a> paral\u00b7lel al B\u00f2sfor, i l&#8217;encreuament d&#8217;una antiga l\u00ednia de defensa militar amb l&#8217;autopista. Aquestes s\u00f3n nom\u00e9s algunes de les infraestructures que com explica de nou P\u00e9rouse s\u00f3n destinades a construir (o refor\u00e7ar) la centralitat mundial d\u2019Istanbul. Altres projectes s\u00f3n un t\u00fanel ferroviari sota el B\u00f2sfor -pel 2013- i un t\u00fanel carretera -pel 2015-; el <a href=\"http:\/\/www.hurriyetdailynews.com\/third-bosphorus-bridge-to-be-called-yavuz-sultan-selim.aspx?pageID=238&#038;nID=47801&#038;NewsCatID=345\">tercer pont<\/a> amb els ciments recent inaugurats, i el tercer aeroport internacional -prom\u00e8s per a 2019\u201d-. <\/p>\n<p><img decoding=\"async\" class=\" alignleft size-full wp-image-8241\" src=\"http:\/\/a-desk.org\/wp-content\/uploads\/2013\/10\/iamthedog.jpg\" alt=\"iamthedog.jpg\" align=\"left\" width=\"670\" height=\"372\" srcset=\"https:\/\/a-desk.org\/wp-content\/uploads\/2013\/10\/iamthedog.jpg 670w, https:\/\/a-desk.org\/wp-content\/uploads\/2013\/10\/iamthedog-595x330.jpg 595w\" sizes=\"(max-width: 670px) 100vw, 670px\" \/><\/p>\n<p>La Biennal n\u00famero 13 volia parlar dels conflictes de l&#8217;espai p\u00fablic i urb\u00e0. El projecte de Hourani \u00e9s l&#8217;\u00fanic que es despla\u00e7a a aquests llocs convidant-nos a participar, tot i aix\u00ed l&#8217;organitzaci\u00f3 de la biennal va relegar el projecte a un espai allunyat, donant-li esc\u00e0s suport. Per\u00f2 Hourani no \u00e9s l&#8217;\u00fanic que es preocupa d&#8217;aquesta q\u00fcesti\u00f3. Els gossos del v\u00eddeo d&#8217;Annika Eriksson, <em>I am the dog that was always there (loop)<\/em>, que un dia van ser foragitats del centre de la ciutat, tamb\u00e9 s\u00f3n part i s\u00edmptoma de tota aquesta especulaci\u00f3. Serkan Taycan amb <em>Between Two Seas<\/em> ha caminat una ruta de quatre dies des del Mar Negre fins el M\u00e0rmara, dibuixant una l\u00ednia m\u00e9s en aquest mapa. Les fotografies r\u00e0ndom fetes a cada kil\u00f2metre il\u00b7lustren l&#8217;estat de la q\u00fcesti\u00f3. <a href=\"http:\/\/sulukulegunlugu.blogspot.com.es\">Sulukule Platformu<\/a> \u00e9s una associaci\u00f3 que organitza activitats en defensa dels drets de la poblaci\u00f3 Rom m\u00e9s antiga d&#8217;Europa, des de que l&#8217;any 2007 es va comen\u00e7ar a destruir el seu barri d\u2019auto-construcci\u00f3 per edificar en el seu lloc un complex de cases de luxe. Halil Altindere ha produ\u00eft un v\u00eddeo clip amb una banda de rap del mateix barri, que denuncia l&#8217;agressi\u00f3 de la constructora governamental TOKI. La m\u00fasica del <a href=\"http:\/\/www.youtube.com\/watch?v=GnI-QRxMRXA\">videoclip<\/a> ressona a tot volum a la seu d&#8217;Antrepo; mentre nosaltres mirem les obres, els cantants apallissen i insulten a la policia en una llengua que no entenem. <\/p>\n","protected":false},"excerpt":{"rendered":"<p>A principis del s.XX, Istanbul comptava amb mig mili\u00f3 d\u2019habitants, avui en dia en s\u00f3n m\u00e9s de 13 milions. Els grans moviments de poblaci\u00f3 van de la m\u00e0 de pol\u00edtiques&#8230;<\/p>\n","protected":false},"author":1271,"featured_media":8241,"comment_status":"open","ping_status":"open","sticky":false,"template":"","format":"standard","meta":{"_relevanssi_hide_post":"","_relevanssi_hide_content":"","_relevanssi_pin_for_all":"","_relevanssi_pin_keywords":"","_relevanssi_unpin_keywords":"","_relevanssi_related_keywords":"","_relevanssi_related_include_ids":"","_relevanssi_related_exclude_ids":"","_relevanssi_related_no_append":"","_relevanssi_related_not_related":"","_relevanssi_related_posts":"","_relevanssi_noindex_reason":"","footnotes":""},"categories":[6782],"tags":[],"coauthors":[],"acf":[],"yoast_head":"<!-- This site is optimized with the Yoast SEO plugin v22.6 - https:\/\/yoast.com\/wordpress\/plugins\/seo\/ -->\n<title>Lectures i reescriptures de la hist\u00f2ria d&#039;una ciutat. O fer-li una cara nova a Istanbul &#8211; A*Desk<\/title>\n<meta name=\"robots\" content=\"index, follow, max-snippet:-1, max-image-preview:large, max-video-preview:-1\" \/>\n<link rel=\"canonical\" href=\"https:\/\/a-desk.org\/ca\/magazine\/lectures-i-reescriptures-de-la\/\" \/>\n<meta property=\"og:locale\" content=\"ca_ES\" \/>\n<meta property=\"og:type\" content=\"article\" \/>\n<meta property=\"og:title\" content=\"Lectures i reescriptures de la hist\u00f2ria d&#039;una ciutat. O fer-li una cara nova a Istanbul &#8211; A*Desk\" \/>\n<meta property=\"og:description\" content=\"A principis del s.XX, Istanbul comptava amb mig mili\u00f3 d\u2019habitants, avui en dia en s\u00f3n m\u00e9s de 13 milions. Els grans moviments de poblaci\u00f3 van de la m\u00e0 de pol\u00edtiques...\" \/>\n<meta property=\"og:url\" content=\"https:\/\/a-desk.org\/ca\/magazine\/lectures-i-reescriptures-de-la\/\" \/>\n<meta property=\"og:site_name\" content=\"A*Desk\" \/>\n<meta property=\"article:published_time\" content=\"2013-10-15T02:00:00+00:00\" \/>\n<meta property=\"og:image\" content=\"https:\/\/a-desk.org\/wp-content\/uploads\/2013\/10\/iamthedog.jpg\" \/>\n\t<meta property=\"og:image:width\" content=\"670\" \/>\n\t<meta property=\"og:image:height\" content=\"372\" \/>\n\t<meta property=\"og:image:type\" content=\"image\/jpeg\" \/>\n<meta name=\"author\" content=\"Caterina Almirall\" \/>\n<meta name=\"twitter:card\" content=\"summary_large_image\" \/>\n<meta name=\"twitter:label1\" content=\"Escrit per\" \/>\n\t<meta name=\"twitter:data1\" content=\"Caterina Almirall\" \/>\n\t<meta name=\"twitter:label2\" content=\"Temps estimat de lectura\" \/>\n\t<meta name=\"twitter:data2\" content=\"3 minuts\" \/>\n\t<meta name=\"twitter:label3\" content=\"Written by\" \/>\n\t<meta name=\"twitter:data3\" content=\"Caterina Almirall\" \/>\n<script type=\"application\/ld+json\" class=\"yoast-schema-graph\">{\"@context\":\"https:\/\/schema.org\",\"@graph\":[{\"@type\":\"WebPage\",\"@id\":\"https:\/\/a-desk.org\/ca\/magazine\/lectures-i-reescriptures-de-la\/\",\"url\":\"https:\/\/a-desk.org\/ca\/magazine\/lectures-i-reescriptures-de-la\/\",\"name\":\"Lectures i reescriptures de la hist\u00f2ria d'una ciutat. O fer-li una cara nova a Istanbul &#8211; A*Desk\",\"isPartOf\":{\"@id\":\"https:\/\/a-desk.org\/#website\"},\"primaryImageOfPage\":{\"@id\":\"https:\/\/a-desk.org\/ca\/magazine\/lectures-i-reescriptures-de-la\/#primaryimage\"},\"image\":{\"@id\":\"https:\/\/a-desk.org\/ca\/magazine\/lectures-i-reescriptures-de-la\/#primaryimage\"},\"thumbnailUrl\":\"https:\/\/a-desk.org\/wp-content\/uploads\/2013\/10\/iamthedog.jpg\",\"datePublished\":\"2013-10-15T02:00:00+00:00\",\"dateModified\":\"2013-10-15T02:00:00+00:00\",\"author\":{\"@id\":\"https:\/\/a-desk.org\/#\/schema\/person\/4135c4c7e70bf66a79df5aa986b36b15\"},\"breadcrumb\":{\"@id\":\"https:\/\/a-desk.org\/ca\/magazine\/lectures-i-reescriptures-de-la\/#breadcrumb\"},\"inLanguage\":\"ca\",\"potentialAction\":[{\"@type\":\"ReadAction\",\"target\":[\"https:\/\/a-desk.org\/ca\/magazine\/lectures-i-reescriptures-de-la\/\"]}]},{\"@type\":\"ImageObject\",\"inLanguage\":\"ca\",\"@id\":\"https:\/\/a-desk.org\/ca\/magazine\/lectures-i-reescriptures-de-la\/#primaryimage\",\"url\":\"https:\/\/a-desk.org\/wp-content\/uploads\/2013\/10\/iamthedog.jpg\",\"contentUrl\":\"https:\/\/a-desk.org\/wp-content\/uploads\/2013\/10\/iamthedog.jpg\",\"width\":670,\"height\":372,\"caption\":\"iamthedog.jpg\"},{\"@type\":\"BreadcrumbList\",\"@id\":\"https:\/\/a-desk.org\/ca\/magazine\/lectures-i-reescriptures-de-la\/#breadcrumb\",\"itemListElement\":[{\"@type\":\"ListItem\",\"position\":1,\"name\":\"Portada\",\"item\":\"https:\/\/a-desk.org\/ca\/\"},{\"@type\":\"ListItem\",\"position\":2,\"name\":\"Lectures i reescriptures de la hist\u00f2ria d&#8217;una ciutat. O fer-li una cara nova a Istanbul\"}]},{\"@type\":\"WebSite\",\"@id\":\"https:\/\/a-desk.org\/#website\",\"url\":\"https:\/\/a-desk.org\/\",\"name\":\"A*Desk\",\"description\":\"A*Desk Critical Thinking\",\"potentialAction\":[{\"@type\":\"SearchAction\",\"target\":{\"@type\":\"EntryPoint\",\"urlTemplate\":\"https:\/\/a-desk.org\/?s={search_term_string}\"},\"query-input\":\"required name=search_term_string\"}],\"inLanguage\":\"ca\"},{\"@type\":\"Person\",\"@id\":\"https:\/\/a-desk.org\/#\/schema\/person\/4135c4c7e70bf66a79df5aa986b36b15\",\"name\":\"Caterina Almirall\",\"image\":{\"@type\":\"ImageObject\",\"inLanguage\":\"ca\",\"@id\":\"https:\/\/a-desk.org\/#\/schema\/person\/image\/8c41041929a08d74a03e69e500e0cbba\",\"url\":\"https:\/\/secure.gravatar.com\/avatar\/0cde8e28605e2eafdac43fb89c80b00e?s=96&d=mm&r=g\",\"contentUrl\":\"https:\/\/secure.gravatar.com\/avatar\/0cde8e28605e2eafdac43fb89c80b00e?s=96&d=mm&r=g\",\"caption\":\"Caterina Almirall\"},\"url\":\"https:\/\/a-desk.org\/ca\/autor\/almirall\/\"}]}<\/script>\n<!-- \/ Yoast SEO plugin. -->","yoast_head_json":{"title":"Lectures i reescriptures de la hist\u00f2ria d'una ciutat. O fer-li una cara nova a Istanbul &#8211; A*Desk","robots":{"index":"index","follow":"follow","max-snippet":"max-snippet:-1","max-image-preview":"max-image-preview:large","max-video-preview":"max-video-preview:-1"},"canonical":"https:\/\/a-desk.org\/ca\/magazine\/lectures-i-reescriptures-de-la\/","og_locale":"ca_ES","og_type":"article","og_title":"Lectures i reescriptures de la hist\u00f2ria d'una ciutat. O fer-li una cara nova a Istanbul &#8211; A*Desk","og_description":"A principis del s.XX, Istanbul comptava amb mig mili\u00f3 d\u2019habitants, avui en dia en s\u00f3n m\u00e9s de 13 milions. Els grans moviments de poblaci\u00f3 van de la m\u00e0 de pol\u00edtiques...","og_url":"https:\/\/a-desk.org\/ca\/magazine\/lectures-i-reescriptures-de-la\/","og_site_name":"A*Desk","article_published_time":"2013-10-15T02:00:00+00:00","og_image":[{"width":670,"height":372,"url":"https:\/\/a-desk.org\/wp-content\/uploads\/2013\/10\/iamthedog.jpg","type":"image\/jpeg"}],"author":"Caterina Almirall","twitter_card":"summary_large_image","twitter_misc":{"Escrit per":"Caterina Almirall","Temps estimat de lectura":"3 minuts","Written by":"Caterina Almirall"},"schema":{"@context":"https:\/\/schema.org","@graph":[{"@type":"WebPage","@id":"https:\/\/a-desk.org\/ca\/magazine\/lectures-i-reescriptures-de-la\/","url":"https:\/\/a-desk.org\/ca\/magazine\/lectures-i-reescriptures-de-la\/","name":"Lectures i reescriptures de la hist\u00f2ria d'una ciutat. O fer-li una cara nova a Istanbul &#8211; A*Desk","isPartOf":{"@id":"https:\/\/a-desk.org\/#website"},"primaryImageOfPage":{"@id":"https:\/\/a-desk.org\/ca\/magazine\/lectures-i-reescriptures-de-la\/#primaryimage"},"image":{"@id":"https:\/\/a-desk.org\/ca\/magazine\/lectures-i-reescriptures-de-la\/#primaryimage"},"thumbnailUrl":"https:\/\/a-desk.org\/wp-content\/uploads\/2013\/10\/iamthedog.jpg","datePublished":"2013-10-15T02:00:00+00:00","dateModified":"2013-10-15T02:00:00+00:00","author":{"@id":"https:\/\/a-desk.org\/#\/schema\/person\/4135c4c7e70bf66a79df5aa986b36b15"},"breadcrumb":{"@id":"https:\/\/a-desk.org\/ca\/magazine\/lectures-i-reescriptures-de-la\/#breadcrumb"},"inLanguage":"ca","potentialAction":[{"@type":"ReadAction","target":["https:\/\/a-desk.org\/ca\/magazine\/lectures-i-reescriptures-de-la\/"]}]},{"@type":"ImageObject","inLanguage":"ca","@id":"https:\/\/a-desk.org\/ca\/magazine\/lectures-i-reescriptures-de-la\/#primaryimage","url":"https:\/\/a-desk.org\/wp-content\/uploads\/2013\/10\/iamthedog.jpg","contentUrl":"https:\/\/a-desk.org\/wp-content\/uploads\/2013\/10\/iamthedog.jpg","width":670,"height":372,"caption":"iamthedog.jpg"},{"@type":"BreadcrumbList","@id":"https:\/\/a-desk.org\/ca\/magazine\/lectures-i-reescriptures-de-la\/#breadcrumb","itemListElement":[{"@type":"ListItem","position":1,"name":"Portada","item":"https:\/\/a-desk.org\/ca\/"},{"@type":"ListItem","position":2,"name":"Lectures i reescriptures de la hist\u00f2ria d&#8217;una ciutat. O fer-li una cara nova a Istanbul"}]},{"@type":"WebSite","@id":"https:\/\/a-desk.org\/#website","url":"https:\/\/a-desk.org\/","name":"A*Desk","description":"A*Desk Critical Thinking","potentialAction":[{"@type":"SearchAction","target":{"@type":"EntryPoint","urlTemplate":"https:\/\/a-desk.org\/?s={search_term_string}"},"query-input":"required name=search_term_string"}],"inLanguage":"ca"},{"@type":"Person","@id":"https:\/\/a-desk.org\/#\/schema\/person\/4135c4c7e70bf66a79df5aa986b36b15","name":"Caterina Almirall","image":{"@type":"ImageObject","inLanguage":"ca","@id":"https:\/\/a-desk.org\/#\/schema\/person\/image\/8c41041929a08d74a03e69e500e0cbba","url":"https:\/\/secure.gravatar.com\/avatar\/0cde8e28605e2eafdac43fb89c80b00e?s=96&d=mm&r=g","contentUrl":"https:\/\/secure.gravatar.com\/avatar\/0cde8e28605e2eafdac43fb89c80b00e?s=96&d=mm&r=g","caption":"Caterina Almirall"},"url":"https:\/\/a-desk.org\/ca\/autor\/almirall\/"}]}},"_links":{"self":[{"href":"https:\/\/a-desk.org\/ca\/wp-json\/wp\/v2\/posts\/8272"}],"collection":[{"href":"https:\/\/a-desk.org\/ca\/wp-json\/wp\/v2\/posts"}],"about":[{"href":"https:\/\/a-desk.org\/ca\/wp-json\/wp\/v2\/types\/post"}],"author":[{"embeddable":true,"href":"https:\/\/a-desk.org\/ca\/wp-json\/wp\/v2\/users\/1271"}],"replies":[{"embeddable":true,"href":"https:\/\/a-desk.org\/ca\/wp-json\/wp\/v2\/comments?post=8272"}],"version-history":[{"count":0,"href":"https:\/\/a-desk.org\/ca\/wp-json\/wp\/v2\/posts\/8272\/revisions"}],"wp:featuredmedia":[{"embeddable":true,"href":"https:\/\/a-desk.org\/ca\/wp-json\/wp\/v2\/media\/8241"}],"wp:attachment":[{"href":"https:\/\/a-desk.org\/ca\/wp-json\/wp\/v2\/media?parent=8272"}],"wp:term":[{"taxonomy":"category","embeddable":true,"href":"https:\/\/a-desk.org\/ca\/wp-json\/wp\/v2\/categories?post=8272"},{"taxonomy":"post_tag","embeddable":true,"href":"https:\/\/a-desk.org\/ca\/wp-json\/wp\/v2\/tags?post=8272"},{"taxonomy":"author","embeddable":true,"href":"https:\/\/a-desk.org\/ca\/wp-json\/wp\/v2\/coauthors?post=8272"}],"curies":[{"name":"wp","href":"https:\/\/api.w.org\/{rel}","templated":true}]}}