{"id":8284,"date":"2013-10-21T02:01:00","date_gmt":"2013-10-21T02:01:00","guid":{"rendered":"http:\/\/a-desk.org\/2013\/10\/21\/a-la-ville-de-barcelona2488\/"},"modified":"2013-10-21T02:01:00","modified_gmt":"2013-10-21T02:01:00","slug":"a-la-ville-de-barcelona2488","status":"publish","type":"post","link":"https:\/\/a-desk.org\/ca\/magazine\/a-la-ville-de-barcelona2488\/","title":{"rendered":"\u00c0 la ville de&#8230; Barcelona"},"content":{"rendered":"<p><img decoding=\"async\" class=\" alignleft size-full wp-image-8251\" src=\"http:\/\/a-desk.org\/wp-content\/uploads\/2013\/10\/a_la_ville.jpg\" alt=\"a_la_ville.jpg\" align=\"left\" width=\"670\" height=\"446\" srcset=\"https:\/\/a-desk.org\/wp-content\/uploads\/2013\/10\/a_la_ville.jpg 670w, https:\/\/a-desk.org\/wp-content\/uploads\/2013\/10\/a_la_ville-595x396.jpg 595w\" sizes=\"(max-width: 670px) 100vw, 670px\" \/><\/p>\n<p>Els imaginaris urbans ens permeten abordar la realitat social i urbana des de dimensions simb\u00f2liques, culturals i no tangibles. L&#8217;antrop\u00f2leg i cr\u00edtic cultural N\u00e9stor Garc\u00eda Canclini afirmava en el seu llibre <em>Imaginaris urbans<\/em> que &#8220;molts pressupostos que guien l&#8217;acci\u00f3 i les omissions dels ciutadans deriven de com percebem els usos de l&#8217;espai urb\u00e0, els problemes de consum, tr\u00e0nsit i comunicaci\u00f3, i tamb\u00e9 de com imaginem les explicacions a aquestes q\u00fcestions&#8221;.<\/p>\n<p><em>\u00c0 la ville de&#8230; Barcelona<\/em> \u00e9s una obra de teatre escrita i dirigida per Joan Oll\u00e9 (aquests dies en cartell al Teatre Lliure de Barcelona) que presenta, analitza, dissecciona i critica la ciutat de Barcelona, comprenent des de la Barcino de l&#8217;\u00e8poca dels romans fins a l&#8217;actual ciutat ocupada pels turistes i r\u00edgides normatives de l&#8217;Ajuntament, que est\u00e0 comen\u00e7ant a resultar inc\u00f2moda als seus habitants. <em>\u00c0 la ville de &#8230; Barcelona <\/em> \u00e9s un retaule (que no una auca) plena d&#8217;escenes i salts en el temps, per les quals desfilen personatges, llocs, formes de relacionar-se i de conviure. El recorregut es converteix en una mena de calidoscopi, compost per imatges que m\u00e9s que establir un discurs lineal, evoquen associacions a partir del fragment i el suggeriment. L&#8217;imaginari de Barcelona es construeix emotivament a partir de referents molt diversos: fets, hist\u00f2ries, esdeveniments, personatges, llocs, can\u00e7ons o objectes.<\/p>\n<p>Fets com les exposicions de 1988 i 1929; la Setmana Tr\u00e0gica; la selecci\u00f3 de Barcelona com a seu dels Jocs Ol\u00edmpics del 1992 o el desmantellament dels \u201cxiringuitos\u201d de la Barceloneta, es conjuguen amb la desfilada\/aparici\u00f3 de personatges i prototips (el ser\u00e8, la monyos, el \u201cgafapasta\u201d que va als cinemes Verdi, el deprimit seguidor del Bar\u00e7a dels 80, els alcaldes Maragall i Tr\u00edas, els habituals del Liceu, el pakistan\u00e8s que ven llaunes al carrer&#8230;); amb objectes que rememoren fets destacats (que van des de l&#8217;entrada del concert dels Beatles l&#8217;any 1966 fins al primer Chupa-chup que es va menjar Johann Cruyff despr\u00e9s de deixar de fumar), llocs (bars i clubs, cinemes desapareguts, la Boqueria) i refer\u00e8ncies liter\u00e0ries (aqu\u00ed s\u00ed que trobem un veritable arsenal: Eduardo Mendoza, Jaime Gil de Biedma, Manuel V\u00e1zquez Montalb\u00e1n, Joan Maragall, George Orwell, Jean Genet, Joan Salvat-Papasseit, Merc\u00e8 Rodoreda, Josep Carner, Rafael Duyos, Jos\u00e9 Agust\u00edn Goytisolo, Josep Pedrals, Josep Maria de Sagarra i Jacint Verdaguer).<\/p>\n<p>Encara que l&#8217;obra no deixa de ser de consum intern, s&#8217;evidencia l&#8217;ambig\u00fcitat d&#8217;una mirada que conjuga amor-odi a parts iguals. Hi ha moments emotius, per\u00f2 tamb\u00e9 cr\u00edtica despietada: com un sorteig de loteria en qu\u00e8 van cantant els n\u00fameros (per exemple: els informes encarregats per les administracions p\u00fabliques que no serveixen per a res) i els premis (&#8220;una pastaradaaaaaaaa&#8221;); o una recreaci\u00f3 de l&#8217;Angelus de Millet (en aquest cas Millet \u00e9s F\u00e8lix Millet) amb el seu inventari de despeses i d&#8217;assistents a les noces de les seves filles deixant clara la vinculaci\u00f3 amb &#8220;les millors fam\u00edlies&#8221; de la ciutat. Tamb\u00e9 hi ha \u00e0cides, molt \u00e0cides superposicions d&#8217;escenes: la fletxa que enc\u00e9n el pebeter dels Jocs Ol\u00edmpics es transforma en la bala que executa a Companys o el crit col\u00b7lectiu i entusiasta al con\u00e8ixer-se la seu dels jocs del 92 es confon amb l&#8217;enrenou produ\u00eft per l&#8217;entrada de les tropes franquistes al 39.<\/p>\n<p>Per aix\u00f2 ens enfadem quan aquesta inclusi\u00f3 de Barcelona es fa malament, i especialment quan es fa malament en art contemporani. Per exemple, cada vegada que el MACBA exposa la seva col\u00b7lecci\u00f3 i intenta introduir amb cal\u00e7ador refer\u00e8ncies al context (rastrejant l&#8217;her\u00e8ncia de la modernitat en la construcci\u00f3 de l&#8217;Exposici\u00f3 Universal del 29, mostrant els espais anodins i poc recognoscibles de Barcelona registrats per Jean-Marc Bustamante o &#8220;la ciutat de la gent&#8221; retratada per Craigie Horsfield) sense per aix\u00f2 relacionar-se de veritat amb aquest context ni oferint una mirada, ja sigui af\u00ed o cr\u00edtica sobre ell, o ambdues coses alhora, perqu\u00e8 \u00e9s precisament en aquesta tensi\u00f3 (que <em>\u00c0 la ville de&#8230; Barcelona<\/em> resol tan b\u00e9) on rau la veritable voluntat d&#8217;intentar entendre el m\u00f3n que ens envolta o la ciutat en qu\u00e8 vivim.<\/p>\n","protected":false},"excerpt":{"rendered":"<p>Els imaginaris urbans ens permeten abordar la realitat social i urbana des de dimensions simb\u00f2liques, culturals i no tangibles. L&#8217;antrop\u00f2leg i cr\u00edtic cultural N\u00e9stor Garc\u00eda Canclini afirmava en el seu&#8230;<\/p>\n","protected":false},"author":1239,"featured_media":8251,"comment_status":"open","ping_status":"open","sticky":false,"template":"","format":"standard","meta":{"_relevanssi_hide_post":"","_relevanssi_hide_content":"","_relevanssi_pin_for_all":"","_relevanssi_pin_keywords":"","_relevanssi_unpin_keywords":"","_relevanssi_related_keywords":"","_relevanssi_related_include_ids":"","_relevanssi_related_exclude_ids":"","_relevanssi_related_no_append":"","_relevanssi_related_not_related":"","_relevanssi_related_posts":"","_relevanssi_noindex_reason":"","footnotes":""},"categories":[6782],"tags":[],"coauthors":[],"acf":[],"yoast_head":"<!-- This site is optimized with the Yoast SEO plugin v22.6 - https:\/\/yoast.com\/wordpress\/plugins\/seo\/ -->\n<title>\u00c0 la ville de... Barcelona &#8211; A*Desk<\/title>\n<meta name=\"robots\" content=\"index, follow, max-snippet:-1, max-image-preview:large, max-video-preview:-1\" \/>\n<link rel=\"canonical\" href=\"https:\/\/a-desk.org\/ca\/magazine\/a-la-ville-de-barcelona2488\/\" \/>\n<meta property=\"og:locale\" content=\"ca_ES\" \/>\n<meta property=\"og:type\" content=\"article\" \/>\n<meta property=\"og:title\" content=\"\u00c0 la ville de... Barcelona &#8211; A*Desk\" \/>\n<meta property=\"og:description\" content=\"Els imaginaris urbans ens permeten abordar la realitat social i urbana des de dimensions simb\u00f2liques, culturals i no tangibles. L&#8217;antrop\u00f2leg i cr\u00edtic cultural N\u00e9stor Garc\u00eda Canclini afirmava en el seu...\" \/>\n<meta property=\"og:url\" content=\"https:\/\/a-desk.org\/ca\/magazine\/a-la-ville-de-barcelona2488\/\" \/>\n<meta property=\"og:site_name\" content=\"A*Desk\" \/>\n<meta property=\"article:published_time\" content=\"2013-10-21T02:01:00+00:00\" \/>\n<meta property=\"og:image\" content=\"https:\/\/a-desk.org\/wp-content\/uploads\/2013\/10\/a_la_ville.jpg\" \/>\n\t<meta property=\"og:image:width\" content=\"670\" \/>\n\t<meta property=\"og:image:height\" content=\"446\" \/>\n\t<meta property=\"og:image:type\" content=\"image\/jpeg\" \/>\n<meta name=\"author\" content=\"Montse Badia\" \/>\n<meta name=\"twitter:card\" content=\"summary_large_image\" \/>\n<meta name=\"twitter:label1\" content=\"Escrit per\" \/>\n\t<meta name=\"twitter:data1\" content=\"Montse Badia\" \/>\n\t<meta name=\"twitter:label2\" content=\"Temps estimat de lectura\" \/>\n\t<meta name=\"twitter:data2\" content=\"3 minuts\" \/>\n\t<meta name=\"twitter:label3\" content=\"Written by\" \/>\n\t<meta name=\"twitter:data3\" content=\"Montse Badia\" \/>\n<script type=\"application\/ld+json\" class=\"yoast-schema-graph\">{\"@context\":\"https:\/\/schema.org\",\"@graph\":[{\"@type\":\"WebPage\",\"@id\":\"https:\/\/a-desk.org\/ca\/magazine\/a-la-ville-de-barcelona2488\/\",\"url\":\"https:\/\/a-desk.org\/ca\/magazine\/a-la-ville-de-barcelona2488\/\",\"name\":\"\u00c0 la ville de... Barcelona &#8211; A*Desk\",\"isPartOf\":{\"@id\":\"https:\/\/a-desk.org\/#website\"},\"primaryImageOfPage\":{\"@id\":\"https:\/\/a-desk.org\/ca\/magazine\/a-la-ville-de-barcelona2488\/#primaryimage\"},\"image\":{\"@id\":\"https:\/\/a-desk.org\/ca\/magazine\/a-la-ville-de-barcelona2488\/#primaryimage\"},\"thumbnailUrl\":\"https:\/\/a-desk.org\/wp-content\/uploads\/2013\/10\/a_la_ville.jpg\",\"datePublished\":\"2013-10-21T02:01:00+00:00\",\"dateModified\":\"2013-10-21T02:01:00+00:00\",\"author\":{\"@id\":\"https:\/\/a-desk.org\/#\/schema\/person\/51dfcf66eb0cb4ff37beb588387dd413\"},\"breadcrumb\":{\"@id\":\"https:\/\/a-desk.org\/ca\/magazine\/a-la-ville-de-barcelona2488\/#breadcrumb\"},\"inLanguage\":\"ca\",\"potentialAction\":[{\"@type\":\"ReadAction\",\"target\":[\"https:\/\/a-desk.org\/ca\/magazine\/a-la-ville-de-barcelona2488\/\"]}]},{\"@type\":\"ImageObject\",\"inLanguage\":\"ca\",\"@id\":\"https:\/\/a-desk.org\/ca\/magazine\/a-la-ville-de-barcelona2488\/#primaryimage\",\"url\":\"https:\/\/a-desk.org\/wp-content\/uploads\/2013\/10\/a_la_ville.jpg\",\"contentUrl\":\"https:\/\/a-desk.org\/wp-content\/uploads\/2013\/10\/a_la_ville.jpg\",\"width\":670,\"height\":446,\"caption\":\"a_la_ville.jpg\"},{\"@type\":\"BreadcrumbList\",\"@id\":\"https:\/\/a-desk.org\/ca\/magazine\/a-la-ville-de-barcelona2488\/#breadcrumb\",\"itemListElement\":[{\"@type\":\"ListItem\",\"position\":1,\"name\":\"Portada\",\"item\":\"https:\/\/a-desk.org\/ca\/\"},{\"@type\":\"ListItem\",\"position\":2,\"name\":\"\u00c0 la ville de&#8230; Barcelona\"}]},{\"@type\":\"WebSite\",\"@id\":\"https:\/\/a-desk.org\/#website\",\"url\":\"https:\/\/a-desk.org\/\",\"name\":\"A*Desk\",\"description\":\"A*Desk Critical Thinking\",\"potentialAction\":[{\"@type\":\"SearchAction\",\"target\":{\"@type\":\"EntryPoint\",\"urlTemplate\":\"https:\/\/a-desk.org\/?s={search_term_string}\"},\"query-input\":\"required name=search_term_string\"}],\"inLanguage\":\"ca\"},{\"@type\":\"Person\",\"@id\":\"https:\/\/a-desk.org\/#\/schema\/person\/51dfcf66eb0cb4ff37beb588387dd413\",\"name\":\"Montse Badia\",\"image\":{\"@type\":\"ImageObject\",\"inLanguage\":\"ca\",\"@id\":\"https:\/\/a-desk.org\/#\/schema\/person\/image\/43d4a5866b9caee4bc621c3828ca681d\",\"url\":\"https:\/\/secure.gravatar.com\/avatar\/cf8b7ad6e98d855054a4f980f5443cc6?s=96&d=mm&r=g\",\"contentUrl\":\"https:\/\/secure.gravatar.com\/avatar\/cf8b7ad6e98d855054a4f980f5443cc6?s=96&d=mm&r=g\",\"caption\":\"Montse Badia\"},\"sameAs\":[\"http:\/\/www.montsebadia.net\"],\"url\":\"https:\/\/a-desk.org\/ca\/autor\/montse\/\"}]}<\/script>\n<!-- \/ Yoast SEO plugin. -->","yoast_head_json":{"title":"\u00c0 la ville de... Barcelona &#8211; A*Desk","robots":{"index":"index","follow":"follow","max-snippet":"max-snippet:-1","max-image-preview":"max-image-preview:large","max-video-preview":"max-video-preview:-1"},"canonical":"https:\/\/a-desk.org\/ca\/magazine\/a-la-ville-de-barcelona2488\/","og_locale":"ca_ES","og_type":"article","og_title":"\u00c0 la ville de... Barcelona &#8211; A*Desk","og_description":"Els imaginaris urbans ens permeten abordar la realitat social i urbana des de dimensions simb\u00f2liques, culturals i no tangibles. L&#8217;antrop\u00f2leg i cr\u00edtic cultural N\u00e9stor Garc\u00eda Canclini afirmava en el seu...","og_url":"https:\/\/a-desk.org\/ca\/magazine\/a-la-ville-de-barcelona2488\/","og_site_name":"A*Desk","article_published_time":"2013-10-21T02:01:00+00:00","og_image":[{"width":670,"height":446,"url":"https:\/\/a-desk.org\/wp-content\/uploads\/2013\/10\/a_la_ville.jpg","type":"image\/jpeg"}],"author":"Montse Badia","twitter_card":"summary_large_image","twitter_misc":{"Escrit per":"Montse Badia","Temps estimat de lectura":"3 minuts","Written by":"Montse Badia"},"schema":{"@context":"https:\/\/schema.org","@graph":[{"@type":"WebPage","@id":"https:\/\/a-desk.org\/ca\/magazine\/a-la-ville-de-barcelona2488\/","url":"https:\/\/a-desk.org\/ca\/magazine\/a-la-ville-de-barcelona2488\/","name":"\u00c0 la ville de... Barcelona &#8211; A*Desk","isPartOf":{"@id":"https:\/\/a-desk.org\/#website"},"primaryImageOfPage":{"@id":"https:\/\/a-desk.org\/ca\/magazine\/a-la-ville-de-barcelona2488\/#primaryimage"},"image":{"@id":"https:\/\/a-desk.org\/ca\/magazine\/a-la-ville-de-barcelona2488\/#primaryimage"},"thumbnailUrl":"https:\/\/a-desk.org\/wp-content\/uploads\/2013\/10\/a_la_ville.jpg","datePublished":"2013-10-21T02:01:00+00:00","dateModified":"2013-10-21T02:01:00+00:00","author":{"@id":"https:\/\/a-desk.org\/#\/schema\/person\/51dfcf66eb0cb4ff37beb588387dd413"},"breadcrumb":{"@id":"https:\/\/a-desk.org\/ca\/magazine\/a-la-ville-de-barcelona2488\/#breadcrumb"},"inLanguage":"ca","potentialAction":[{"@type":"ReadAction","target":["https:\/\/a-desk.org\/ca\/magazine\/a-la-ville-de-barcelona2488\/"]}]},{"@type":"ImageObject","inLanguage":"ca","@id":"https:\/\/a-desk.org\/ca\/magazine\/a-la-ville-de-barcelona2488\/#primaryimage","url":"https:\/\/a-desk.org\/wp-content\/uploads\/2013\/10\/a_la_ville.jpg","contentUrl":"https:\/\/a-desk.org\/wp-content\/uploads\/2013\/10\/a_la_ville.jpg","width":670,"height":446,"caption":"a_la_ville.jpg"},{"@type":"BreadcrumbList","@id":"https:\/\/a-desk.org\/ca\/magazine\/a-la-ville-de-barcelona2488\/#breadcrumb","itemListElement":[{"@type":"ListItem","position":1,"name":"Portada","item":"https:\/\/a-desk.org\/ca\/"},{"@type":"ListItem","position":2,"name":"\u00c0 la ville de&#8230; Barcelona"}]},{"@type":"WebSite","@id":"https:\/\/a-desk.org\/#website","url":"https:\/\/a-desk.org\/","name":"A*Desk","description":"A*Desk Critical Thinking","potentialAction":[{"@type":"SearchAction","target":{"@type":"EntryPoint","urlTemplate":"https:\/\/a-desk.org\/?s={search_term_string}"},"query-input":"required name=search_term_string"}],"inLanguage":"ca"},{"@type":"Person","@id":"https:\/\/a-desk.org\/#\/schema\/person\/51dfcf66eb0cb4ff37beb588387dd413","name":"Montse Badia","image":{"@type":"ImageObject","inLanguage":"ca","@id":"https:\/\/a-desk.org\/#\/schema\/person\/image\/43d4a5866b9caee4bc621c3828ca681d","url":"https:\/\/secure.gravatar.com\/avatar\/cf8b7ad6e98d855054a4f980f5443cc6?s=96&d=mm&r=g","contentUrl":"https:\/\/secure.gravatar.com\/avatar\/cf8b7ad6e98d855054a4f980f5443cc6?s=96&d=mm&r=g","caption":"Montse Badia"},"sameAs":["http:\/\/www.montsebadia.net"],"url":"https:\/\/a-desk.org\/ca\/autor\/montse\/"}]}},"_links":{"self":[{"href":"https:\/\/a-desk.org\/ca\/wp-json\/wp\/v2\/posts\/8284"}],"collection":[{"href":"https:\/\/a-desk.org\/ca\/wp-json\/wp\/v2\/posts"}],"about":[{"href":"https:\/\/a-desk.org\/ca\/wp-json\/wp\/v2\/types\/post"}],"author":[{"embeddable":true,"href":"https:\/\/a-desk.org\/ca\/wp-json\/wp\/v2\/users\/1239"}],"replies":[{"embeddable":true,"href":"https:\/\/a-desk.org\/ca\/wp-json\/wp\/v2\/comments?post=8284"}],"version-history":[{"count":0,"href":"https:\/\/a-desk.org\/ca\/wp-json\/wp\/v2\/posts\/8284\/revisions"}],"wp:featuredmedia":[{"embeddable":true,"href":"https:\/\/a-desk.org\/ca\/wp-json\/wp\/v2\/media\/8251"}],"wp:attachment":[{"href":"https:\/\/a-desk.org\/ca\/wp-json\/wp\/v2\/media?parent=8284"}],"wp:term":[{"taxonomy":"category","embeddable":true,"href":"https:\/\/a-desk.org\/ca\/wp-json\/wp\/v2\/categories?post=8284"},{"taxonomy":"post_tag","embeddable":true,"href":"https:\/\/a-desk.org\/ca\/wp-json\/wp\/v2\/tags?post=8284"},{"taxonomy":"author","embeddable":true,"href":"https:\/\/a-desk.org\/ca\/wp-json\/wp\/v2\/coauthors?post=8284"}],"curies":[{"name":"wp","href":"https:\/\/api.w.org\/{rel}","templated":true}]}}